{"id":36843,"date":"2023-10-05T01:59:00","date_gmt":"2023-10-04T23:59:00","guid":{"rendered":"https:\/\/weisetech.dev\/fc-barcelona-noticias\/en\/var-saved-to-barca-after-an-unfortunate-mistake-of-joao-cancelo_296782_102\/"},"modified":"2023-10-05T01:59:00","modified_gmt":"2023-10-04T23:59:00","slug":"var-saved-to-barca-after-an-unfortunate-mistake-of-joao-cancelo_296782_102","status":"publish","type":"post","link":"https:\/\/www.fcbarcelonanoticias.com\/en\/fc-barcelona\/var-saved-to-barca-after-an-unfortunate-mistake-of-joao-cancelo_296782_102.html","title":{"rendered":"VAR saved Bar\u00e7a after an unfortunate mistake by Joao Cancelo"},"content":{"rendered":"<h2 class=\"wp-block-heading\">The FC Barcelona takes into account that the arbitration many times has prejudiced him in Europe, although in this occasion has arrived a party in which the cul\u00e9s have finished obtaining the triumph thanks to the good accionar of the VAR<\/h2>  \r\n<div class=\"article-addons\">\r\n    <a href=\"https:\/\/www.fcbarcelonanoticias.com\/en\/calendar-fc-barcelona.html\"\r\n       target=\"_self\"\r\n       title=\"Calendar of FC Barcelona\"\r\n       class=\"blue-gredient-btn\">\r\n       \r\n        Calendar of FC Barcelona    <\/a>\r\n<\/div>   <p>The VAR rectified a penalti signalled against <a data-external=\"0\" data-intl-links-en=\"https:\/\/www.fcbarcelonanoticias.com\/en\/champions-league\/porto-fcbarcelona-0-1-video-highlights-goals-and-best-plays-of-the-match-of-champions_296770_102.html\" data-intl-links-es=\"https:\/\/www.fcbarcelonanoticias.com\/champions-league\/oporto-fc-barcelona-0-1-video-resumen-goles-mejores-jugadas-partido-champions_296770_102.html\" href=\"https:\/\/www.fcbarcelonanoticias.com\/en\/champions-league\/porto-fcbarcelona-0-1-video-highlights-goals-and-best-plays-of-the-match-of-champions_296770_102.html\" rel=\"follow\" target=\"_self\" title=\"OPORTO-FC BARCELONA(0-1): V\u00eddeo resumen, goles y mejores jugadas del partido de Champions\">of the FC Barcelona<\/a> by a presumptive hand inside the area of Joao Cancel.<strong> The Portuguese defender, to regulate party in defensive phase, touched accidentally the balloon with his right forearm in the middle of a control of one of the mediocampistas of the Portuguese team,<\/strong> but the review of the English referee Anthony Taylor finished revirtiendo the decision.<\/p>  <p>And it is that Stephen Eust\u00e1quio, protagonist of the attack of the Port wine, had controlled previously helping of his left arm and this situation did that it banished any possibility of penalti against <a data-external=\"0\" data-intl-links-en=\"https:\/\/www.fcbarcelonanoticias.com\/en\/champions-league\/joao-felix-gundogan-balde-1x1-barca-suffera-victoria-porto_296775_102.html\" data-intl-links-es=\"https:\/\/www.fcbarcelonanoticias.com\/champions-league\/joao-felix-gundogan-balde-1x1-barca-sufrida-victoria-oporto_296775_102.html\" href=\"https:\/\/www.fcbarcelonanoticias.com\/en\/champions-league\/joao-felix-gundogan-balde-1x1-barca-suffera-victoria-porto_296775_102.html\" rel=\"follow\" target=\"_self\" title=\"Joao F\u00e9lix, G\u00fcndogan, Balde... El 1x1 del Bar\u00e7a en la sufrida victoria ante el Oporto\">of the ones of Xavi Hern\u00e1ndez<\/a>. <strong>The British referee had not doubted in signalling the infringement in the minute 78, with the 0-1 in the marker, but the VAR act so that finally it arrived the correct decision.<\/strong><\/p>  <h2>The Bar\u00e7a saw backed by the images of the VAR<\/h2>  <p>From the Room VAR, Stuart Attwell urged to his compatriot to review the action in the monitor, a repetition that besides showed that possibly the hand of Cancel had been out of the area and could have changed also by a free shot. <strong>In spite of demorarse near of 3 minutes, the evidence of the images was total, by what Taylor threw backwards in his decision, a distinct stage to the following time that the VAR had to act.<\/strong><\/p>  <blockquote class=\"twitter-tweet\"> <p dir=\"ltr\" lang=\"es\">It had marked a penal against the Barcelona by a hand of Cancel, but cancelled by a previous hand of Eustaquio. \ud83d\udc40 <a href=\"https:\/\/t.co\/en\/6DpM27mqMy\">pic.twitter.com\/6dpm27mqmy<\/a><\/p> \u2014 ESPN Sports (@ESPNDeportes) <a href=\"https:\/\/twitter.com\/en\/ESPNDeportes\/status\/1709670104013611170?ref_src=twsrc%5Etfw\">October 4, 2023<\/a> <\/blockquote> <p>Already much more near of the minute 90 would arrive a so much of Taremi, the &#8216;9&#8217; of the Port wine, with a spectacular Chilean, but was advanced. <strong>The joy of the venues in this case lasted very shortly after that one of the assistants of Taylor signalled almost immediately the position antirreglamentaria of the Iranian forward -confirmed by the VAR-,<\/strong> the one who in 2021 had marked in a played very similar in front of Chelsea.<\/p>  <h2>The ones of Xavi begin to see his way to eighth<\/h2>  <p>With the result, the Bar\u00e7a achieved his second victory in what it goes of the Champions, assuming the leadership of the Group H with 6 units. <strong>By his part, the ones of the Portuguese S\u00e9rgio Concei\u00e7\u00e3or, remained with 3 points in the second place, <\/strong>equalised now with the Shakhtar Donetsk, the next rival of the cul\u00e9s, after tracing back in Belgium in front of the Amberes.<\/p> ","protected":false},"excerpt":{"rendered":"<p>The FC Barcelona takes into account that the arbitration many times has prejudiced him in Europe, although in this occasion has arrived a party in which the cul\u00e9s have finished obtaining the triumph thanks to the good accionar of the VAR The VAR rectified a penalti signalled against of the FC Barcelona by a presumptive [&hellip;]<\/p>\n","protected":false},"author":345,"featured_media":36846,"comment_status":"closed","ping_status":"open","sticky":false,"template":"","format":"standard","meta":{"_acf_changed":false,"inline_featured_image":false,"_nextfly_llmd_date_locked":false,"footnotes":""},"categories":[111],"tags":[196,190,54],"class_list":["post-36843","post","type-post","status-publish","format-standard","has-post-thumbnail","hentry","category-fc-barcelona","tag-joao-cancelo","tag-referees","tag-uefa"],"acf":[],"yoast_head":"<!-- This site is optimized with the Yoast SEO plugin v27.3 - https:\/\/yoast.com\/product\/yoast-seo-wordpress\/ -->\n<title>VAR saved Bar\u00e7a after an unfortunate mistake by Joao Cancelo<\/title>\n<meta name=\"description\" content=\"The FC Barcelona takes into account that the arbitration many times has prejudiced him in Europe, although in this occasion has arrived a party in which the cul\u00e9s have finished obtaining the triumph thanks to the good accionar of the VAR\" \/>\n<meta name=\"robots\" content=\"index, follow, max-snippet:-1, max-image-preview:large, max-video-preview:-1\" \/>\n<link rel=\"canonical\" href=\"https:\/\/www.fcbarcelonanoticias.com\/en\/fc-barcelona\/var-saved-to-barca-after-an-unfortunate-mistake-of-joao-cancelo_296782_102.html\" \/>\n<meta property=\"og:locale\" content=\"en_US\" \/>\n<meta property=\"og:type\" content=\"article\" \/>\n<meta property=\"og:title\" content=\"VAR saved Bar\u00e7a after an unfortunate mistake by Joao Cancelo\" \/>\n<meta property=\"og:description\" content=\"The FC Barcelona takes into account that the arbitration many times has prejudiced him in Europe, although in this occasion has arrived a party in which the cul\u00e9s have finished obtaining the triumph thanks to the good accionar of the VAR\" \/>\n<meta property=\"og:url\" content=\"https:\/\/www.fcbarcelonanoticias.com\/en\/fc-barcelona\/var-saved-to-barca-after-an-unfortunate-mistake-of-joao-cancelo_296782_102.html\" \/>\n<meta property=\"og:site_name\" content=\"EN - FC Barcelona Noticias\" \/>\n<meta property=\"article:published_time\" content=\"2023-10-04T23:59:00+00:00\" \/>\n<meta name=\"author\" content=\"Carlos Montenegro\" \/>\n<meta name=\"twitter:card\" content=\"summary_large_image\" \/>\n<meta name=\"twitter:label1\" content=\"Written by\" \/>\n\t<meta name=\"twitter:data1\" content=\"Carlos Montenegro\" \/>\n\t<meta name=\"twitter:label2\" content=\"Est. reading time\" \/>\n\t<meta name=\"twitter:data2\" content=\"2 minutes\" \/>\n<script type=\"application\/ld+json\" class=\"yoast-schema-graph\">{\"@context\":\"https:\\\/\\\/schema.org\",\"@graph\":[{\"@type\":\"Article\",\"@id\":\"https:\\\/\\\/www.fcbarcelonanoticias.com\\\/en\\\/fc-barcelona\\\/var-saved-to-barca-after-an-unfortunate-mistake-of-joao-cancelo_296782_102.html#article\",\"isPartOf\":{\"@id\":\"https:\\\/\\\/www.fcbarcelonanoticias.com\\\/en\\\/fc-barcelona\\\/var-saved-to-barca-after-an-unfortunate-mistake-of-joao-cancelo_296782_102.html\"},\"author\":{\"name\":\"Carlos Montenegro\",\"@id\":\"https:\\\/\\\/www.fcbarcelonanoticias.com\\\/en\\\/#\\\/schema\\\/person\\\/aa1d038709c262cb247e240f6b39bbf5\"},\"headline\":\"VAR saved Bar\u00e7a after an unfortunate mistake by Joao Cancelo\",\"datePublished\":\"2023-10-04T23:59:00+00:00\",\"mainEntityOfPage\":{\"@id\":\"https:\\\/\\\/www.fcbarcelonanoticias.com\\\/en\\\/fc-barcelona\\\/var-saved-to-barca-after-an-unfortunate-mistake-of-joao-cancelo_296782_102.html\"},\"wordCount\":464,\"image\":{\"@id\":\"https:\\\/\\\/www.fcbarcelonanoticias.com\\\/en\\\/fc-barcelona\\\/var-saved-to-barca-after-an-unfortunate-mistake-of-joao-cancelo_296782_102.html#primaryimage\"},\"thumbnailUrl\":\"\",\"keywords\":[\"Joao Cancelo\",\"Referees\",\"UEFA\"],\"articleSection\":[\"FC Barcelona\"],\"inLanguage\":\"en-US\"},{\"@type\":\"WebPage\",\"@id\":\"https:\\\/\\\/www.fcbarcelonanoticias.com\\\/en\\\/fc-barcelona\\\/var-saved-to-barca-after-an-unfortunate-mistake-of-joao-cancelo_296782_102.html\",\"url\":\"https:\\\/\\\/www.fcbarcelonanoticias.com\\\/en\\\/fc-barcelona\\\/var-saved-to-barca-after-an-unfortunate-mistake-of-joao-cancelo_296782_102.html\",\"name\":\"VAR saved Bar\u00e7a after an unfortunate mistake by Joao Cancelo\",\"isPartOf\":{\"@id\":\"https:\\\/\\\/www.fcbarcelonanoticias.com\\\/en\\\/#website\"},\"primaryImageOfPage\":{\"@id\":\"https:\\\/\\\/www.fcbarcelonanoticias.com\\\/en\\\/fc-barcelona\\\/var-saved-to-barca-after-an-unfortunate-mistake-of-joao-cancelo_296782_102.html#primaryimage\"},\"image\":{\"@id\":\"https:\\\/\\\/www.fcbarcelonanoticias.com\\\/en\\\/fc-barcelona\\\/var-saved-to-barca-after-an-unfortunate-mistake-of-joao-cancelo_296782_102.html#primaryimage\"},\"thumbnailUrl\":\"\",\"datePublished\":\"2023-10-04T23:59:00+00:00\",\"author\":{\"@id\":\"https:\\\/\\\/www.fcbarcelonanoticias.com\\\/en\\\/#\\\/schema\\\/person\\\/aa1d038709c262cb247e240f6b39bbf5\"},\"description\":\"The FC Barcelona takes into account that the arbitration many times has prejudiced him in Europe, although in this occasion has arrived a party in which the cul\u00e9s have finished obtaining the triumph thanks to the good accionar of the VAR\",\"breadcrumb\":{\"@id\":\"https:\\\/\\\/www.fcbarcelonanoticias.com\\\/en\\\/fc-barcelona\\\/var-saved-to-barca-after-an-unfortunate-mistake-of-joao-cancelo_296782_102.html#breadcrumb\"},\"inLanguage\":\"en-US\",\"potentialAction\":[{\"@type\":\"ReadAction\",\"target\":[\"https:\\\/\\\/www.fcbarcelonanoticias.com\\\/en\\\/fc-barcelona\\\/var-saved-to-barca-after-an-unfortunate-mistake-of-joao-cancelo_296782_102.html\"]}]},{\"@type\":\"ImageObject\",\"inLanguage\":\"en-US\",\"@id\":\"https:\\\/\\\/www.fcbarcelonanoticias.com\\\/en\\\/fc-barcelona\\\/var-saved-to-barca-after-an-unfortunate-mistake-of-joao-cancelo_296782_102.html#primaryimage\",\"url\":\"\",\"contentUrl\":\"\",\"width\":1300,\"height\":736},{\"@type\":\"BreadcrumbList\",\"@id\":\"https:\\\/\\\/www.fcbarcelonanoticias.com\\\/en\\\/fc-barcelona\\\/var-saved-to-barca-after-an-unfortunate-mistake-of-joao-cancelo_296782_102.html#breadcrumb\",\"itemListElement\":[{\"@type\":\"ListItem\",\"position\":1,\"name\":\"Portada\",\"item\":\"https:\\\/\\\/www.fcbarcelonanoticias.com\\\/en\\\/\"},{\"@type\":\"ListItem\",\"position\":2,\"name\":\"VAR saved Bar\u00e7a after an unfortunate mistake by Joao Cancelo\"}]},{\"@type\":\"WebSite\",\"@id\":\"https:\\\/\\\/www.fcbarcelonanoticias.com\\\/en\\\/#website\",\"url\":\"https:\\\/\\\/www.fcbarcelonanoticias.com\\\/en\\\/\",\"name\":\"EN - FC Barcelona Noticias\",\"description\":\"\",\"potentialAction\":[{\"@type\":\"SearchAction\",\"target\":{\"@type\":\"EntryPoint\",\"urlTemplate\":\"https:\\\/\\\/www.fcbarcelonanoticias.com\\\/en\\\/?s={search_term_string}\"},\"query-input\":{\"@type\":\"PropertyValueSpecification\",\"valueRequired\":true,\"valueName\":\"search_term_string\"}}],\"inLanguage\":\"en-US\"},{\"@type\":\"Person\",\"@id\":\"https:\\\/\\\/www.fcbarcelonanoticias.com\\\/en\\\/#\\\/schema\\\/person\\\/aa1d038709c262cb247e240f6b39bbf5\",\"name\":\"Carlos Montenegro\",\"image\":{\"@type\":\"ImageObject\",\"inLanguage\":\"en-US\",\"@id\":\"https:\\\/\\\/secure.gravatar.com\\\/avatar\\\/?s=96&d=mm&r=g\",\"url\":\"https:\\\/\\\/secure.gravatar.com\\\/avatar\\\/?s=96&d=mm&r=g\",\"contentUrl\":\"https:\\\/\\\/secure.gravatar.com\\\/avatar\\\/?s=96&d=mm&r=g\",\"caption\":\"Carlos Montenegro\"},\"url\":\"https:\\\/\\\/www.fcbarcelonanoticias.com\\\/en\\\/carlos-montenegro_20_115.html\"}]}<\/script>\n<!-- \/ Yoast SEO plugin. -->","yoast_head_json":{"title":"VAR saved Bar\u00e7a after an unfortunate mistake by Joao Cancelo","description":"The FC Barcelona takes into account that the arbitration many times has prejudiced him in Europe, although in this occasion has arrived a party in which the cul\u00e9s have finished obtaining the triumph thanks to the good accionar of the VAR","robots":{"index":"index","follow":"follow","max-snippet":"max-snippet:-1","max-image-preview":"max-image-preview:large","max-video-preview":"max-video-preview:-1"},"canonical":"https:\/\/www.fcbarcelonanoticias.com\/en\/fc-barcelona\/var-saved-to-barca-after-an-unfortunate-mistake-of-joao-cancelo_296782_102.html","og_locale":"en_US","og_type":"article","og_title":"VAR saved Bar\u00e7a after an unfortunate mistake by Joao Cancelo","og_description":"The FC Barcelona takes into account that the arbitration many times has prejudiced him in Europe, although in this occasion has arrived a party in which the cul\u00e9s have finished obtaining the triumph thanks to the good accionar of the VAR","og_url":"https:\/\/www.fcbarcelonanoticias.com\/en\/fc-barcelona\/var-saved-to-barca-after-an-unfortunate-mistake-of-joao-cancelo_296782_102.html","og_site_name":"EN - FC Barcelona Noticias","article_published_time":"2023-10-04T23:59:00+00:00","author":"Carlos Montenegro","twitter_card":"summary_large_image","twitter_misc":{"Written by":"Carlos Montenegro","Est. reading time":"2 minutes"},"schema":{"@context":"https:\/\/schema.org","@graph":[{"@type":"Article","@id":"https:\/\/www.fcbarcelonanoticias.com\/en\/fc-barcelona\/var-saved-to-barca-after-an-unfortunate-mistake-of-joao-cancelo_296782_102.html#article","isPartOf":{"@id":"https:\/\/www.fcbarcelonanoticias.com\/en\/fc-barcelona\/var-saved-to-barca-after-an-unfortunate-mistake-of-joao-cancelo_296782_102.html"},"author":{"name":"Carlos Montenegro","@id":"https:\/\/www.fcbarcelonanoticias.com\/en\/#\/schema\/person\/aa1d038709c262cb247e240f6b39bbf5"},"headline":"VAR saved Bar\u00e7a after an unfortunate mistake by Joao Cancelo","datePublished":"2023-10-04T23:59:00+00:00","mainEntityOfPage":{"@id":"https:\/\/www.fcbarcelonanoticias.com\/en\/fc-barcelona\/var-saved-to-barca-after-an-unfortunate-mistake-of-joao-cancelo_296782_102.html"},"wordCount":464,"image":{"@id":"https:\/\/www.fcbarcelonanoticias.com\/en\/fc-barcelona\/var-saved-to-barca-after-an-unfortunate-mistake-of-joao-cancelo_296782_102.html#primaryimage"},"thumbnailUrl":"","keywords":["Joao Cancelo","Referees","UEFA"],"articleSection":["FC Barcelona"],"inLanguage":"en-US"},{"@type":"WebPage","@id":"https:\/\/www.fcbarcelonanoticias.com\/en\/fc-barcelona\/var-saved-to-barca-after-an-unfortunate-mistake-of-joao-cancelo_296782_102.html","url":"https:\/\/www.fcbarcelonanoticias.com\/en\/fc-barcelona\/var-saved-to-barca-after-an-unfortunate-mistake-of-joao-cancelo_296782_102.html","name":"VAR saved Bar\u00e7a after an unfortunate mistake by Joao Cancelo","isPartOf":{"@id":"https:\/\/www.fcbarcelonanoticias.com\/en\/#website"},"primaryImageOfPage":{"@id":"https:\/\/www.fcbarcelonanoticias.com\/en\/fc-barcelona\/var-saved-to-barca-after-an-unfortunate-mistake-of-joao-cancelo_296782_102.html#primaryimage"},"image":{"@id":"https:\/\/www.fcbarcelonanoticias.com\/en\/fc-barcelona\/var-saved-to-barca-after-an-unfortunate-mistake-of-joao-cancelo_296782_102.html#primaryimage"},"thumbnailUrl":"","datePublished":"2023-10-04T23:59:00+00:00","author":{"@id":"https:\/\/www.fcbarcelonanoticias.com\/en\/#\/schema\/person\/aa1d038709c262cb247e240f6b39bbf5"},"description":"The FC Barcelona takes into account that the arbitration many times has prejudiced him in Europe, although in this occasion has arrived a party in which the cul\u00e9s have finished obtaining the triumph thanks to the good accionar of the VAR","breadcrumb":{"@id":"https:\/\/www.fcbarcelonanoticias.com\/en\/fc-barcelona\/var-saved-to-barca-after-an-unfortunate-mistake-of-joao-cancelo_296782_102.html#breadcrumb"},"inLanguage":"en-US","potentialAction":[{"@type":"ReadAction","target":["https:\/\/www.fcbarcelonanoticias.com\/en\/fc-barcelona\/var-saved-to-barca-after-an-unfortunate-mistake-of-joao-cancelo_296782_102.html"]}]},{"@type":"ImageObject","inLanguage":"en-US","@id":"https:\/\/www.fcbarcelonanoticias.com\/en\/fc-barcelona\/var-saved-to-barca-after-an-unfortunate-mistake-of-joao-cancelo_296782_102.html#primaryimage","url":"","contentUrl":"","width":1300,"height":736},{"@type":"BreadcrumbList","@id":"https:\/\/www.fcbarcelonanoticias.com\/en\/fc-barcelona\/var-saved-to-barca-after-an-unfortunate-mistake-of-joao-cancelo_296782_102.html#breadcrumb","itemListElement":[{"@type":"ListItem","position":1,"name":"Portada","item":"https:\/\/www.fcbarcelonanoticias.com\/en\/"},{"@type":"ListItem","position":2,"name":"VAR saved Bar\u00e7a after an unfortunate mistake by Joao Cancelo"}]},{"@type":"WebSite","@id":"https:\/\/www.fcbarcelonanoticias.com\/en\/#website","url":"https:\/\/www.fcbarcelonanoticias.com\/en\/","name":"EN - FC Barcelona Noticias","description":"","potentialAction":[{"@type":"SearchAction","target":{"@type":"EntryPoint","urlTemplate":"https:\/\/www.fcbarcelonanoticias.com\/en\/?s={search_term_string}"},"query-input":{"@type":"PropertyValueSpecification","valueRequired":true,"valueName":"search_term_string"}}],"inLanguage":"en-US"},{"@type":"Person","@id":"https:\/\/www.fcbarcelonanoticias.com\/en\/#\/schema\/person\/aa1d038709c262cb247e240f6b39bbf5","name":"Carlos Montenegro","image":{"@type":"ImageObject","inLanguage":"en-US","@id":"https:\/\/secure.gravatar.com\/avatar\/?s=96&d=mm&r=g","url":"https:\/\/secure.gravatar.com\/avatar\/?s=96&d=mm&r=g","contentUrl":"https:\/\/secure.gravatar.com\/avatar\/?s=96&d=mm&r=g","caption":"Carlos Montenegro"},"url":"https:\/\/www.fcbarcelonanoticias.com\/en\/carlos-montenegro_20_115.html"}]}},"_links":{"self":[{"href":"https:\/\/www.fcbarcelonanoticias.com\/en\/wp-json\/wp\/v2\/posts\/36843","targetHints":{"allow":["GET"]}}],"collection":[{"href":"https:\/\/www.fcbarcelonanoticias.com\/en\/wp-json\/wp\/v2\/posts"}],"about":[{"href":"https:\/\/www.fcbarcelonanoticias.com\/en\/wp-json\/wp\/v2\/types\/post"}],"author":[{"embeddable":true,"href":"https:\/\/www.fcbarcelonanoticias.com\/en\/wp-json\/wp\/v2\/users\/345"}],"replies":[{"embeddable":true,"href":"https:\/\/www.fcbarcelonanoticias.com\/en\/wp-json\/wp\/v2\/comments?post=36843"}],"version-history":[{"count":1,"href":"https:\/\/www.fcbarcelonanoticias.com\/en\/wp-json\/wp\/v2\/posts\/36843\/revisions"}],"predecessor-version":[{"id":36845,"href":"https:\/\/www.fcbarcelonanoticias.com\/en\/wp-json\/wp\/v2\/posts\/36843\/revisions\/36845"}],"wp:featuredmedia":[{"embeddable":true,"href":"https:\/\/www.fcbarcelonanoticias.com\/en\/wp-json\/"}],"wp:attachment":[{"href":"https:\/\/www.fcbarcelonanoticias.com\/en\/wp-json\/wp\/v2\/media?parent=36843"}],"wp:term":[{"taxonomy":"category","embeddable":true,"href":"https:\/\/www.fcbarcelonanoticias.com\/en\/wp-json\/wp\/v2\/categories?post=36843"},{"taxonomy":"post_tag","embeddable":true,"href":"https:\/\/www.fcbarcelonanoticias.com\/en\/wp-json\/wp\/v2\/tags?post=36843"}],"curies":[{"name":"wp","href":"https:\/\/api.w.org\/{rel}","templated":true}]}}