{"id":3700,"date":"2025-12-09T02:15:00","date_gmt":"2025-12-09T01:15:00","guid":{"rendered":"https:\/\/weisetech.dev\/fc-barcelona-noticias\/en\/barcelona-vs-eintracht-champions-league-returns-to-camp-nou_315463_102\/"},"modified":"2026-03-27T11:28:49","modified_gmt":"2026-03-27T10:28:49","slug":"barcelona-vs-eintracht-champions-league-returns-to-camp-nou_315463_102","status":"publish","type":"post","link":"https:\/\/www.fcbarcelonanoticias.com\/en\/champions-league\/barcelona-vs-eintracht-champions-league-returns-to-camp-nou_315463_102.html","title":{"rendered":"Bar\u00e7a vs Eintracht: Flick&#8217;s team goes for another thrashing in Champions League&#8217;s return to Camp Nou"},"content":{"rendered":"<h2 class=\"wp-block-heading\">Hansi Flick&#8217;s Barcelona hosts Eintracht at the Spotify Camp Nou this Tuesday, seeking another rout that will allow them to get closer to the TOP-8 in the Champions League standings<\/h2>  \r\n<div class=\"article-addons\">\r\n    <a href=\"https:\/\/www.fcbarcelonanoticias.com\/en\/calendar-fc-barcelona.html\"\r\n       target=\"_self\"\r\n       title=\"Calendar of FC Barcelona\"\r\n       class=\"blue-gredient-btn\">\r\n       \r\n        Calendar of FC Barcelona    <\/a>\r\n<\/div>   <p><strong>FC Barcelona<\/strong> returns to action this Tuesday in the <strong>UEFA Champions League 2025\/26<\/strong> with the obligation to defeat <strong>Eintracht Frankfurt<\/strong>. The team led by <strong>Hansi Flick<\/strong> plays at home again in the tournament at the <strong>Spotify Camp Nou<\/strong>, which two years and a half later (1,140 days) once again hosts the top European club competition.<\/p>  <p>The Catalans are coming off a loss to <strong>Chelsea<\/strong> and need to win, and preferably thrash Eintracht, to get closer to the top eight spots in the standings. <strong>With 7 points out of a possible 15<\/strong>, Bar\u00e7a is obligated to win all remaining three matches to have a chance to advance directly to the round of 16 within the TOP-8.<\/p>  <p>In January, Flick&#8217;s team must face <strong>Slavia Prague<\/strong> (away) and <strong>Copenhagen<\/strong> (home). <a data-external=\"0\" data-intl-links-en=\"https:\/\/www.fcbarcelonanoticias.com\/en\/champions-league\/eintracht-slavia-and-copenhagen-barca-route-to-champions-top-8_315347_102.html\" data-intl-links-es=\"https:\/\/www.fcbarcelonanoticias.com\/champions-league\/calendario-asequible-factor-clave-barca-entrar-top-8-champions_315347_102.html\" href=\"https:\/\/www.fcbarcelonanoticias.com\/en\/champions-league\/eintracht-slavia-and-copenhagen-barca-route-to-champions-top-8_315347_102.html\" rel=\"follow\" target=\"_self\" title=\"Calendario asequible: el factor clave del Bar\u00e7a para entrar en el TOP-8 de Champions\">The schedule looks affordable<\/a>, but first they must defeat an Eintracht that arrives at the Camp Nou at a very complex moment, in contrast to a Barcelona that is leading and on a winning streak in LaLiga<\/p>  <ul> <li>\ud83d\udcfa&nbsp;<strong>Where and when to watch the match on TV<\/strong>: channels broadcasting Barcelona-Eintracht LIVE&nbsp;<strong><a data-external=\"0\" data-intl-links-en=\"https:\/\/www.fcbarcelonanoticias.com\/en\/champions-league\/barcelona-vs-eintracht-live-and-online-when-and-where-to-watch_315457_102.html\" data-intl-links-es=\"https:\/\/www.fcbarcelonanoticias.com\/champions-league\/barcelona-vs-eintracht-frankfurt-directo-online-cuando-donde-ver-partido-tv_315457_102.html\" href=\"https:\/\/www.fcbarcelonanoticias.com\/en\/champions-league\/barcelona-vs-eintracht-live-and-online-when-and-where-to-watch_315457_102.html\" rel=\"follow\" target=\"_self\" title=\"Barcelona vs Eintracht Frankfurt en directo y online: cu\u00e1ndo y d\u00f3nde ver el partido en TV\">WATCH<\/a><\/strong> <\/li> <\/ul> <h2>Bar\u00e7a and Eintracht: Opposite Realities on Champions Matchday 6<\/h2>  <p>The Catalans regained the lead in LaLiga, now with a 4-point advantage over Real Madrid, after securing six consecutive wins against <strong>Elche <\/strong>(3-1), <strong>Celta <\/strong>(2-4), <strong>Athletic <\/strong>(4-0), <strong>Alav\u00e9s <\/strong>(3-1), <strong>Atl\u00e9tico <\/strong>(3-1), and <strong>Betis <\/strong>(3-5). In between, they suffered a defeat against Chelsea, but the team has recovered most of its starters, showing a leap in collective play quality in recent weeks.<\/p>  <p>Bar\u00e7a continues to unleash a brutal offensive, with **an average of 2.80 goals scored per match**. At home in Camp Nou, Flick&#8217;s team has a perfect record of victories (3) with a balance of 10 goals for and only 2 against. Furthermore, in the Champions League, the last home precedent was the thrashing against **Olympiacos** (6-1), still in Montju\u00efc<\/p>  <table align=\"center\" border=\"1\" cellpadding=\"1\" cellspacing=\"1\" style=\"width:100%;\"> <caption>BAR\u00c7A AND EINTRACHT&#8217;S CHAMPIONS LEAGUE JOURNEY<\/caption> \t<thead><tr> <th scope=\"col\">R<\/th> \t\t\t<th scope=\"col\">BAR\u00c7A<\/th> \t\t\t<th scope=\"col\">EINTRACHT<\/th> \t\t\t<th scope=\"col\">R<\/th> \t\t<\/tr><\/thead> <tbody> <tr> <td style=\"text-align: center;\">W \ud83d\udd34<\/td> \t\t\t<td style=\"text-align: center;\">3-0 vs Chelsea<\/td> \t\t\t<td style=\"text-align: center;\">0-3 vs Atalanta<\/td> \t\t\t<td style=\"text-align: center;\">L \ud83d\udd34<\/td> \t\t<\/tr> <tr> <td style=\"text-align: center;\">L \ud83d\udfe2<\/td> \t\t\t<td style=\"text-align: center;\">6-1 vs Olympiacos<\/td> \t\t\t<td style=\"text-align: center;\">0-0 vs Napoli<\/td> \t\t\t<td style=\"text-align: center;\">W \ud83d\udfe1<\/td> \t\t<\/tr> <tr> <td style=\"text-align: center;\">W \ud83d\udfe1<\/td> \t\t\t<td style=\"text-align: center;\">3-3 vs Club Brugge<\/td> \t\t\t<td style=\"text-align: center;\">1-5 vs Liverpool<\/td> \t\t\t<td style=\"text-align: center;\">L \ud83d\udd34<\/td> \t\t<\/tr> <tr> <td style=\"text-align: center;\">L \ud83d\udd34<\/td> \t\t\t<td style=\"text-align: center;\">1-2 vs PSG<\/td> \t\t\t<td style=\"text-align: center;\">5-1 vs Atl\u00e9tico<\/td> \t\t\t<td style=\"text-align: center;\">W \ud83d\udd34<\/td> \t\t<\/tr> <tr> <td style=\"text-align: center;\">L \ud83d\udfe2<\/td> \t\t\t<td style=\"text-align: center;\">1-2 vs Newcastle<\/td> \t\t\t<td style=\"text-align: center;\">5-1 vs Galatasaray<\/td> \t\t\t<td style=\"text-align: center;\">L \ud83d\udfe2<\/td> \t\t<\/tr> <\/tbody> <\/table> <ul> <li> <strong>H<\/strong>: Home<\/li> \t<li> <strong>L<\/strong>: Local<\/li> \t<li> <strong>A<\/strong>: Away<\/li> <\/ul> <p>Eintracht, on the other hand, is coming off a heavy defeat as a visitor against **Leipzig** (6-0) and, in the Champions League, only won on the opening day (5-1 against **Galatasaray**). In their first two away games, the Germans lost against **Atl\u00e9tico de Madrid** (5-1) and salvaged a draw in Italy against **Napoli** (0-0)However, defeats against **Liverpool** (1-5) and **Atalanta** (0-3) in Frankfurt knocked Dino Toppm\u00f6ller&#8217;s team out of the playoff zone. The team currently occupies 28th place, while in the Bundesliga they are seventh with 21 points, 16 less than leaders Bayern (37). In their last five matches, Eintracht has secured two wins, one draw, and two more losses.<\/p>  <ul> <li>\u2139\ufe0f&nbsp;<strong>Squad list<\/strong>: the players called up by Hansi Flick for Barcelona-Eintracht:&nbsp;<strong>SEE<\/strong> <\/li> <\/ul> <h2>Hansi Flick will once again distribute minutes in the Bar\u00e7a-Eintracht<\/h2>  <div class=\"media media-image\" data-ck-asset-wrapper=\"\"> <div class=\"media-item\"> <img loading=\"lazy\" decoding=\"async\" alt=\"Barcelona vs Eintracht: probable lineups and absences for the Champions League match\" data-id=\"1534066\" data-resize=\"9\" height=\"563\" src=\"https:\/\/www.fcbarcelonanoticias.com\/wp-content\/uploads\/sites\/2\/2025\/12\/fcbn-1e234640045b689169d3c7c6ca843831.jpeg\" title=\"Barcelona vs Eintracht: probable lineups and absences for the Champions League match\" width=\"1000\"><div class=\"media-title\">Barcelona vs Eintracht: probable lineups and absences for the Champions League match<\/div> <\/div> <\/div>  <p>For Champions League matchday 6, Hansi Flick plans to continue rotating his lineup. **Bar\u00e7a still has four more games to play before the Christmas break** and the coaching staff, with almost the entire squad available for the first time this season, does not want to risk new muscle injuries from excessive playing time.<\/p>  <p>In principle, Flick will bet on Joan Garc\u00eda in goal, while the center-back pairing of Pau Cubars\u00ed and Gerard Mart\u00edn should remain. Balde will also be a starter again, but Kound\u00e9 could be rested, with Eric Garc\u00eda returning to right-back.In midfield, **Frenkie de Jong**, absent in the last three league matches, could reappear alongside Pedri. **Raphinha and Lewandowski**, substitutes against Betis, have good chances of returning as companions to Ferran Torres and Lamine Yamal in attack.<\/p>  <p>For their part, Eintracht will have to deal with the absences of their three main forwards. Top scorer **Jonathan Burkgardt** (who has scored 11 goals so far) is out with an injury, as are **Michy Batshuayi** and **Ansgar Knauff**, the latter the scorer of the equalizer (1-1) in the 2022 Europa League quarter-final tie<\/p>  <ul> <li>\ud83d\udc49&nbsp;<strong>Lineups:<\/strong>&nbsp;the probable starting XIs for FC Barcelona and Eintracht Frankfurt:&nbsp;<strong><a data-external=\"0\" data-intl-links-en=\"https:\/\/www.fcbarcelonanoticias.com\/en\/laliga\/betis-vs-barcelona-probable-lineups-and-team-absences-for-laliga-match_315434_102.html\" data-intl-links-es=\"https:\/\/www.fcbarcelonanoticias.com\/laliga\/betis-vs-barcelona-alineaciones-probables-bajas-partido-liga_315434_102.html\" href=\"https:\/\/www.fcbarcelonanoticias.com\/en\/laliga\/betis-vs-barcelona-probable-lineups-and-team-absences-for-laliga-match_315434_102.html\" rel=\"follow\" target=\"_self\" title=\"Betis vs Barcelona: probable lineups and absences for the league match\">SEE<\/a><\/strong> <\/li> <\/ul> <h2>Eintracht will try to emerge from the crisis on their second visit to the Camp Nou<\/h2>  <p>The Germans, despite their losses, will seek to at least <strong>secure a draw on their second visit to Camp Nou<\/strong>. A stadium where, in 2022, they made history by eliminating Bar\u00e7a (2-3) from the Europa League. The differences between both teams are abysmal today, but Dino Toppm\u00f6ller&#8217;s men will opt for a very defensive setup to try and contain the powerful Bar\u00e7a offense.<\/p>  <p>Bar\u00e7a, on the other hand, is going for another rout in front of their fans as the Champions League returns to Les Corts. **Goal difference is key to climbing positions in the general standings**, and Flick&#8217;s team will try to regain ground with a resounding victoryIn any case, the *cul\u00e9s* know what they must do in the final stretch of the league: get full points, which, with 16 units, will be enough to enter the TOP-8 and avoid the round of 16 playoffs in mid-February<\/p>  <ul> <li>Don&#8217;t miss all the news from Bar\u00e7a-Eintracht!&nbsp;<strong><a data-external=\"0\" data-intl-links-en=\"https:\/\/www.fcbarcelonanoticias.com\/en\/champions-league\" data-intl-links-es=\"https:\/\/www.fcbarcelonanoticias.com\/champions-league\" href=\"https:\/\/www.fcbarcelonanoticias.com\/en\/football-soccer\/champions-league.html\" rel=\"follow\" target=\"_self\" title=\"Champions League\">Follow all the coverage and minute-by-minute updates on FCBN<\/a>.<\/strong> <\/li> <\/ul> ","protected":false},"excerpt":{"rendered":"<p>Hansi Flick&#8217;s Barcelona hosts Eintracht at the Spotify Camp Nou this Tuesday, seeking another rout that will allow them to get closer to the TOP-8 in the Champions League standings FC Barcelona returns to action this Tuesday in the UEFA Champions League 2025\/26 with the obligation to defeat Eintracht Frankfurt. The team led by Hansi [&hellip;]<\/p>\n","protected":false},"author":347,"featured_media":1497,"comment_status":"closed","ping_status":"open","sticky":false,"template":"","format":"standard","meta":{"_acf_changed":false,"inline_featured_image":false,"_nextfly_llmd_date_locked":false,"footnotes":""},"categories":[447,112],"tags":[202,211],"class_list":["post-3700","post","type-post","status-publish","format-standard","has-post-thumbnail","hentry","category-champions-league-2","category-champions-league","tag-eintracht-frankfurt","tag-fc-barcelona-next-match-preview"],"acf":[],"yoast_head":"<!-- This site is optimized with the Yoast SEO plugin v27.3 - https:\/\/yoast.com\/product\/yoast-seo-wordpress\/ -->\n<title>Barcelona vs Eintracht: Champions League returns to the Camp Nou!<\/title>\n<meta name=\"description\" content=\"Hansi Flick&#039;s Barcelona hosts Eintracht at Camp Nou this Tuesday in search of another rout and their third win in the Champions League group stage\" \/>\n<meta name=\"robots\" content=\"index, follow, max-snippet:-1, max-image-preview:large, max-video-preview:-1\" \/>\n<link rel=\"canonical\" href=\"https:\/\/www.fcbarcelonanoticias.com\/en\/champions-league\/barcelona-vs-eintracht-champions-league-returns-to-camp-nou_315463_102.html\" \/>\n<meta property=\"og:locale\" content=\"en_US\" \/>\n<meta property=\"og:type\" content=\"article\" \/>\n<meta property=\"og:title\" content=\"Barcelona vs Eintracht: Champions League returns to the Camp Nou!\" \/>\n<meta property=\"og:description\" content=\"Hansi Flick&#039;s Barcelona hosts Eintracht at Camp Nou this Tuesday in search of another rout and their third win in the Champions League group stage\" \/>\n<meta property=\"og:url\" content=\"https:\/\/www.fcbarcelonanoticias.com\/en\/champions-league\/barcelona-vs-eintracht-champions-league-returns-to-camp-nou_315463_102.html\" \/>\n<meta property=\"og:site_name\" content=\"EN - FC Barcelona Noticias\" \/>\n<meta property=\"article:published_time\" content=\"2025-12-09T01:15:00+00:00\" \/>\n<meta property=\"article:modified_time\" content=\"2026-03-27T10:28:49+00:00\" \/>\n<meta property=\"og:image\" content=\"https:\/\/www.fcbarcelonanoticias.com\/en\/wp-content\/uploads\/sites\/2\/2025\/12\/fc-barcelona-vs-eintracht-frankfurt-champions-25-26.jpeg\" \/>\n\t<meta property=\"og:image:width\" content=\"1200\" \/>\n\t<meta property=\"og:image:height\" content=\"675\" \/>\n\t<meta property=\"og:image:type\" content=\"image\/jpeg\" \/>\n<meta name=\"author\" content=\"Andr\u00e9s Quiroz\" \/>\n<meta name=\"twitter:card\" content=\"summary_large_image\" \/>\n<meta name=\"twitter:label1\" content=\"Written by\" \/>\n\t<meta name=\"twitter:data1\" content=\"Andr\u00e9s Quiroz\" \/>\n\t<meta name=\"twitter:label2\" content=\"Est. reading time\" \/>\n\t<meta name=\"twitter:data2\" content=\"5 minutes\" \/>\n<script type=\"application\/ld+json\" class=\"yoast-schema-graph\">{\"@context\":\"https:\\\/\\\/schema.org\",\"@graph\":[{\"@type\":\"Article\",\"@id\":\"https:\\\/\\\/www.fcbarcelonanoticias.com\\\/en\\\/champions-league\\\/barcelona-vs-eintracht-champions-league-returns-to-camp-nou_315463_102.html#article\",\"isPartOf\":{\"@id\":\"https:\\\/\\\/www.fcbarcelonanoticias.com\\\/en\\\/champions-league\\\/barcelona-vs-eintracht-champions-league-returns-to-camp-nou_315463_102.html\"},\"author\":{\"name\":\"Andr\u00e9s Quiroz\",\"@id\":\"https:\\\/\\\/www.fcbarcelonanoticias.com\\\/en\\\/#\\\/schema\\\/person\\\/c2cd9f6fa1af5c0d0eccd0fefa575c88\"},\"headline\":\"Bar\u00e7a vs Eintracht: Flick&#8217;s team goes for another thrashing in Champions League&#8217;s return to Camp Nou\",\"datePublished\":\"2025-12-09T01:15:00+00:00\",\"dateModified\":\"2026-03-27T10:28:49+00:00\",\"mainEntityOfPage\":{\"@id\":\"https:\\\/\\\/www.fcbarcelonanoticias.com\\\/en\\\/champions-league\\\/barcelona-vs-eintracht-champions-league-returns-to-camp-nou_315463_102.html\"},\"wordCount\":953,\"image\":{\"@id\":\"https:\\\/\\\/www.fcbarcelonanoticias.com\\\/en\\\/champions-league\\\/barcelona-vs-eintracht-champions-league-returns-to-camp-nou_315463_102.html#primaryimage\"},\"thumbnailUrl\":\"https:\\\/\\\/www.fcbarcelonanoticias.com\\\/en\\\/wp-content\\\/uploads\\\/sites\\\/2\\\/2025\\\/12\\\/fc-barcelona-vs-eintracht-frankfurt-champions-25-26.jpeg\",\"keywords\":[\"Eintracht Frankfurt\",\"FC Barcelona Match Preview\"],\"articleSection\":[\"Champions League\",\"Champions League\"],\"inLanguage\":\"en-US\"},{\"@type\":\"WebPage\",\"@id\":\"https:\\\/\\\/www.fcbarcelonanoticias.com\\\/en\\\/champions-league\\\/barcelona-vs-eintracht-champions-league-returns-to-camp-nou_315463_102.html\",\"url\":\"https:\\\/\\\/www.fcbarcelonanoticias.com\\\/en\\\/champions-league\\\/barcelona-vs-eintracht-champions-league-returns-to-camp-nou_315463_102.html\",\"name\":\"Barcelona vs Eintracht: Champions League returns to the Camp Nou!\",\"isPartOf\":{\"@id\":\"https:\\\/\\\/www.fcbarcelonanoticias.com\\\/en\\\/#website\"},\"primaryImageOfPage\":{\"@id\":\"https:\\\/\\\/www.fcbarcelonanoticias.com\\\/en\\\/champions-league\\\/barcelona-vs-eintracht-champions-league-returns-to-camp-nou_315463_102.html#primaryimage\"},\"image\":{\"@id\":\"https:\\\/\\\/www.fcbarcelonanoticias.com\\\/en\\\/champions-league\\\/barcelona-vs-eintracht-champions-league-returns-to-camp-nou_315463_102.html#primaryimage\"},\"thumbnailUrl\":\"https:\\\/\\\/www.fcbarcelonanoticias.com\\\/en\\\/wp-content\\\/uploads\\\/sites\\\/2\\\/2025\\\/12\\\/fc-barcelona-vs-eintracht-frankfurt-champions-25-26.jpeg\",\"datePublished\":\"2025-12-09T01:15:00+00:00\",\"dateModified\":\"2026-03-27T10:28:49+00:00\",\"author\":{\"@id\":\"https:\\\/\\\/www.fcbarcelonanoticias.com\\\/en\\\/#\\\/schema\\\/person\\\/c2cd9f6fa1af5c0d0eccd0fefa575c88\"},\"description\":\"Hansi Flick's Barcelona hosts Eintracht at Camp Nou this Tuesday in search of another rout and their third win in the Champions League group stage\",\"breadcrumb\":{\"@id\":\"https:\\\/\\\/www.fcbarcelonanoticias.com\\\/en\\\/champions-league\\\/barcelona-vs-eintracht-champions-league-returns-to-camp-nou_315463_102.html#breadcrumb\"},\"inLanguage\":\"en-US\",\"potentialAction\":[{\"@type\":\"ReadAction\",\"target\":[\"https:\\\/\\\/www.fcbarcelonanoticias.com\\\/en\\\/champions-league\\\/barcelona-vs-eintracht-champions-league-returns-to-camp-nou_315463_102.html\"]}]},{\"@type\":\"ImageObject\",\"inLanguage\":\"en-US\",\"@id\":\"https:\\\/\\\/www.fcbarcelonanoticias.com\\\/en\\\/champions-league\\\/barcelona-vs-eintracht-champions-league-returns-to-camp-nou_315463_102.html#primaryimage\",\"url\":\"https:\\\/\\\/www.fcbarcelonanoticias.com\\\/en\\\/wp-content\\\/uploads\\\/sites\\\/2\\\/2025\\\/12\\\/fc-barcelona-vs-eintracht-frankfurt-champions-25-26.jpeg\",\"contentUrl\":\"https:\\\/\\\/www.fcbarcelonanoticias.com\\\/en\\\/wp-content\\\/uploads\\\/sites\\\/2\\\/2025\\\/12\\\/fc-barcelona-vs-eintracht-frankfurt-champions-25-26.jpeg\",\"width\":1200,\"height\":675},{\"@type\":\"BreadcrumbList\",\"@id\":\"https:\\\/\\\/www.fcbarcelonanoticias.com\\\/en\\\/champions-league\\\/barcelona-vs-eintracht-champions-league-returns-to-camp-nou_315463_102.html#breadcrumb\",\"itemListElement\":[{\"@type\":\"ListItem\",\"position\":1,\"name\":\"Portada\",\"item\":\"https:\\\/\\\/www.fcbarcelonanoticias.com\\\/en\\\/\"},{\"@type\":\"ListItem\",\"position\":2,\"name\":\"Bar\u00e7a vs Eintracht: Flick&#8217;s team goes for another thrashing in Champions League&#8217;s return to Camp Nou\"}]},{\"@type\":\"WebSite\",\"@id\":\"https:\\\/\\\/www.fcbarcelonanoticias.com\\\/en\\\/#website\",\"url\":\"https:\\\/\\\/www.fcbarcelonanoticias.com\\\/en\\\/\",\"name\":\"EN - FC Barcelona Noticias\",\"description\":\"\",\"potentialAction\":[{\"@type\":\"SearchAction\",\"target\":{\"@type\":\"EntryPoint\",\"urlTemplate\":\"https:\\\/\\\/www.fcbarcelonanoticias.com\\\/en\\\/?s={search_term_string}\"},\"query-input\":{\"@type\":\"PropertyValueSpecification\",\"valueRequired\":true,\"valueName\":\"search_term_string\"}}],\"inLanguage\":\"en-US\"},{\"@type\":\"Person\",\"@id\":\"https:\\\/\\\/www.fcbarcelonanoticias.com\\\/en\\\/#\\\/schema\\\/person\\\/c2cd9f6fa1af5c0d0eccd0fefa575c88\",\"name\":\"Andr\u00e9s Quiroz\",\"image\":{\"@type\":\"ImageObject\",\"inLanguage\":\"en-US\",\"@id\":\"https:\\\/\\\/secure.gravatar.com\\\/avatar\\\/?s=96&d=mm&r=g\",\"url\":\"https:\\\/\\\/secure.gravatar.com\\\/avatar\\\/?s=96&d=mm&r=g\",\"contentUrl\":\"https:\\\/\\\/secure.gravatar.com\\\/avatar\\\/?s=96&d=mm&r=g\",\"caption\":\"Andr\u00e9s Quiroz\"},\"description\":\"Licenciado en Periodismo por la Universidad de los Andes. Me encargo de analizar y compartir los contenidos m\u00e1s destacados de la\u00a0actualidad del F\u00fatbol Club Barcelona, Mercado de Fichajes y F\u00fatbol Internacional en FCBN. La informaci\u00f3n es poder, pero tambi\u00e9n conocimiento.\",\"url\":\"https:\\\/\\\/www.fcbarcelonanoticias.com\\\/en\\\/fc-barcelona\\\/andres-quiroz_17_115.html\"}]}<\/script>\n<!-- \/ Yoast SEO plugin. -->","yoast_head_json":{"title":"Barcelona vs Eintracht: Champions League returns to the Camp Nou!","description":"Hansi Flick's Barcelona hosts Eintracht at Camp Nou this Tuesday in search of another rout and their third win in the Champions League group stage","robots":{"index":"index","follow":"follow","max-snippet":"max-snippet:-1","max-image-preview":"max-image-preview:large","max-video-preview":"max-video-preview:-1"},"canonical":"https:\/\/www.fcbarcelonanoticias.com\/en\/champions-league\/barcelona-vs-eintracht-champions-league-returns-to-camp-nou_315463_102.html","og_locale":"en_US","og_type":"article","og_title":"Barcelona vs Eintracht: Champions League returns to the Camp Nou!","og_description":"Hansi Flick's Barcelona hosts Eintracht at Camp Nou this Tuesday in search of another rout and their third win in the Champions League group stage","og_url":"https:\/\/www.fcbarcelonanoticias.com\/en\/champions-league\/barcelona-vs-eintracht-champions-league-returns-to-camp-nou_315463_102.html","og_site_name":"EN - FC Barcelona Noticias","article_published_time":"2025-12-09T01:15:00+00:00","article_modified_time":"2026-03-27T10:28:49+00:00","og_image":[{"width":1200,"height":675,"url":"https:\/\/www.fcbarcelonanoticias.com\/en\/wp-content\/uploads\/sites\/2\/2025\/12\/fc-barcelona-vs-eintracht-frankfurt-champions-25-26.jpeg","type":"image\/jpeg"}],"author":"Andr\u00e9s Quiroz","twitter_card":"summary_large_image","twitter_misc":{"Written by":"Andr\u00e9s Quiroz","Est. reading time":"5 minutes"},"schema":{"@context":"https:\/\/schema.org","@graph":[{"@type":"Article","@id":"https:\/\/www.fcbarcelonanoticias.com\/en\/champions-league\/barcelona-vs-eintracht-champions-league-returns-to-camp-nou_315463_102.html#article","isPartOf":{"@id":"https:\/\/www.fcbarcelonanoticias.com\/en\/champions-league\/barcelona-vs-eintracht-champions-league-returns-to-camp-nou_315463_102.html"},"author":{"name":"Andr\u00e9s Quiroz","@id":"https:\/\/www.fcbarcelonanoticias.com\/en\/#\/schema\/person\/c2cd9f6fa1af5c0d0eccd0fefa575c88"},"headline":"Bar\u00e7a vs Eintracht: Flick&#8217;s team goes for another thrashing in Champions League&#8217;s return to Camp Nou","datePublished":"2025-12-09T01:15:00+00:00","dateModified":"2026-03-27T10:28:49+00:00","mainEntityOfPage":{"@id":"https:\/\/www.fcbarcelonanoticias.com\/en\/champions-league\/barcelona-vs-eintracht-champions-league-returns-to-camp-nou_315463_102.html"},"wordCount":953,"image":{"@id":"https:\/\/www.fcbarcelonanoticias.com\/en\/champions-league\/barcelona-vs-eintracht-champions-league-returns-to-camp-nou_315463_102.html#primaryimage"},"thumbnailUrl":"https:\/\/www.fcbarcelonanoticias.com\/en\/wp-content\/uploads\/sites\/2\/2025\/12\/fc-barcelona-vs-eintracht-frankfurt-champions-25-26.jpeg","keywords":["Eintracht Frankfurt","FC Barcelona Match Preview"],"articleSection":["Champions League","Champions League"],"inLanguage":"en-US"},{"@type":"WebPage","@id":"https:\/\/www.fcbarcelonanoticias.com\/en\/champions-league\/barcelona-vs-eintracht-champions-league-returns-to-camp-nou_315463_102.html","url":"https:\/\/www.fcbarcelonanoticias.com\/en\/champions-league\/barcelona-vs-eintracht-champions-league-returns-to-camp-nou_315463_102.html","name":"Barcelona vs Eintracht: Champions League returns to the Camp Nou!","isPartOf":{"@id":"https:\/\/www.fcbarcelonanoticias.com\/en\/#website"},"primaryImageOfPage":{"@id":"https:\/\/www.fcbarcelonanoticias.com\/en\/champions-league\/barcelona-vs-eintracht-champions-league-returns-to-camp-nou_315463_102.html#primaryimage"},"image":{"@id":"https:\/\/www.fcbarcelonanoticias.com\/en\/champions-league\/barcelona-vs-eintracht-champions-league-returns-to-camp-nou_315463_102.html#primaryimage"},"thumbnailUrl":"https:\/\/www.fcbarcelonanoticias.com\/en\/wp-content\/uploads\/sites\/2\/2025\/12\/fc-barcelona-vs-eintracht-frankfurt-champions-25-26.jpeg","datePublished":"2025-12-09T01:15:00+00:00","dateModified":"2026-03-27T10:28:49+00:00","author":{"@id":"https:\/\/www.fcbarcelonanoticias.com\/en\/#\/schema\/person\/c2cd9f6fa1af5c0d0eccd0fefa575c88"},"description":"Hansi Flick's Barcelona hosts Eintracht at Camp Nou this Tuesday in search of another rout and their third win in the Champions League group stage","breadcrumb":{"@id":"https:\/\/www.fcbarcelonanoticias.com\/en\/champions-league\/barcelona-vs-eintracht-champions-league-returns-to-camp-nou_315463_102.html#breadcrumb"},"inLanguage":"en-US","potentialAction":[{"@type":"ReadAction","target":["https:\/\/www.fcbarcelonanoticias.com\/en\/champions-league\/barcelona-vs-eintracht-champions-league-returns-to-camp-nou_315463_102.html"]}]},{"@type":"ImageObject","inLanguage":"en-US","@id":"https:\/\/www.fcbarcelonanoticias.com\/en\/champions-league\/barcelona-vs-eintracht-champions-league-returns-to-camp-nou_315463_102.html#primaryimage","url":"https:\/\/www.fcbarcelonanoticias.com\/en\/wp-content\/uploads\/sites\/2\/2025\/12\/fc-barcelona-vs-eintracht-frankfurt-champions-25-26.jpeg","contentUrl":"https:\/\/www.fcbarcelonanoticias.com\/en\/wp-content\/uploads\/sites\/2\/2025\/12\/fc-barcelona-vs-eintracht-frankfurt-champions-25-26.jpeg","width":1200,"height":675},{"@type":"BreadcrumbList","@id":"https:\/\/www.fcbarcelonanoticias.com\/en\/champions-league\/barcelona-vs-eintracht-champions-league-returns-to-camp-nou_315463_102.html#breadcrumb","itemListElement":[{"@type":"ListItem","position":1,"name":"Portada","item":"https:\/\/www.fcbarcelonanoticias.com\/en\/"},{"@type":"ListItem","position":2,"name":"Bar\u00e7a vs Eintracht: Flick&#8217;s team goes for another thrashing in Champions League&#8217;s return to Camp Nou"}]},{"@type":"WebSite","@id":"https:\/\/www.fcbarcelonanoticias.com\/en\/#website","url":"https:\/\/www.fcbarcelonanoticias.com\/en\/","name":"EN - FC Barcelona Noticias","description":"","potentialAction":[{"@type":"SearchAction","target":{"@type":"EntryPoint","urlTemplate":"https:\/\/www.fcbarcelonanoticias.com\/en\/?s={search_term_string}"},"query-input":{"@type":"PropertyValueSpecification","valueRequired":true,"valueName":"search_term_string"}}],"inLanguage":"en-US"},{"@type":"Person","@id":"https:\/\/www.fcbarcelonanoticias.com\/en\/#\/schema\/person\/c2cd9f6fa1af5c0d0eccd0fefa575c88","name":"Andr\u00e9s Quiroz","image":{"@type":"ImageObject","inLanguage":"en-US","@id":"https:\/\/secure.gravatar.com\/avatar\/?s=96&d=mm&r=g","url":"https:\/\/secure.gravatar.com\/avatar\/?s=96&d=mm&r=g","contentUrl":"https:\/\/secure.gravatar.com\/avatar\/?s=96&d=mm&r=g","caption":"Andr\u00e9s Quiroz"},"description":"Licenciado en Periodismo por la Universidad de los Andes. Me encargo de analizar y compartir los contenidos m\u00e1s destacados de la\u00a0actualidad del F\u00fatbol Club Barcelona, Mercado de Fichajes y F\u00fatbol Internacional en FCBN. La informaci\u00f3n es poder, pero tambi\u00e9n conocimiento.","url":"https:\/\/www.fcbarcelonanoticias.com\/en\/fc-barcelona\/andres-quiroz_17_115.html"}]}},"_links":{"self":[{"href":"https:\/\/www.fcbarcelonanoticias.com\/en\/wp-json\/wp\/v2\/posts\/3700","targetHints":{"allow":["GET"]}}],"collection":[{"href":"https:\/\/www.fcbarcelonanoticias.com\/en\/wp-json\/wp\/v2\/posts"}],"about":[{"href":"https:\/\/www.fcbarcelonanoticias.com\/en\/wp-json\/wp\/v2\/types\/post"}],"author":[{"embeddable":true,"href":"https:\/\/www.fcbarcelonanoticias.com\/en\/wp-json\/wp\/v2\/users\/347"}],"replies":[{"embeddable":true,"href":"https:\/\/www.fcbarcelonanoticias.com\/en\/wp-json\/wp\/v2\/comments?post=3700"}],"version-history":[{"count":2,"href":"https:\/\/www.fcbarcelonanoticias.com\/en\/wp-json\/wp\/v2\/posts\/3700\/revisions"}],"predecessor-version":[{"id":157945,"href":"https:\/\/www.fcbarcelonanoticias.com\/en\/wp-json\/wp\/v2\/posts\/3700\/revisions\/157945"}],"wp:featuredmedia":[{"embeddable":true,"href":"https:\/\/www.fcbarcelonanoticias.com\/en\/wp-json\/wp\/v2\/media\/1497"}],"wp:attachment":[{"href":"https:\/\/www.fcbarcelonanoticias.com\/en\/wp-json\/wp\/v2\/media?parent=3700"}],"wp:term":[{"taxonomy":"category","embeddable":true,"href":"https:\/\/www.fcbarcelonanoticias.com\/en\/wp-json\/wp\/v2\/categories?post=3700"},{"taxonomy":"post_tag","embeddable":true,"href":"https:\/\/www.fcbarcelonanoticias.com\/en\/wp-json\/wp\/v2\/tags?post=3700"}],"curies":[{"name":"wp","href":"https:\/\/api.w.org\/{rel}","templated":true}]}}