{"id":37066,"date":"2024-01-02T21:29:00","date_gmt":"2024-01-02T20:29:00","guid":{"rendered":"https:\/\/weisetech.dev\/fc-barcelona-noticias\/en\/vitor-roque-lamine-haaland-pedri-confesses-with-ibai_299548_102\/"},"modified":"2024-01-02T21:29:00","modified_gmt":"2024-01-02T20:29:00","slug":"vitor-roque-lamine-haaland-pedri-confesses-with-ibai_299548_102","status":"publish","type":"post","link":"https:\/\/www.fcbarcelonanoticias.com\/en\/fc-barcelona\/vitor-roque-lamine-haaland-pedri-confesses-with-ibai_299548_102.html","title":{"rendered":"Vitor Roque, Lamine, Haaland\u2026 Pedri confesses to Ibai"},"content":{"rendered":"<h2 class=\"wp-block-heading\">Pedri Gonz\u00e1lez took advantage of the days off due to the Christmas break and his physical recovery to talk with Ibai Llanos. The &#8216;8&#8217; of FC Barcelona revealed who his best friends are in the cul\u00e9 locker room and the possibility of signing, one day, Erling Haaland<\/h2>  \r\n<div class=\"article-addons\">\r\n    <a href=\"https:\/\/www.fcbarcelonanoticias.com\/en\/calendar-fc-barcelona.html\"\r\n       target=\"_self\"\r\n       title=\"Calendar of FC Barcelona\"\r\n       class=\"blue-gredient-btn\">\r\n       \r\n        Calendar of FC Barcelona    <\/a>\r\n<\/div>   <p>Ibai Flat began his year in Twitch with a very expected interview by the surroundings of the FC Barcelona. <strong>The streamer took advantage of <a data-external=\"0\" data-intl-links-en=\"https:\/\/www.fcbarcelonanoticias.com\/en\/fc-barcelona\/pedri-gets-wet-about-injuries-makes-it-clear-there-are-things-that-have-bothered_299545_102.html\" data-intl-links-es=\"https:\/\/www.fcbarcelonanoticias.com\/fc-barcelona\/pedri-se-moja-sobre-lesiones-deja-claro-hay-cosas-han-molestado_299545_102.html\" href=\"https:\/\/www.fcbarcelonanoticias.com\/en\/fc-barcelona\/pedri-gets-wet-about-injuries-makes-it-clear-there-are-things-that-have-bothered_299545_102.html\" rel=\"follow\" target=\"_self\" title=\"Pedri se 'moja' sobre sus lesiones y deja claro que hay cosas que le han molestado\">to converse with Pedri<\/a> on the Barcelona actuality<\/strong>, in a talk where also touched personal subjects of the Canarian. On the changing room cul\u00e9, the one of Tegueste took advantage of for elogiar to the more youngsters, between them Lamine Yamal and the recently arrived Vitor Roque.<\/p>  <p><strong>&#8220;Lamine Is as if it was normal to be in the Bar\u00e7a with 16 years. I debuted in the Bar\u00e7a with 17<\/strong>. Debut in pandemia allowed me not having the pressure of the so young public and in my first season&#8221;, remembered the mediocentro Barcelona. Pedri Premi\u00e8red in the 2020\/21, a season that, to the equal that the present, precedes to a Eurocopa in which it aims to title with Spain, as long as it was well physically.<\/p>  <p>On the flamante incorporation of the Bar\u00e7a <a data-external=\"0\" data-intl-links-en=\"https:\/\/www.fcbarcelonanoticias.com\/en\/transfers\/laliga-once-again-puts-obstacles-in-the-way-of-barca-with-the-registration-of-vitor-roque_299541_102.html\" data-intl-links-es=\"https:\/\/www.fcbarcelonanoticias.com\/fichajes\/laliga-vuelve-ponerle-trabas-barca-con-inscripcion-vitor-roque_299541_102.html\" href=\"https:\/\/www.fcbarcelonanoticias.com\/en\/transfers\/laliga-once-again-puts-obstacles-in-the-way-of-barca-with-the-registration-of-vitor-roque_299541_102.html\" rel=\"follow\" target=\"_self\" title=\"LaLiga vuelve a ponerle trabas al Bar\u00e7a con la inscripci\u00f3n de Vitor Roque\">for the second half of season<\/a>, the Canarian also had praises to the form in which it has calado in the group. &#8220;It is an uncle that always is smiling. The Brazilians always transmit this magic.<strong> It is a very young player and no can him ask still that it was the new Peeled, but is a player with a lot of confidence&#8221;<\/strong>, said on &#8216;Tigrinho&#8217;.<\/p>  <h2>Pedri &#8216;Wet&#8217; on the possible signing of Haaland<\/h2>  <p>Regarding other possible reinforcements for the Bar\u00e7a, Pedri did not doubt in putting the lupa on the Manchester City. <strong>&#8220;For the Bar\u00e7a fichar\u00eda to Haaland. It marks a lot of goals. Lewandowski Does not go to last until the 60 years. Juli\u00e1n \u00c1lvarez also is playing very well&#8221;<\/strong>, argued the Canarian. Besides, it took advantage of to refer to the economic power of the Premier League in the market. <strong>&#8220;I suppose that they will have arrived offers of the Premier by footballers of the Bar\u00e7a, because they are paying authentic fortunes by a lot of footballers&#8221;<\/strong>, said the &#8216;8&#8217; Barcelona.<\/p>  <h2>Ferran and Gavi, keys for Pedri in the changing room<\/h2>  <p>On his best friends in the changing room, Pedri left clear the good relation that sustains with Gavi and, especially, with Ferran Torres. In this regard, the one of Tegueste commented: <strong>&#8220;If I have to remain me with somebody is with Ferran. It is more than a mate. It is a fellow and know it of before coming to the Bar\u00e7a<\/strong>, because besides we share representative (the employer H\u00e9ctor Peris)&#8221;<\/p>  <p>On the &#8216;7&#8217; cul\u00e9, added: <strong>&#8220;it Is mentally a &#8216;shark&#8217;. A day gave him some chanclas with small sharks. It happened a moment difficult, but has known to give him the turn<\/strong>. In the press go out a lot of things that magnify &#8220;. Regarding Gavi, the &#8216;8&#8217; ensured that <strong>&#8220;I help him because it is something by what have happened. It is a grave injury, but will go back stronger&#8221;<\/strong>, puntualiz\u00f3.<\/p> ","protected":false},"excerpt":{"rendered":"<p>Pedri Gonz\u00e1lez took advantage of the days off due to the Christmas break and his physical recovery to talk with Ibai Llanos. The &#8216;8&#8217; of FC Barcelona revealed who his best friends are in the cul\u00e9 locker room and the possibility of signing, one day, Erling Haaland Ibai Flat began his year in Twitch with [&hellip;]<\/p>\n","protected":false},"author":347,"featured_media":25324,"comment_status":"closed","ping_status":"open","sticky":false,"template":"","format":"standard","meta":{"_acf_changed":false,"inline_featured_image":false,"_nextfly_llmd_date_locked":false,"footnotes":""},"categories":[111],"tags":[154,327],"class_list":["post-37066","post","type-post","status-publish","format-standard","has-post-thumbnail","hentry","category-fc-barcelona","tag-erling-haaland","tag-vitor-roque"],"acf":[],"yoast_head":"<!-- This site is optimized with the Yoast SEO plugin v27.3 - https:\/\/yoast.com\/product\/yoast-seo-wordpress\/ -->\n<title>Vitor Roque, Lamine, Haaland\u2026 Pedri confesses to Ibai<\/title>\n<meta name=\"description\" content=\"Pedri Gonz\u00e1lez took advantage of the days off due to the Christmas break and his physical recovery to talk with Ibai Llanos. The &#039;8&#039; of FC Barcelona revealed who his best friends are in the cul\u00e9 locker room and the possibility of signing, one day, Erling Haaland\" \/>\n<meta name=\"robots\" content=\"index, follow, max-snippet:-1, max-image-preview:large, max-video-preview:-1\" \/>\n<link rel=\"canonical\" href=\"https:\/\/www.fcbarcelonanoticias.com\/en\/fc-barcelona\/vitor-roque-lamine-haaland-pedri-confesses-with-ibai_299548_102.html\" \/>\n<meta property=\"og:locale\" content=\"en_US\" \/>\n<meta property=\"og:type\" content=\"article\" \/>\n<meta property=\"og:title\" content=\"Vitor Roque, Lamine, Haaland\u2026 Pedri confesses to Ibai\" \/>\n<meta property=\"og:description\" content=\"Pedri Gonz\u00e1lez took advantage of the days off due to the Christmas break and his physical recovery to talk with Ibai Llanos. The &#039;8&#039; of FC Barcelona revealed who his best friends are in the cul\u00e9 locker room and the possibility of signing, one day, Erling Haaland\" \/>\n<meta property=\"og:url\" content=\"https:\/\/www.fcbarcelonanoticias.com\/en\/fc-barcelona\/vitor-roque-lamine-haaland-pedri-confesses-with-ibai_299548_102.html\" \/>\n<meta property=\"og:site_name\" content=\"EN - FC Barcelona Noticias\" \/>\n<meta property=\"article:published_time\" content=\"2024-01-02T20:29:00+00:00\" \/>\n<meta property=\"og:image\" content=\"https:\/\/www.fcbarcelonanoticias.com\/en\/wp-content\/uploads\/sites\/2\/2023\/12\/pedri-y-ronald-araujo-en-la-previa-del-duelo-entre-el-rayo-vallecano-y-el-barca-en-laliga.png\" \/>\n\t<meta property=\"og:image:width\" content=\"1300\" \/>\n\t<meta property=\"og:image:height\" content=\"732\" \/>\n\t<meta property=\"og:image:type\" content=\"image\/png\" \/>\n<meta name=\"author\" content=\"Andr\u00e9s Quiroz\" \/>\n<meta name=\"twitter:card\" content=\"summary_large_image\" \/>\n<meta name=\"twitter:label1\" content=\"Written by\" \/>\n\t<meta name=\"twitter:data1\" content=\"Andr\u00e9s Quiroz\" \/>\n\t<meta name=\"twitter:label2\" content=\"Est. reading time\" \/>\n\t<meta name=\"twitter:data2\" content=\"3 minutes\" \/>\n<script type=\"application\/ld+json\" class=\"yoast-schema-graph\">{\"@context\":\"https:\\\/\\\/schema.org\",\"@graph\":[{\"@type\":\"Article\",\"@id\":\"https:\\\/\\\/www.fcbarcelonanoticias.com\\\/en\\\/fc-barcelona\\\/vitor-roque-lamine-haaland-pedri-confesses-with-ibai_299548_102.html#article\",\"isPartOf\":{\"@id\":\"https:\\\/\\\/www.fcbarcelonanoticias.com\\\/en\\\/fc-barcelona\\\/vitor-roque-lamine-haaland-pedri-confesses-with-ibai_299548_102.html\"},\"author\":{\"name\":\"Andr\u00e9s Quiroz\",\"@id\":\"https:\\\/\\\/www.fcbarcelonanoticias.com\\\/en\\\/#\\\/schema\\\/person\\\/c2cd9f6fa1af5c0d0eccd0fefa575c88\"},\"headline\":\"Vitor Roque, Lamine, Haaland\u2026 Pedri confesses to Ibai\",\"datePublished\":\"2024-01-02T20:29:00+00:00\",\"mainEntityOfPage\":{\"@id\":\"https:\\\/\\\/www.fcbarcelonanoticias.com\\\/en\\\/fc-barcelona\\\/vitor-roque-lamine-haaland-pedri-confesses-with-ibai_299548_102.html\"},\"wordCount\":540,\"image\":{\"@id\":\"https:\\\/\\\/www.fcbarcelonanoticias.com\\\/en\\\/fc-barcelona\\\/vitor-roque-lamine-haaland-pedri-confesses-with-ibai_299548_102.html#primaryimage\"},\"thumbnailUrl\":\"https:\\\/\\\/www.fcbarcelonanoticias.com\\\/en\\\/wp-content\\\/uploads\\\/sites\\\/2\\\/2023\\\/12\\\/pedri-y-ronald-araujo-en-la-previa-del-duelo-entre-el-rayo-vallecano-y-el-barca-en-laliga.png\",\"keywords\":[\"Erling Haaland\",\"Vitor Roque\"],\"articleSection\":[\"FC Barcelona\"],\"inLanguage\":\"en-US\"},{\"@type\":\"WebPage\",\"@id\":\"https:\\\/\\\/www.fcbarcelonanoticias.com\\\/en\\\/fc-barcelona\\\/vitor-roque-lamine-haaland-pedri-confesses-with-ibai_299548_102.html\",\"url\":\"https:\\\/\\\/www.fcbarcelonanoticias.com\\\/en\\\/fc-barcelona\\\/vitor-roque-lamine-haaland-pedri-confesses-with-ibai_299548_102.html\",\"name\":\"Vitor Roque, Lamine, Haaland\u2026 Pedri confesses to Ibai\",\"isPartOf\":{\"@id\":\"https:\\\/\\\/www.fcbarcelonanoticias.com\\\/en\\\/#website\"},\"primaryImageOfPage\":{\"@id\":\"https:\\\/\\\/www.fcbarcelonanoticias.com\\\/en\\\/fc-barcelona\\\/vitor-roque-lamine-haaland-pedri-confesses-with-ibai_299548_102.html#primaryimage\"},\"image\":{\"@id\":\"https:\\\/\\\/www.fcbarcelonanoticias.com\\\/en\\\/fc-barcelona\\\/vitor-roque-lamine-haaland-pedri-confesses-with-ibai_299548_102.html#primaryimage\"},\"thumbnailUrl\":\"https:\\\/\\\/www.fcbarcelonanoticias.com\\\/en\\\/wp-content\\\/uploads\\\/sites\\\/2\\\/2023\\\/12\\\/pedri-y-ronald-araujo-en-la-previa-del-duelo-entre-el-rayo-vallecano-y-el-barca-en-laliga.png\",\"datePublished\":\"2024-01-02T20:29:00+00:00\",\"author\":{\"@id\":\"https:\\\/\\\/www.fcbarcelonanoticias.com\\\/en\\\/#\\\/schema\\\/person\\\/c2cd9f6fa1af5c0d0eccd0fefa575c88\"},\"description\":\"Pedri Gonz\u00e1lez took advantage of the days off due to the Christmas break and his physical recovery to talk with Ibai Llanos. The '8' of FC Barcelona revealed who his best friends are in the cul\u00e9 locker room and the possibility of signing, one day, Erling Haaland\",\"breadcrumb\":{\"@id\":\"https:\\\/\\\/www.fcbarcelonanoticias.com\\\/en\\\/fc-barcelona\\\/vitor-roque-lamine-haaland-pedri-confesses-with-ibai_299548_102.html#breadcrumb\"},\"inLanguage\":\"en-US\",\"potentialAction\":[{\"@type\":\"ReadAction\",\"target\":[\"https:\\\/\\\/www.fcbarcelonanoticias.com\\\/en\\\/fc-barcelona\\\/vitor-roque-lamine-haaland-pedri-confesses-with-ibai_299548_102.html\"]}]},{\"@type\":\"ImageObject\",\"inLanguage\":\"en-US\",\"@id\":\"https:\\\/\\\/www.fcbarcelonanoticias.com\\\/en\\\/fc-barcelona\\\/vitor-roque-lamine-haaland-pedri-confesses-with-ibai_299548_102.html#primaryimage\",\"url\":\"https:\\\/\\\/www.fcbarcelonanoticias.com\\\/en\\\/wp-content\\\/uploads\\\/sites\\\/2\\\/2023\\\/12\\\/pedri-y-ronald-araujo-en-la-previa-del-duelo-entre-el-rayo-vallecano-y-el-barca-en-laliga.png\",\"contentUrl\":\"https:\\\/\\\/www.fcbarcelonanoticias.com\\\/en\\\/wp-content\\\/uploads\\\/sites\\\/2\\\/2023\\\/12\\\/pedri-y-ronald-araujo-en-la-previa-del-duelo-entre-el-rayo-vallecano-y-el-barca-en-laliga.png\",\"width\":1300,\"height\":732},{\"@type\":\"BreadcrumbList\",\"@id\":\"https:\\\/\\\/www.fcbarcelonanoticias.com\\\/en\\\/fc-barcelona\\\/vitor-roque-lamine-haaland-pedri-confesses-with-ibai_299548_102.html#breadcrumb\",\"itemListElement\":[{\"@type\":\"ListItem\",\"position\":1,\"name\":\"Portada\",\"item\":\"https:\\\/\\\/www.fcbarcelonanoticias.com\\\/en\\\/\"},{\"@type\":\"ListItem\",\"position\":2,\"name\":\"Vitor Roque, Lamine, Haaland\u2026 Pedri confesses to Ibai\"}]},{\"@type\":\"WebSite\",\"@id\":\"https:\\\/\\\/www.fcbarcelonanoticias.com\\\/en\\\/#website\",\"url\":\"https:\\\/\\\/www.fcbarcelonanoticias.com\\\/en\\\/\",\"name\":\"EN - FC Barcelona Noticias\",\"description\":\"\",\"potentialAction\":[{\"@type\":\"SearchAction\",\"target\":{\"@type\":\"EntryPoint\",\"urlTemplate\":\"https:\\\/\\\/www.fcbarcelonanoticias.com\\\/en\\\/?s={search_term_string}\"},\"query-input\":{\"@type\":\"PropertyValueSpecification\",\"valueRequired\":true,\"valueName\":\"search_term_string\"}}],\"inLanguage\":\"en-US\"},{\"@type\":\"Person\",\"@id\":\"https:\\\/\\\/www.fcbarcelonanoticias.com\\\/en\\\/#\\\/schema\\\/person\\\/c2cd9f6fa1af5c0d0eccd0fefa575c88\",\"name\":\"Andr\u00e9s Quiroz\",\"image\":{\"@type\":\"ImageObject\",\"inLanguage\":\"en-US\",\"@id\":\"https:\\\/\\\/secure.gravatar.com\\\/avatar\\\/?s=96&d=mm&r=g\",\"url\":\"https:\\\/\\\/secure.gravatar.com\\\/avatar\\\/?s=96&d=mm&r=g\",\"contentUrl\":\"https:\\\/\\\/secure.gravatar.com\\\/avatar\\\/?s=96&d=mm&r=g\",\"caption\":\"Andr\u00e9s Quiroz\"},\"description\":\"Licenciado en Periodismo por la Universidad de los Andes. Me encargo de analizar y compartir los contenidos m\u00e1s destacados de la\u00a0actualidad del F\u00fatbol Club Barcelona, Mercado de Fichajes y F\u00fatbol Internacional en FCBN. La informaci\u00f3n es poder, pero tambi\u00e9n conocimiento.\",\"url\":\"https:\\\/\\\/www.fcbarcelonanoticias.com\\\/en\\\/fc-barcelona\\\/andres-quiroz_17_115.html\"}]}<\/script>\n<!-- \/ Yoast SEO plugin. -->","yoast_head_json":{"title":"Vitor Roque, Lamine, Haaland\u2026 Pedri confesses to Ibai","description":"Pedri Gonz\u00e1lez took advantage of the days off due to the Christmas break and his physical recovery to talk with Ibai Llanos. The '8' of FC Barcelona revealed who his best friends are in the cul\u00e9 locker room and the possibility of signing, one day, Erling Haaland","robots":{"index":"index","follow":"follow","max-snippet":"max-snippet:-1","max-image-preview":"max-image-preview:large","max-video-preview":"max-video-preview:-1"},"canonical":"https:\/\/www.fcbarcelonanoticias.com\/en\/fc-barcelona\/vitor-roque-lamine-haaland-pedri-confesses-with-ibai_299548_102.html","og_locale":"en_US","og_type":"article","og_title":"Vitor Roque, Lamine, Haaland\u2026 Pedri confesses to Ibai","og_description":"Pedri Gonz\u00e1lez took advantage of the days off due to the Christmas break and his physical recovery to talk with Ibai Llanos. The '8' of FC Barcelona revealed who his best friends are in the cul\u00e9 locker room and the possibility of signing, one day, Erling Haaland","og_url":"https:\/\/www.fcbarcelonanoticias.com\/en\/fc-barcelona\/vitor-roque-lamine-haaland-pedri-confesses-with-ibai_299548_102.html","og_site_name":"EN - FC Barcelona Noticias","article_published_time":"2024-01-02T20:29:00+00:00","og_image":[{"width":1300,"height":732,"url":"https:\/\/www.fcbarcelonanoticias.com\/en\/wp-content\/uploads\/sites\/2\/2023\/12\/pedri-y-ronald-araujo-en-la-previa-del-duelo-entre-el-rayo-vallecano-y-el-barca-en-laliga.png","type":"image\/png"}],"author":"Andr\u00e9s Quiroz","twitter_card":"summary_large_image","twitter_misc":{"Written by":"Andr\u00e9s Quiroz","Est. reading time":"3 minutes"},"schema":{"@context":"https:\/\/schema.org","@graph":[{"@type":"Article","@id":"https:\/\/www.fcbarcelonanoticias.com\/en\/fc-barcelona\/vitor-roque-lamine-haaland-pedri-confesses-with-ibai_299548_102.html#article","isPartOf":{"@id":"https:\/\/www.fcbarcelonanoticias.com\/en\/fc-barcelona\/vitor-roque-lamine-haaland-pedri-confesses-with-ibai_299548_102.html"},"author":{"name":"Andr\u00e9s Quiroz","@id":"https:\/\/www.fcbarcelonanoticias.com\/en\/#\/schema\/person\/c2cd9f6fa1af5c0d0eccd0fefa575c88"},"headline":"Vitor Roque, Lamine, Haaland\u2026 Pedri confesses to Ibai","datePublished":"2024-01-02T20:29:00+00:00","mainEntityOfPage":{"@id":"https:\/\/www.fcbarcelonanoticias.com\/en\/fc-barcelona\/vitor-roque-lamine-haaland-pedri-confesses-with-ibai_299548_102.html"},"wordCount":540,"image":{"@id":"https:\/\/www.fcbarcelonanoticias.com\/en\/fc-barcelona\/vitor-roque-lamine-haaland-pedri-confesses-with-ibai_299548_102.html#primaryimage"},"thumbnailUrl":"https:\/\/www.fcbarcelonanoticias.com\/en\/wp-content\/uploads\/sites\/2\/2023\/12\/pedri-y-ronald-araujo-en-la-previa-del-duelo-entre-el-rayo-vallecano-y-el-barca-en-laliga.png","keywords":["Erling Haaland","Vitor Roque"],"articleSection":["FC Barcelona"],"inLanguage":"en-US"},{"@type":"WebPage","@id":"https:\/\/www.fcbarcelonanoticias.com\/en\/fc-barcelona\/vitor-roque-lamine-haaland-pedri-confesses-with-ibai_299548_102.html","url":"https:\/\/www.fcbarcelonanoticias.com\/en\/fc-barcelona\/vitor-roque-lamine-haaland-pedri-confesses-with-ibai_299548_102.html","name":"Vitor Roque, Lamine, Haaland\u2026 Pedri confesses to Ibai","isPartOf":{"@id":"https:\/\/www.fcbarcelonanoticias.com\/en\/#website"},"primaryImageOfPage":{"@id":"https:\/\/www.fcbarcelonanoticias.com\/en\/fc-barcelona\/vitor-roque-lamine-haaland-pedri-confesses-with-ibai_299548_102.html#primaryimage"},"image":{"@id":"https:\/\/www.fcbarcelonanoticias.com\/en\/fc-barcelona\/vitor-roque-lamine-haaland-pedri-confesses-with-ibai_299548_102.html#primaryimage"},"thumbnailUrl":"https:\/\/www.fcbarcelonanoticias.com\/en\/wp-content\/uploads\/sites\/2\/2023\/12\/pedri-y-ronald-araujo-en-la-previa-del-duelo-entre-el-rayo-vallecano-y-el-barca-en-laliga.png","datePublished":"2024-01-02T20:29:00+00:00","author":{"@id":"https:\/\/www.fcbarcelonanoticias.com\/en\/#\/schema\/person\/c2cd9f6fa1af5c0d0eccd0fefa575c88"},"description":"Pedri Gonz\u00e1lez took advantage of the days off due to the Christmas break and his physical recovery to talk with Ibai Llanos. The '8' of FC Barcelona revealed who his best friends are in the cul\u00e9 locker room and the possibility of signing, one day, Erling Haaland","breadcrumb":{"@id":"https:\/\/www.fcbarcelonanoticias.com\/en\/fc-barcelona\/vitor-roque-lamine-haaland-pedri-confesses-with-ibai_299548_102.html#breadcrumb"},"inLanguage":"en-US","potentialAction":[{"@type":"ReadAction","target":["https:\/\/www.fcbarcelonanoticias.com\/en\/fc-barcelona\/vitor-roque-lamine-haaland-pedri-confesses-with-ibai_299548_102.html"]}]},{"@type":"ImageObject","inLanguage":"en-US","@id":"https:\/\/www.fcbarcelonanoticias.com\/en\/fc-barcelona\/vitor-roque-lamine-haaland-pedri-confesses-with-ibai_299548_102.html#primaryimage","url":"https:\/\/www.fcbarcelonanoticias.com\/en\/wp-content\/uploads\/sites\/2\/2023\/12\/pedri-y-ronald-araujo-en-la-previa-del-duelo-entre-el-rayo-vallecano-y-el-barca-en-laliga.png","contentUrl":"https:\/\/www.fcbarcelonanoticias.com\/en\/wp-content\/uploads\/sites\/2\/2023\/12\/pedri-y-ronald-araujo-en-la-previa-del-duelo-entre-el-rayo-vallecano-y-el-barca-en-laliga.png","width":1300,"height":732},{"@type":"BreadcrumbList","@id":"https:\/\/www.fcbarcelonanoticias.com\/en\/fc-barcelona\/vitor-roque-lamine-haaland-pedri-confesses-with-ibai_299548_102.html#breadcrumb","itemListElement":[{"@type":"ListItem","position":1,"name":"Portada","item":"https:\/\/www.fcbarcelonanoticias.com\/en\/"},{"@type":"ListItem","position":2,"name":"Vitor Roque, Lamine, Haaland\u2026 Pedri confesses to Ibai"}]},{"@type":"WebSite","@id":"https:\/\/www.fcbarcelonanoticias.com\/en\/#website","url":"https:\/\/www.fcbarcelonanoticias.com\/en\/","name":"EN - FC Barcelona Noticias","description":"","potentialAction":[{"@type":"SearchAction","target":{"@type":"EntryPoint","urlTemplate":"https:\/\/www.fcbarcelonanoticias.com\/en\/?s={search_term_string}"},"query-input":{"@type":"PropertyValueSpecification","valueRequired":true,"valueName":"search_term_string"}}],"inLanguage":"en-US"},{"@type":"Person","@id":"https:\/\/www.fcbarcelonanoticias.com\/en\/#\/schema\/person\/c2cd9f6fa1af5c0d0eccd0fefa575c88","name":"Andr\u00e9s Quiroz","image":{"@type":"ImageObject","inLanguage":"en-US","@id":"https:\/\/secure.gravatar.com\/avatar\/?s=96&d=mm&r=g","url":"https:\/\/secure.gravatar.com\/avatar\/?s=96&d=mm&r=g","contentUrl":"https:\/\/secure.gravatar.com\/avatar\/?s=96&d=mm&r=g","caption":"Andr\u00e9s Quiroz"},"description":"Licenciado en Periodismo por la Universidad de los Andes. Me encargo de analizar y compartir los contenidos m\u00e1s destacados de la\u00a0actualidad del F\u00fatbol Club Barcelona, Mercado de Fichajes y F\u00fatbol Internacional en FCBN. La informaci\u00f3n es poder, pero tambi\u00e9n conocimiento.","url":"https:\/\/www.fcbarcelonanoticias.com\/en\/fc-barcelona\/andres-quiroz_17_115.html"}]}},"_links":{"self":[{"href":"https:\/\/www.fcbarcelonanoticias.com\/en\/wp-json\/wp\/v2\/posts\/37066","targetHints":{"allow":["GET"]}}],"collection":[{"href":"https:\/\/www.fcbarcelonanoticias.com\/en\/wp-json\/wp\/v2\/posts"}],"about":[{"href":"https:\/\/www.fcbarcelonanoticias.com\/en\/wp-json\/wp\/v2\/types\/post"}],"author":[{"embeddable":true,"href":"https:\/\/www.fcbarcelonanoticias.com\/en\/wp-json\/wp\/v2\/users\/347"}],"replies":[{"embeddable":true,"href":"https:\/\/www.fcbarcelonanoticias.com\/en\/wp-json\/wp\/v2\/comments?post=37066"}],"version-history":[{"count":1,"href":"https:\/\/www.fcbarcelonanoticias.com\/en\/wp-json\/wp\/v2\/posts\/37066\/revisions"}],"predecessor-version":[{"id":112785,"href":"https:\/\/www.fcbarcelonanoticias.com\/en\/wp-json\/wp\/v2\/posts\/37066\/revisions\/112785"}],"wp:featuredmedia":[{"embeddable":true,"href":"https:\/\/www.fcbarcelonanoticias.com\/en\/wp-json\/wp\/v2\/media\/25324"}],"wp:attachment":[{"href":"https:\/\/www.fcbarcelonanoticias.com\/en\/wp-json\/wp\/v2\/media?parent=37066"}],"wp:term":[{"taxonomy":"category","embeddable":true,"href":"https:\/\/www.fcbarcelonanoticias.com\/en\/wp-json\/wp\/v2\/categories?post=37066"},{"taxonomy":"post_tag","embeddable":true,"href":"https:\/\/www.fcbarcelonanoticias.com\/en\/wp-json\/wp\/v2\/tags?post=37066"}],"curies":[{"name":"wp","href":"https:\/\/api.w.org\/{rel}","templated":true}]}}