{"id":37439,"date":"2025-02-01T14:25:00","date_gmt":"2025-02-01T13:25:00","guid":{"rendered":"https:\/\/weisetech.dev\/fc-barcelona-noticias\/en\/will-signings-arrive-at-fc-barcelona-hansi-flick-gives-no-hints-about-the-market_310537_102\/"},"modified":"2025-02-01T15:13:00","modified_gmt":"2025-02-01T14:13:00","slug":"will-signings-arrive-at-fc-barcelona-hansi-flick-gives-no-hints-about-the-market_310537_102","status":"publish","type":"post","link":"https:\/\/www.fcbarcelonanoticias.com\/en\/fc-barcelona\/will-signings-arrive-at-fc-barcelona-hansi-flick-gives-no-hints-about-the-market_310537_102.html","title":{"rendered":"Will signings arrive at FC Barcelona? Hansi Flick gives no hints about the market"},"content":{"rendered":"<h2 class=\"wp-block-heading\">Hansi Flick addressed the media ahead of the Bar\u00e7a-Alav\u00e9s match. The German reaffirmed Szczesny&#8217;s position as the starter and avoided discussing the market<\/h2>  \r\n<div class=\"article-addons\">\r\n    <a href=\"https:\/\/www.fcbarcelonanoticias.com\/en\/calendar-fc-barcelona.html\"\r\n       target=\"_self\"\r\n       title=\"Calendar of FC Barcelona\"\r\n       class=\"blue-gredient-btn\">\r\n       \r\n        Calendar of FC Barcelona    <\/a>\r\n<\/div>   <p>The <strong>FC Barcelona<\/strong> seeks to continue its celebration in <strong>LaLiga EA Sports 2024-2025<\/strong> this Sunday against <strong>Alav\u00e9s<\/strong> at the <strong>Estadi Ol\u00edmpic Llu\u00eds Companys<\/strong>. In the lead-up to the match, <strong>Hansi Flick<\/strong> spoke to the media in a press conference and, in addition to sharing his feelings about the clash against the babazorros, he commented on some &#8216;hot&#8217; topics such as the debate in goal and the cul\u00e9 market.<\/p>  <p>&#8220;Every match is different, but we want to win it. We know we will have to defend, keep a clean sheet, create opportunities to score, and earn the three points. <strong>In three of the last five matches, they have scored before the first ten minutes<\/strong>, we must be alert,&#8221; the coach began, speaking about the visit of the albiazules to Montju\u00efc.<\/p>  <p>&#8220;They have stabilized the defense and attack with pressure up front, they can play with five at the back. In the first ten minutes, they have started very well and <strong>we will have to be prepared to counter it<\/strong>,&#8221; insisted <strong>Flick<\/strong> about the team managed by <strong>Eduardo Coudet<\/strong>.<\/p>  <h3>The youth of the team and the schedule<\/h3>  <p>When asked about the average age drop of the squad, the German assured that &#8220;what I see in training is that <strong>they enjoy competing against each other, the mentality is very good<\/strong>. The most important thing is that they feel the trust of the coach, they have to feel that we are happy and that we support them.&#8221;<\/p>  <p>Moreover, he stated that, despite the match being played at 14:00 hours, the preparation &#8220;<strong>is not very different from usual, but we will have to adapt<\/strong>. I do not look back at the statistics, I focus on tomorrow&#8217;s match. It will be very important to be prepared and eager to earn the three points; it will be difficult. We will see if they attack or defend more.&#8221;<\/p>  <p>On the other hand, the coach highlighted the benefits of having qualified directly for the round of 16 of the <strong>Champions League<\/strong>, stating that &#8220;for us, it is important to have finished among the top eight in the Champions. Our schedule is not that easy either because we play on Monday and then Saturday, <strong>perhaps it is not ideal<\/strong>. We face Valencia and then Sevilla.&#8221;<\/p>  <p>&#8220;<strong>Perhaps we can give two days off<\/strong>, we will have more days to prepare for the next matches. I only want to talk about my team, not the rest. In our case, it is good to have these two matches without midweek games,&#8221; added the Teuton.<\/p>  <h3>The debate in goal and the transfer market<\/h3>  <p>Regarding <a data-external=\"0\" data-intl-links-en=\"https:\/\/www.fcbarcelonanoticias.com\/en\/transfers\/is-lewandowski-future-in-danger-the-signing-of-gy-keres-changes-everything_310534_102.html\" data-intl-links-es=\"https:\/\/www.fcbarcelonanoticias.com\/fichajes\/futuro-lewandowski-en-peligro-fichaje-gyokeres-cambia-todo_310534_102.html\" href=\"https:\/\/www.fcbarcelonanoticias.com\/en\/transfers\/is-lewandowski-future-in-danger-the-signing-of-gy-keres-changes-everything_310534_102.html\" rel=\"follow\" target=\"_self\" title=\"Is Lewandowski's future in danger? The signing of Gy\u00f6keres changes everything\">the possible arrival of any reinforcement before the winter transfer market closes<\/a>, <strong>Flick<\/strong> limited himself to saying that &#8220;<strong>I do not want to talk about this because I am happy with the team I have<\/strong>. We have to work with the players we have, we try to improve them day by day. Everyone is focused, they want to play and step up. It is the most important thing for a coach, to see how well they train, that is what I look for and that is why I am happy.&#8221;<\/p>  <blockquote> <p>&#8220;Right now it is like this: Szczesny is number 1&#8221;<\/p> <\/blockquote>  <p>The coach definitively settled the debate in the azulgrana goal by stating that &#8220;<strong>right now it is like this: Szczesny is number 1<\/strong>&#8220;, and then praised the &#8216;B unit&#8217; of <strong>Bar\u00e7a<\/strong>. &#8220;It is always positive to have two players per position. I believe that in all positions we have at least two players. When Dani returns, we will have another. Against Valencia, with Eric, Ferm\u00edn, Gerard Mart\u00edn&#8230; It was very good for me to see it,&#8221; he commented.<\/p>  <h3>The return of Dani Olmo and the gap with Real Madrid<\/h3>  <p>About <a data-external=\"0\" data-intl-links-en=\"https:\/\/www.fcbarcelonanoticias.com\/en\/fc-barcelona\/inigo-martinez-and-dani-olmo-updates-on-their-recoveries_310498_102.html\" data-intl-links-es=\"https:\/\/www.fcbarcelonanoticias.com\/fc-barcelona\/inigo-martinez-dani-olmo-novedades-sobre-sus-recuperaciones_310498_102.html\" href=\"https:\/\/www.fcbarcelonanoticias.com\/en\/fc-barcelona\/inigo-martinez-and-dani-olmo-updates-on-their-recoveries_310498_102.html\" rel=\"follow\" target=\"_self\" title=\"Update on the injuries of I\u00f1igo Mart\u00ednez and Dani Olmo at FC Barcelona\">the situation of Dani Olmo and I\u00f1igo Mart\u00ednez<\/a>, who missed a large part of January due to respective physical problems, Flick asserted that &#8220;it is not easy for the players, but that is the calendar, it is set for everyone. We are doing well. <strong>I\u00f1igo is available again, Dani needs a bit more time<\/strong>&#8220;.<\/p>  <p>Finally, the blaugrana coach stated that, despite having a 7-point disadvantage against <strong>Real Madrid<\/strong> in the standings, the team will fight until the end. &#8220;This is the situation we have, we have lost many points. <strong>We hope to win several matches in a row, we need to string together victories to put pressure on Madrid<\/strong>. Seven points, it is not easy, but we will keep fighting.&#8221;<\/p> ","protected":false},"excerpt":{"rendered":"<p>Hansi Flick addressed the media ahead of the Bar\u00e7a-Alav\u00e9s match. The German reaffirmed Szczesny&#8217;s position as the starter and avoided discussing the market The FC Barcelona seeks to continue its celebration in LaLiga EA Sports 2024-2025 this Sunday against Alav\u00e9s at the Estadi Ol\u00edmpic Llu\u00eds Companys. In the lead-up to the match, Hansi Flick spoke [&hellip;]<\/p>\n","protected":false},"author":358,"featured_media":37442,"comment_status":"closed","ping_status":"open","sticky":false,"template":"","format":"standard","meta":{"_acf_changed":false,"inline_featured_image":false,"_nextfly_llmd_date_locked":false,"footnotes":""},"categories":[111],"tags":[],"class_list":["post-37439","post","type-post","status-publish","format-standard","has-post-thumbnail","hentry","category-fc-barcelona"],"acf":[],"yoast_head":"<!-- This site is optimized with the Yoast SEO plugin v27.3 - https:\/\/yoast.com\/product\/yoast-seo-wordpress\/ -->\n<title>Will signings arrive at FC Barcelona? Hansi Flick gives no hints about the market<\/title>\n<meta name=\"description\" content=\"Hansi Flick addressed the media ahead of the Bar\u00e7a-Alav\u00e9s match. The German reaffirmed Szczesny&#039;s position as the starter and avoided discussing the market\" \/>\n<meta name=\"robots\" content=\"index, follow, max-snippet:-1, max-image-preview:large, max-video-preview:-1\" \/>\n<link rel=\"canonical\" href=\"https:\/\/www.fcbarcelonanoticias.com\/en\/fc-barcelona\/will-signings-arrive-at-fc-barcelona-hansi-flick-gives-no-hints-about-the-market_310537_102.html\" \/>\n<meta property=\"og:locale\" content=\"en_US\" \/>\n<meta property=\"og:type\" content=\"article\" \/>\n<meta property=\"og:title\" content=\"Will signings arrive at FC Barcelona? Hansi Flick gives no hints about the market\" \/>\n<meta property=\"og:description\" content=\"Hansi Flick addressed the media ahead of the Bar\u00e7a-Alav\u00e9s match. The German reaffirmed Szczesny&#039;s position as the starter and avoided discussing the market\" \/>\n<meta property=\"og:url\" content=\"https:\/\/www.fcbarcelonanoticias.com\/en\/fc-barcelona\/will-signings-arrive-at-fc-barcelona-hansi-flick-gives-no-hints-about-the-market_310537_102.html\" \/>\n<meta property=\"og:site_name\" content=\"EN - FC Barcelona Noticias\" \/>\n<meta property=\"article:published_time\" content=\"2025-02-01T13:25:00+00:00\" \/>\n<meta property=\"article:modified_time\" content=\"2025-02-01T14:13:00+00:00\" \/>\n<meta property=\"og:image\" content=\"https:\/\/www.fcbarcelonanoticias.com\/en\/wp-content\/uploads\/sites\/2\/2025\/02\/whatsapp-image-2025-02-01-at-8-17-36-am-1.jpeg\" \/>\n\t<meta property=\"og:image:width\" content=\"1350\" \/>\n\t<meta property=\"og:image:height\" content=\"759\" \/>\n\t<meta property=\"og:image:type\" content=\"image\/jpeg\" \/>\n<meta name=\"author\" content=\"Juan Pablo Berdugo\" \/>\n<meta name=\"twitter:card\" content=\"summary_large_image\" \/>\n<meta name=\"twitter:label1\" content=\"Written by\" \/>\n\t<meta name=\"twitter:data1\" content=\"Juan Pablo Berdugo\" \/>\n\t<meta name=\"twitter:label2\" content=\"Est. reading time\" \/>\n\t<meta name=\"twitter:data2\" content=\"4 minutes\" \/>\n<script type=\"application\/ld+json\" class=\"yoast-schema-graph\">{\"@context\":\"https:\\\/\\\/schema.org\",\"@graph\":[{\"@type\":\"Article\",\"@id\":\"https:\\\/\\\/www.fcbarcelonanoticias.com\\\/en\\\/fc-barcelona\\\/will-signings-arrive-at-fc-barcelona-hansi-flick-gives-no-hints-about-the-market_310537_102.html#article\",\"isPartOf\":{\"@id\":\"https:\\\/\\\/www.fcbarcelonanoticias.com\\\/en\\\/fc-barcelona\\\/will-signings-arrive-at-fc-barcelona-hansi-flick-gives-no-hints-about-the-market_310537_102.html\"},\"author\":{\"name\":\"Juan Pablo Berdugo\",\"@id\":\"https:\\\/\\\/www.fcbarcelonanoticias.com\\\/en\\\/#\\\/schema\\\/person\\\/88d756918a0a1ae9fa593b5edddd1815\"},\"headline\":\"Will signings arrive at FC Barcelona? Hansi Flick gives no hints about the market\",\"datePublished\":\"2025-02-01T13:25:00+00:00\",\"dateModified\":\"2025-02-01T14:13:00+00:00\",\"mainEntityOfPage\":{\"@id\":\"https:\\\/\\\/www.fcbarcelonanoticias.com\\\/en\\\/fc-barcelona\\\/will-signings-arrive-at-fc-barcelona-hansi-flick-gives-no-hints-about-the-market_310537_102.html\"},\"wordCount\":787,\"image\":{\"@id\":\"https:\\\/\\\/www.fcbarcelonanoticias.com\\\/en\\\/fc-barcelona\\\/will-signings-arrive-at-fc-barcelona-hansi-flick-gives-no-hints-about-the-market_310537_102.html#primaryimage\"},\"thumbnailUrl\":\"https:\\\/\\\/www.fcbarcelonanoticias.com\\\/en\\\/wp-content\\\/uploads\\\/sites\\\/2\\\/2025\\\/02\\\/whatsapp-image-2025-02-01-at-8-17-36-am-1.jpeg\",\"articleSection\":[\"FC Barcelona\"],\"inLanguage\":\"en-US\"},{\"@type\":\"WebPage\",\"@id\":\"https:\\\/\\\/www.fcbarcelonanoticias.com\\\/en\\\/fc-barcelona\\\/will-signings-arrive-at-fc-barcelona-hansi-flick-gives-no-hints-about-the-market_310537_102.html\",\"url\":\"https:\\\/\\\/www.fcbarcelonanoticias.com\\\/en\\\/fc-barcelona\\\/will-signings-arrive-at-fc-barcelona-hansi-flick-gives-no-hints-about-the-market_310537_102.html\",\"name\":\"Will signings arrive at FC Barcelona? Hansi Flick gives no hints about the market\",\"isPartOf\":{\"@id\":\"https:\\\/\\\/www.fcbarcelonanoticias.com\\\/en\\\/#website\"},\"primaryImageOfPage\":{\"@id\":\"https:\\\/\\\/www.fcbarcelonanoticias.com\\\/en\\\/fc-barcelona\\\/will-signings-arrive-at-fc-barcelona-hansi-flick-gives-no-hints-about-the-market_310537_102.html#primaryimage\"},\"image\":{\"@id\":\"https:\\\/\\\/www.fcbarcelonanoticias.com\\\/en\\\/fc-barcelona\\\/will-signings-arrive-at-fc-barcelona-hansi-flick-gives-no-hints-about-the-market_310537_102.html#primaryimage\"},\"thumbnailUrl\":\"https:\\\/\\\/www.fcbarcelonanoticias.com\\\/en\\\/wp-content\\\/uploads\\\/sites\\\/2\\\/2025\\\/02\\\/whatsapp-image-2025-02-01-at-8-17-36-am-1.jpeg\",\"datePublished\":\"2025-02-01T13:25:00+00:00\",\"dateModified\":\"2025-02-01T14:13:00+00:00\",\"author\":{\"@id\":\"https:\\\/\\\/www.fcbarcelonanoticias.com\\\/en\\\/#\\\/schema\\\/person\\\/88d756918a0a1ae9fa593b5edddd1815\"},\"description\":\"Hansi Flick addressed the media ahead of the Bar\u00e7a-Alav\u00e9s match. The German reaffirmed Szczesny's position as the starter and avoided discussing the market\",\"breadcrumb\":{\"@id\":\"https:\\\/\\\/www.fcbarcelonanoticias.com\\\/en\\\/fc-barcelona\\\/will-signings-arrive-at-fc-barcelona-hansi-flick-gives-no-hints-about-the-market_310537_102.html#breadcrumb\"},\"inLanguage\":\"en-US\",\"potentialAction\":[{\"@type\":\"ReadAction\",\"target\":[\"https:\\\/\\\/www.fcbarcelonanoticias.com\\\/en\\\/fc-barcelona\\\/will-signings-arrive-at-fc-barcelona-hansi-flick-gives-no-hints-about-the-market_310537_102.html\"]}]},{\"@type\":\"ImageObject\",\"inLanguage\":\"en-US\",\"@id\":\"https:\\\/\\\/www.fcbarcelonanoticias.com\\\/en\\\/fc-barcelona\\\/will-signings-arrive-at-fc-barcelona-hansi-flick-gives-no-hints-about-the-market_310537_102.html#primaryimage\",\"url\":\"https:\\\/\\\/www.fcbarcelonanoticias.com\\\/en\\\/wp-content\\\/uploads\\\/sites\\\/2\\\/2025\\\/02\\\/whatsapp-image-2025-02-01-at-8-17-36-am-1.jpeg\",\"contentUrl\":\"https:\\\/\\\/www.fcbarcelonanoticias.com\\\/en\\\/wp-content\\\/uploads\\\/sites\\\/2\\\/2025\\\/02\\\/whatsapp-image-2025-02-01-at-8-17-36-am-1.jpeg\",\"width\":1350,\"height\":759},{\"@type\":\"BreadcrumbList\",\"@id\":\"https:\\\/\\\/www.fcbarcelonanoticias.com\\\/en\\\/fc-barcelona\\\/will-signings-arrive-at-fc-barcelona-hansi-flick-gives-no-hints-about-the-market_310537_102.html#breadcrumb\",\"itemListElement\":[{\"@type\":\"ListItem\",\"position\":1,\"name\":\"Portada\",\"item\":\"https:\\\/\\\/www.fcbarcelonanoticias.com\\\/en\\\/\"},{\"@type\":\"ListItem\",\"position\":2,\"name\":\"Will signings arrive at FC Barcelona? Hansi Flick gives no hints about the market\"}]},{\"@type\":\"WebSite\",\"@id\":\"https:\\\/\\\/www.fcbarcelonanoticias.com\\\/en\\\/#website\",\"url\":\"https:\\\/\\\/www.fcbarcelonanoticias.com\\\/en\\\/\",\"name\":\"EN - FC Barcelona Noticias\",\"description\":\"\",\"potentialAction\":[{\"@type\":\"SearchAction\",\"target\":{\"@type\":\"EntryPoint\",\"urlTemplate\":\"https:\\\/\\\/www.fcbarcelonanoticias.com\\\/en\\\/?s={search_term_string}\"},\"query-input\":{\"@type\":\"PropertyValueSpecification\",\"valueRequired\":true,\"valueName\":\"search_term_string\"}}],\"inLanguage\":\"en-US\"},{\"@type\":\"Person\",\"@id\":\"https:\\\/\\\/www.fcbarcelonanoticias.com\\\/en\\\/#\\\/schema\\\/person\\\/88d756918a0a1ae9fa593b5edddd1815\",\"name\":\"Juan Pablo Berdugo\",\"image\":{\"@type\":\"ImageObject\",\"inLanguage\":\"en-US\",\"@id\":\"https:\\\/\\\/secure.gravatar.com\\\/avatar\\\/?s=96&d=mm&r=g\",\"url\":\"https:\\\/\\\/secure.gravatar.com\\\/avatar\\\/?s=96&d=mm&r=g\",\"contentUrl\":\"https:\\\/\\\/secure.gravatar.com\\\/avatar\\\/?s=96&d=mm&r=g\",\"caption\":\"Juan Pablo Berdugo\"},\"description\":\"Juan Pablo Berdugo es graduado en Periodismo. Colabora con FCBN como especialista en informaci\u00f3n del primer equipo del FC Barcelona, f\u00fatbol internacional y mercado de fichajes. Destaca por su enfoque anal\u00edtico, su rigor informativo y su capacidad para detectar tendencias emergentes en el f\u00fatbol global.\",\"url\":\"https:\\\/\\\/www.fcbarcelonanoticias.com\\\/en\\\/fc-barcelona\\\/juan-pablo-berdugo_18_115.html\"}]}<\/script>\n<!-- \/ Yoast SEO plugin. -->","yoast_head_json":{"title":"Will signings arrive at FC Barcelona? Hansi Flick gives no hints about the market","description":"Hansi Flick addressed the media ahead of the Bar\u00e7a-Alav\u00e9s match. The German reaffirmed Szczesny's position as the starter and avoided discussing the market","robots":{"index":"index","follow":"follow","max-snippet":"max-snippet:-1","max-image-preview":"max-image-preview:large","max-video-preview":"max-video-preview:-1"},"canonical":"https:\/\/www.fcbarcelonanoticias.com\/en\/fc-barcelona\/will-signings-arrive-at-fc-barcelona-hansi-flick-gives-no-hints-about-the-market_310537_102.html","og_locale":"en_US","og_type":"article","og_title":"Will signings arrive at FC Barcelona? Hansi Flick gives no hints about the market","og_description":"Hansi Flick addressed the media ahead of the Bar\u00e7a-Alav\u00e9s match. The German reaffirmed Szczesny's position as the starter and avoided discussing the market","og_url":"https:\/\/www.fcbarcelonanoticias.com\/en\/fc-barcelona\/will-signings-arrive-at-fc-barcelona-hansi-flick-gives-no-hints-about-the-market_310537_102.html","og_site_name":"EN - FC Barcelona Noticias","article_published_time":"2025-02-01T13:25:00+00:00","article_modified_time":"2025-02-01T14:13:00+00:00","og_image":[{"width":1350,"height":759,"url":"https:\/\/www.fcbarcelonanoticias.com\/en\/wp-content\/uploads\/sites\/2\/2025\/02\/whatsapp-image-2025-02-01-at-8-17-36-am-1.jpeg","type":"image\/jpeg"}],"author":"Juan Pablo Berdugo","twitter_card":"summary_large_image","twitter_misc":{"Written by":"Juan Pablo Berdugo","Est. reading time":"4 minutes"},"schema":{"@context":"https:\/\/schema.org","@graph":[{"@type":"Article","@id":"https:\/\/www.fcbarcelonanoticias.com\/en\/fc-barcelona\/will-signings-arrive-at-fc-barcelona-hansi-flick-gives-no-hints-about-the-market_310537_102.html#article","isPartOf":{"@id":"https:\/\/www.fcbarcelonanoticias.com\/en\/fc-barcelona\/will-signings-arrive-at-fc-barcelona-hansi-flick-gives-no-hints-about-the-market_310537_102.html"},"author":{"name":"Juan Pablo Berdugo","@id":"https:\/\/www.fcbarcelonanoticias.com\/en\/#\/schema\/person\/88d756918a0a1ae9fa593b5edddd1815"},"headline":"Will signings arrive at FC Barcelona? Hansi Flick gives no hints about the market","datePublished":"2025-02-01T13:25:00+00:00","dateModified":"2025-02-01T14:13:00+00:00","mainEntityOfPage":{"@id":"https:\/\/www.fcbarcelonanoticias.com\/en\/fc-barcelona\/will-signings-arrive-at-fc-barcelona-hansi-flick-gives-no-hints-about-the-market_310537_102.html"},"wordCount":787,"image":{"@id":"https:\/\/www.fcbarcelonanoticias.com\/en\/fc-barcelona\/will-signings-arrive-at-fc-barcelona-hansi-flick-gives-no-hints-about-the-market_310537_102.html#primaryimage"},"thumbnailUrl":"https:\/\/www.fcbarcelonanoticias.com\/en\/wp-content\/uploads\/sites\/2\/2025\/02\/whatsapp-image-2025-02-01-at-8-17-36-am-1.jpeg","articleSection":["FC Barcelona"],"inLanguage":"en-US"},{"@type":"WebPage","@id":"https:\/\/www.fcbarcelonanoticias.com\/en\/fc-barcelona\/will-signings-arrive-at-fc-barcelona-hansi-flick-gives-no-hints-about-the-market_310537_102.html","url":"https:\/\/www.fcbarcelonanoticias.com\/en\/fc-barcelona\/will-signings-arrive-at-fc-barcelona-hansi-flick-gives-no-hints-about-the-market_310537_102.html","name":"Will signings arrive at FC Barcelona? Hansi Flick gives no hints about the market","isPartOf":{"@id":"https:\/\/www.fcbarcelonanoticias.com\/en\/#website"},"primaryImageOfPage":{"@id":"https:\/\/www.fcbarcelonanoticias.com\/en\/fc-barcelona\/will-signings-arrive-at-fc-barcelona-hansi-flick-gives-no-hints-about-the-market_310537_102.html#primaryimage"},"image":{"@id":"https:\/\/www.fcbarcelonanoticias.com\/en\/fc-barcelona\/will-signings-arrive-at-fc-barcelona-hansi-flick-gives-no-hints-about-the-market_310537_102.html#primaryimage"},"thumbnailUrl":"https:\/\/www.fcbarcelonanoticias.com\/en\/wp-content\/uploads\/sites\/2\/2025\/02\/whatsapp-image-2025-02-01-at-8-17-36-am-1.jpeg","datePublished":"2025-02-01T13:25:00+00:00","dateModified":"2025-02-01T14:13:00+00:00","author":{"@id":"https:\/\/www.fcbarcelonanoticias.com\/en\/#\/schema\/person\/88d756918a0a1ae9fa593b5edddd1815"},"description":"Hansi Flick addressed the media ahead of the Bar\u00e7a-Alav\u00e9s match. The German reaffirmed Szczesny's position as the starter and avoided discussing the market","breadcrumb":{"@id":"https:\/\/www.fcbarcelonanoticias.com\/en\/fc-barcelona\/will-signings-arrive-at-fc-barcelona-hansi-flick-gives-no-hints-about-the-market_310537_102.html#breadcrumb"},"inLanguage":"en-US","potentialAction":[{"@type":"ReadAction","target":["https:\/\/www.fcbarcelonanoticias.com\/en\/fc-barcelona\/will-signings-arrive-at-fc-barcelona-hansi-flick-gives-no-hints-about-the-market_310537_102.html"]}]},{"@type":"ImageObject","inLanguage":"en-US","@id":"https:\/\/www.fcbarcelonanoticias.com\/en\/fc-barcelona\/will-signings-arrive-at-fc-barcelona-hansi-flick-gives-no-hints-about-the-market_310537_102.html#primaryimage","url":"https:\/\/www.fcbarcelonanoticias.com\/en\/wp-content\/uploads\/sites\/2\/2025\/02\/whatsapp-image-2025-02-01-at-8-17-36-am-1.jpeg","contentUrl":"https:\/\/www.fcbarcelonanoticias.com\/en\/wp-content\/uploads\/sites\/2\/2025\/02\/whatsapp-image-2025-02-01-at-8-17-36-am-1.jpeg","width":1350,"height":759},{"@type":"BreadcrumbList","@id":"https:\/\/www.fcbarcelonanoticias.com\/en\/fc-barcelona\/will-signings-arrive-at-fc-barcelona-hansi-flick-gives-no-hints-about-the-market_310537_102.html#breadcrumb","itemListElement":[{"@type":"ListItem","position":1,"name":"Portada","item":"https:\/\/www.fcbarcelonanoticias.com\/en\/"},{"@type":"ListItem","position":2,"name":"Will signings arrive at FC Barcelona? Hansi Flick gives no hints about the market"}]},{"@type":"WebSite","@id":"https:\/\/www.fcbarcelonanoticias.com\/en\/#website","url":"https:\/\/www.fcbarcelonanoticias.com\/en\/","name":"EN - FC Barcelona Noticias","description":"","potentialAction":[{"@type":"SearchAction","target":{"@type":"EntryPoint","urlTemplate":"https:\/\/www.fcbarcelonanoticias.com\/en\/?s={search_term_string}"},"query-input":{"@type":"PropertyValueSpecification","valueRequired":true,"valueName":"search_term_string"}}],"inLanguage":"en-US"},{"@type":"Person","@id":"https:\/\/www.fcbarcelonanoticias.com\/en\/#\/schema\/person\/88d756918a0a1ae9fa593b5edddd1815","name":"Juan Pablo Berdugo","image":{"@type":"ImageObject","inLanguage":"en-US","@id":"https:\/\/secure.gravatar.com\/avatar\/?s=96&d=mm&r=g","url":"https:\/\/secure.gravatar.com\/avatar\/?s=96&d=mm&r=g","contentUrl":"https:\/\/secure.gravatar.com\/avatar\/?s=96&d=mm&r=g","caption":"Juan Pablo Berdugo"},"description":"Juan Pablo Berdugo es graduado en Periodismo. Colabora con FCBN como especialista en informaci\u00f3n del primer equipo del FC Barcelona, f\u00fatbol internacional y mercado de fichajes. Destaca por su enfoque anal\u00edtico, su rigor informativo y su capacidad para detectar tendencias emergentes en el f\u00fatbol global.","url":"https:\/\/www.fcbarcelonanoticias.com\/en\/fc-barcelona\/juan-pablo-berdugo_18_115.html"}]}},"_links":{"self":[{"href":"https:\/\/www.fcbarcelonanoticias.com\/en\/wp-json\/wp\/v2\/posts\/37439","targetHints":{"allow":["GET"]}}],"collection":[{"href":"https:\/\/www.fcbarcelonanoticias.com\/en\/wp-json\/wp\/v2\/posts"}],"about":[{"href":"https:\/\/www.fcbarcelonanoticias.com\/en\/wp-json\/wp\/v2\/types\/post"}],"author":[{"embeddable":true,"href":"https:\/\/www.fcbarcelonanoticias.com\/en\/wp-json\/wp\/v2\/users\/358"}],"replies":[{"embeddable":true,"href":"https:\/\/www.fcbarcelonanoticias.com\/en\/wp-json\/wp\/v2\/comments?post=37439"}],"version-history":[{"count":1,"href":"https:\/\/www.fcbarcelonanoticias.com\/en\/wp-json\/wp\/v2\/posts\/37439\/revisions"}],"predecessor-version":[{"id":113097,"href":"https:\/\/www.fcbarcelonanoticias.com\/en\/wp-json\/wp\/v2\/posts\/37439\/revisions\/113097"}],"wp:featuredmedia":[{"embeddable":true,"href":"https:\/\/www.fcbarcelonanoticias.com\/en\/wp-json\/wp\/v2\/media\/37442"}],"wp:attachment":[{"href":"https:\/\/www.fcbarcelonanoticias.com\/en\/wp-json\/wp\/v2\/media?parent=37439"}],"wp:term":[{"taxonomy":"category","embeddable":true,"href":"https:\/\/www.fcbarcelonanoticias.com\/en\/wp-json\/wp\/v2\/categories?post=37439"},{"taxonomy":"post_tag","embeddable":true,"href":"https:\/\/www.fcbarcelonanoticias.com\/en\/wp-json\/wp\/v2\/tags?post=37439"}],"curies":[{"name":"wp","href":"https:\/\/api.w.org\/{rel}","templated":true}]}}