{"id":37534,"date":"2024-10-09T21:44:00","date_gmt":"2024-10-09T19:44:00","guid":{"rendered":"https:\/\/weisetech.dev\/fc-barcelona-noticias\/en\/wojciech-szczesny-reveals-why-he-came-out-of-retirement-to-sign-for-barca_307824_102\/"},"modified":"2024-10-09T21:44:00","modified_gmt":"2024-10-09T19:44:00","slug":"wojciech-szczesny-reveals-why-he-came-out-of-retirement-to-sign-for-barca_307824_102","status":"publish","type":"post","link":"https:\/\/www.fcbarcelonanoticias.com\/en\/fc-barcelona\/wojciech-szczesny-reveals-why-he-came-out-of-retirement-to-sign-for-barca_307824_102.html","title":{"rendered":"Wojciech Szczesny reveals why he came out of retirement to sign for Bar\u00e7a"},"content":{"rendered":"<h2 class=\"wp-block-heading\">Wojciech Szczesny gave details about his decision to sign for Bar\u00e7a. He also revealed which player has surprised him the most at the club<\/h2>  \r\n<div class=\"article-addons\">\r\n    <a href=\"https:\/\/www.fcbarcelonanoticias.com\/en\/calendar-fc-barcelona.html\"\r\n       target=\"_self\"\r\n       title=\"Calendar of FC Barcelona\"\r\n       class=\"blue-gredient-btn\">\r\n       \r\n        Calendar of FC Barcelona    <\/a>\r\n<\/div>   <p><a data-external=\"0\" data-intl-links-en=\"https:\/\/www.fcbarcelonanoticias.com\/en\/fc-barcelona\/szczesny-advances-mini-preseason-with-fc-barcelona_307818_102.html\" data-intl-links-es=\"https:\/\/www.fcbarcelonanoticias.com\/fc-barcelona\/szczesny-avanza-mini-pretemporada-con-fc-barcelona_307818_102.html\" href=\"https:\/\/www.fcbarcelonanoticias.com\/en\/fc-barcelona\/szczesny-advances-mini-preseason-with-fc-barcelona_307818_102.html\" rel=\"follow\" target=\"_self\" title=\"Szczesny advances in his 'mini preseason' with FC Barcelona\">While he is doing a personal &#8216;mini pre-season&#8217; to get ready for this international break<\/a>, <strong>Wojciech Szczesny<\/strong> gave an interview to &#8216;Mundo Deportivo&#8217; and &#8216;SPORT&#8217; where he gave his first impressions after signing for <strong>FC Barcelona<\/strong>. The goalkeeper spoke about his decision to sign for FC Barcelona, \u200b\u200bpraised some names in the first team and talked about smoking.<\/p>  <p>The Pole left retirement to wear the Bar\u00e7a shirt once he received the proposal from the Catalan club. The player &#8216;hung up his gloves&#8217; in August, but the call from the club and <strong>Robert Lewandowski<\/strong> made him change his mind.<\/p>  <blockquote> <p>&#8220;Can I say &#8216;no&#8217; to Bar\u00e7a?&#8221; And the answer is that you can&#8217;t say &#8216;no&#8217;. If you say &#8216;no&#8217; to Bar\u00e7a, it&#8217;s because you don&#8217;t have the balls or are brave enough for a challenge like this. You don&#8217;t have the courage for it&#8221;<\/p> <\/blockquote>  <h2>Will Szczesny stop smoking at Bar\u00e7a?<\/h2>  <p>On the other hand, <strong>Szczesny <\/strong>referred to the controversy generated by the cigarette, although he believes that smoking from time to time does not affect his performance and that it is part of his private life. &#8220;These are things that I do not change in my personal life and it is no one&#8217;s business if I smoke. <strong>It does not affect, I think it does not affect and what I do on the football field is work twice as hard<\/strong>. And I do not do it in front of the children so that they do not have a bad influence on them,&#8221; explained the goalkeeper.<\/p>  <p>&#8220;Sometimes someone takes a photo of me hiding behind the trees, where I cannot see them. That is not up to me.<strong> I try to hide it and not show it to people<\/strong>. But if someone thinks that I will change my way of being in my personal life, they can think again because I am who I am. I have been like this all my life and these things are simply no one&#8217;s business. I want to be judged as a goalkeeper and not for looking for stories where no one really cares,&#8221; he added.<\/p>  <h2>Szczesny reveals who has surprised him at the club<\/h2>  <p>Likewise, <strong>Szczesny <\/strong>has revealed that <strong>Pau Cubarsi <\/strong>has been the player who has surprised him the most in the team. &#8220;He has been impressive for me. After seeing him on television I expected him to be a modern type of defender, nice on the ball, but softer. <strong>When you see him live, he is actually not soft at all and makes very good decisions<\/strong>&#8230;&#8221;<\/p>  <blockquote> <p>&#8220;Of course he is good on the ball because his technical quality is very high, but his defensive qualities are actually very, very high. I look forward to partnering with him. He impressed me a lot&#8221;<\/p> <\/blockquote>  <p>Finally, the goalkeeper also wanted to highlight <strong>Lamine Yamal<\/strong>, assuring that the 17-year-old winger has impressed him too much with his character and the way he acts on the pitch.<\/p> ","protected":false},"excerpt":{"rendered":"<p>Wojciech Szczesny gave details about his decision to sign for Bar\u00e7a. He also revealed which player has surprised him the most at the club While he is doing a personal &#8216;mini pre-season&#8217; to get ready for this international break, Wojciech Szczesny gave an interview to &#8216;Mundo Deportivo&#8217; and &#8216;SPORT&#8217; where he gave his first impressions [&hellip;]<\/p>\n","protected":false},"author":358,"featured_media":37535,"comment_status":"closed","ping_status":"open","sticky":false,"template":"","format":"standard","meta":{"_acf_changed":false,"inline_featured_image":false,"_nextfly_llmd_date_locked":false,"footnotes":""},"categories":[111],"tags":[],"class_list":["post-37534","post","type-post","status-publish","format-standard","has-post-thumbnail","hentry","category-fc-barcelona"],"acf":[],"yoast_head":"<!-- This site is optimized with the Yoast SEO plugin v27.3 - https:\/\/yoast.com\/product\/yoast-seo-wordpress\/ -->\n<title>Wojciech Szczesny reveals why he came out of retirement to sign for Bar\u00e7a<\/title>\n<meta name=\"description\" content=\"Wojciech Szczesny gave details about his decision to sign for Bar\u00e7a. He also revealed which player has surprised him the most at the club\" \/>\n<meta name=\"robots\" content=\"index, follow, max-snippet:-1, max-image-preview:large, max-video-preview:-1\" \/>\n<link rel=\"canonical\" href=\"https:\/\/www.fcbarcelonanoticias.com\/en\/fc-barcelona\/wojciech-szczesny-reveals-why-he-came-out-of-retirement-to-sign-for-barca_307824_102.html\" \/>\n<meta property=\"og:locale\" content=\"en_US\" \/>\n<meta property=\"og:type\" content=\"article\" \/>\n<meta property=\"og:title\" content=\"Wojciech Szczesny reveals why he came out of retirement to sign for Bar\u00e7a\" \/>\n<meta property=\"og:description\" content=\"Wojciech Szczesny gave details about his decision to sign for Bar\u00e7a. He also revealed which player has surprised him the most at the club\" \/>\n<meta property=\"og:url\" content=\"https:\/\/www.fcbarcelonanoticias.com\/en\/fc-barcelona\/wojciech-szczesny-reveals-why-he-came-out-of-retirement-to-sign-for-barca_307824_102.html\" \/>\n<meta property=\"og:site_name\" content=\"EN - FC Barcelona Noticias\" \/>\n<meta property=\"article:published_time\" content=\"2024-10-09T19:44:00+00:00\" \/>\n<meta property=\"og:image\" content=\"https:\/\/www.fcbarcelonanoticias.com\/en\/wp-content\/uploads\/sites\/2\/2024\/10\/szczesny-barcelona-entrevista.jpeg\" \/>\n\t<meta property=\"og:image:width\" content=\"1250\" \/>\n\t<meta property=\"og:image:height\" content=\"731\" \/>\n\t<meta property=\"og:image:type\" content=\"image\/jpeg\" \/>\n<meta name=\"author\" content=\"Juan Pablo Berdugo\" \/>\n<meta name=\"twitter:card\" content=\"summary_large_image\" \/>\n<meta name=\"twitter:label1\" content=\"Written by\" \/>\n\t<meta name=\"twitter:data1\" content=\"Juan Pablo Berdugo\" \/>\n\t<meta name=\"twitter:label2\" content=\"Est. reading time\" \/>\n\t<meta name=\"twitter:data2\" content=\"3 minutes\" \/>\n<script type=\"application\/ld+json\" class=\"yoast-schema-graph\">{\"@context\":\"https:\\\/\\\/schema.org\",\"@graph\":[{\"@type\":\"Article\",\"@id\":\"https:\\\/\\\/www.fcbarcelonanoticias.com\\\/en\\\/fc-barcelona\\\/wojciech-szczesny-reveals-why-he-came-out-of-retirement-to-sign-for-barca_307824_102.html#article\",\"isPartOf\":{\"@id\":\"https:\\\/\\\/www.fcbarcelonanoticias.com\\\/en\\\/fc-barcelona\\\/wojciech-szczesny-reveals-why-he-came-out-of-retirement-to-sign-for-barca_307824_102.html\"},\"author\":{\"name\":\"Juan Pablo Berdugo\",\"@id\":\"https:\\\/\\\/www.fcbarcelonanoticias.com\\\/en\\\/#\\\/schema\\\/person\\\/88d756918a0a1ae9fa593b5edddd1815\"},\"headline\":\"Wojciech Szczesny reveals why he came out of retirement to sign for Bar\u00e7a\",\"datePublished\":\"2024-10-09T19:44:00+00:00\",\"mainEntityOfPage\":{\"@id\":\"https:\\\/\\\/www.fcbarcelonanoticias.com\\\/en\\\/fc-barcelona\\\/wojciech-szczesny-reveals-why-he-came-out-of-retirement-to-sign-for-barca_307824_102.html\"},\"wordCount\":537,\"image\":{\"@id\":\"https:\\\/\\\/www.fcbarcelonanoticias.com\\\/en\\\/fc-barcelona\\\/wojciech-szczesny-reveals-why-he-came-out-of-retirement-to-sign-for-barca_307824_102.html#primaryimage\"},\"thumbnailUrl\":\"https:\\\/\\\/www.fcbarcelonanoticias.com\\\/en\\\/wp-content\\\/uploads\\\/sites\\\/2\\\/2024\\\/10\\\/szczesny-barcelona-entrevista.jpeg\",\"articleSection\":[\"FC Barcelona\"],\"inLanguage\":\"en-US\"},{\"@type\":\"WebPage\",\"@id\":\"https:\\\/\\\/www.fcbarcelonanoticias.com\\\/en\\\/fc-barcelona\\\/wojciech-szczesny-reveals-why-he-came-out-of-retirement-to-sign-for-barca_307824_102.html\",\"url\":\"https:\\\/\\\/www.fcbarcelonanoticias.com\\\/en\\\/fc-barcelona\\\/wojciech-szczesny-reveals-why-he-came-out-of-retirement-to-sign-for-barca_307824_102.html\",\"name\":\"Wojciech Szczesny reveals why he came out of retirement to sign for Bar\u00e7a\",\"isPartOf\":{\"@id\":\"https:\\\/\\\/www.fcbarcelonanoticias.com\\\/en\\\/#website\"},\"primaryImageOfPage\":{\"@id\":\"https:\\\/\\\/www.fcbarcelonanoticias.com\\\/en\\\/fc-barcelona\\\/wojciech-szczesny-reveals-why-he-came-out-of-retirement-to-sign-for-barca_307824_102.html#primaryimage\"},\"image\":{\"@id\":\"https:\\\/\\\/www.fcbarcelonanoticias.com\\\/en\\\/fc-barcelona\\\/wojciech-szczesny-reveals-why-he-came-out-of-retirement-to-sign-for-barca_307824_102.html#primaryimage\"},\"thumbnailUrl\":\"https:\\\/\\\/www.fcbarcelonanoticias.com\\\/en\\\/wp-content\\\/uploads\\\/sites\\\/2\\\/2024\\\/10\\\/szczesny-barcelona-entrevista.jpeg\",\"datePublished\":\"2024-10-09T19:44:00+00:00\",\"author\":{\"@id\":\"https:\\\/\\\/www.fcbarcelonanoticias.com\\\/en\\\/#\\\/schema\\\/person\\\/88d756918a0a1ae9fa593b5edddd1815\"},\"description\":\"Wojciech Szczesny gave details about his decision to sign for Bar\u00e7a. He also revealed which player has surprised him the most at the club\",\"breadcrumb\":{\"@id\":\"https:\\\/\\\/www.fcbarcelonanoticias.com\\\/en\\\/fc-barcelona\\\/wojciech-szczesny-reveals-why-he-came-out-of-retirement-to-sign-for-barca_307824_102.html#breadcrumb\"},\"inLanguage\":\"en-US\",\"potentialAction\":[{\"@type\":\"ReadAction\",\"target\":[\"https:\\\/\\\/www.fcbarcelonanoticias.com\\\/en\\\/fc-barcelona\\\/wojciech-szczesny-reveals-why-he-came-out-of-retirement-to-sign-for-barca_307824_102.html\"]}]},{\"@type\":\"ImageObject\",\"inLanguage\":\"en-US\",\"@id\":\"https:\\\/\\\/www.fcbarcelonanoticias.com\\\/en\\\/fc-barcelona\\\/wojciech-szczesny-reveals-why-he-came-out-of-retirement-to-sign-for-barca_307824_102.html#primaryimage\",\"url\":\"https:\\\/\\\/www.fcbarcelonanoticias.com\\\/en\\\/wp-content\\\/uploads\\\/sites\\\/2\\\/2024\\\/10\\\/szczesny-barcelona-entrevista.jpeg\",\"contentUrl\":\"https:\\\/\\\/www.fcbarcelonanoticias.com\\\/en\\\/wp-content\\\/uploads\\\/sites\\\/2\\\/2024\\\/10\\\/szczesny-barcelona-entrevista.jpeg\",\"width\":1250,\"height\":731},{\"@type\":\"BreadcrumbList\",\"@id\":\"https:\\\/\\\/www.fcbarcelonanoticias.com\\\/en\\\/fc-barcelona\\\/wojciech-szczesny-reveals-why-he-came-out-of-retirement-to-sign-for-barca_307824_102.html#breadcrumb\",\"itemListElement\":[{\"@type\":\"ListItem\",\"position\":1,\"name\":\"Portada\",\"item\":\"https:\\\/\\\/www.fcbarcelonanoticias.com\\\/en\\\/\"},{\"@type\":\"ListItem\",\"position\":2,\"name\":\"Wojciech Szczesny reveals why he came out of retirement to sign for Bar\u00e7a\"}]},{\"@type\":\"WebSite\",\"@id\":\"https:\\\/\\\/www.fcbarcelonanoticias.com\\\/en\\\/#website\",\"url\":\"https:\\\/\\\/www.fcbarcelonanoticias.com\\\/en\\\/\",\"name\":\"EN - FC Barcelona Noticias\",\"description\":\"\",\"potentialAction\":[{\"@type\":\"SearchAction\",\"target\":{\"@type\":\"EntryPoint\",\"urlTemplate\":\"https:\\\/\\\/www.fcbarcelonanoticias.com\\\/en\\\/?s={search_term_string}\"},\"query-input\":{\"@type\":\"PropertyValueSpecification\",\"valueRequired\":true,\"valueName\":\"search_term_string\"}}],\"inLanguage\":\"en-US\"},{\"@type\":\"Person\",\"@id\":\"https:\\\/\\\/www.fcbarcelonanoticias.com\\\/en\\\/#\\\/schema\\\/person\\\/88d756918a0a1ae9fa593b5edddd1815\",\"name\":\"Juan Pablo Berdugo\",\"image\":{\"@type\":\"ImageObject\",\"inLanguage\":\"en-US\",\"@id\":\"https:\\\/\\\/secure.gravatar.com\\\/avatar\\\/?s=96&d=mm&r=g\",\"url\":\"https:\\\/\\\/secure.gravatar.com\\\/avatar\\\/?s=96&d=mm&r=g\",\"contentUrl\":\"https:\\\/\\\/secure.gravatar.com\\\/avatar\\\/?s=96&d=mm&r=g\",\"caption\":\"Juan Pablo Berdugo\"},\"description\":\"Juan Pablo Berdugo es graduado en Periodismo. Colabora con FCBN como especialista en informaci\u00f3n del primer equipo del FC Barcelona, f\u00fatbol internacional y mercado de fichajes. Destaca por su enfoque anal\u00edtico, su rigor informativo y su capacidad para detectar tendencias emergentes en el f\u00fatbol global.\",\"url\":\"https:\\\/\\\/www.fcbarcelonanoticias.com\\\/en\\\/fc-barcelona\\\/juan-pablo-berdugo_18_115.html\"}]}<\/script>\n<!-- \/ Yoast SEO plugin. -->","yoast_head_json":{"title":"Wojciech Szczesny reveals why he came out of retirement to sign for Bar\u00e7a","description":"Wojciech Szczesny gave details about his decision to sign for Bar\u00e7a. He also revealed which player has surprised him the most at the club","robots":{"index":"index","follow":"follow","max-snippet":"max-snippet:-1","max-image-preview":"max-image-preview:large","max-video-preview":"max-video-preview:-1"},"canonical":"https:\/\/www.fcbarcelonanoticias.com\/en\/fc-barcelona\/wojciech-szczesny-reveals-why-he-came-out-of-retirement-to-sign-for-barca_307824_102.html","og_locale":"en_US","og_type":"article","og_title":"Wojciech Szczesny reveals why he came out of retirement to sign for Bar\u00e7a","og_description":"Wojciech Szczesny gave details about his decision to sign for Bar\u00e7a. He also revealed which player has surprised him the most at the club","og_url":"https:\/\/www.fcbarcelonanoticias.com\/en\/fc-barcelona\/wojciech-szczesny-reveals-why-he-came-out-of-retirement-to-sign-for-barca_307824_102.html","og_site_name":"EN - FC Barcelona Noticias","article_published_time":"2024-10-09T19:44:00+00:00","og_image":[{"width":1250,"height":731,"url":"https:\/\/www.fcbarcelonanoticias.com\/en\/wp-content\/uploads\/sites\/2\/2024\/10\/szczesny-barcelona-entrevista.jpeg","type":"image\/jpeg"}],"author":"Juan Pablo Berdugo","twitter_card":"summary_large_image","twitter_misc":{"Written by":"Juan Pablo Berdugo","Est. reading time":"3 minutes"},"schema":{"@context":"https:\/\/schema.org","@graph":[{"@type":"Article","@id":"https:\/\/www.fcbarcelonanoticias.com\/en\/fc-barcelona\/wojciech-szczesny-reveals-why-he-came-out-of-retirement-to-sign-for-barca_307824_102.html#article","isPartOf":{"@id":"https:\/\/www.fcbarcelonanoticias.com\/en\/fc-barcelona\/wojciech-szczesny-reveals-why-he-came-out-of-retirement-to-sign-for-barca_307824_102.html"},"author":{"name":"Juan Pablo Berdugo","@id":"https:\/\/www.fcbarcelonanoticias.com\/en\/#\/schema\/person\/88d756918a0a1ae9fa593b5edddd1815"},"headline":"Wojciech Szczesny reveals why he came out of retirement to sign for Bar\u00e7a","datePublished":"2024-10-09T19:44:00+00:00","mainEntityOfPage":{"@id":"https:\/\/www.fcbarcelonanoticias.com\/en\/fc-barcelona\/wojciech-szczesny-reveals-why-he-came-out-of-retirement-to-sign-for-barca_307824_102.html"},"wordCount":537,"image":{"@id":"https:\/\/www.fcbarcelonanoticias.com\/en\/fc-barcelona\/wojciech-szczesny-reveals-why-he-came-out-of-retirement-to-sign-for-barca_307824_102.html#primaryimage"},"thumbnailUrl":"https:\/\/www.fcbarcelonanoticias.com\/en\/wp-content\/uploads\/sites\/2\/2024\/10\/szczesny-barcelona-entrevista.jpeg","articleSection":["FC Barcelona"],"inLanguage":"en-US"},{"@type":"WebPage","@id":"https:\/\/www.fcbarcelonanoticias.com\/en\/fc-barcelona\/wojciech-szczesny-reveals-why-he-came-out-of-retirement-to-sign-for-barca_307824_102.html","url":"https:\/\/www.fcbarcelonanoticias.com\/en\/fc-barcelona\/wojciech-szczesny-reveals-why-he-came-out-of-retirement-to-sign-for-barca_307824_102.html","name":"Wojciech Szczesny reveals why he came out of retirement to sign for Bar\u00e7a","isPartOf":{"@id":"https:\/\/www.fcbarcelonanoticias.com\/en\/#website"},"primaryImageOfPage":{"@id":"https:\/\/www.fcbarcelonanoticias.com\/en\/fc-barcelona\/wojciech-szczesny-reveals-why-he-came-out-of-retirement-to-sign-for-barca_307824_102.html#primaryimage"},"image":{"@id":"https:\/\/www.fcbarcelonanoticias.com\/en\/fc-barcelona\/wojciech-szczesny-reveals-why-he-came-out-of-retirement-to-sign-for-barca_307824_102.html#primaryimage"},"thumbnailUrl":"https:\/\/www.fcbarcelonanoticias.com\/en\/wp-content\/uploads\/sites\/2\/2024\/10\/szczesny-barcelona-entrevista.jpeg","datePublished":"2024-10-09T19:44:00+00:00","author":{"@id":"https:\/\/www.fcbarcelonanoticias.com\/en\/#\/schema\/person\/88d756918a0a1ae9fa593b5edddd1815"},"description":"Wojciech Szczesny gave details about his decision to sign for Bar\u00e7a. He also revealed which player has surprised him the most at the club","breadcrumb":{"@id":"https:\/\/www.fcbarcelonanoticias.com\/en\/fc-barcelona\/wojciech-szczesny-reveals-why-he-came-out-of-retirement-to-sign-for-barca_307824_102.html#breadcrumb"},"inLanguage":"en-US","potentialAction":[{"@type":"ReadAction","target":["https:\/\/www.fcbarcelonanoticias.com\/en\/fc-barcelona\/wojciech-szczesny-reveals-why-he-came-out-of-retirement-to-sign-for-barca_307824_102.html"]}]},{"@type":"ImageObject","inLanguage":"en-US","@id":"https:\/\/www.fcbarcelonanoticias.com\/en\/fc-barcelona\/wojciech-szczesny-reveals-why-he-came-out-of-retirement-to-sign-for-barca_307824_102.html#primaryimage","url":"https:\/\/www.fcbarcelonanoticias.com\/en\/wp-content\/uploads\/sites\/2\/2024\/10\/szczesny-barcelona-entrevista.jpeg","contentUrl":"https:\/\/www.fcbarcelonanoticias.com\/en\/wp-content\/uploads\/sites\/2\/2024\/10\/szczesny-barcelona-entrevista.jpeg","width":1250,"height":731},{"@type":"BreadcrumbList","@id":"https:\/\/www.fcbarcelonanoticias.com\/en\/fc-barcelona\/wojciech-szczesny-reveals-why-he-came-out-of-retirement-to-sign-for-barca_307824_102.html#breadcrumb","itemListElement":[{"@type":"ListItem","position":1,"name":"Portada","item":"https:\/\/www.fcbarcelonanoticias.com\/en\/"},{"@type":"ListItem","position":2,"name":"Wojciech Szczesny reveals why he came out of retirement to sign for Bar\u00e7a"}]},{"@type":"WebSite","@id":"https:\/\/www.fcbarcelonanoticias.com\/en\/#website","url":"https:\/\/www.fcbarcelonanoticias.com\/en\/","name":"EN - FC Barcelona Noticias","description":"","potentialAction":[{"@type":"SearchAction","target":{"@type":"EntryPoint","urlTemplate":"https:\/\/www.fcbarcelonanoticias.com\/en\/?s={search_term_string}"},"query-input":{"@type":"PropertyValueSpecification","valueRequired":true,"valueName":"search_term_string"}}],"inLanguage":"en-US"},{"@type":"Person","@id":"https:\/\/www.fcbarcelonanoticias.com\/en\/#\/schema\/person\/88d756918a0a1ae9fa593b5edddd1815","name":"Juan Pablo Berdugo","image":{"@type":"ImageObject","inLanguage":"en-US","@id":"https:\/\/secure.gravatar.com\/avatar\/?s=96&d=mm&r=g","url":"https:\/\/secure.gravatar.com\/avatar\/?s=96&d=mm&r=g","contentUrl":"https:\/\/secure.gravatar.com\/avatar\/?s=96&d=mm&r=g","caption":"Juan Pablo Berdugo"},"description":"Juan Pablo Berdugo es graduado en Periodismo. Colabora con FCBN como especialista en informaci\u00f3n del primer equipo del FC Barcelona, f\u00fatbol internacional y mercado de fichajes. Destaca por su enfoque anal\u00edtico, su rigor informativo y su capacidad para detectar tendencias emergentes en el f\u00fatbol global.","url":"https:\/\/www.fcbarcelonanoticias.com\/en\/fc-barcelona\/juan-pablo-berdugo_18_115.html"}]}},"_links":{"self":[{"href":"https:\/\/www.fcbarcelonanoticias.com\/en\/wp-json\/wp\/v2\/posts\/37534","targetHints":{"allow":["GET"]}}],"collection":[{"href":"https:\/\/www.fcbarcelonanoticias.com\/en\/wp-json\/wp\/v2\/posts"}],"about":[{"href":"https:\/\/www.fcbarcelonanoticias.com\/en\/wp-json\/wp\/v2\/types\/post"}],"author":[{"embeddable":true,"href":"https:\/\/www.fcbarcelonanoticias.com\/en\/wp-json\/wp\/v2\/users\/358"}],"replies":[{"embeddable":true,"href":"https:\/\/www.fcbarcelonanoticias.com\/en\/wp-json\/wp\/v2\/comments?post=37534"}],"version-history":[{"count":1,"href":"https:\/\/www.fcbarcelonanoticias.com\/en\/wp-json\/wp\/v2\/posts\/37534\/revisions"}],"predecessor-version":[{"id":113160,"href":"https:\/\/www.fcbarcelonanoticias.com\/en\/wp-json\/wp\/v2\/posts\/37534\/revisions\/113160"}],"wp:featuredmedia":[{"embeddable":true,"href":"https:\/\/www.fcbarcelonanoticias.com\/en\/wp-json\/wp\/v2\/media\/37535"}],"wp:attachment":[{"href":"https:\/\/www.fcbarcelonanoticias.com\/en\/wp-json\/wp\/v2\/media?parent=37534"}],"wp:term":[{"taxonomy":"category","embeddable":true,"href":"https:\/\/www.fcbarcelonanoticias.com\/en\/wp-json\/wp\/v2\/categories?post=37534"},{"taxonomy":"post_tag","embeddable":true,"href":"https:\/\/www.fcbarcelonanoticias.com\/en\/wp-json\/wp\/v2\/tags?post=37534"}],"curies":[{"name":"wp","href":"https:\/\/api.w.org\/{rel}","templated":true}]}}