{"id":37542,"date":"2023-04-07T20:17:00","date_gmt":"2023-04-07T18:17:00","guid":{"rendered":"https:\/\/weisetech.dev\/fc-barcelona-noticias\/en\/xavi-and-barca-concerned-about-the-depth-of-the-squad-cule_291286_102\/"},"modified":"2023-04-07T20:17:00","modified_gmt":"2023-04-07T18:17:00","slug":"xavi-and-barca-concerned-about-the-depth-of-the-squad-cule_291286_102","status":"publish","type":"post","link":"https:\/\/www.fcbarcelonanoticias.com\/en\/fc-barcelona\/xavi-and-barca-concerned-about-the-depth-of-the-squad-cule_291286_102.html","title":{"rendered":"Xavi and Bar\u00e7a, concerned about the depth of the Bar\u00e7a squad"},"content":{"rendered":"<h2 class=\"wp-block-heading\">Bar\u00e7a has entered the last month and coins of the season with heavy losses. The cul\u00e9s have been at the gates of being able to compete on all fronts due to their lack of confidence changes<\/h2>  \r\n<div class=\"article-addons\">\r\n    <a href=\"https:\/\/www.fcbarcelonanoticias.com\/en\/calendar-fc-barcelona.html\"\r\n       target=\"_self\"\r\n       title=\"Calendar of FC Barcelona\"\r\n       class=\"blue-gredient-btn\">\r\n       \r\n        Calendar of FC Barcelona    <\/a>\r\n<\/div>   <p><a data-external=\"0\" data-intl-links-en=\"https:\/\/www.fcbarcelonanoticias.com\/en\/copa-del-rey\/absolute-indignation-at-fc-barcelona-with-vinicius-jr_291261_102.html\" data-intl-links-es=\"https:\/\/www.fcbarcelonanoticias.com\/copa-del-rey\/indignacion-absoluta-en-fc-barcelona-con-vinicius-jr_291261_102.html\" href=\"https:\/\/www.fcbarcelonanoticias.com\/en\/copa-del-rey\/absolute-indignation-at-fc-barcelona-with-vinicius-jr_291261_102.html\" rel=\"follow\" target=\"_self\" title=\"Indignaci\u00f3n absoluta en el FC Barcelona con Vinicius Jr\">The FC Barcelona<\/a> has showed defensive and big solidity football of possession and attack along the season, especially when they have kept his eleven of gala, but satisfied have had injuries, something normal along any course, the game of the team has resentful. During several parties, <strong>many important for the aims of the season, the Barcelona team has been unable to keep his level with the usual inside the field.<\/strong><\/p>  <p>The Bar\u00e7a faced the fifth classical of the season with<strong> <\/strong><a data-external=\"0\" data-intl-links-en=\"https:\/\/www.fcbarcelonanoticias.com\/en\/players\/planning-of-barca-for-returns-of-pedri-dejong-and-dembele_291276_102.html\" data-intl-links-es=\"https:\/\/www.fcbarcelonanoticias.com\/jugadores\/planificacion-barcelona-vueltas-pedri-de-jong-dembele_291276_102.html\" href=\"https:\/\/www.fcbarcelonanoticias.com\/en\/players\/planning-of-barca-for-returns-of-pedri-dejong-and-dembele_291276_102.html\" rel=\"follow\" target=\"_self\" title=\"La planificaci\u00f3n del Bar\u00e7a para las vueltas de Pedri, De&nbsp;Jong&nbsp;y&nbsp;Demb\u00e9l\u00e9\">the drops of Pedri, Demb\u00e9l\u00e9, Christensen and Of Jong<\/a> <strong>and any of his spares was to the height<\/strong>, something that does that the next market of summer have a singular importance. The past Wednesday the Bar\u00e7a needs a goal to put in party, but with the 0-3 of penalti and more than half hour by in front, seemed that everything was lost.<\/p>  <h2>Without positive news from the bench<\/h2>  <p>It went in Ansu Fati by Kessi\u00e9 with 30 minutes by in front with the &#8217;10&#8217; trying sustain the good feelings of Elche and help to raise the party for his team. Six minutes afterwards went in Ferran Torres beside Eric Garc\u00eda. Far to give a new air the team, all happened almost unobserved. <strong>Yes, the general climate was fatalistic, the revulsivos of Xavi finished to sentence an eliminatory that in any moment of the 180 minutes was to fall by 4-1. <\/strong><\/p>  <p>It is true that inside the football the secondary role is not easy to assimilate for any player, but the fault of able footballers to contribute an extra in the second parts is lastrando to the Bar\u00e7a. The Madrid, <strong>with a staff probably shorter -and something of luck also said was in passing- has been able to resolve his problems of injuries<\/strong> with players of correct performances like Rodrygo, Ceballos, Camavinga or Asensio.<\/p>  <h2>The summer will bring new names<\/h2>  <p>In the Camp Nou have hechado a glimpse backwards to the last 16 parties. Only there has been a so much of a player that has gone in of change and was the one of Franck Kessie in the classical of League with his goal ag\u00f3nico 2-1 in the 92&#8242; after going in in the 77&#8242;. Although the Bar\u00e7a will win the title of League, where has of 12 points of advantage to fault of 11 days, <strong>this does not have to cover the lacks of a Barcelona group that still does not have a competitive staff to keep the level in several competitions, especially in front of the European elite.<\/strong><\/p> ","protected":false},"excerpt":{"rendered":"<p>Bar\u00e7a has entered the last month and coins of the season with heavy losses. The cul\u00e9s have been at the gates of being able to compete on all fronts due to their lack of confidence changes The FC Barcelona has showed defensive and big solidity football of possession and attack along the season, especially when [&hellip;]<\/p>\n","protected":false},"author":345,"featured_media":37543,"comment_status":"closed","ping_status":"open","sticky":false,"template":"","format":"standard","meta":{"_acf_changed":false,"inline_featured_image":false,"_nextfly_llmd_date_locked":false,"footnotes":""},"categories":[111],"tags":[158,48],"class_list":["post-37542","post","type-post","status-publish","format-standard","has-post-thumbnail","hentry","category-fc-barcelona","tag-joan-laporta","tag-xavi-hernandez"],"acf":[],"yoast_head":"<!-- This site is optimized with the Yoast SEO plugin v27.3 - https:\/\/yoast.com\/product\/yoast-seo-wordpress\/ -->\n<title>Xavi and Bar\u00e7a, concerned about the depth of the Bar\u00e7a squad<\/title>\n<meta name=\"description\" content=\"Bar\u00e7a has entered the last month and coins of the season with heavy losses. The cul\u00e9s have been at the gates of being able to compete on all fronts due to their lack of confidence changes\" \/>\n<meta name=\"robots\" content=\"index, follow, max-snippet:-1, max-image-preview:large, max-video-preview:-1\" \/>\n<link rel=\"canonical\" href=\"https:\/\/www.fcbarcelonanoticias.com\/en\/fc-barcelona\/xavi-and-barca-concerned-about-the-depth-of-the-squad-cule_291286_102.html\" \/>\n<meta property=\"og:locale\" content=\"en_US\" \/>\n<meta property=\"og:type\" content=\"article\" \/>\n<meta property=\"og:title\" content=\"Xavi and Bar\u00e7a, concerned about the depth of the Bar\u00e7a squad\" \/>\n<meta property=\"og:description\" content=\"Bar\u00e7a has entered the last month and coins of the season with heavy losses. The cul\u00e9s have been at the gates of being able to compete on all fronts due to their lack of confidence changes\" \/>\n<meta property=\"og:url\" content=\"https:\/\/www.fcbarcelonanoticias.com\/en\/fc-barcelona\/xavi-and-barca-concerned-about-the-depth-of-the-squad-cule_291286_102.html\" \/>\n<meta property=\"og:site_name\" content=\"EN - FC Barcelona Noticias\" \/>\n<meta property=\"article:published_time\" content=\"2023-04-07T18:17:00+00:00\" \/>\n<meta property=\"og:image\" content=\"https:\/\/www.fcbarcelonanoticias.com\/en\/wp-content\/uploads\/sites\/2\/2023\/04\/jugadores-fc-barcelona-v-almeria.jpeg\" \/>\n\t<meta property=\"og:image:width\" content=\"1300\" \/>\n\t<meta property=\"og:image:height\" content=\"732\" \/>\n\t<meta property=\"og:image:type\" content=\"image\/jpeg\" \/>\n<meta name=\"author\" content=\"Carlos Montenegro\" \/>\n<meta name=\"twitter:card\" content=\"summary_large_image\" \/>\n<meta name=\"twitter:label1\" content=\"Written by\" \/>\n\t<meta name=\"twitter:data1\" content=\"Carlos Montenegro\" \/>\n\t<meta name=\"twitter:label2\" content=\"Est. reading time\" \/>\n\t<meta name=\"twitter:data2\" content=\"2 minutes\" \/>\n<script type=\"application\/ld+json\" class=\"yoast-schema-graph\">{\"@context\":\"https:\\\/\\\/schema.org\",\"@graph\":[{\"@type\":\"Article\",\"@id\":\"https:\\\/\\\/www.fcbarcelonanoticias.com\\\/en\\\/fc-barcelona\\\/xavi-and-barca-concerned-about-the-depth-of-the-squad-cule_291286_102.html#article\",\"isPartOf\":{\"@id\":\"https:\\\/\\\/www.fcbarcelonanoticias.com\\\/en\\\/fc-barcelona\\\/xavi-and-barca-concerned-about-the-depth-of-the-squad-cule_291286_102.html\"},\"author\":{\"name\":\"Carlos Montenegro\",\"@id\":\"https:\\\/\\\/www.fcbarcelonanoticias.com\\\/en\\\/#\\\/schema\\\/person\\\/aa1d038709c262cb247e240f6b39bbf5\"},\"headline\":\"Xavi and Bar\u00e7a, concerned about the depth of the Bar\u00e7a squad\",\"datePublished\":\"2023-04-07T18:17:00+00:00\",\"mainEntityOfPage\":{\"@id\":\"https:\\\/\\\/www.fcbarcelonanoticias.com\\\/en\\\/fc-barcelona\\\/xavi-and-barca-concerned-about-the-depth-of-the-squad-cule_291286_102.html\"},\"wordCount\":470,\"image\":{\"@id\":\"https:\\\/\\\/www.fcbarcelonanoticias.com\\\/en\\\/fc-barcelona\\\/xavi-and-barca-concerned-about-the-depth-of-the-squad-cule_291286_102.html#primaryimage\"},\"thumbnailUrl\":\"https:\\\/\\\/www.fcbarcelonanoticias.com\\\/en\\\/wp-content\\\/uploads\\\/sites\\\/2\\\/2023\\\/04\\\/jugadores-fc-barcelona-v-almeria.jpeg\",\"keywords\":[\"Joan Laporta\",\"Xavi Hern\u00e1ndez\"],\"articleSection\":[\"FC Barcelona\"],\"inLanguage\":\"en-US\"},{\"@type\":\"WebPage\",\"@id\":\"https:\\\/\\\/www.fcbarcelonanoticias.com\\\/en\\\/fc-barcelona\\\/xavi-and-barca-concerned-about-the-depth-of-the-squad-cule_291286_102.html\",\"url\":\"https:\\\/\\\/www.fcbarcelonanoticias.com\\\/en\\\/fc-barcelona\\\/xavi-and-barca-concerned-about-the-depth-of-the-squad-cule_291286_102.html\",\"name\":\"Xavi and Bar\u00e7a, concerned about the depth of the Bar\u00e7a squad\",\"isPartOf\":{\"@id\":\"https:\\\/\\\/www.fcbarcelonanoticias.com\\\/en\\\/#website\"},\"primaryImageOfPage\":{\"@id\":\"https:\\\/\\\/www.fcbarcelonanoticias.com\\\/en\\\/fc-barcelona\\\/xavi-and-barca-concerned-about-the-depth-of-the-squad-cule_291286_102.html#primaryimage\"},\"image\":{\"@id\":\"https:\\\/\\\/www.fcbarcelonanoticias.com\\\/en\\\/fc-barcelona\\\/xavi-and-barca-concerned-about-the-depth-of-the-squad-cule_291286_102.html#primaryimage\"},\"thumbnailUrl\":\"https:\\\/\\\/www.fcbarcelonanoticias.com\\\/en\\\/wp-content\\\/uploads\\\/sites\\\/2\\\/2023\\\/04\\\/jugadores-fc-barcelona-v-almeria.jpeg\",\"datePublished\":\"2023-04-07T18:17:00+00:00\",\"author\":{\"@id\":\"https:\\\/\\\/www.fcbarcelonanoticias.com\\\/en\\\/#\\\/schema\\\/person\\\/aa1d038709c262cb247e240f6b39bbf5\"},\"description\":\"Bar\u00e7a has entered the last month and coins of the season with heavy losses. The cul\u00e9s have been at the gates of being able to compete on all fronts due to their lack of confidence changes\",\"breadcrumb\":{\"@id\":\"https:\\\/\\\/www.fcbarcelonanoticias.com\\\/en\\\/fc-barcelona\\\/xavi-and-barca-concerned-about-the-depth-of-the-squad-cule_291286_102.html#breadcrumb\"},\"inLanguage\":\"en-US\",\"potentialAction\":[{\"@type\":\"ReadAction\",\"target\":[\"https:\\\/\\\/www.fcbarcelonanoticias.com\\\/en\\\/fc-barcelona\\\/xavi-and-barca-concerned-about-the-depth-of-the-squad-cule_291286_102.html\"]}]},{\"@type\":\"ImageObject\",\"inLanguage\":\"en-US\",\"@id\":\"https:\\\/\\\/www.fcbarcelonanoticias.com\\\/en\\\/fc-barcelona\\\/xavi-and-barca-concerned-about-the-depth-of-the-squad-cule_291286_102.html#primaryimage\",\"url\":\"https:\\\/\\\/www.fcbarcelonanoticias.com\\\/en\\\/wp-content\\\/uploads\\\/sites\\\/2\\\/2023\\\/04\\\/jugadores-fc-barcelona-v-almeria.jpeg\",\"contentUrl\":\"https:\\\/\\\/www.fcbarcelonanoticias.com\\\/en\\\/wp-content\\\/uploads\\\/sites\\\/2\\\/2023\\\/04\\\/jugadores-fc-barcelona-v-almeria.jpeg\",\"width\":1300,\"height\":732},{\"@type\":\"BreadcrumbList\",\"@id\":\"https:\\\/\\\/www.fcbarcelonanoticias.com\\\/en\\\/fc-barcelona\\\/xavi-and-barca-concerned-about-the-depth-of-the-squad-cule_291286_102.html#breadcrumb\",\"itemListElement\":[{\"@type\":\"ListItem\",\"position\":1,\"name\":\"Portada\",\"item\":\"https:\\\/\\\/www.fcbarcelonanoticias.com\\\/en\\\/\"},{\"@type\":\"ListItem\",\"position\":2,\"name\":\"Xavi and Bar\u00e7a, concerned about the depth of the Bar\u00e7a squad\"}]},{\"@type\":\"WebSite\",\"@id\":\"https:\\\/\\\/www.fcbarcelonanoticias.com\\\/en\\\/#website\",\"url\":\"https:\\\/\\\/www.fcbarcelonanoticias.com\\\/en\\\/\",\"name\":\"EN - FC Barcelona Noticias\",\"description\":\"\",\"potentialAction\":[{\"@type\":\"SearchAction\",\"target\":{\"@type\":\"EntryPoint\",\"urlTemplate\":\"https:\\\/\\\/www.fcbarcelonanoticias.com\\\/en\\\/?s={search_term_string}\"},\"query-input\":{\"@type\":\"PropertyValueSpecification\",\"valueRequired\":true,\"valueName\":\"search_term_string\"}}],\"inLanguage\":\"en-US\"},{\"@type\":\"Person\",\"@id\":\"https:\\\/\\\/www.fcbarcelonanoticias.com\\\/en\\\/#\\\/schema\\\/person\\\/aa1d038709c262cb247e240f6b39bbf5\",\"name\":\"Carlos Montenegro\",\"image\":{\"@type\":\"ImageObject\",\"inLanguage\":\"en-US\",\"@id\":\"https:\\\/\\\/secure.gravatar.com\\\/avatar\\\/?s=96&d=mm&r=g\",\"url\":\"https:\\\/\\\/secure.gravatar.com\\\/avatar\\\/?s=96&d=mm&r=g\",\"contentUrl\":\"https:\\\/\\\/secure.gravatar.com\\\/avatar\\\/?s=96&d=mm&r=g\",\"caption\":\"Carlos Montenegro\"},\"url\":\"https:\\\/\\\/www.fcbarcelonanoticias.com\\\/en\\\/carlos-montenegro_20_115.html\"}]}<\/script>\n<!-- \/ Yoast SEO plugin. -->","yoast_head_json":{"title":"Xavi and Bar\u00e7a, concerned about the depth of the Bar\u00e7a squad","description":"Bar\u00e7a has entered the last month and coins of the season with heavy losses. The cul\u00e9s have been at the gates of being able to compete on all fronts due to their lack of confidence changes","robots":{"index":"index","follow":"follow","max-snippet":"max-snippet:-1","max-image-preview":"max-image-preview:large","max-video-preview":"max-video-preview:-1"},"canonical":"https:\/\/www.fcbarcelonanoticias.com\/en\/fc-barcelona\/xavi-and-barca-concerned-about-the-depth-of-the-squad-cule_291286_102.html","og_locale":"en_US","og_type":"article","og_title":"Xavi and Bar\u00e7a, concerned about the depth of the Bar\u00e7a squad","og_description":"Bar\u00e7a has entered the last month and coins of the season with heavy losses. The cul\u00e9s have been at the gates of being able to compete on all fronts due to their lack of confidence changes","og_url":"https:\/\/www.fcbarcelonanoticias.com\/en\/fc-barcelona\/xavi-and-barca-concerned-about-the-depth-of-the-squad-cule_291286_102.html","og_site_name":"EN - FC Barcelona Noticias","article_published_time":"2023-04-07T18:17:00+00:00","og_image":[{"width":1300,"height":732,"url":"https:\/\/www.fcbarcelonanoticias.com\/en\/wp-content\/uploads\/sites\/2\/2023\/04\/jugadores-fc-barcelona-v-almeria.jpeg","type":"image\/jpeg"}],"author":"Carlos Montenegro","twitter_card":"summary_large_image","twitter_misc":{"Written by":"Carlos Montenegro","Est. reading time":"2 minutes"},"schema":{"@context":"https:\/\/schema.org","@graph":[{"@type":"Article","@id":"https:\/\/www.fcbarcelonanoticias.com\/en\/fc-barcelona\/xavi-and-barca-concerned-about-the-depth-of-the-squad-cule_291286_102.html#article","isPartOf":{"@id":"https:\/\/www.fcbarcelonanoticias.com\/en\/fc-barcelona\/xavi-and-barca-concerned-about-the-depth-of-the-squad-cule_291286_102.html"},"author":{"name":"Carlos Montenegro","@id":"https:\/\/www.fcbarcelonanoticias.com\/en\/#\/schema\/person\/aa1d038709c262cb247e240f6b39bbf5"},"headline":"Xavi and Bar\u00e7a, concerned about the depth of the Bar\u00e7a squad","datePublished":"2023-04-07T18:17:00+00:00","mainEntityOfPage":{"@id":"https:\/\/www.fcbarcelonanoticias.com\/en\/fc-barcelona\/xavi-and-barca-concerned-about-the-depth-of-the-squad-cule_291286_102.html"},"wordCount":470,"image":{"@id":"https:\/\/www.fcbarcelonanoticias.com\/en\/fc-barcelona\/xavi-and-barca-concerned-about-the-depth-of-the-squad-cule_291286_102.html#primaryimage"},"thumbnailUrl":"https:\/\/www.fcbarcelonanoticias.com\/en\/wp-content\/uploads\/sites\/2\/2023\/04\/jugadores-fc-barcelona-v-almeria.jpeg","keywords":["Joan Laporta","Xavi Hern\u00e1ndez"],"articleSection":["FC Barcelona"],"inLanguage":"en-US"},{"@type":"WebPage","@id":"https:\/\/www.fcbarcelonanoticias.com\/en\/fc-barcelona\/xavi-and-barca-concerned-about-the-depth-of-the-squad-cule_291286_102.html","url":"https:\/\/www.fcbarcelonanoticias.com\/en\/fc-barcelona\/xavi-and-barca-concerned-about-the-depth-of-the-squad-cule_291286_102.html","name":"Xavi and Bar\u00e7a, concerned about the depth of the Bar\u00e7a squad","isPartOf":{"@id":"https:\/\/www.fcbarcelonanoticias.com\/en\/#website"},"primaryImageOfPage":{"@id":"https:\/\/www.fcbarcelonanoticias.com\/en\/fc-barcelona\/xavi-and-barca-concerned-about-the-depth-of-the-squad-cule_291286_102.html#primaryimage"},"image":{"@id":"https:\/\/www.fcbarcelonanoticias.com\/en\/fc-barcelona\/xavi-and-barca-concerned-about-the-depth-of-the-squad-cule_291286_102.html#primaryimage"},"thumbnailUrl":"https:\/\/www.fcbarcelonanoticias.com\/en\/wp-content\/uploads\/sites\/2\/2023\/04\/jugadores-fc-barcelona-v-almeria.jpeg","datePublished":"2023-04-07T18:17:00+00:00","author":{"@id":"https:\/\/www.fcbarcelonanoticias.com\/en\/#\/schema\/person\/aa1d038709c262cb247e240f6b39bbf5"},"description":"Bar\u00e7a has entered the last month and coins of the season with heavy losses. The cul\u00e9s have been at the gates of being able to compete on all fronts due to their lack of confidence changes","breadcrumb":{"@id":"https:\/\/www.fcbarcelonanoticias.com\/en\/fc-barcelona\/xavi-and-barca-concerned-about-the-depth-of-the-squad-cule_291286_102.html#breadcrumb"},"inLanguage":"en-US","potentialAction":[{"@type":"ReadAction","target":["https:\/\/www.fcbarcelonanoticias.com\/en\/fc-barcelona\/xavi-and-barca-concerned-about-the-depth-of-the-squad-cule_291286_102.html"]}]},{"@type":"ImageObject","inLanguage":"en-US","@id":"https:\/\/www.fcbarcelonanoticias.com\/en\/fc-barcelona\/xavi-and-barca-concerned-about-the-depth-of-the-squad-cule_291286_102.html#primaryimage","url":"https:\/\/www.fcbarcelonanoticias.com\/en\/wp-content\/uploads\/sites\/2\/2023\/04\/jugadores-fc-barcelona-v-almeria.jpeg","contentUrl":"https:\/\/www.fcbarcelonanoticias.com\/en\/wp-content\/uploads\/sites\/2\/2023\/04\/jugadores-fc-barcelona-v-almeria.jpeg","width":1300,"height":732},{"@type":"BreadcrumbList","@id":"https:\/\/www.fcbarcelonanoticias.com\/en\/fc-barcelona\/xavi-and-barca-concerned-about-the-depth-of-the-squad-cule_291286_102.html#breadcrumb","itemListElement":[{"@type":"ListItem","position":1,"name":"Portada","item":"https:\/\/www.fcbarcelonanoticias.com\/en\/"},{"@type":"ListItem","position":2,"name":"Xavi and Bar\u00e7a, concerned about the depth of the Bar\u00e7a squad"}]},{"@type":"WebSite","@id":"https:\/\/www.fcbarcelonanoticias.com\/en\/#website","url":"https:\/\/www.fcbarcelonanoticias.com\/en\/","name":"EN - FC Barcelona Noticias","description":"","potentialAction":[{"@type":"SearchAction","target":{"@type":"EntryPoint","urlTemplate":"https:\/\/www.fcbarcelonanoticias.com\/en\/?s={search_term_string}"},"query-input":{"@type":"PropertyValueSpecification","valueRequired":true,"valueName":"search_term_string"}}],"inLanguage":"en-US"},{"@type":"Person","@id":"https:\/\/www.fcbarcelonanoticias.com\/en\/#\/schema\/person\/aa1d038709c262cb247e240f6b39bbf5","name":"Carlos Montenegro","image":{"@type":"ImageObject","inLanguage":"en-US","@id":"https:\/\/secure.gravatar.com\/avatar\/?s=96&d=mm&r=g","url":"https:\/\/secure.gravatar.com\/avatar\/?s=96&d=mm&r=g","contentUrl":"https:\/\/secure.gravatar.com\/avatar\/?s=96&d=mm&r=g","caption":"Carlos Montenegro"},"url":"https:\/\/www.fcbarcelonanoticias.com\/en\/carlos-montenegro_20_115.html"}]}},"_links":{"self":[{"href":"https:\/\/www.fcbarcelonanoticias.com\/en\/wp-json\/wp\/v2\/posts\/37542","targetHints":{"allow":["GET"]}}],"collection":[{"href":"https:\/\/www.fcbarcelonanoticias.com\/en\/wp-json\/wp\/v2\/posts"}],"about":[{"href":"https:\/\/www.fcbarcelonanoticias.com\/en\/wp-json\/wp\/v2\/types\/post"}],"author":[{"embeddable":true,"href":"https:\/\/www.fcbarcelonanoticias.com\/en\/wp-json\/wp\/v2\/users\/345"}],"replies":[{"embeddable":true,"href":"https:\/\/www.fcbarcelonanoticias.com\/en\/wp-json\/wp\/v2\/comments?post=37542"}],"version-history":[{"count":1,"href":"https:\/\/www.fcbarcelonanoticias.com\/en\/wp-json\/wp\/v2\/posts\/37542\/revisions"}],"predecessor-version":[{"id":110762,"href":"https:\/\/www.fcbarcelonanoticias.com\/en\/wp-json\/wp\/v2\/posts\/37542\/revisions\/110762"}],"wp:featuredmedia":[{"embeddable":true,"href":"https:\/\/www.fcbarcelonanoticias.com\/en\/wp-json\/wp\/v2\/media\/37543"}],"wp:attachment":[{"href":"https:\/\/www.fcbarcelonanoticias.com\/en\/wp-json\/wp\/v2\/media?parent=37542"}],"wp:term":[{"taxonomy":"category","embeddable":true,"href":"https:\/\/www.fcbarcelonanoticias.com\/en\/wp-json\/wp\/v2\/categories?post=37542"},{"taxonomy":"post_tag","embeddable":true,"href":"https:\/\/www.fcbarcelonanoticias.com\/en\/wp-json\/wp\/v2\/tags?post=37542"}],"curies":[{"name":"wp","href":"https:\/\/api.w.org\/{rel}","templated":true}]}}