{"id":37573,"date":"2022-08-12T18:39:00","date_gmt":"2022-08-12T16:39:00","guid":{"rendered":"https:\/\/weisetech.dev\/fc-barcelona-noticias\/en\/xavi-hernandez-does-not-ensure-the-continuity-of-aubameyang-and-of-jong-in-the-barca_283168_102\/"},"modified":"2022-08-12T18:39:00","modified_gmt":"2022-08-12T16:39:00","slug":"xavi-hernandez-does-not-ensure-the-continuity-of-aubameyang-and-of-jong-in-the-barca_283168_102","status":"publish","type":"post","link":"https:\/\/www.fcbarcelonanoticias.com\/en\/fc-barcelona\/xavi-hernandez-does-not-ensure-the-continuity-of-aubameyang-and-of-jong-in-the-barca_283168_102.html","title":{"rendered":"Xavi Hern\u00e1ndez does not ensure the continuity of Aubameyang and De Jong at Bar\u00e7a"},"content":{"rendered":"<h2 class=\"wp-block-heading\">The coach of FC Barcelona, Xavi Hern\u00e1ndez, has spoken about the future of Pierre-Emerick Aubameyang and Frenkie de Jong, who could be on the exit ramp for the Bar\u00e7a team<\/h2>  \r\n<div class=\"article-addons\">\r\n    <a href=\"https:\/\/www.fcbarcelonanoticias.com\/en\/calendar-fc-barcelona.html\"\r\n       target=\"_self\"\r\n       title=\"Calendar of FC Barcelona\"\r\n       class=\"blue-gredient-btn\">\r\n       \r\n        Calendar of FC Barcelona    <\/a>\r\n<\/div>   <p><strong>The <a data-external=\"0\" data-intl-links-en=\"https:\/\/www.fcbarcelonanoticias.com\/en\/fc-barcelona\" data-intl-links-es=\"https:\/\/www.fcbarcelonanoticias.com\/fc-barcelona\" href=\"https:\/\/www.fcbarcelonanoticias.com\/en\/football-soccer\/fc-barcelona.html\" rel=\"follow\" target=\"_self\" title=\"FC Barcelona\">FC Barcelona<\/a> is in a moment key of the market of signings estival.<\/strong> They are forced to give exit to a few footballers to generate space in the changing room and &#8216;fair play&#8217; financial, although all seems to indicate that with the activation of the fourth &#8216;crowbar&#8217; economic and the renegociaci\u00f3n of the agreements of Sergio Busquets and Gerard Hammered would be sufficient. In the middle of the &#8216;chaos&#8217;, are many the names that could be in the door of exit.<\/p>  <p><strong>Frenkie Of Jong is the most distinguished<\/strong>. The Bar\u00e7a has come negotiating with the Manchester United and Chelsea for his traspaso, valued in 85 million euros between fixed and variables, in addition to <a data-external=\"0\" data-intl-links-en=\"https:\/\/www.fcbarcelonanoticias.com\/en\/fc-barcelona\/the-details-of-the-drastic-discount-salarial-that-asks-the-barca-to-of-jong_283139_102.html\" data-intl-links-es=\"https:\/\/www.fcbarcelonanoticias.com\/fc-barcelona\/detalles-drastica-rebaja-salarial-pide-barcelona-jong_283139_102.html\" href=\"https:\/\/www.fcbarcelonanoticias.com\/en\/fc-barcelona\/the-details-of-the-drastic-discount-salarial-that-asks-the-barca-to-of-jong_283139_102.html\" rel=\"follow\" target=\"_self\" title=\"Los detalles de la dr\u00e1stica rebaja salarial que pide el Bar\u00e7a a De Jong\">a possible discount salarial to 50%<\/a>. Up to now, the Dutch has showed renuente to negotiate the conditions of his agreement and neither poses the option to abandon the Spotify Camp Nou.<\/p>  <p>Pierre-Emerick Aubameyang, on the other hand, <strong>has turned into the big aim of Chelsea,<\/strong> that carries days negotiating with the Bar\u00e7a for his traspaso, although there is not formal offer by him. In this regard, Xavi Hern\u00e1ndez has commented in press conference that &#8220;have he, with which do not explain already know it. Of here to 31 August I do not know what will happen. <strong>Aubameyang Likes me, helps us a lot, has come with an excellent predisposition, of here to that it can go out&#8230; I do not know it&#8221;.<\/strong><\/p>  <p>The egarense also was questioned by the situation of Frenkie and aimed that it is the same case of &#8216;Auba&#8217; and that &#8220;it is an important player and can use it. Of here to 31 August, we will see. <strong>The market follows open and do not know what goes to happen. <\/strong>We do not know what will happen with the whole of the staff&#8221;. The Bar\u00e7a will follow presionando to find him a solution to his case.<\/p>  <h3>Whistles to Of Jong?<\/h3>  <p>On the whistles that received Frenkie of Jong and, especially, Martin Braithwaite in the presentation of the team before the trophy Joan Gamper of the past Sunday, Xavi aimed in press conference that &#8220;whistles? I heard applauses. <strong>The public is sovereign. All are doing an effort, are a family.<\/strong> Afterwards it depends of the performance. I think that the two can help perfectly to the staff, to the group and to the club&#8221;.<\/p> ","protected":false},"excerpt":{"rendered":"<p>The coach of FC Barcelona, Xavi Hern\u00e1ndez, has spoken about the future of Pierre-Emerick Aubameyang and Frenkie de Jong, who could be on the exit ramp for the Bar\u00e7a team The FC Barcelona is in a moment key of the market of signings estival. They are forced to give exit to a few footballers to [&hellip;]<\/p>\n","protected":false},"author":352,"featured_media":37574,"comment_status":"closed","ping_status":"open","sticky":false,"template":"","format":"standard","meta":{"_acf_changed":false,"inline_featured_image":false,"_nextfly_llmd_date_locked":false,"footnotes":""},"categories":[111],"tags":[230],"class_list":["post-37573","post","type-post","status-publish","format-standard","has-post-thumbnail","hentry","category-fc-barcelona","tag-aubameyang"],"acf":[],"yoast_head":"<!-- This site is optimized with the Yoast SEO plugin v27.3 - https:\/\/yoast.com\/product\/yoast-seo-wordpress\/ -->\n<title>Xavi Hern\u00e1ndez does not ensure the continuity of Aubameyang and Of Jong in the Bar\u00e7a<\/title>\n<meta name=\"description\" content=\"The trainer of the FC Barcelona, Xavi Hern\u00e1ndez, has spoken on the future of Pierre-Emerick Aubameyang and Frenkie of Jong, those who could be in the ramp...\" \/>\n<meta name=\"robots\" content=\"index, follow, max-snippet:-1, max-image-preview:large, max-video-preview:-1\" \/>\n<link rel=\"canonical\" href=\"https:\/\/www.fcbarcelonanoticias.com\/en\/fc-barcelona\/xavi-hernandez-does-not-ensure-the-continuity-of-aubameyang-and-of-jong-in-the-barca_283168_102.html\" \/>\n<meta property=\"og:locale\" content=\"en_US\" \/>\n<meta property=\"og:type\" content=\"article\" \/>\n<meta property=\"og:title\" content=\"Xavi Hern\u00e1ndez does not ensure the continuity of Aubameyang and Of Jong in the Bar\u00e7a\" \/>\n<meta property=\"og:description\" content=\"The trainer of the FC Barcelona, Xavi Hern\u00e1ndez, has spoken on the future of Pierre-Emerick Aubameyang and Frenkie of Jong, those who could be in the ramp...\" \/>\n<meta property=\"og:url\" content=\"https:\/\/www.fcbarcelonanoticias.com\/en\/fc-barcelona\/xavi-hernandez-does-not-ensure-the-continuity-of-aubameyang-and-of-jong-in-the-barca_283168_102.html\" \/>\n<meta property=\"og:site_name\" content=\"EN - FC Barcelona Noticias\" \/>\n<meta property=\"article:published_time\" content=\"2022-08-12T16:39:00+00:00\" \/>\n<meta property=\"og:image\" content=\"https:\/\/www.fcbarcelonanoticias.com\/en\/wp-content\/uploads\/sites\/2\/2022\/08\/xavi-rueda-deprensa.jpeg\" \/>\n\t<meta property=\"og:image:width\" content=\"1300\" \/>\n\t<meta property=\"og:image:height\" content=\"730\" \/>\n\t<meta property=\"og:image:type\" content=\"image\/jpeg\" \/>\n<meta name=\"author\" content=\"Paola Guevara\" \/>\n<meta name=\"twitter:card\" content=\"summary_large_image\" \/>\n<meta name=\"twitter:label1\" content=\"Written by\" \/>\n\t<meta name=\"twitter:data1\" content=\"Paola Guevara\" \/>\n\t<meta name=\"twitter:label2\" content=\"Est. reading time\" \/>\n\t<meta name=\"twitter:data2\" content=\"2 minutes\" \/>\n<script type=\"application\/ld+json\" class=\"yoast-schema-graph\">{\"@context\":\"https:\\\/\\\/schema.org\",\"@graph\":[{\"@type\":\"Article\",\"@id\":\"https:\\\/\\\/www.fcbarcelonanoticias.com\\\/en\\\/fc-barcelona\\\/xavi-hernandez-does-not-ensure-the-continuity-of-aubameyang-and-of-jong-in-the-barca_283168_102.html#article\",\"isPartOf\":{\"@id\":\"https:\\\/\\\/www.fcbarcelonanoticias.com\\\/en\\\/fc-barcelona\\\/xavi-hernandez-does-not-ensure-the-continuity-of-aubameyang-and-of-jong-in-the-barca_283168_102.html\"},\"author\":{\"name\":\"Paola Guevara\",\"@id\":\"https:\\\/\\\/www.fcbarcelonanoticias.com\\\/en\\\/#\\\/schema\\\/person\\\/3b408513ee236e64c3043ec901f019ee\"},\"headline\":\"Xavi Hern\u00e1ndez does not ensure the continuity of Aubameyang and De Jong at Bar\u00e7a\",\"datePublished\":\"2022-08-12T16:39:00+00:00\",\"mainEntityOfPage\":{\"@id\":\"https:\\\/\\\/www.fcbarcelonanoticias.com\\\/en\\\/fc-barcelona\\\/xavi-hernandez-does-not-ensure-the-continuity-of-aubameyang-and-of-jong-in-the-barca_283168_102.html\"},\"wordCount\":441,\"image\":{\"@id\":\"https:\\\/\\\/www.fcbarcelonanoticias.com\\\/en\\\/fc-barcelona\\\/xavi-hernandez-does-not-ensure-the-continuity-of-aubameyang-and-of-jong-in-the-barca_283168_102.html#primaryimage\"},\"thumbnailUrl\":\"https:\\\/\\\/www.fcbarcelonanoticias.com\\\/en\\\/wp-content\\\/uploads\\\/sites\\\/2\\\/2022\\\/08\\\/xavi-rueda-deprensa.jpeg\",\"keywords\":[\"Aubameyang\"],\"articleSection\":[\"FC Barcelona\"],\"inLanguage\":\"en-US\"},{\"@type\":\"WebPage\",\"@id\":\"https:\\\/\\\/www.fcbarcelonanoticias.com\\\/en\\\/fc-barcelona\\\/xavi-hernandez-does-not-ensure-the-continuity-of-aubameyang-and-of-jong-in-the-barca_283168_102.html\",\"url\":\"https:\\\/\\\/www.fcbarcelonanoticias.com\\\/en\\\/fc-barcelona\\\/xavi-hernandez-does-not-ensure-the-continuity-of-aubameyang-and-of-jong-in-the-barca_283168_102.html\",\"name\":\"Xavi Hern\u00e1ndez does not ensure the continuity of Aubameyang and Of Jong in the Bar\u00e7a\",\"isPartOf\":{\"@id\":\"https:\\\/\\\/www.fcbarcelonanoticias.com\\\/en\\\/#website\"},\"primaryImageOfPage\":{\"@id\":\"https:\\\/\\\/www.fcbarcelonanoticias.com\\\/en\\\/fc-barcelona\\\/xavi-hernandez-does-not-ensure-the-continuity-of-aubameyang-and-of-jong-in-the-barca_283168_102.html#primaryimage\"},\"image\":{\"@id\":\"https:\\\/\\\/www.fcbarcelonanoticias.com\\\/en\\\/fc-barcelona\\\/xavi-hernandez-does-not-ensure-the-continuity-of-aubameyang-and-of-jong-in-the-barca_283168_102.html#primaryimage\"},\"thumbnailUrl\":\"https:\\\/\\\/www.fcbarcelonanoticias.com\\\/en\\\/wp-content\\\/uploads\\\/sites\\\/2\\\/2022\\\/08\\\/xavi-rueda-deprensa.jpeg\",\"datePublished\":\"2022-08-12T16:39:00+00:00\",\"author\":{\"@id\":\"https:\\\/\\\/www.fcbarcelonanoticias.com\\\/en\\\/#\\\/schema\\\/person\\\/3b408513ee236e64c3043ec901f019ee\"},\"description\":\"The trainer of the FC Barcelona, Xavi Hern\u00e1ndez, has spoken on the future of Pierre-Emerick Aubameyang and Frenkie of Jong, those who could be in the ramp...\",\"breadcrumb\":{\"@id\":\"https:\\\/\\\/www.fcbarcelonanoticias.com\\\/en\\\/fc-barcelona\\\/xavi-hernandez-does-not-ensure-the-continuity-of-aubameyang-and-of-jong-in-the-barca_283168_102.html#breadcrumb\"},\"inLanguage\":\"en-US\",\"potentialAction\":[{\"@type\":\"ReadAction\",\"target\":[\"https:\\\/\\\/www.fcbarcelonanoticias.com\\\/en\\\/fc-barcelona\\\/xavi-hernandez-does-not-ensure-the-continuity-of-aubameyang-and-of-jong-in-the-barca_283168_102.html\"]}]},{\"@type\":\"ImageObject\",\"inLanguage\":\"en-US\",\"@id\":\"https:\\\/\\\/www.fcbarcelonanoticias.com\\\/en\\\/fc-barcelona\\\/xavi-hernandez-does-not-ensure-the-continuity-of-aubameyang-and-of-jong-in-the-barca_283168_102.html#primaryimage\",\"url\":\"https:\\\/\\\/www.fcbarcelonanoticias.com\\\/en\\\/wp-content\\\/uploads\\\/sites\\\/2\\\/2022\\\/08\\\/xavi-rueda-deprensa.jpeg\",\"contentUrl\":\"https:\\\/\\\/www.fcbarcelonanoticias.com\\\/en\\\/wp-content\\\/uploads\\\/sites\\\/2\\\/2022\\\/08\\\/xavi-rueda-deprensa.jpeg\",\"width\":1300,\"height\":730},{\"@type\":\"BreadcrumbList\",\"@id\":\"https:\\\/\\\/www.fcbarcelonanoticias.com\\\/en\\\/fc-barcelona\\\/xavi-hernandez-does-not-ensure-the-continuity-of-aubameyang-and-of-jong-in-the-barca_283168_102.html#breadcrumb\",\"itemListElement\":[{\"@type\":\"ListItem\",\"position\":1,\"name\":\"Portada\",\"item\":\"https:\\\/\\\/www.fcbarcelonanoticias.com\\\/en\\\/\"},{\"@type\":\"ListItem\",\"position\":2,\"name\":\"Xavi Hern\u00e1ndez does not ensure the continuity of Aubameyang and De Jong at Bar\u00e7a\"}]},{\"@type\":\"WebSite\",\"@id\":\"https:\\\/\\\/www.fcbarcelonanoticias.com\\\/en\\\/#website\",\"url\":\"https:\\\/\\\/www.fcbarcelonanoticias.com\\\/en\\\/\",\"name\":\"EN - FC Barcelona Noticias\",\"description\":\"\",\"potentialAction\":[{\"@type\":\"SearchAction\",\"target\":{\"@type\":\"EntryPoint\",\"urlTemplate\":\"https:\\\/\\\/www.fcbarcelonanoticias.com\\\/en\\\/?s={search_term_string}\"},\"query-input\":{\"@type\":\"PropertyValueSpecification\",\"valueRequired\":true,\"valueName\":\"search_term_string\"}}],\"inLanguage\":\"en-US\"},{\"@type\":\"Person\",\"@id\":\"https:\\\/\\\/www.fcbarcelonanoticias.com\\\/en\\\/#\\\/schema\\\/person\\\/3b408513ee236e64c3043ec901f019ee\",\"name\":\"Paola Guevara\",\"image\":{\"@type\":\"ImageObject\",\"inLanguage\":\"en-US\",\"@id\":\"https:\\\/\\\/secure.gravatar.com\\\/avatar\\\/?s=96&d=mm&r=g\",\"url\":\"https:\\\/\\\/secure.gravatar.com\\\/avatar\\\/?s=96&d=mm&r=g\",\"contentUrl\":\"https:\\\/\\\/secure.gravatar.com\\\/avatar\\\/?s=96&d=mm&r=g\",\"caption\":\"Paola Guevara\"},\"url\":\"https:\\\/\\\/www.fcbarcelonanoticias.com\\\/en\\\/fc-barcelona\\\/paola-guevara_9_115.html\"}]}<\/script>\n<!-- \/ Yoast SEO plugin. -->","yoast_head_json":{"title":"Xavi Hern\u00e1ndez does not ensure the continuity of Aubameyang and Of Jong in the Bar\u00e7a","description":"The trainer of the FC Barcelona, Xavi Hern\u00e1ndez, has spoken on the future of Pierre-Emerick Aubameyang and Frenkie of Jong, those who could be in the ramp...","robots":{"index":"index","follow":"follow","max-snippet":"max-snippet:-1","max-image-preview":"max-image-preview:large","max-video-preview":"max-video-preview:-1"},"canonical":"https:\/\/www.fcbarcelonanoticias.com\/en\/fc-barcelona\/xavi-hernandez-does-not-ensure-the-continuity-of-aubameyang-and-of-jong-in-the-barca_283168_102.html","og_locale":"en_US","og_type":"article","og_title":"Xavi Hern\u00e1ndez does not ensure the continuity of Aubameyang and Of Jong in the Bar\u00e7a","og_description":"The trainer of the FC Barcelona, Xavi Hern\u00e1ndez, has spoken on the future of Pierre-Emerick Aubameyang and Frenkie of Jong, those who could be in the ramp...","og_url":"https:\/\/www.fcbarcelonanoticias.com\/en\/fc-barcelona\/xavi-hernandez-does-not-ensure-the-continuity-of-aubameyang-and-of-jong-in-the-barca_283168_102.html","og_site_name":"EN - FC Barcelona Noticias","article_published_time":"2022-08-12T16:39:00+00:00","og_image":[{"width":1300,"height":730,"url":"https:\/\/www.fcbarcelonanoticias.com\/en\/wp-content\/uploads\/sites\/2\/2022\/08\/xavi-rueda-deprensa.jpeg","type":"image\/jpeg"}],"author":"Paola Guevara","twitter_card":"summary_large_image","twitter_misc":{"Written by":"Paola Guevara","Est. reading time":"2 minutes"},"schema":{"@context":"https:\/\/schema.org","@graph":[{"@type":"Article","@id":"https:\/\/www.fcbarcelonanoticias.com\/en\/fc-barcelona\/xavi-hernandez-does-not-ensure-the-continuity-of-aubameyang-and-of-jong-in-the-barca_283168_102.html#article","isPartOf":{"@id":"https:\/\/www.fcbarcelonanoticias.com\/en\/fc-barcelona\/xavi-hernandez-does-not-ensure-the-continuity-of-aubameyang-and-of-jong-in-the-barca_283168_102.html"},"author":{"name":"Paola Guevara","@id":"https:\/\/www.fcbarcelonanoticias.com\/en\/#\/schema\/person\/3b408513ee236e64c3043ec901f019ee"},"headline":"Xavi Hern\u00e1ndez does not ensure the continuity of Aubameyang and De Jong at Bar\u00e7a","datePublished":"2022-08-12T16:39:00+00:00","mainEntityOfPage":{"@id":"https:\/\/www.fcbarcelonanoticias.com\/en\/fc-barcelona\/xavi-hernandez-does-not-ensure-the-continuity-of-aubameyang-and-of-jong-in-the-barca_283168_102.html"},"wordCount":441,"image":{"@id":"https:\/\/www.fcbarcelonanoticias.com\/en\/fc-barcelona\/xavi-hernandez-does-not-ensure-the-continuity-of-aubameyang-and-of-jong-in-the-barca_283168_102.html#primaryimage"},"thumbnailUrl":"https:\/\/www.fcbarcelonanoticias.com\/en\/wp-content\/uploads\/sites\/2\/2022\/08\/xavi-rueda-deprensa.jpeg","keywords":["Aubameyang"],"articleSection":["FC Barcelona"],"inLanguage":"en-US"},{"@type":"WebPage","@id":"https:\/\/www.fcbarcelonanoticias.com\/en\/fc-barcelona\/xavi-hernandez-does-not-ensure-the-continuity-of-aubameyang-and-of-jong-in-the-barca_283168_102.html","url":"https:\/\/www.fcbarcelonanoticias.com\/en\/fc-barcelona\/xavi-hernandez-does-not-ensure-the-continuity-of-aubameyang-and-of-jong-in-the-barca_283168_102.html","name":"Xavi Hern\u00e1ndez does not ensure the continuity of Aubameyang and Of Jong in the Bar\u00e7a","isPartOf":{"@id":"https:\/\/www.fcbarcelonanoticias.com\/en\/#website"},"primaryImageOfPage":{"@id":"https:\/\/www.fcbarcelonanoticias.com\/en\/fc-barcelona\/xavi-hernandez-does-not-ensure-the-continuity-of-aubameyang-and-of-jong-in-the-barca_283168_102.html#primaryimage"},"image":{"@id":"https:\/\/www.fcbarcelonanoticias.com\/en\/fc-barcelona\/xavi-hernandez-does-not-ensure-the-continuity-of-aubameyang-and-of-jong-in-the-barca_283168_102.html#primaryimage"},"thumbnailUrl":"https:\/\/www.fcbarcelonanoticias.com\/en\/wp-content\/uploads\/sites\/2\/2022\/08\/xavi-rueda-deprensa.jpeg","datePublished":"2022-08-12T16:39:00+00:00","author":{"@id":"https:\/\/www.fcbarcelonanoticias.com\/en\/#\/schema\/person\/3b408513ee236e64c3043ec901f019ee"},"description":"The trainer of the FC Barcelona, Xavi Hern\u00e1ndez, has spoken on the future of Pierre-Emerick Aubameyang and Frenkie of Jong, those who could be in the ramp...","breadcrumb":{"@id":"https:\/\/www.fcbarcelonanoticias.com\/en\/fc-barcelona\/xavi-hernandez-does-not-ensure-the-continuity-of-aubameyang-and-of-jong-in-the-barca_283168_102.html#breadcrumb"},"inLanguage":"en-US","potentialAction":[{"@type":"ReadAction","target":["https:\/\/www.fcbarcelonanoticias.com\/en\/fc-barcelona\/xavi-hernandez-does-not-ensure-the-continuity-of-aubameyang-and-of-jong-in-the-barca_283168_102.html"]}]},{"@type":"ImageObject","inLanguage":"en-US","@id":"https:\/\/www.fcbarcelonanoticias.com\/en\/fc-barcelona\/xavi-hernandez-does-not-ensure-the-continuity-of-aubameyang-and-of-jong-in-the-barca_283168_102.html#primaryimage","url":"https:\/\/www.fcbarcelonanoticias.com\/en\/wp-content\/uploads\/sites\/2\/2022\/08\/xavi-rueda-deprensa.jpeg","contentUrl":"https:\/\/www.fcbarcelonanoticias.com\/en\/wp-content\/uploads\/sites\/2\/2022\/08\/xavi-rueda-deprensa.jpeg","width":1300,"height":730},{"@type":"BreadcrumbList","@id":"https:\/\/www.fcbarcelonanoticias.com\/en\/fc-barcelona\/xavi-hernandez-does-not-ensure-the-continuity-of-aubameyang-and-of-jong-in-the-barca_283168_102.html#breadcrumb","itemListElement":[{"@type":"ListItem","position":1,"name":"Portada","item":"https:\/\/www.fcbarcelonanoticias.com\/en\/"},{"@type":"ListItem","position":2,"name":"Xavi Hern\u00e1ndez does not ensure the continuity of Aubameyang and De Jong at Bar\u00e7a"}]},{"@type":"WebSite","@id":"https:\/\/www.fcbarcelonanoticias.com\/en\/#website","url":"https:\/\/www.fcbarcelonanoticias.com\/en\/","name":"EN - FC Barcelona Noticias","description":"","potentialAction":[{"@type":"SearchAction","target":{"@type":"EntryPoint","urlTemplate":"https:\/\/www.fcbarcelonanoticias.com\/en\/?s={search_term_string}"},"query-input":{"@type":"PropertyValueSpecification","valueRequired":true,"valueName":"search_term_string"}}],"inLanguage":"en-US"},{"@type":"Person","@id":"https:\/\/www.fcbarcelonanoticias.com\/en\/#\/schema\/person\/3b408513ee236e64c3043ec901f019ee","name":"Paola Guevara","image":{"@type":"ImageObject","inLanguage":"en-US","@id":"https:\/\/secure.gravatar.com\/avatar\/?s=96&d=mm&r=g","url":"https:\/\/secure.gravatar.com\/avatar\/?s=96&d=mm&r=g","contentUrl":"https:\/\/secure.gravatar.com\/avatar\/?s=96&d=mm&r=g","caption":"Paola Guevara"},"url":"https:\/\/www.fcbarcelonanoticias.com\/en\/fc-barcelona\/paola-guevara_9_115.html"}]}},"_links":{"self":[{"href":"https:\/\/www.fcbarcelonanoticias.com\/en\/wp-json\/wp\/v2\/posts\/37573","targetHints":{"allow":["GET"]}}],"collection":[{"href":"https:\/\/www.fcbarcelonanoticias.com\/en\/wp-json\/wp\/v2\/posts"}],"about":[{"href":"https:\/\/www.fcbarcelonanoticias.com\/en\/wp-json\/wp\/v2\/types\/post"}],"author":[{"embeddable":true,"href":"https:\/\/www.fcbarcelonanoticias.com\/en\/wp-json\/wp\/v2\/users\/352"}],"replies":[{"embeddable":true,"href":"https:\/\/www.fcbarcelonanoticias.com\/en\/wp-json\/wp\/v2\/comments?post=37573"}],"version-history":[{"count":1,"href":"https:\/\/www.fcbarcelonanoticias.com\/en\/wp-json\/wp\/v2\/posts\/37573\/revisions"}],"predecessor-version":[{"id":110802,"href":"https:\/\/www.fcbarcelonanoticias.com\/en\/wp-json\/wp\/v2\/posts\/37573\/revisions\/110802"}],"wp:featuredmedia":[{"embeddable":true,"href":"https:\/\/www.fcbarcelonanoticias.com\/en\/wp-json\/wp\/v2\/media\/37574"}],"wp:attachment":[{"href":"https:\/\/www.fcbarcelonanoticias.com\/en\/wp-json\/wp\/v2\/media?parent=37573"}],"wp:term":[{"taxonomy":"category","embeddable":true,"href":"https:\/\/www.fcbarcelonanoticias.com\/en\/wp-json\/wp\/v2\/categories?post=37573"},{"taxonomy":"post_tag","embeddable":true,"href":"https:\/\/www.fcbarcelonanoticias.com\/en\/wp-json\/wp\/v2\/tags?post=37573"}],"curies":[{"name":"wp","href":"https:\/\/api.w.org\/{rel}","templated":true}]}}