{"id":37594,"date":"2022-06-30T02:15:00","date_gmt":"2022-06-30T00:15:00","guid":{"rendered":"https:\/\/weisetech.dev\/fc-barcelona-noticias\/en\/xavi-confirms-his-first-descartes-to-week-of-inic_281729_102\/"},"modified":"2022-06-30T02:15:00","modified_gmt":"2022-06-30T00:15:00","slug":"xavi-confirms-his-first-descartes-to-week-of-inic_281729_102","status":"publish","type":"post","link":"https:\/\/www.fcbarcelonanoticias.com\/en\/fc-barcelona\/xavi-confirms-his-first-descartes-to-week-of-inic_281729_102.html","title":{"rendered":"Xavi confirms his first discards a week before starting the preseason"},"content":{"rendered":"<h2 class=\"wp-block-heading\">El FC Barcelona comenzar\u00e1 la pretemporada 2022 el pr\u00f3ximo lunes 4 de julio. Antes de la vuelta oficial al trabajo, Xavi Hern\u00e1ndez ha desconvocado a tres jugadores de la plantilla para la primera semana de entrenamientos, dando margen para su salida<\/h2>  \r\n<div class=\"article-addons\">\r\n    <a href=\"https:\/\/www.fcbarcelonanoticias.com\/en\/calendar-fc-barcelona.html\"\r\n       target=\"_self\"\r\n       title=\"Calendar of FC Barcelona\"\r\n       class=\"blue-gredient-btn\">\r\n       \r\n        Calendar of FC Barcelona    <\/a>\r\n<\/div>   <p>Xavi Hern\u00e1ndez wants to define the staff of the 2022-23 the before possible. As it confirmed &#8216;Sportive World&#8217;, to few days of the beginning of the pre-season of the FC Barcelona,<strong> the technician egarense has communicated to <a data-external=\"0\" data-intl-links-en=\"https:\/\/www.fcbarcelonanoticias.com\/en\/transfers\/the-firorentina-works-by-the-cession-of-samuel-umtiti_281615_102.html\" data-intl-links-es=\"https:\/\/www.fcbarcelonanoticias.com\/fichajes\/firorentina-trabaja-por-cesion-samuel-umtiti_281615_102.html\" href=\"https:\/\/www.fcbarcelonanoticias.com\/en\/transfers\/the-firorentina-works-by-the-cession-of-samuel-umtiti_281615_102.html\" rel=\"follow\" target=\"_self\" title=\"La Firorentina trabaja por la cesi\u00f3n de Samuel Umtiti\">Samuel Umtit<\/a>i, \u00d3scar Mingueza and Riqui Puig that they will not have to add to the trainings next Monday 4 July<\/strong>, giving them a week more than holidays so that resulevan his exit of the club. If his situation does not resolve in the shortness, is possible that these three players neither travel to turns it in the United States.<\/p>  <p>In this sense, <strong>Xavi does not want to feed false hopes with the descartes fixed<\/strong>. The directive already has left clear that the mission is to debug the staff and go down mass salarial, by what if some player tries to block his exit will finish receiving his letter of freedom. Thus, <strong>the three first desconvocados already have received the first called of attention<\/strong> and are forced to find team what before.<\/p>  <p><strong>Umtiti Is in negotiations with the Fiorentina and the <a data-external=\"0\" data-intl-links-en=\"https:\/\/www.fcbarcelonanoticias.com\/en\/transfers\/barcelona-does-not-give-up-with-raphinha-again-meet-with-deco_281714_102.html\" data-intl-links-es=\"https:\/\/www.fcbarcelonanoticias.com\/fichajes\/barcelona-no-se-da-por-vencido-con-raphinha-vuelve-reunirse-con-deco_281714_102.html\" href=\"https:\/\/www.fcbarcelonanoticias.com\/en\/transfers\/barcelona-does-not-give-up-with-raphinha-again-meet-with-deco_281714_102.html\" rel=\"follow\" target=\"_self\" title=\"El Bar\u00e7a no se da por vencido con Raphinha y vuelve a reunirse con Deco\">Bar\u00e7a<\/a> expects to close his cession this same week.<\/strong> Nevertheless, the wage of the French has complicated the negotiations, since the violet group is not had to pay the 4 million net euros that invoices the central. At most, the Italians would do charge of the half of the index card of the Frenchman, an option that does not convince to the managerial cul\u00e9.<\/p>  <p>By his part, <strong>Mingueza has sounded like possible reinforcement for the Celtic, the Elche and the Getafe<\/strong>, but up to now there is not any formal offer by his traspaso. The one of Santa Perpetua of Moguda has agreement until June of 2023 and could go out by a mount near to the 5 million euros. Finally, <strong>Riqui Puig has options to leave to the Lazio<\/strong>, club that looks for an offensive midfield player. Valencia also has asked after the canterano, although it would prioritise a loan.<\/p>  <h3>Braithwaite Will run the same luck<\/h3>  <p>Another of the &#8216;sentenced&#8217; of Xavi is Martin Braithwaite. <strong>The Danish, to the equal that the rest of international of the Bar\u00e7a, will add to the pre-season on 11 July<\/strong>, but is very likely that the technician egarense apply the same strategy that with Riqui Puig, Mingueza and Umtiti with the forward, by the one who neither there are offers up to now. The &#8217;12&#8217; is the one who has it more complicated to go out, since practically it did not play in the 2021-22.<\/p> ","protected":false},"excerpt":{"rendered":"<p>El FC Barcelona comenzar\u00e1 la pretemporada 2022 el pr\u00f3ximo lunes 4 de julio. Antes de la vuelta oficial al trabajo, Xavi Hern\u00e1ndez ha desconvocado a tres jugadores de la plantilla para la primera semana de entrenamientos, dando margen para su salida Xavi Hern\u00e1ndez wants to define the staff of the 2022-23 the before possible. As [&hellip;]<\/p>\n","protected":false},"author":347,"featured_media":37595,"comment_status":"closed","ping_status":"open","sticky":false,"template":"","format":"standard","meta":{"_acf_changed":false,"inline_featured_image":false,"_nextfly_llmd_date_locked":false,"footnotes":""},"categories":[111],"tags":[352,346,309,48],"class_list":["post-37594","post","type-post","status-publish","format-standard","has-post-thumbnail","hentry","category-fc-barcelona","tag-mingueza","tag-riqui-puig","tag-samuel-umtiti","tag-xavi-hernandez"],"acf":[],"yoast_head":"<!-- This site is optimized with the Yoast SEO plugin v27.3 - https:\/\/yoast.com\/product\/yoast-seo-wordpress\/ -->\n<title>Xavi confirms his first discards a week before starting the preseason<\/title>\n<meta name=\"description\" content=\"The FC Barcelona will begin the pre-season 2022 next Monday 4 July. Before the official turn to the work, Xavi Hern\u00e1ndez has desconvocado to three juga...\" \/>\n<meta name=\"robots\" content=\"index, follow, max-snippet:-1, max-image-preview:large, max-video-preview:-1\" \/>\n<link rel=\"canonical\" href=\"https:\/\/www.fcbarcelonanoticias.com\/en\/fc-barcelona\/xavi-confirms-his-first-descartes-to-week-of-inic_281729_102.html\" \/>\n<meta property=\"og:locale\" content=\"en_US\" \/>\n<meta property=\"og:type\" content=\"article\" \/>\n<meta property=\"og:title\" content=\"Xavi confirms his first discards a week before starting the preseason\" \/>\n<meta property=\"og:description\" content=\"The FC Barcelona will begin the pre-season 2022 next Monday 4 July. Before the official turn to the work, Xavi Hern\u00e1ndez has desconvocado to three juga...\" \/>\n<meta property=\"og:url\" content=\"https:\/\/www.fcbarcelonanoticias.com\/en\/fc-barcelona\/xavi-confirms-his-first-descartes-to-week-of-inic_281729_102.html\" \/>\n<meta property=\"og:site_name\" content=\"EN - FC Barcelona Noticias\" \/>\n<meta property=\"article:published_time\" content=\"2022-06-30T00:15:00+00:00\" \/>\n<meta property=\"og:image\" content=\"https:\/\/www.fcbarcelonanoticias.com\/en\/wp-content\/uploads\/sites\/2\/2022\/06\/mingueza-lenglet-umtiti-entrenando.jpeg\" \/>\n\t<meta property=\"og:image:width\" content=\"1300\" \/>\n\t<meta property=\"og:image:height\" content=\"732\" \/>\n\t<meta property=\"og:image:type\" content=\"image\/jpeg\" \/>\n<meta name=\"author\" content=\"Andr\u00e9s Quiroz\" \/>\n<meta name=\"twitter:card\" content=\"summary_large_image\" \/>\n<meta name=\"twitter:label1\" content=\"Written by\" \/>\n\t<meta name=\"twitter:data1\" content=\"Andr\u00e9s Quiroz\" \/>\n\t<meta name=\"twitter:label2\" content=\"Est. reading time\" \/>\n\t<meta name=\"twitter:data2\" content=\"2 minutes\" \/>\n<script type=\"application\/ld+json\" class=\"yoast-schema-graph\">{\"@context\":\"https:\\\/\\\/schema.org\",\"@graph\":[{\"@type\":\"Article\",\"@id\":\"https:\\\/\\\/www.fcbarcelonanoticias.com\\\/en\\\/fc-barcelona\\\/xavi-confirms-his-first-descartes-to-week-of-inic_281729_102.html#article\",\"isPartOf\":{\"@id\":\"https:\\\/\\\/www.fcbarcelonanoticias.com\\\/en\\\/fc-barcelona\\\/xavi-confirms-his-first-descartes-to-week-of-inic_281729_102.html\"},\"author\":{\"name\":\"Andr\u00e9s Quiroz\",\"@id\":\"https:\\\/\\\/www.fcbarcelonanoticias.com\\\/en\\\/#\\\/schema\\\/person\\\/c2cd9f6fa1af5c0d0eccd0fefa575c88\"},\"headline\":\"Xavi confirms his first discards a week before starting the preseason\",\"datePublished\":\"2022-06-30T00:15:00+00:00\",\"mainEntityOfPage\":{\"@id\":\"https:\\\/\\\/www.fcbarcelonanoticias.com\\\/en\\\/fc-barcelona\\\/xavi-confirms-his-first-descartes-to-week-of-inic_281729_102.html\"},\"wordCount\":469,\"image\":{\"@id\":\"https:\\\/\\\/www.fcbarcelonanoticias.com\\\/en\\\/fc-barcelona\\\/xavi-confirms-his-first-descartes-to-week-of-inic_281729_102.html#primaryimage\"},\"thumbnailUrl\":\"https:\\\/\\\/www.fcbarcelonanoticias.com\\\/en\\\/wp-content\\\/uploads\\\/sites\\\/2\\\/2022\\\/06\\\/mingueza-lenglet-umtiti-entrenando.jpeg\",\"keywords\":[\"Mingueza\",\"Riqui Puig\",\"Samuel Umtiti\",\"Xavi Hern\u00e1ndez\"],\"articleSection\":[\"FC Barcelona\"],\"inLanguage\":\"en-US\"},{\"@type\":\"WebPage\",\"@id\":\"https:\\\/\\\/www.fcbarcelonanoticias.com\\\/en\\\/fc-barcelona\\\/xavi-confirms-his-first-descartes-to-week-of-inic_281729_102.html\",\"url\":\"https:\\\/\\\/www.fcbarcelonanoticias.com\\\/en\\\/fc-barcelona\\\/xavi-confirms-his-first-descartes-to-week-of-inic_281729_102.html\",\"name\":\"Xavi confirms his first discards a week before starting the preseason\",\"isPartOf\":{\"@id\":\"https:\\\/\\\/www.fcbarcelonanoticias.com\\\/en\\\/#website\"},\"primaryImageOfPage\":{\"@id\":\"https:\\\/\\\/www.fcbarcelonanoticias.com\\\/en\\\/fc-barcelona\\\/xavi-confirms-his-first-descartes-to-week-of-inic_281729_102.html#primaryimage\"},\"image\":{\"@id\":\"https:\\\/\\\/www.fcbarcelonanoticias.com\\\/en\\\/fc-barcelona\\\/xavi-confirms-his-first-descartes-to-week-of-inic_281729_102.html#primaryimage\"},\"thumbnailUrl\":\"https:\\\/\\\/www.fcbarcelonanoticias.com\\\/en\\\/wp-content\\\/uploads\\\/sites\\\/2\\\/2022\\\/06\\\/mingueza-lenglet-umtiti-entrenando.jpeg\",\"datePublished\":\"2022-06-30T00:15:00+00:00\",\"author\":{\"@id\":\"https:\\\/\\\/www.fcbarcelonanoticias.com\\\/en\\\/#\\\/schema\\\/person\\\/c2cd9f6fa1af5c0d0eccd0fefa575c88\"},\"description\":\"The FC Barcelona will begin the pre-season 2022 next Monday 4 July. Before the official turn to the work, Xavi Hern\u00e1ndez has desconvocado to three juga...\",\"breadcrumb\":{\"@id\":\"https:\\\/\\\/www.fcbarcelonanoticias.com\\\/en\\\/fc-barcelona\\\/xavi-confirms-his-first-descartes-to-week-of-inic_281729_102.html#breadcrumb\"},\"inLanguage\":\"en-US\",\"potentialAction\":[{\"@type\":\"ReadAction\",\"target\":[\"https:\\\/\\\/www.fcbarcelonanoticias.com\\\/en\\\/fc-barcelona\\\/xavi-confirms-his-first-descartes-to-week-of-inic_281729_102.html\"]}]},{\"@type\":\"ImageObject\",\"inLanguage\":\"en-US\",\"@id\":\"https:\\\/\\\/www.fcbarcelonanoticias.com\\\/en\\\/fc-barcelona\\\/xavi-confirms-his-first-descartes-to-week-of-inic_281729_102.html#primaryimage\",\"url\":\"https:\\\/\\\/www.fcbarcelonanoticias.com\\\/en\\\/wp-content\\\/uploads\\\/sites\\\/2\\\/2022\\\/06\\\/mingueza-lenglet-umtiti-entrenando.jpeg\",\"contentUrl\":\"https:\\\/\\\/www.fcbarcelonanoticias.com\\\/en\\\/wp-content\\\/uploads\\\/sites\\\/2\\\/2022\\\/06\\\/mingueza-lenglet-umtiti-entrenando.jpeg\",\"width\":1300,\"height\":732},{\"@type\":\"BreadcrumbList\",\"@id\":\"https:\\\/\\\/www.fcbarcelonanoticias.com\\\/en\\\/fc-barcelona\\\/xavi-confirms-his-first-descartes-to-week-of-inic_281729_102.html#breadcrumb\",\"itemListElement\":[{\"@type\":\"ListItem\",\"position\":1,\"name\":\"Portada\",\"item\":\"https:\\\/\\\/www.fcbarcelonanoticias.com\\\/en\\\/\"},{\"@type\":\"ListItem\",\"position\":2,\"name\":\"Xavi confirms his first discards a week before starting the preseason\"}]},{\"@type\":\"WebSite\",\"@id\":\"https:\\\/\\\/www.fcbarcelonanoticias.com\\\/en\\\/#website\",\"url\":\"https:\\\/\\\/www.fcbarcelonanoticias.com\\\/en\\\/\",\"name\":\"EN - FC Barcelona Noticias\",\"description\":\"\",\"potentialAction\":[{\"@type\":\"SearchAction\",\"target\":{\"@type\":\"EntryPoint\",\"urlTemplate\":\"https:\\\/\\\/www.fcbarcelonanoticias.com\\\/en\\\/?s={search_term_string}\"},\"query-input\":{\"@type\":\"PropertyValueSpecification\",\"valueRequired\":true,\"valueName\":\"search_term_string\"}}],\"inLanguage\":\"en-US\"},{\"@type\":\"Person\",\"@id\":\"https:\\\/\\\/www.fcbarcelonanoticias.com\\\/en\\\/#\\\/schema\\\/person\\\/c2cd9f6fa1af5c0d0eccd0fefa575c88\",\"name\":\"Andr\u00e9s Quiroz\",\"image\":{\"@type\":\"ImageObject\",\"inLanguage\":\"en-US\",\"@id\":\"https:\\\/\\\/secure.gravatar.com\\\/avatar\\\/?s=96&d=mm&r=g\",\"url\":\"https:\\\/\\\/secure.gravatar.com\\\/avatar\\\/?s=96&d=mm&r=g\",\"contentUrl\":\"https:\\\/\\\/secure.gravatar.com\\\/avatar\\\/?s=96&d=mm&r=g\",\"caption\":\"Andr\u00e9s Quiroz\"},\"description\":\"Licenciado en Periodismo por la Universidad de los Andes. Me encargo de analizar y compartir los contenidos m\u00e1s destacados de la\u00a0actualidad del F\u00fatbol Club Barcelona, Mercado de Fichajes y F\u00fatbol Internacional en FCBN. La informaci\u00f3n es poder, pero tambi\u00e9n conocimiento.\",\"url\":\"https:\\\/\\\/www.fcbarcelonanoticias.com\\\/en\\\/fc-barcelona\\\/andres-quiroz_17_115.html\"}]}<\/script>\n<!-- \/ Yoast SEO plugin. -->","yoast_head_json":{"title":"Xavi confirms his first discards a week before starting the preseason","description":"The FC Barcelona will begin the pre-season 2022 next Monday 4 July. Before the official turn to the work, Xavi Hern\u00e1ndez has desconvocado to three juga...","robots":{"index":"index","follow":"follow","max-snippet":"max-snippet:-1","max-image-preview":"max-image-preview:large","max-video-preview":"max-video-preview:-1"},"canonical":"https:\/\/www.fcbarcelonanoticias.com\/en\/fc-barcelona\/xavi-confirms-his-first-descartes-to-week-of-inic_281729_102.html","og_locale":"en_US","og_type":"article","og_title":"Xavi confirms his first discards a week before starting the preseason","og_description":"The FC Barcelona will begin the pre-season 2022 next Monday 4 July. Before the official turn to the work, Xavi Hern\u00e1ndez has desconvocado to three juga...","og_url":"https:\/\/www.fcbarcelonanoticias.com\/en\/fc-barcelona\/xavi-confirms-his-first-descartes-to-week-of-inic_281729_102.html","og_site_name":"EN - FC Barcelona Noticias","article_published_time":"2022-06-30T00:15:00+00:00","og_image":[{"width":1300,"height":732,"url":"https:\/\/www.fcbarcelonanoticias.com\/en\/wp-content\/uploads\/sites\/2\/2022\/06\/mingueza-lenglet-umtiti-entrenando.jpeg","type":"image\/jpeg"}],"author":"Andr\u00e9s Quiroz","twitter_card":"summary_large_image","twitter_misc":{"Written by":"Andr\u00e9s Quiroz","Est. reading time":"2 minutes"},"schema":{"@context":"https:\/\/schema.org","@graph":[{"@type":"Article","@id":"https:\/\/www.fcbarcelonanoticias.com\/en\/fc-barcelona\/xavi-confirms-his-first-descartes-to-week-of-inic_281729_102.html#article","isPartOf":{"@id":"https:\/\/www.fcbarcelonanoticias.com\/en\/fc-barcelona\/xavi-confirms-his-first-descartes-to-week-of-inic_281729_102.html"},"author":{"name":"Andr\u00e9s Quiroz","@id":"https:\/\/www.fcbarcelonanoticias.com\/en\/#\/schema\/person\/c2cd9f6fa1af5c0d0eccd0fefa575c88"},"headline":"Xavi confirms his first discards a week before starting the preseason","datePublished":"2022-06-30T00:15:00+00:00","mainEntityOfPage":{"@id":"https:\/\/www.fcbarcelonanoticias.com\/en\/fc-barcelona\/xavi-confirms-his-first-descartes-to-week-of-inic_281729_102.html"},"wordCount":469,"image":{"@id":"https:\/\/www.fcbarcelonanoticias.com\/en\/fc-barcelona\/xavi-confirms-his-first-descartes-to-week-of-inic_281729_102.html#primaryimage"},"thumbnailUrl":"https:\/\/www.fcbarcelonanoticias.com\/en\/wp-content\/uploads\/sites\/2\/2022\/06\/mingueza-lenglet-umtiti-entrenando.jpeg","keywords":["Mingueza","Riqui Puig","Samuel Umtiti","Xavi Hern\u00e1ndez"],"articleSection":["FC Barcelona"],"inLanguage":"en-US"},{"@type":"WebPage","@id":"https:\/\/www.fcbarcelonanoticias.com\/en\/fc-barcelona\/xavi-confirms-his-first-descartes-to-week-of-inic_281729_102.html","url":"https:\/\/www.fcbarcelonanoticias.com\/en\/fc-barcelona\/xavi-confirms-his-first-descartes-to-week-of-inic_281729_102.html","name":"Xavi confirms his first discards a week before starting the preseason","isPartOf":{"@id":"https:\/\/www.fcbarcelonanoticias.com\/en\/#website"},"primaryImageOfPage":{"@id":"https:\/\/www.fcbarcelonanoticias.com\/en\/fc-barcelona\/xavi-confirms-his-first-descartes-to-week-of-inic_281729_102.html#primaryimage"},"image":{"@id":"https:\/\/www.fcbarcelonanoticias.com\/en\/fc-barcelona\/xavi-confirms-his-first-descartes-to-week-of-inic_281729_102.html#primaryimage"},"thumbnailUrl":"https:\/\/www.fcbarcelonanoticias.com\/en\/wp-content\/uploads\/sites\/2\/2022\/06\/mingueza-lenglet-umtiti-entrenando.jpeg","datePublished":"2022-06-30T00:15:00+00:00","author":{"@id":"https:\/\/www.fcbarcelonanoticias.com\/en\/#\/schema\/person\/c2cd9f6fa1af5c0d0eccd0fefa575c88"},"description":"The FC Barcelona will begin the pre-season 2022 next Monday 4 July. Before the official turn to the work, Xavi Hern\u00e1ndez has desconvocado to three juga...","breadcrumb":{"@id":"https:\/\/www.fcbarcelonanoticias.com\/en\/fc-barcelona\/xavi-confirms-his-first-descartes-to-week-of-inic_281729_102.html#breadcrumb"},"inLanguage":"en-US","potentialAction":[{"@type":"ReadAction","target":["https:\/\/www.fcbarcelonanoticias.com\/en\/fc-barcelona\/xavi-confirms-his-first-descartes-to-week-of-inic_281729_102.html"]}]},{"@type":"ImageObject","inLanguage":"en-US","@id":"https:\/\/www.fcbarcelonanoticias.com\/en\/fc-barcelona\/xavi-confirms-his-first-descartes-to-week-of-inic_281729_102.html#primaryimage","url":"https:\/\/www.fcbarcelonanoticias.com\/en\/wp-content\/uploads\/sites\/2\/2022\/06\/mingueza-lenglet-umtiti-entrenando.jpeg","contentUrl":"https:\/\/www.fcbarcelonanoticias.com\/en\/wp-content\/uploads\/sites\/2\/2022\/06\/mingueza-lenglet-umtiti-entrenando.jpeg","width":1300,"height":732},{"@type":"BreadcrumbList","@id":"https:\/\/www.fcbarcelonanoticias.com\/en\/fc-barcelona\/xavi-confirms-his-first-descartes-to-week-of-inic_281729_102.html#breadcrumb","itemListElement":[{"@type":"ListItem","position":1,"name":"Portada","item":"https:\/\/www.fcbarcelonanoticias.com\/en\/"},{"@type":"ListItem","position":2,"name":"Xavi confirms his first discards a week before starting the preseason"}]},{"@type":"WebSite","@id":"https:\/\/www.fcbarcelonanoticias.com\/en\/#website","url":"https:\/\/www.fcbarcelonanoticias.com\/en\/","name":"EN - FC Barcelona Noticias","description":"","potentialAction":[{"@type":"SearchAction","target":{"@type":"EntryPoint","urlTemplate":"https:\/\/www.fcbarcelonanoticias.com\/en\/?s={search_term_string}"},"query-input":{"@type":"PropertyValueSpecification","valueRequired":true,"valueName":"search_term_string"}}],"inLanguage":"en-US"},{"@type":"Person","@id":"https:\/\/www.fcbarcelonanoticias.com\/en\/#\/schema\/person\/c2cd9f6fa1af5c0d0eccd0fefa575c88","name":"Andr\u00e9s Quiroz","image":{"@type":"ImageObject","inLanguage":"en-US","@id":"https:\/\/secure.gravatar.com\/avatar\/?s=96&d=mm&r=g","url":"https:\/\/secure.gravatar.com\/avatar\/?s=96&d=mm&r=g","contentUrl":"https:\/\/secure.gravatar.com\/avatar\/?s=96&d=mm&r=g","caption":"Andr\u00e9s Quiroz"},"description":"Licenciado en Periodismo por la Universidad de los Andes. Me encargo de analizar y compartir los contenidos m\u00e1s destacados de la\u00a0actualidad del F\u00fatbol Club Barcelona, Mercado de Fichajes y F\u00fatbol Internacional en FCBN. La informaci\u00f3n es poder, pero tambi\u00e9n conocimiento.","url":"https:\/\/www.fcbarcelonanoticias.com\/en\/fc-barcelona\/andres-quiroz_17_115.html"}]}},"_links":{"self":[{"href":"https:\/\/www.fcbarcelonanoticias.com\/en\/wp-json\/wp\/v2\/posts\/37594","targetHints":{"allow":["GET"]}}],"collection":[{"href":"https:\/\/www.fcbarcelonanoticias.com\/en\/wp-json\/wp\/v2\/posts"}],"about":[{"href":"https:\/\/www.fcbarcelonanoticias.com\/en\/wp-json\/wp\/v2\/types\/post"}],"author":[{"embeddable":true,"href":"https:\/\/www.fcbarcelonanoticias.com\/en\/wp-json\/wp\/v2\/users\/347"}],"replies":[{"embeddable":true,"href":"https:\/\/www.fcbarcelonanoticias.com\/en\/wp-json\/wp\/v2\/comments?post=37594"}],"version-history":[{"count":1,"href":"https:\/\/www.fcbarcelonanoticias.com\/en\/wp-json\/wp\/v2\/posts\/37594\/revisions"}],"predecessor-version":[{"id":110785,"href":"https:\/\/www.fcbarcelonanoticias.com\/en\/wp-json\/wp\/v2\/posts\/37594\/revisions\/110785"}],"wp:featuredmedia":[{"embeddable":true,"href":"https:\/\/www.fcbarcelonanoticias.com\/en\/wp-json\/wp\/v2\/media\/37595"}],"wp:attachment":[{"href":"https:\/\/www.fcbarcelonanoticias.com\/en\/wp-json\/wp\/v2\/media?parent=37594"}],"wp:term":[{"taxonomy":"category","embeddable":true,"href":"https:\/\/www.fcbarcelonanoticias.com\/en\/wp-json\/wp\/v2\/categories?post=37594"},{"taxonomy":"post_tag","embeddable":true,"href":"https:\/\/www.fcbarcelonanoticias.com\/en\/wp-json\/wp\/v2\/tags?post=37594"}],"curies":[{"name":"wp","href":"https:\/\/api.w.org\/{rel}","templated":true}]}}