{"id":3768,"date":"2025-11-03T15:47:00","date_gmt":"2025-11-03T14:47:00","guid":{"rendered":"https:\/\/weisetech.dev\/fc-barcelona-noticias\/en\/barcelona-recovers-christensen-for-match-against-bruges_315181_102\/"},"modified":"2025-11-03T15:47:00","modified_gmt":"2025-11-03T14:47:00","slug":"barcelona-recovers-christensen-for-match-against-bruges_315181_102","status":"publish","type":"post","link":"https:\/\/www.fcbarcelonanoticias.com\/en\/champions-league\/barcelona-recovers-christensen-for-match-against-bruges_315181_102.html","title":{"rendered":"Good news: Barcelona recovers Christensen for the match against Bruges"},"content":{"rendered":"<h2 class=\"wp-block-heading\">Bar\u00e7a held a recovery session this Monday after the match against Elche, with their sights set on the visit to Bruges and a medical discharge. Andreas Christensen has returned to training with the group<\/h2>  \r\n<div class=\"article-addons\">\r\n    <a href=\"https:\/\/www.fcbarcelonanoticias.com\/en\/calendar-fc-barcelona.html\"\r\n       target=\"_self\"\r\n       title=\"Calendar of FC Barcelona\"\r\n       class=\"blue-gredient-btn\">\r\n       \r\n        Calendar of FC Barcelona    <\/a>\r\n<\/div>   <p>The <a data-external=\"0\" data-intl-links-en=\"https:\/\/www.fcbarcelonanoticias.com\/en\/fc-barcelona-squad.html\" data-intl-links-es=\"https:\/\/www.fcbarcelonanoticias.com\/jugadores-fcbarcelona.html\" href=\"https:\/\/www.fcbarcelonanoticias.com\/en\/fc-barcelona-squad.html\" rel=\"follow\" target=\"_self\" title=\"Plantilla del FC Barcelona 2025-26\">FC Barcelona squad<\/a> returned to work on Monday with good news. <strong>Andreas Christensen<\/strong>, absent in the last three matches due to physical problems, returned to training with the group and will be available for the visit to <strong>Bruges<\/strong>, this Wednesday, November 5 at 9:00 p.m. for matchday 4 of the league phase of the <strong>UEFA Champions League 2025\/26<\/strong>.<\/p>  <p>The Dane was absent against <strong>Olympiacos <\/strong>due to a viral condition and also missed the <strong>Cl\u00e1sico <\/strong>due to discomfort in his right calf. The defender was unable to train normally last week, and <strong>Hansi Flick<\/strong>, as a precaution, gave him rest against <strong>Elche<\/strong>. With this, Bar\u00e7a had 6 casualties due to injury against the Elche team.<\/p>  <p>The list of absentees, however, will be reduced to 5 players for Matchday 4 of the Champions League. <strong>Christensen has accumulated 338 minutes of action in 9 matches (3 as a starter)<\/strong> this season. Although he remains a regular substitute, Flick considers him a key piece for his rotation plan.<\/p>  <h2>Christensen would play again against Brugge<\/h2>  <p>Barring any surprises, <strong>Pau Cubars\u00ed<\/strong> will return to the center of defense as <strong>Eric Garc\u00eda&#8217;s<\/strong> partner on Wednesday, with <strong>Ronald Araujo<\/strong> and Andreas Christensen waiting for their opportunity on the bench. The &#8216;charr\u00faa&#8217; did not have a good day in his return to the lineup against Elche, while the Dane has not been in the starting XI since September 28, against Real Sociedad.<\/p>  <p>However, the &#8217;15&#8217; could add minutes in the second half, as he did against <strong>Newcastle <\/strong>(20&#8242;) and <strong>PSG <\/strong>(4&#8242;). When he has been available, the Lillerod native has almost always seen action. So far this season, he only didn&#8217;t play against Mallorca and Valencia. Prior to his physical problems, he had entered in the 63rd minute against Girona.<\/p>  <p>Thus, Bar\u00e7a will go to Bruges with 5 confirmed injury absences. <strong>Joan Garc\u00eda<\/strong> and <strong>Raphinha<\/strong> should return after the November break, while <strong>Pedri Gonz\u00e1lez<\/strong> is expected to return at the end of the month or the beginning of December. <strong>Ter Stegen<\/strong> is also aiming for next month to be medically cleared, and <strong>Gavi<\/strong> will be out, at least, until February 2026.<\/p>  <ul> <li>In&nbsp;<strong>FC Barcelona Noticias<\/strong>&nbsp;we tell you every detail of the Bar\u00e7a actualidad and the&nbsp;<strong><a data-external=\"0\" data-intl-links-en=\"https:\/\/www.fcbarcelonanoticias.com\/en\/tags\/injured\" data-intl-links-es=\"https:\/\/www.fcbarcelonanoticias.com\/tags\/lesionados\" href=\"https:\/\/www.fcbarcelonanoticias.com\/en\/tags\/injured.html\" rel=\"follow\" target=\"_self\" title=\"Lesionados\">evolution of all the injured players<\/a><\/strong> <\/li> <\/ul> <h2>Barcelona will travel to Bruges on Tuesday afternoon<\/h2>  <p>For matchday 4 of the Champions League, Barcelona will modify their work plan. Unlike the match against Newcastle, the team will train at the Ciutat Esportiva in St. Joan Desp\u00ed before traveling. In other words, the Blaugrana will not train at the opponent&#8217;s stadium the day before the match, as they did on their visit to St. James&#8217; Park.<\/p>  <p>Tuesday&#8217;s training session is scheduled for 11:00 AM. After lunch, the squad and coaching staff will travel to Belgium. Once at the <strong>Jan Breydel<\/strong> stadium, they will inspect the field and hold the press conference prior to the match scheduled for Wednesday at 9:00 PM CEST.<\/p>  <p>The club will return to Catalonia right after the match, having a day of rest on Thursday. On Friday, at 11:00 a.m., Bar\u00e7a will hold an open training session at the <a data-external=\"0\" data-intl-links-en=\"https:\/\/www.fcbarcelonanoticias.com\/en\/fc-barcelona\/barcelona-plans-to-hold-open-training-session-at-camp-nou_315147_102.html\" data-intl-links-es=\"https:\/\/www.fcbarcelonanoticias.com\/fc-barcelona\/aficion-barcelona-podria-volver-spotify-camp-nou-proxima-semana_315147_102.html\" href=\"https:\/\/www.fcbarcelonanoticias.com\/en\/fc-barcelona\/barcelona-plans-to-hold-open-training-session-at-camp-nou_315147_102.html\" rel=\"follow\" target=\"_self\" title=\"La afici\u00f3n del Bar\u00e7a volver\u00e1 al Spotify Camp Nou la pr\u00f3xima semana\">Spotify Camp Nou<\/a>, in preparation for the match against Celta at Bala\u00eddos next Sunday. 21,000 cul\u00e9s will be able to accompany the team in their first return to the cul\u00e9 temple since May 2023.<\/p> ","protected":false},"excerpt":{"rendered":"<p>Bar\u00e7a held a recovery session this Monday after the match against Elche, with their sights set on the visit to Bruges and a medical discharge. Andreas Christensen has returned to training with the group The FC Barcelona squad returned to work on Monday with good news. Andreas Christensen, absent in the last three matches due [&hellip;]<\/p>\n","protected":false},"author":347,"featured_media":1790,"comment_status":"closed","ping_status":"open","sticky":false,"template":"","format":"standard","meta":{"_acf_changed":false,"inline_featured_image":false,"_nextfly_llmd_date_locked":false,"footnotes":""},"categories":[112,447],"tags":[249,87,136],"class_list":["post-3768","post","type-post","status-publish","format-standard","has-post-thumbnail","hentry","category-champions-league","category-champions-league-2","tag-andreas-christensen","tag-hansi-flick","tag-injured"],"acf":[],"yoast_head":"<!-- This site is optimized with the Yoast SEO plugin v27.3 - https:\/\/yoast.com\/product\/yoast-seo-wordpress\/ -->\n<title>Bar\u00e7a recovers Christensen for the match against Bruges<\/title>\n<meta name=\"description\" content=\"Bar\u00e7a trained on Monday with their sights set on the visit to Bruges and a medical clearance. Andreas Christensen has returned to training with the group\" \/>\n<meta name=\"robots\" content=\"index, follow, max-snippet:-1, max-image-preview:large, max-video-preview:-1\" \/>\n<link rel=\"canonical\" href=\"https:\/\/www.fcbarcelonanoticias.com\/en\/champions-league\/barcelona-recovers-christensen-for-match-against-bruges_315181_102.html\" \/>\n<meta property=\"og:locale\" content=\"en_US\" \/>\n<meta property=\"og:type\" content=\"article\" \/>\n<meta property=\"og:title\" content=\"Bar\u00e7a recovers Christensen for the match against Bruges\" \/>\n<meta property=\"og:description\" content=\"Bar\u00e7a trained on Monday with their sights set on the visit to Bruges and a medical clearance. Andreas Christensen has returned to training with the group\" \/>\n<meta property=\"og:url\" content=\"https:\/\/www.fcbarcelonanoticias.com\/en\/champions-league\/barcelona-recovers-christensen-for-match-against-bruges_315181_102.html\" \/>\n<meta property=\"og:site_name\" content=\"EN - FC Barcelona Noticias\" \/>\n<meta property=\"article:published_time\" content=\"2025-11-03T14:47:00+00:00\" \/>\n<meta property=\"og:image\" content=\"https:\/\/www.fcbarcelonanoticias.com\/en\/wp-content\/uploads\/sites\/2\/2025\/11\/andreas-christensen-entrenamiento-ciutat-esportiva-barca.webp\" \/>\n\t<meta property=\"og:image:width\" content=\"1200\" \/>\n\t<meta property=\"og:image:height\" content=\"675\" \/>\n\t<meta property=\"og:image:type\" content=\"image\/webp\" \/>\n<meta name=\"author\" content=\"Andr\u00e9s Quiroz\" \/>\n<meta name=\"twitter:card\" content=\"summary_large_image\" \/>\n<meta name=\"twitter:label1\" content=\"Written by\" \/>\n\t<meta name=\"twitter:data1\" content=\"Andr\u00e9s Quiroz\" \/>\n\t<meta name=\"twitter:label2\" content=\"Est. reading time\" \/>\n\t<meta name=\"twitter:data2\" content=\"3 minutes\" \/>\n<script type=\"application\/ld+json\" class=\"yoast-schema-graph\">{\"@context\":\"https:\\\/\\\/schema.org\",\"@graph\":[{\"@type\":\"Article\",\"@id\":\"https:\\\/\\\/www.fcbarcelonanoticias.com\\\/en\\\/champions-league\\\/barcelona-recovers-christensen-for-match-against-bruges_315181_102.html#article\",\"isPartOf\":{\"@id\":\"https:\\\/\\\/www.fcbarcelonanoticias.com\\\/en\\\/champions-league\\\/barcelona-recovers-christensen-for-match-against-bruges_315181_102.html\"},\"author\":{\"name\":\"Andr\u00e9s Quiroz\",\"@id\":\"https:\\\/\\\/www.fcbarcelonanoticias.com\\\/en\\\/#\\\/schema\\\/person\\\/c2cd9f6fa1af5c0d0eccd0fefa575c88\"},\"headline\":\"Good news: Barcelona recovers Christensen for the match against Bruges\",\"datePublished\":\"2025-11-03T14:47:00+00:00\",\"mainEntityOfPage\":{\"@id\":\"https:\\\/\\\/www.fcbarcelonanoticias.com\\\/en\\\/champions-league\\\/barcelona-recovers-christensen-for-match-against-bruges_315181_102.html\"},\"wordCount\":595,\"image\":{\"@id\":\"https:\\\/\\\/www.fcbarcelonanoticias.com\\\/en\\\/champions-league\\\/barcelona-recovers-christensen-for-match-against-bruges_315181_102.html#primaryimage\"},\"thumbnailUrl\":\"https:\\\/\\\/www.fcbarcelonanoticias.com\\\/en\\\/wp-content\\\/uploads\\\/sites\\\/2\\\/2025\\\/11\\\/andreas-christensen-entrenamiento-ciutat-esportiva-barca.webp\",\"keywords\":[\"Christensen\",\"Hansi Flick\",\"injured\"],\"articleSection\":[\"Champions League\",\"Champions League\"],\"inLanguage\":\"en-US\"},{\"@type\":\"WebPage\",\"@id\":\"https:\\\/\\\/www.fcbarcelonanoticias.com\\\/en\\\/champions-league\\\/barcelona-recovers-christensen-for-match-against-bruges_315181_102.html\",\"url\":\"https:\\\/\\\/www.fcbarcelonanoticias.com\\\/en\\\/champions-league\\\/barcelona-recovers-christensen-for-match-against-bruges_315181_102.html\",\"name\":\"Bar\u00e7a recovers Christensen for the match against Bruges\",\"isPartOf\":{\"@id\":\"https:\\\/\\\/www.fcbarcelonanoticias.com\\\/en\\\/#website\"},\"primaryImageOfPage\":{\"@id\":\"https:\\\/\\\/www.fcbarcelonanoticias.com\\\/en\\\/champions-league\\\/barcelona-recovers-christensen-for-match-against-bruges_315181_102.html#primaryimage\"},\"image\":{\"@id\":\"https:\\\/\\\/www.fcbarcelonanoticias.com\\\/en\\\/champions-league\\\/barcelona-recovers-christensen-for-match-against-bruges_315181_102.html#primaryimage\"},\"thumbnailUrl\":\"https:\\\/\\\/www.fcbarcelonanoticias.com\\\/en\\\/wp-content\\\/uploads\\\/sites\\\/2\\\/2025\\\/11\\\/andreas-christensen-entrenamiento-ciutat-esportiva-barca.webp\",\"datePublished\":\"2025-11-03T14:47:00+00:00\",\"author\":{\"@id\":\"https:\\\/\\\/www.fcbarcelonanoticias.com\\\/en\\\/#\\\/schema\\\/person\\\/c2cd9f6fa1af5c0d0eccd0fefa575c88\"},\"description\":\"Bar\u00e7a trained on Monday with their sights set on the visit to Bruges and a medical clearance. Andreas Christensen has returned to training with the group\",\"breadcrumb\":{\"@id\":\"https:\\\/\\\/www.fcbarcelonanoticias.com\\\/en\\\/champions-league\\\/barcelona-recovers-christensen-for-match-against-bruges_315181_102.html#breadcrumb\"},\"inLanguage\":\"en-US\",\"potentialAction\":[{\"@type\":\"ReadAction\",\"target\":[\"https:\\\/\\\/www.fcbarcelonanoticias.com\\\/en\\\/champions-league\\\/barcelona-recovers-christensen-for-match-against-bruges_315181_102.html\"]}]},{\"@type\":\"ImageObject\",\"inLanguage\":\"en-US\",\"@id\":\"https:\\\/\\\/www.fcbarcelonanoticias.com\\\/en\\\/champions-league\\\/barcelona-recovers-christensen-for-match-against-bruges_315181_102.html#primaryimage\",\"url\":\"https:\\\/\\\/www.fcbarcelonanoticias.com\\\/en\\\/wp-content\\\/uploads\\\/sites\\\/2\\\/2025\\\/11\\\/andreas-christensen-entrenamiento-ciutat-esportiva-barca.webp\",\"contentUrl\":\"https:\\\/\\\/www.fcbarcelonanoticias.com\\\/en\\\/wp-content\\\/uploads\\\/sites\\\/2\\\/2025\\\/11\\\/andreas-christensen-entrenamiento-ciutat-esportiva-barca.webp\",\"width\":1200,\"height\":675},{\"@type\":\"BreadcrumbList\",\"@id\":\"https:\\\/\\\/www.fcbarcelonanoticias.com\\\/en\\\/champions-league\\\/barcelona-recovers-christensen-for-match-against-bruges_315181_102.html#breadcrumb\",\"itemListElement\":[{\"@type\":\"ListItem\",\"position\":1,\"name\":\"Portada\",\"item\":\"https:\\\/\\\/www.fcbarcelonanoticias.com\\\/en\\\/\"},{\"@type\":\"ListItem\",\"position\":2,\"name\":\"Good news: Barcelona recovers Christensen for the match against Bruges\"}]},{\"@type\":\"WebSite\",\"@id\":\"https:\\\/\\\/www.fcbarcelonanoticias.com\\\/en\\\/#website\",\"url\":\"https:\\\/\\\/www.fcbarcelonanoticias.com\\\/en\\\/\",\"name\":\"EN - FC Barcelona Noticias\",\"description\":\"\",\"potentialAction\":[{\"@type\":\"SearchAction\",\"target\":{\"@type\":\"EntryPoint\",\"urlTemplate\":\"https:\\\/\\\/www.fcbarcelonanoticias.com\\\/en\\\/?s={search_term_string}\"},\"query-input\":{\"@type\":\"PropertyValueSpecification\",\"valueRequired\":true,\"valueName\":\"search_term_string\"}}],\"inLanguage\":\"en-US\"},{\"@type\":\"Person\",\"@id\":\"https:\\\/\\\/www.fcbarcelonanoticias.com\\\/en\\\/#\\\/schema\\\/person\\\/c2cd9f6fa1af5c0d0eccd0fefa575c88\",\"name\":\"Andr\u00e9s Quiroz\",\"image\":{\"@type\":\"ImageObject\",\"inLanguage\":\"en-US\",\"@id\":\"https:\\\/\\\/secure.gravatar.com\\\/avatar\\\/?s=96&d=mm&r=g\",\"url\":\"https:\\\/\\\/secure.gravatar.com\\\/avatar\\\/?s=96&d=mm&r=g\",\"contentUrl\":\"https:\\\/\\\/secure.gravatar.com\\\/avatar\\\/?s=96&d=mm&r=g\",\"caption\":\"Andr\u00e9s Quiroz\"},\"description\":\"Licenciado en Periodismo por la Universidad de los Andes. Me encargo de analizar y compartir los contenidos m\u00e1s destacados de la\u00a0actualidad del F\u00fatbol Club Barcelona, Mercado de Fichajes y F\u00fatbol Internacional en FCBN. La informaci\u00f3n es poder, pero tambi\u00e9n conocimiento.\",\"url\":\"https:\\\/\\\/www.fcbarcelonanoticias.com\\\/en\\\/fc-barcelona\\\/andres-quiroz_17_115.html\"}]}<\/script>\n<!-- \/ Yoast SEO plugin. -->","yoast_head_json":{"title":"Bar\u00e7a recovers Christensen for the match against Bruges","description":"Bar\u00e7a trained on Monday with their sights set on the visit to Bruges and a medical clearance. Andreas Christensen has returned to training with the group","robots":{"index":"index","follow":"follow","max-snippet":"max-snippet:-1","max-image-preview":"max-image-preview:large","max-video-preview":"max-video-preview:-1"},"canonical":"https:\/\/www.fcbarcelonanoticias.com\/en\/champions-league\/barcelona-recovers-christensen-for-match-against-bruges_315181_102.html","og_locale":"en_US","og_type":"article","og_title":"Bar\u00e7a recovers Christensen for the match against Bruges","og_description":"Bar\u00e7a trained on Monday with their sights set on the visit to Bruges and a medical clearance. Andreas Christensen has returned to training with the group","og_url":"https:\/\/www.fcbarcelonanoticias.com\/en\/champions-league\/barcelona-recovers-christensen-for-match-against-bruges_315181_102.html","og_site_name":"EN - FC Barcelona Noticias","article_published_time":"2025-11-03T14:47:00+00:00","og_image":[{"width":1200,"height":675,"url":"https:\/\/www.fcbarcelonanoticias.com\/en\/wp-content\/uploads\/sites\/2\/2025\/11\/andreas-christensen-entrenamiento-ciutat-esportiva-barca.webp","type":"image\/webp"}],"author":"Andr\u00e9s Quiroz","twitter_card":"summary_large_image","twitter_misc":{"Written by":"Andr\u00e9s Quiroz","Est. reading time":"3 minutes"},"schema":{"@context":"https:\/\/schema.org","@graph":[{"@type":"Article","@id":"https:\/\/www.fcbarcelonanoticias.com\/en\/champions-league\/barcelona-recovers-christensen-for-match-against-bruges_315181_102.html#article","isPartOf":{"@id":"https:\/\/www.fcbarcelonanoticias.com\/en\/champions-league\/barcelona-recovers-christensen-for-match-against-bruges_315181_102.html"},"author":{"name":"Andr\u00e9s Quiroz","@id":"https:\/\/www.fcbarcelonanoticias.com\/en\/#\/schema\/person\/c2cd9f6fa1af5c0d0eccd0fefa575c88"},"headline":"Good news: Barcelona recovers Christensen for the match against Bruges","datePublished":"2025-11-03T14:47:00+00:00","mainEntityOfPage":{"@id":"https:\/\/www.fcbarcelonanoticias.com\/en\/champions-league\/barcelona-recovers-christensen-for-match-against-bruges_315181_102.html"},"wordCount":595,"image":{"@id":"https:\/\/www.fcbarcelonanoticias.com\/en\/champions-league\/barcelona-recovers-christensen-for-match-against-bruges_315181_102.html#primaryimage"},"thumbnailUrl":"https:\/\/www.fcbarcelonanoticias.com\/en\/wp-content\/uploads\/sites\/2\/2025\/11\/andreas-christensen-entrenamiento-ciutat-esportiva-barca.webp","keywords":["Christensen","Hansi Flick","injured"],"articleSection":["Champions League","Champions League"],"inLanguage":"en-US"},{"@type":"WebPage","@id":"https:\/\/www.fcbarcelonanoticias.com\/en\/champions-league\/barcelona-recovers-christensen-for-match-against-bruges_315181_102.html","url":"https:\/\/www.fcbarcelonanoticias.com\/en\/champions-league\/barcelona-recovers-christensen-for-match-against-bruges_315181_102.html","name":"Bar\u00e7a recovers Christensen for the match against Bruges","isPartOf":{"@id":"https:\/\/www.fcbarcelonanoticias.com\/en\/#website"},"primaryImageOfPage":{"@id":"https:\/\/www.fcbarcelonanoticias.com\/en\/champions-league\/barcelona-recovers-christensen-for-match-against-bruges_315181_102.html#primaryimage"},"image":{"@id":"https:\/\/www.fcbarcelonanoticias.com\/en\/champions-league\/barcelona-recovers-christensen-for-match-against-bruges_315181_102.html#primaryimage"},"thumbnailUrl":"https:\/\/www.fcbarcelonanoticias.com\/en\/wp-content\/uploads\/sites\/2\/2025\/11\/andreas-christensen-entrenamiento-ciutat-esportiva-barca.webp","datePublished":"2025-11-03T14:47:00+00:00","author":{"@id":"https:\/\/www.fcbarcelonanoticias.com\/en\/#\/schema\/person\/c2cd9f6fa1af5c0d0eccd0fefa575c88"},"description":"Bar\u00e7a trained on Monday with their sights set on the visit to Bruges and a medical clearance. Andreas Christensen has returned to training with the group","breadcrumb":{"@id":"https:\/\/www.fcbarcelonanoticias.com\/en\/champions-league\/barcelona-recovers-christensen-for-match-against-bruges_315181_102.html#breadcrumb"},"inLanguage":"en-US","potentialAction":[{"@type":"ReadAction","target":["https:\/\/www.fcbarcelonanoticias.com\/en\/champions-league\/barcelona-recovers-christensen-for-match-against-bruges_315181_102.html"]}]},{"@type":"ImageObject","inLanguage":"en-US","@id":"https:\/\/www.fcbarcelonanoticias.com\/en\/champions-league\/barcelona-recovers-christensen-for-match-against-bruges_315181_102.html#primaryimage","url":"https:\/\/www.fcbarcelonanoticias.com\/en\/wp-content\/uploads\/sites\/2\/2025\/11\/andreas-christensen-entrenamiento-ciutat-esportiva-barca.webp","contentUrl":"https:\/\/www.fcbarcelonanoticias.com\/en\/wp-content\/uploads\/sites\/2\/2025\/11\/andreas-christensen-entrenamiento-ciutat-esportiva-barca.webp","width":1200,"height":675},{"@type":"BreadcrumbList","@id":"https:\/\/www.fcbarcelonanoticias.com\/en\/champions-league\/barcelona-recovers-christensen-for-match-against-bruges_315181_102.html#breadcrumb","itemListElement":[{"@type":"ListItem","position":1,"name":"Portada","item":"https:\/\/www.fcbarcelonanoticias.com\/en\/"},{"@type":"ListItem","position":2,"name":"Good news: Barcelona recovers Christensen for the match against Bruges"}]},{"@type":"WebSite","@id":"https:\/\/www.fcbarcelonanoticias.com\/en\/#website","url":"https:\/\/www.fcbarcelonanoticias.com\/en\/","name":"EN - FC Barcelona Noticias","description":"","potentialAction":[{"@type":"SearchAction","target":{"@type":"EntryPoint","urlTemplate":"https:\/\/www.fcbarcelonanoticias.com\/en\/?s={search_term_string}"},"query-input":{"@type":"PropertyValueSpecification","valueRequired":true,"valueName":"search_term_string"}}],"inLanguage":"en-US"},{"@type":"Person","@id":"https:\/\/www.fcbarcelonanoticias.com\/en\/#\/schema\/person\/c2cd9f6fa1af5c0d0eccd0fefa575c88","name":"Andr\u00e9s Quiroz","image":{"@type":"ImageObject","inLanguage":"en-US","@id":"https:\/\/secure.gravatar.com\/avatar\/?s=96&d=mm&r=g","url":"https:\/\/secure.gravatar.com\/avatar\/?s=96&d=mm&r=g","contentUrl":"https:\/\/secure.gravatar.com\/avatar\/?s=96&d=mm&r=g","caption":"Andr\u00e9s Quiroz"},"description":"Licenciado en Periodismo por la Universidad de los Andes. Me encargo de analizar y compartir los contenidos m\u00e1s destacados de la\u00a0actualidad del F\u00fatbol Club Barcelona, Mercado de Fichajes y F\u00fatbol Internacional en FCBN. La informaci\u00f3n es poder, pero tambi\u00e9n conocimiento.","url":"https:\/\/www.fcbarcelonanoticias.com\/en\/fc-barcelona\/andres-quiroz_17_115.html"}]}},"_links":{"self":[{"href":"https:\/\/www.fcbarcelonanoticias.com\/en\/wp-json\/wp\/v2\/posts\/3768","targetHints":{"allow":["GET"]}}],"collection":[{"href":"https:\/\/www.fcbarcelonanoticias.com\/en\/wp-json\/wp\/v2\/posts"}],"about":[{"href":"https:\/\/www.fcbarcelonanoticias.com\/en\/wp-json\/wp\/v2\/types\/post"}],"author":[{"embeddable":true,"href":"https:\/\/www.fcbarcelonanoticias.com\/en\/wp-json\/wp\/v2\/users\/347"}],"replies":[{"embeddable":true,"href":"https:\/\/www.fcbarcelonanoticias.com\/en\/wp-json\/wp\/v2\/comments?post=3768"}],"version-history":[{"count":1,"href":"https:\/\/www.fcbarcelonanoticias.com\/en\/wp-json\/wp\/v2\/posts\/3768\/revisions"}],"predecessor-version":[{"id":100727,"href":"https:\/\/www.fcbarcelonanoticias.com\/en\/wp-json\/wp\/v2\/posts\/3768\/revisions\/100727"}],"wp:featuredmedia":[{"embeddable":true,"href":"https:\/\/www.fcbarcelonanoticias.com\/en\/wp-json\/wp\/v2\/media\/1790"}],"wp:attachment":[{"href":"https:\/\/www.fcbarcelonanoticias.com\/en\/wp-json\/wp\/v2\/media?parent=3768"}],"wp:term":[{"taxonomy":"category","embeddable":true,"href":"https:\/\/www.fcbarcelonanoticias.com\/en\/wp-json\/wp\/v2\/categories?post=3768"},{"taxonomy":"post_tag","embeddable":true,"href":"https:\/\/www.fcbarcelonanoticias.com\/en\/wp-json\/wp\/v2\/tags?post=3768"}],"curies":[{"name":"wp","href":"https:\/\/api.w.org\/{rel}","templated":true}]}}