{"id":37680,"date":"2022-09-14T00:40:00","date_gmt":"2022-09-13T22:40:00","guid":{"rendered":"https:\/\/weisetech.dev\/fc-barcelona-noticias\/en\/xavi-makes-it-clear-barcelona-deserved-to-win-in-munich_284319_102\/"},"modified":"2022-09-14T00:40:00","modified_gmt":"2022-09-13T22:40:00","slug":"xavi-makes-it-clear-barcelona-deserved-to-win-in-munich_284319_102","status":"publish","type":"post","link":"https:\/\/www.fcbarcelonanoticias.com\/en\/fc-barcelona\/xavi-makes-it-clear-barcelona-deserved-to-win-in-munich_284319_102.html","title":{"rendered":"Xavi makes it clear that Bar\u00e7a deserved to win in Munich"},"content":{"rendered":"<h2 class=\"wp-block-heading\">Xavi Hern\u00e1ndez attended the press after Bar\u00e7a&#8217;s defeat in Munich. The coach assessed the game positively, lamenting the lack of aim but assuring that they were better in many aspects of the game<\/h2>  \r\n<div class=\"article-addons\">\r\n    <a href=\"https:\/\/www.fcbarcelonanoticias.com\/en\/calendar-fc-barcelona.html\"\r\n       target=\"_self\"\r\n       title=\"Calendar of FC Barcelona\"\r\n       class=\"blue-gredient-btn\">\r\n       \r\n        Calendar of FC Barcelona    <\/a>\r\n<\/div>   <p><a data-external=\"0\" data-intl-links-en=\"https:\/\/www.fcbarcelonanoticias.com\/en\/tags\/xavi-hernandez\" data-intl-links-es=\"https:\/\/www.fcbarcelonanoticias.com\/tags\/xavi-hernandez\" href=\"https:\/\/www.fcbarcelonanoticias.com\/en\/tags\/xavi-hernandez.html\" rel=\"follow\" target=\"_self\" title=\"Xavi Hern\u00e1ndez\">Xavi Hern\u00e1ndez<\/a> received a new &#8216;reverse&#8217; in Munich. After having been defeated by 0-3 during the past campaign, the <a data-external=\"0\" data-intl-links-en=\"https:\/\/www.fcbarcelonanoticias.com\/en\/fc-barcelona\" data-intl-links-es=\"https:\/\/www.fcbarcelonanoticias.com\/fc-barcelona\" href=\"https:\/\/www.fcbarcelonanoticias.com\/en\/football-soccer\/fc-barcelona.html\" rel=\"follow\" target=\"_self\" title=\"FC Barcelona\">FC Barcelona<\/a> arrived to the Allianz Sand with &#8216;are&#8217; of revancha. However, and in spite of that dominated the meeting during the first 45 minutes, saw surpassed again by a Bayern that does not forgive, although the feelings are better to the ones of the previous course. <strong>On this pronounced the egarense in the back press conference to the duel, where valued the game of the cul\u00e9s<\/strong>.<\/p>  <p>The trainer recognised angered but proud of the presentation of his players, ensuring that the Bar\u00e7a deserved the victory. &#8220;I think that we have been better in many respects, have equalised them in the physicist, have dominated the ball. But you can not forgive so much. We have forgiven them. I am angered. The feeling is that you dominate, but lose. The learning is hard. <strong>I am angered and proud also. We have been better, but this goes to win. They are fact and we are in the process<\/strong>. We have to improve. It is a penalty&#8221;, manifested.<\/p>  <p>Of the same way, Hern\u00e1ndez was conclusive to the hour to affirm that, in spite of that the first part of the team was very good, does not suffice with competing. &#8220;It is not sufficient to compete. I am proud, but also is necessary to compete in the corners, in the transitions and in the effectiveness. We have to improve in this. The first part has been excellent. Well in the intensity. But two details do us lose the party&#8221;, adding besides that &#8220;<strong>when you forgive in the Champions, finish it paying. We have been better that the Bayern today, was a day to win and have forgiven too much. They do not forgive<\/strong>&#8220;.<\/p>  <p>On the end of the good series of the Catalan square (invicta in all the competitions until the day of today), Xavi wanted to stand out the well that showed his group, highlighting of equal way the errors that finished &#8216;punishing&#8217; to the cul\u00e9s. &#8220;Have to remain us with the positive things. The result is totally negative and it is necessary to learn of the errors. It remains a lot, but it is a step backwards. The defeat is not deserved but is by ours errors&#8221;, expressed.<\/p>  <h3>The fault of efficiency and the penalti no pitado<\/h3>  <p>The trainer continued his plea on the fault of efficiency of his team, insisting in the fact that they were better and that did not deserve the defeat. &#8220;<strong>I am got angry, does not like me lose and have not deserved it.<\/strong> <strong>I think that we have been better. Attempt be honest, have dominated Them and subjected<\/strong>&#8220;, declared.<\/p>  <p>Likewise, it confessed that encar\u00f3 to the referee in the halftime by the penalti no earned to Demb\u00e9l\u00e9, aseverando that Makkiele sustained him that it was not penalti. &#8220;<strong>It has said me in the half part that was not penalti. I have said him that it was honest, that recognised it to me, that have seen it all and has said me that it is not it<\/strong>&#8220;, went the words of the technician of Terrassa.<\/p>  <h3>His conclusion of the meeting<\/h3>  <p>Hern\u00e1ndez showed &#8216;fastidiado&#8217; by have not gone out with the three points in the pocket after the good first part of his team, during which could have taken out advantage in the marker. &#8220;The result is bad. The process is very good. It is necessary to minimise errors. And we have failed a lot, it has been missing effectiveness. <strong>The game has been very good, but go me got angry, was an opportunity to win of this field once and for all<\/strong>&#8220;, ensured.<\/p>  <p>Finally, the technician went back to highlight the errors committed in the both goals, affirming that his team will learn of these not to go back to &#8216;trip&#8217; with the same &#8216;stone&#8217; and leaving in evidence that thinks that the result is unfair. &#8220;<strong>We learn of our errors. Unfortunately, it is like this. It can not us happen what happens us in the corner neither in the against. You go you with a 2-0 that is not what happens in the field, but this is the Champions<\/strong>&#8220;, concluded.<\/p> ","protected":false},"excerpt":{"rendered":"<p>Xavi Hern\u00e1ndez attended the press after Bar\u00e7a&#8217;s defeat in Munich. The coach assessed the game positively, lamenting the lack of aim but assuring that they were better in many aspects of the game Xavi Hern\u00e1ndez received a new &#8216;reverse&#8217; in Munich. After having been defeated by 0-3 during the past campaign, the FC Barcelona arrived [&hellip;]<\/p>\n","protected":false},"author":358,"featured_media":110977,"comment_status":"closed","ping_status":"open","sticky":false,"template":"","format":"standard","meta":{"_acf_changed":false,"inline_featured_image":false,"_nextfly_llmd_date_locked":false,"footnotes":""},"categories":[111],"tags":[104,48],"class_list":["post-37680","post","type-post","status-publish","format-standard","has-post-thumbnail","hentry","category-fc-barcelona","tag-bayern-munich","tag-xavi-hernandez"],"acf":[],"yoast_head":"<!-- This site is optimized with the Yoast SEO plugin v27.3 - https:\/\/yoast.com\/product\/yoast-seo-wordpress\/ -->\n<title>Xavi leaves clear that the Bar\u00e7a deserved win in Munich<\/title>\n<meta name=\"description\" content=\"Xavi Hern\u00e1ndez attended to the press after the defeat of the Bar\u00e7a in Munich. The trainer valued the party forms positive, regretting the fault of punter\u00eda but...\" \/>\n<meta name=\"robots\" content=\"index, follow, max-snippet:-1, max-image-preview:large, max-video-preview:-1\" \/>\n<link rel=\"canonical\" href=\"https:\/\/www.fcbarcelonanoticias.com\/en\/fc-barcelona\/xavi-makes-it-clear-barcelona-deserved-to-win-in-munich_284319_102.html\" \/>\n<meta property=\"og:locale\" content=\"en_US\" \/>\n<meta property=\"og:type\" content=\"article\" \/>\n<meta property=\"og:title\" content=\"Xavi leaves clear that the Bar\u00e7a deserved win in Munich\" \/>\n<meta property=\"og:description\" content=\"Xavi Hern\u00e1ndez attended to the press after the defeat of the Bar\u00e7a in Munich. The trainer valued the party forms positive, regretting the fault of punter\u00eda but...\" \/>\n<meta property=\"og:url\" content=\"https:\/\/www.fcbarcelonanoticias.com\/en\/fc-barcelona\/xavi-makes-it-clear-barcelona-deserved-to-win-in-munich_284319_102.html\" \/>\n<meta property=\"og:site_name\" content=\"EN - FC Barcelona Noticias\" \/>\n<meta property=\"article:published_time\" content=\"2022-09-13T22:40:00+00:00\" \/>\n<meta property=\"og:image\" content=\"https:\/\/www.fcbarcelonanoticias.com\/en\/wp-content\/uploads\/sites\/2\/2022\/09\/xavi-dando-indicaciones-en-la-banda-1.jpeg\" \/>\n\t<meta property=\"og:image:width\" content=\"1300\" \/>\n\t<meta property=\"og:image:height\" content=\"731\" \/>\n\t<meta property=\"og:image:type\" content=\"image\/jpeg\" \/>\n<meta name=\"author\" content=\"Juan Pablo Berdugo\" \/>\n<meta name=\"twitter:card\" content=\"summary_large_image\" \/>\n<meta name=\"twitter:label1\" content=\"Written by\" \/>\n\t<meta name=\"twitter:data1\" content=\"Juan Pablo Berdugo\" \/>\n\t<meta name=\"twitter:label2\" content=\"Est. reading time\" \/>\n\t<meta name=\"twitter:data2\" content=\"4 minutes\" \/>\n<script type=\"application\/ld+json\" class=\"yoast-schema-graph\">{\"@context\":\"https:\\\/\\\/schema.org\",\"@graph\":[{\"@type\":\"Article\",\"@id\":\"https:\\\/\\\/www.fcbarcelonanoticias.com\\\/en\\\/fc-barcelona\\\/xavi-makes-it-clear-barcelona-deserved-to-win-in-munich_284319_102.html#article\",\"isPartOf\":{\"@id\":\"https:\\\/\\\/www.fcbarcelonanoticias.com\\\/en\\\/fc-barcelona\\\/xavi-makes-it-clear-barcelona-deserved-to-win-in-munich_284319_102.html\"},\"author\":{\"name\":\"Juan Pablo Berdugo\",\"@id\":\"https:\\\/\\\/www.fcbarcelonanoticias.com\\\/en\\\/#\\\/schema\\\/person\\\/88d756918a0a1ae9fa593b5edddd1815\"},\"headline\":\"Xavi makes it clear that Bar\u00e7a deserved to win in Munich\",\"datePublished\":\"2022-09-13T22:40:00+00:00\",\"mainEntityOfPage\":{\"@id\":\"https:\\\/\\\/www.fcbarcelonanoticias.com\\\/en\\\/fc-barcelona\\\/xavi-makes-it-clear-barcelona-deserved-to-win-in-munich_284319_102.html\"},\"wordCount\":757,\"image\":{\"@id\":\"https:\\\/\\\/www.fcbarcelonanoticias.com\\\/en\\\/fc-barcelona\\\/xavi-makes-it-clear-barcelona-deserved-to-win-in-munich_284319_102.html#primaryimage\"},\"thumbnailUrl\":\"https:\\\/\\\/www.fcbarcelonanoticias.com\\\/en\\\/wp-content\\\/uploads\\\/sites\\\/2\\\/2022\\\/09\\\/xavi-dando-indicaciones-en-la-banda-1.jpeg\",\"keywords\":[\"Bayern Munich\",\"Xavi Hern\u00e1ndez\"],\"articleSection\":[\"FC Barcelona\"],\"inLanguage\":\"en-US\"},{\"@type\":\"WebPage\",\"@id\":\"https:\\\/\\\/www.fcbarcelonanoticias.com\\\/en\\\/fc-barcelona\\\/xavi-makes-it-clear-barcelona-deserved-to-win-in-munich_284319_102.html\",\"url\":\"https:\\\/\\\/www.fcbarcelonanoticias.com\\\/en\\\/fc-barcelona\\\/xavi-makes-it-clear-barcelona-deserved-to-win-in-munich_284319_102.html\",\"name\":\"Xavi leaves clear that the Bar\u00e7a deserved win in Munich\",\"isPartOf\":{\"@id\":\"https:\\\/\\\/www.fcbarcelonanoticias.com\\\/en\\\/#website\"},\"primaryImageOfPage\":{\"@id\":\"https:\\\/\\\/www.fcbarcelonanoticias.com\\\/en\\\/fc-barcelona\\\/xavi-makes-it-clear-barcelona-deserved-to-win-in-munich_284319_102.html#primaryimage\"},\"image\":{\"@id\":\"https:\\\/\\\/www.fcbarcelonanoticias.com\\\/en\\\/fc-barcelona\\\/xavi-makes-it-clear-barcelona-deserved-to-win-in-munich_284319_102.html#primaryimage\"},\"thumbnailUrl\":\"https:\\\/\\\/www.fcbarcelonanoticias.com\\\/en\\\/wp-content\\\/uploads\\\/sites\\\/2\\\/2022\\\/09\\\/xavi-dando-indicaciones-en-la-banda-1.jpeg\",\"datePublished\":\"2022-09-13T22:40:00+00:00\",\"author\":{\"@id\":\"https:\\\/\\\/www.fcbarcelonanoticias.com\\\/en\\\/#\\\/schema\\\/person\\\/88d756918a0a1ae9fa593b5edddd1815\"},\"description\":\"Xavi Hern\u00e1ndez attended to the press after the defeat of the Bar\u00e7a in Munich. The trainer valued the party forms positive, regretting the fault of punter\u00eda but...\",\"breadcrumb\":{\"@id\":\"https:\\\/\\\/www.fcbarcelonanoticias.com\\\/en\\\/fc-barcelona\\\/xavi-makes-it-clear-barcelona-deserved-to-win-in-munich_284319_102.html#breadcrumb\"},\"inLanguage\":\"en-US\",\"potentialAction\":[{\"@type\":\"ReadAction\",\"target\":[\"https:\\\/\\\/www.fcbarcelonanoticias.com\\\/en\\\/fc-barcelona\\\/xavi-makes-it-clear-barcelona-deserved-to-win-in-munich_284319_102.html\"]}]},{\"@type\":\"ImageObject\",\"inLanguage\":\"en-US\",\"@id\":\"https:\\\/\\\/www.fcbarcelonanoticias.com\\\/en\\\/fc-barcelona\\\/xavi-makes-it-clear-barcelona-deserved-to-win-in-munich_284319_102.html#primaryimage\",\"url\":\"https:\\\/\\\/www.fcbarcelonanoticias.com\\\/en\\\/wp-content\\\/uploads\\\/sites\\\/2\\\/2022\\\/09\\\/xavi-dando-indicaciones-en-la-banda-1.jpeg\",\"contentUrl\":\"https:\\\/\\\/www.fcbarcelonanoticias.com\\\/en\\\/wp-content\\\/uploads\\\/sites\\\/2\\\/2022\\\/09\\\/xavi-dando-indicaciones-en-la-banda-1.jpeg\",\"width\":1300,\"height\":731},{\"@type\":\"BreadcrumbList\",\"@id\":\"https:\\\/\\\/www.fcbarcelonanoticias.com\\\/en\\\/fc-barcelona\\\/xavi-makes-it-clear-barcelona-deserved-to-win-in-munich_284319_102.html#breadcrumb\",\"itemListElement\":[{\"@type\":\"ListItem\",\"position\":1,\"name\":\"Portada\",\"item\":\"https:\\\/\\\/www.fcbarcelonanoticias.com\\\/en\\\/\"},{\"@type\":\"ListItem\",\"position\":2,\"name\":\"Xavi makes it clear that Bar\u00e7a deserved to win in Munich\"}]},{\"@type\":\"WebSite\",\"@id\":\"https:\\\/\\\/www.fcbarcelonanoticias.com\\\/en\\\/#website\",\"url\":\"https:\\\/\\\/www.fcbarcelonanoticias.com\\\/en\\\/\",\"name\":\"EN - FC Barcelona Noticias\",\"description\":\"\",\"potentialAction\":[{\"@type\":\"SearchAction\",\"target\":{\"@type\":\"EntryPoint\",\"urlTemplate\":\"https:\\\/\\\/www.fcbarcelonanoticias.com\\\/en\\\/?s={search_term_string}\"},\"query-input\":{\"@type\":\"PropertyValueSpecification\",\"valueRequired\":true,\"valueName\":\"search_term_string\"}}],\"inLanguage\":\"en-US\"},{\"@type\":\"Person\",\"@id\":\"https:\\\/\\\/www.fcbarcelonanoticias.com\\\/en\\\/#\\\/schema\\\/person\\\/88d756918a0a1ae9fa593b5edddd1815\",\"name\":\"Juan Pablo Berdugo\",\"image\":{\"@type\":\"ImageObject\",\"inLanguage\":\"en-US\",\"@id\":\"https:\\\/\\\/secure.gravatar.com\\\/avatar\\\/?s=96&d=mm&r=g\",\"url\":\"https:\\\/\\\/secure.gravatar.com\\\/avatar\\\/?s=96&d=mm&r=g\",\"contentUrl\":\"https:\\\/\\\/secure.gravatar.com\\\/avatar\\\/?s=96&d=mm&r=g\",\"caption\":\"Juan Pablo Berdugo\"},\"description\":\"Juan Pablo Berdugo es graduado en Periodismo. Colabora con FCBN como especialista en informaci\u00f3n del primer equipo del FC Barcelona, f\u00fatbol internacional y mercado de fichajes. Destaca por su enfoque anal\u00edtico, su rigor informativo y su capacidad para detectar tendencias emergentes en el f\u00fatbol global.\",\"url\":\"https:\\\/\\\/www.fcbarcelonanoticias.com\\\/en\\\/fc-barcelona\\\/juan-pablo-berdugo_18_115.html\"}]}<\/script>\n<!-- \/ Yoast SEO plugin. -->","yoast_head_json":{"title":"Xavi leaves clear that the Bar\u00e7a deserved win in Munich","description":"Xavi Hern\u00e1ndez attended to the press after the defeat of the Bar\u00e7a in Munich. The trainer valued the party forms positive, regretting the fault of punter\u00eda but...","robots":{"index":"index","follow":"follow","max-snippet":"max-snippet:-1","max-image-preview":"max-image-preview:large","max-video-preview":"max-video-preview:-1"},"canonical":"https:\/\/www.fcbarcelonanoticias.com\/en\/fc-barcelona\/xavi-makes-it-clear-barcelona-deserved-to-win-in-munich_284319_102.html","og_locale":"en_US","og_type":"article","og_title":"Xavi leaves clear that the Bar\u00e7a deserved win in Munich","og_description":"Xavi Hern\u00e1ndez attended to the press after the defeat of the Bar\u00e7a in Munich. The trainer valued the party forms positive, regretting the fault of punter\u00eda but...","og_url":"https:\/\/www.fcbarcelonanoticias.com\/en\/fc-barcelona\/xavi-makes-it-clear-barcelona-deserved-to-win-in-munich_284319_102.html","og_site_name":"EN - FC Barcelona Noticias","article_published_time":"2022-09-13T22:40:00+00:00","og_image":[{"width":1300,"height":731,"url":"https:\/\/www.fcbarcelonanoticias.com\/en\/wp-content\/uploads\/sites\/2\/2022\/09\/xavi-dando-indicaciones-en-la-banda-1.jpeg","type":"image\/jpeg"}],"author":"Juan Pablo Berdugo","twitter_card":"summary_large_image","twitter_misc":{"Written by":"Juan Pablo Berdugo","Est. reading time":"4 minutes"},"schema":{"@context":"https:\/\/schema.org","@graph":[{"@type":"Article","@id":"https:\/\/www.fcbarcelonanoticias.com\/en\/fc-barcelona\/xavi-makes-it-clear-barcelona-deserved-to-win-in-munich_284319_102.html#article","isPartOf":{"@id":"https:\/\/www.fcbarcelonanoticias.com\/en\/fc-barcelona\/xavi-makes-it-clear-barcelona-deserved-to-win-in-munich_284319_102.html"},"author":{"name":"Juan Pablo Berdugo","@id":"https:\/\/www.fcbarcelonanoticias.com\/en\/#\/schema\/person\/88d756918a0a1ae9fa593b5edddd1815"},"headline":"Xavi makes it clear that Bar\u00e7a deserved to win in Munich","datePublished":"2022-09-13T22:40:00+00:00","mainEntityOfPage":{"@id":"https:\/\/www.fcbarcelonanoticias.com\/en\/fc-barcelona\/xavi-makes-it-clear-barcelona-deserved-to-win-in-munich_284319_102.html"},"wordCount":757,"image":{"@id":"https:\/\/www.fcbarcelonanoticias.com\/en\/fc-barcelona\/xavi-makes-it-clear-barcelona-deserved-to-win-in-munich_284319_102.html#primaryimage"},"thumbnailUrl":"https:\/\/www.fcbarcelonanoticias.com\/en\/wp-content\/uploads\/sites\/2\/2022\/09\/xavi-dando-indicaciones-en-la-banda-1.jpeg","keywords":["Bayern Munich","Xavi Hern\u00e1ndez"],"articleSection":["FC Barcelona"],"inLanguage":"en-US"},{"@type":"WebPage","@id":"https:\/\/www.fcbarcelonanoticias.com\/en\/fc-barcelona\/xavi-makes-it-clear-barcelona-deserved-to-win-in-munich_284319_102.html","url":"https:\/\/www.fcbarcelonanoticias.com\/en\/fc-barcelona\/xavi-makes-it-clear-barcelona-deserved-to-win-in-munich_284319_102.html","name":"Xavi leaves clear that the Bar\u00e7a deserved win in Munich","isPartOf":{"@id":"https:\/\/www.fcbarcelonanoticias.com\/en\/#website"},"primaryImageOfPage":{"@id":"https:\/\/www.fcbarcelonanoticias.com\/en\/fc-barcelona\/xavi-makes-it-clear-barcelona-deserved-to-win-in-munich_284319_102.html#primaryimage"},"image":{"@id":"https:\/\/www.fcbarcelonanoticias.com\/en\/fc-barcelona\/xavi-makes-it-clear-barcelona-deserved-to-win-in-munich_284319_102.html#primaryimage"},"thumbnailUrl":"https:\/\/www.fcbarcelonanoticias.com\/en\/wp-content\/uploads\/sites\/2\/2022\/09\/xavi-dando-indicaciones-en-la-banda-1.jpeg","datePublished":"2022-09-13T22:40:00+00:00","author":{"@id":"https:\/\/www.fcbarcelonanoticias.com\/en\/#\/schema\/person\/88d756918a0a1ae9fa593b5edddd1815"},"description":"Xavi Hern\u00e1ndez attended to the press after the defeat of the Bar\u00e7a in Munich. The trainer valued the party forms positive, regretting the fault of punter\u00eda but...","breadcrumb":{"@id":"https:\/\/www.fcbarcelonanoticias.com\/en\/fc-barcelona\/xavi-makes-it-clear-barcelona-deserved-to-win-in-munich_284319_102.html#breadcrumb"},"inLanguage":"en-US","potentialAction":[{"@type":"ReadAction","target":["https:\/\/www.fcbarcelonanoticias.com\/en\/fc-barcelona\/xavi-makes-it-clear-barcelona-deserved-to-win-in-munich_284319_102.html"]}]},{"@type":"ImageObject","inLanguage":"en-US","@id":"https:\/\/www.fcbarcelonanoticias.com\/en\/fc-barcelona\/xavi-makes-it-clear-barcelona-deserved-to-win-in-munich_284319_102.html#primaryimage","url":"https:\/\/www.fcbarcelonanoticias.com\/en\/wp-content\/uploads\/sites\/2\/2022\/09\/xavi-dando-indicaciones-en-la-banda-1.jpeg","contentUrl":"https:\/\/www.fcbarcelonanoticias.com\/en\/wp-content\/uploads\/sites\/2\/2022\/09\/xavi-dando-indicaciones-en-la-banda-1.jpeg","width":1300,"height":731},{"@type":"BreadcrumbList","@id":"https:\/\/www.fcbarcelonanoticias.com\/en\/fc-barcelona\/xavi-makes-it-clear-barcelona-deserved-to-win-in-munich_284319_102.html#breadcrumb","itemListElement":[{"@type":"ListItem","position":1,"name":"Portada","item":"https:\/\/www.fcbarcelonanoticias.com\/en\/"},{"@type":"ListItem","position":2,"name":"Xavi makes it clear that Bar\u00e7a deserved to win in Munich"}]},{"@type":"WebSite","@id":"https:\/\/www.fcbarcelonanoticias.com\/en\/#website","url":"https:\/\/www.fcbarcelonanoticias.com\/en\/","name":"EN - FC Barcelona Noticias","description":"","potentialAction":[{"@type":"SearchAction","target":{"@type":"EntryPoint","urlTemplate":"https:\/\/www.fcbarcelonanoticias.com\/en\/?s={search_term_string}"},"query-input":{"@type":"PropertyValueSpecification","valueRequired":true,"valueName":"search_term_string"}}],"inLanguage":"en-US"},{"@type":"Person","@id":"https:\/\/www.fcbarcelonanoticias.com\/en\/#\/schema\/person\/88d756918a0a1ae9fa593b5edddd1815","name":"Juan Pablo Berdugo","image":{"@type":"ImageObject","inLanguage":"en-US","@id":"https:\/\/secure.gravatar.com\/avatar\/?s=96&d=mm&r=g","url":"https:\/\/secure.gravatar.com\/avatar\/?s=96&d=mm&r=g","contentUrl":"https:\/\/secure.gravatar.com\/avatar\/?s=96&d=mm&r=g","caption":"Juan Pablo Berdugo"},"description":"Juan Pablo Berdugo es graduado en Periodismo. Colabora con FCBN como especialista en informaci\u00f3n del primer equipo del FC Barcelona, f\u00fatbol internacional y mercado de fichajes. Destaca por su enfoque anal\u00edtico, su rigor informativo y su capacidad para detectar tendencias emergentes en el f\u00fatbol global.","url":"https:\/\/www.fcbarcelonanoticias.com\/en\/fc-barcelona\/juan-pablo-berdugo_18_115.html"}]}},"_links":{"self":[{"href":"https:\/\/www.fcbarcelonanoticias.com\/en\/wp-json\/wp\/v2\/posts\/37680","targetHints":{"allow":["GET"]}}],"collection":[{"href":"https:\/\/www.fcbarcelonanoticias.com\/en\/wp-json\/wp\/v2\/posts"}],"about":[{"href":"https:\/\/www.fcbarcelonanoticias.com\/en\/wp-json\/wp\/v2\/types\/post"}],"author":[{"embeddable":true,"href":"https:\/\/www.fcbarcelonanoticias.com\/en\/wp-json\/wp\/v2\/users\/358"}],"replies":[{"embeddable":true,"href":"https:\/\/www.fcbarcelonanoticias.com\/en\/wp-json\/wp\/v2\/comments?post=37680"}],"version-history":[{"count":1,"href":"https:\/\/www.fcbarcelonanoticias.com\/en\/wp-json\/wp\/v2\/posts\/37680\/revisions"}],"predecessor-version":[{"id":110976,"href":"https:\/\/www.fcbarcelonanoticias.com\/en\/wp-json\/wp\/v2\/posts\/37680\/revisions\/110976"}],"wp:featuredmedia":[{"embeddable":true,"href":"https:\/\/www.fcbarcelonanoticias.com\/en\/wp-json\/wp\/v2\/media\/110977"}],"wp:attachment":[{"href":"https:\/\/www.fcbarcelonanoticias.com\/en\/wp-json\/wp\/v2\/media?parent=37680"}],"wp:term":[{"taxonomy":"category","embeddable":true,"href":"https:\/\/www.fcbarcelonanoticias.com\/en\/wp-json\/wp\/v2\/categories?post=37680"},{"taxonomy":"post_tag","embeddable":true,"href":"https:\/\/www.fcbarcelonanoticias.com\/en\/wp-json\/wp\/v2\/tags?post=37680"}],"curies":[{"name":"wp","href":"https:\/\/api.w.org\/{rel}","templated":true}]}}