{"id":37691,"date":"2020-03-29T12:11:00","date_gmt":"2020-03-29T10:11:00","guid":{"rendered":"https:\/\/weisetech.dev\/fc-barcelona-noticias\/en\/xavi-return-barcelona-not-be-anyone-toxic-locker-room_256549_102\/"},"modified":"2020-03-29T15:43:00","modified_gmt":"2020-03-29T13:43:00","slug":"xavi-return-barcelona-not-be-anyone-toxic-locker-room_256549_102","status":"publish","type":"post","link":"https:\/\/www.fcbarcelonanoticias.com\/en\/fc-barcelona\/xavi-return-barcelona-not-be-anyone-toxic-locker-room_256549_102.html","title":{"rendered":"Xavi, on his return to Bar\u00e7a: &#8220;There can not be anyone toxic in the locker room&#8221;"},"content":{"rendered":"<h2 class=\"wp-block-heading\">Xavi Hern\u00e1ndez spoke with &#8216;La Vanguardia&#8217; in an interesting interview in which he confessed how he would like to return to Bar\u00e7a. The Catalan made it clear that he wants to lead a project from scratch and that he needs to trust his team and the locker room<\/h2>  \r\n<div class=\"article-addons\">\r\n    <a href=\"https:\/\/www.fcbarcelonanoticias.com\/en\/calendar-fc-barcelona.html\"\r\n       target=\"_self\"\r\n       title=\"Calendar of FC Barcelona\"\r\n       class=\"blue-gredient-btn\">\r\n       \r\n        Calendar of FC Barcelona    <\/a>\r\n<\/div>   <p><strong><a data-external=\"0\" data-intl-links-en=\"https:\/\/www.fcbarcelonanoticias.com\/en\/tags\/xavi-hernandez\" data-intl-links-es=\"https:\/\/www.fcbarcelonanoticias.com\/tags\/xavi-hernandez\" href=\"https:\/\/www.fcbarcelonanoticias.com\/en\/tags\/xavi-hernandez.html\" rel=\"follow\" target=\"_self\" title=\"Xavi Hern\u00e1ndez\">Xavi Hern\u00e1ndez<\/a> always speaks clear and in his last interview to the newspaper &#8216;The Avant-garde&#8217; left several very interesting<\/strong> headlines. The ex midfield player of the <strong><a data-external=\"0\" data-intl-links-en=\"https:\/\/www.fcbarcelonanoticias.com\/en\/fc-barcelona\" data-intl-links-es=\"https:\/\/www.fcbarcelonanoticias.com\/fc-barcelona\" href=\"https:\/\/www.fcbarcelonanoticias.com\/en\/football-soccer\/fc-barcelona.html\" rel=\"follow\" target=\"_self\" title=\"FC Barcelona\">FC Barcelona<\/a>\u200b<\/strong> has spoken on his return to the group barcelonista like trainer and has left clear a lot of things. The current technician of the To the-Sadd refused the Barcelona proposal in winter because, as it signals now, wants to lead a project of zero, taking he all the decisions.<\/p>  <p>&#8220;I have clear that I want to go back to the Bar\u00e7a, does me a lot of illusion. The same years backwards could give me some respect, but now that already I have seen me training think that can contribute things to the players. But <strong>I left them clear that I saw me in a project that began of zero, and in which the taking of decisions was mine<\/strong>&#8220;, confessed . The cul\u00e9s precisely asked him that it saved the project of Ernesto Valverde, a stage that the one of Terrassa did not contemplate.<\/p>  <p>The Catalan did not have problems with the fact that it knew his &#8220;no&#8221; to the Barcelona and left clear that only would go back with a team of his full confidence. &#8220;I do not have any problem: I do not hide me, neither me retracto. It would like me<strong> work beside people in those who have confidence, with those who there is loyalty, and that they are people very valid<\/strong>. It can not have anybody toxic near of the changing room&#8221;, commented, giving even names. &#8220;We are speaking of Carles Puyol, that went captain of the Bar\u00e7a, and Jordi Cruyff, very good negociante and with a lot of experience in the technical secretary<strong>. I am very of team; I do not want to decide only. Here, the decisions take them with the staff\u2026<\/strong> is a horizontal structure, of consensus. Although afterwards the last word correspond me to me&#8221;, aimed.<\/p>  <p>The ex international Spanish wanted to leave clear also that it does not want toxic people in his Bar\u00e7a. It did not give names neither surnames, but sounded to warning of face to the future. &#8220;Obviously it would like me have a lot of tuning with all the world. <strong>In the changing room can not have anybody negative, toxic, and the medical subject is important\u2026 all has to fit<\/strong>. It would like me go in with people of my surroundings to form a good team&#8221;, insisted.<\/p>  <p>In this same sense, Xavi admitted that his return will not be tied to a president, although his preferences remained clear with his explanation. <strong>&#8220;It would not be definite, but insist in that it would like me have total tuning. I do not know if it will be able to give this idealidad..<\/strong>. I do not have at all against of anybody; it is more, I do not have bad relation with Bartomeu. Afterwards with Laporta get along and V\u00edctor Font and I are fellow. I will be with all that that want to very to the Bar\u00e7a&#8221;, recognised.<\/p>  <h3>It spoke of the current staff and of the reinforcements that needs<\/h3>  <p>Changing totally of subject, the one of Terrassa analysed to the current staff cul\u00e9 and praised his quality. <strong>&#8220;Big part of the staff seems me extraordinary. Beginning by the goalkeeper, that seems me the best of the world<\/strong>; Jordi Alba, for me, is the best left side of the world; I Hammered, the best head office of the world; Busquets, better defensive midfield player of the world; and Messi, the best player of the world. And, if you add them to Su\u00e1rez, to Of Jong and to Arthur, seem me footballers to triumph ten years more in the Bar\u00e7a. The base is very good&#8221;, affirmed.<\/p>  <p>Nevertheless, the ex midfield player ensured that to the Bar\u00e7a is missing him desborde and that he fichar\u00eda extremes like Neymar Jr, to the that would bring of turn without doubting, Jadon Sancho or Serge Gnabry. &#8220;I fichar\u00eda extreme, type Neymar, that do not know if he would fit by the social subject, but futbol\u00edsticamente do not have doubts in that it would be a spectacular signing. <strong>The Bar\u00e7a already has game inside, but are missing him extreme as has the Bayern. It does not need a lot of new: Jadon Sancho, Serge Gnabry\u2026<\/strong>&#8220;, finalised, giving some examples.<\/p> ","protected":false},"excerpt":{"rendered":"<p>Xavi Hern\u00e1ndez spoke with &#8216;La Vanguardia&#8217; in an interesting interview in which he confessed how he would like to return to Bar\u00e7a. The Catalan made it clear that he wants to lead a project from scratch and that he needs to trust his team and the locker room Xavi Hern\u00e1ndez always speaks clear and in [&hellip;]<\/p>\n","protected":false},"author":392,"featured_media":34460,"comment_status":"closed","ping_status":"open","sticky":false,"template":"","format":"standard","meta":{"_acf_changed":false,"inline_featured_image":false,"_nextfly_llmd_date_locked":false,"footnotes":""},"categories":[111],"tags":[48],"class_list":["post-37691","post","type-post","status-publish","format-standard","has-post-thumbnail","hentry","category-fc-barcelona","tag-xavi-hernandez"],"acf":[],"yoast_head":"<!-- This site is optimized with the Yoast SEO plugin v27.3 - https:\/\/yoast.com\/product\/yoast-seo-wordpress\/ -->\n<title>Xavi, on his return to Bar\u00e7a: &quot;There can not be anyone toxic in the locker room&quot;<\/title>\n<meta name=\"description\" content=\"Xavi Hern\u00e1ndez spoke with &#039;The Avant-garde&#039; in an interesting interview in which it confessed how would like him go back to the Bar\u00e7a. The Catalan left clear that it wants to l...\" \/>\n<meta name=\"robots\" content=\"index, follow, max-snippet:-1, max-image-preview:large, max-video-preview:-1\" \/>\n<link rel=\"canonical\" href=\"https:\/\/www.fcbarcelonanoticias.com\/en\/fc-barcelona\/xavi-return-barcelona-not-be-anyone-toxic-locker-room_256549_102.html\" \/>\n<meta property=\"og:locale\" content=\"en_US\" \/>\n<meta property=\"og:type\" content=\"article\" \/>\n<meta property=\"og:title\" content=\"Xavi, on his return to Bar\u00e7a: &quot;There can not be anyone toxic in the locker room&quot;\" \/>\n<meta property=\"og:description\" content=\"Xavi Hern\u00e1ndez spoke with &#039;The Avant-garde&#039; in an interesting interview in which it confessed how would like him go back to the Bar\u00e7a. The Catalan left clear that it wants to l...\" \/>\n<meta property=\"og:url\" content=\"https:\/\/www.fcbarcelonanoticias.com\/en\/fc-barcelona\/xavi-return-barcelona-not-be-anyone-toxic-locker-room_256549_102.html\" \/>\n<meta property=\"og:site_name\" content=\"EN - FC Barcelona Noticias\" \/>\n<meta property=\"article:published_time\" content=\"2020-03-29T10:11:00+00:00\" \/>\n<meta property=\"article:modified_time\" content=\"2020-03-29T13:43:00+00:00\" \/>\n<meta property=\"og:image\" content=\"https:\/\/www.fcbarcelonanoticias.com\/en\/wp-content\/uploads\/sites\/2\/2020\/02\/xavi-herna-ndez-en-una-imagen-de-archivo-1.jpeg\" \/>\n\t<meta property=\"og:image:width\" content=\"1200\" \/>\n\t<meta property=\"og:image:height\" content=\"680\" \/>\n\t<meta property=\"og:image:type\" content=\"image\/jpeg\" \/>\n<meta name=\"author\" content=\"user_4048\" \/>\n<meta name=\"twitter:card\" content=\"summary_large_image\" \/>\n<meta name=\"twitter:label1\" content=\"Written by\" \/>\n\t<meta name=\"twitter:data1\" content=\"user_4048\" \/>\n\t<meta name=\"twitter:label2\" content=\"Est. reading time\" \/>\n\t<meta name=\"twitter:data2\" content=\"4 minutes\" \/>\n<script type=\"application\/ld+json\" class=\"yoast-schema-graph\">{\"@context\":\"https:\\\/\\\/schema.org\",\"@graph\":[{\"@type\":\"Article\",\"@id\":\"https:\\\/\\\/www.fcbarcelonanoticias.com\\\/en\\\/fc-barcelona\\\/xavi-return-barcelona-not-be-anyone-toxic-locker-room_256549_102.html#article\",\"isPartOf\":{\"@id\":\"https:\\\/\\\/www.fcbarcelonanoticias.com\\\/en\\\/fc-barcelona\\\/xavi-return-barcelona-not-be-anyone-toxic-locker-room_256549_102.html\"},\"author\":{\"name\":\"user_4048\",\"@id\":\"https:\\\/\\\/www.fcbarcelonanoticias.com\\\/en\\\/#\\\/schema\\\/person\\\/fcdad55cab72b8d0e106d75506783b6d\"},\"headline\":\"Xavi, on his return to Bar\u00e7a: &#8220;There can not be anyone toxic in the locker room&#8221;\",\"datePublished\":\"2020-03-29T10:11:00+00:00\",\"dateModified\":\"2020-03-29T13:43:00+00:00\",\"mainEntityOfPage\":{\"@id\":\"https:\\\/\\\/www.fcbarcelonanoticias.com\\\/en\\\/fc-barcelona\\\/xavi-return-barcelona-not-be-anyone-toxic-locker-room_256549_102.html\"},\"wordCount\":801,\"image\":{\"@id\":\"https:\\\/\\\/www.fcbarcelonanoticias.com\\\/en\\\/fc-barcelona\\\/xavi-return-barcelona-not-be-anyone-toxic-locker-room_256549_102.html#primaryimage\"},\"thumbnailUrl\":\"https:\\\/\\\/www.fcbarcelonanoticias.com\\\/en\\\/wp-content\\\/uploads\\\/sites\\\/2\\\/2020\\\/02\\\/xavi-herna-ndez-en-una-imagen-de-archivo-1.jpeg\",\"keywords\":[\"Xavi Hern\u00e1ndez\"],\"articleSection\":[\"FC Barcelona\"],\"inLanguage\":\"en-US\"},{\"@type\":\"WebPage\",\"@id\":\"https:\\\/\\\/www.fcbarcelonanoticias.com\\\/en\\\/fc-barcelona\\\/xavi-return-barcelona-not-be-anyone-toxic-locker-room_256549_102.html\",\"url\":\"https:\\\/\\\/www.fcbarcelonanoticias.com\\\/en\\\/fc-barcelona\\\/xavi-return-barcelona-not-be-anyone-toxic-locker-room_256549_102.html\",\"name\":\"Xavi, on his return to Bar\u00e7a: \\\"There can not be anyone toxic in the locker room\\\"\",\"isPartOf\":{\"@id\":\"https:\\\/\\\/www.fcbarcelonanoticias.com\\\/en\\\/#website\"},\"primaryImageOfPage\":{\"@id\":\"https:\\\/\\\/www.fcbarcelonanoticias.com\\\/en\\\/fc-barcelona\\\/xavi-return-barcelona-not-be-anyone-toxic-locker-room_256549_102.html#primaryimage\"},\"image\":{\"@id\":\"https:\\\/\\\/www.fcbarcelonanoticias.com\\\/en\\\/fc-barcelona\\\/xavi-return-barcelona-not-be-anyone-toxic-locker-room_256549_102.html#primaryimage\"},\"thumbnailUrl\":\"https:\\\/\\\/www.fcbarcelonanoticias.com\\\/en\\\/wp-content\\\/uploads\\\/sites\\\/2\\\/2020\\\/02\\\/xavi-herna-ndez-en-una-imagen-de-archivo-1.jpeg\",\"datePublished\":\"2020-03-29T10:11:00+00:00\",\"dateModified\":\"2020-03-29T13:43:00+00:00\",\"author\":{\"@id\":\"https:\\\/\\\/www.fcbarcelonanoticias.com\\\/en\\\/#\\\/schema\\\/person\\\/fcdad55cab72b8d0e106d75506783b6d\"},\"description\":\"Xavi Hern\u00e1ndez spoke with 'The Avant-garde' in an interesting interview in which it confessed how would like him go back to the Bar\u00e7a. The Catalan left clear that it wants to l...\",\"breadcrumb\":{\"@id\":\"https:\\\/\\\/www.fcbarcelonanoticias.com\\\/en\\\/fc-barcelona\\\/xavi-return-barcelona-not-be-anyone-toxic-locker-room_256549_102.html#breadcrumb\"},\"inLanguage\":\"en-US\",\"potentialAction\":[{\"@type\":\"ReadAction\",\"target\":[\"https:\\\/\\\/www.fcbarcelonanoticias.com\\\/en\\\/fc-barcelona\\\/xavi-return-barcelona-not-be-anyone-toxic-locker-room_256549_102.html\"]}]},{\"@type\":\"ImageObject\",\"inLanguage\":\"en-US\",\"@id\":\"https:\\\/\\\/www.fcbarcelonanoticias.com\\\/en\\\/fc-barcelona\\\/xavi-return-barcelona-not-be-anyone-toxic-locker-room_256549_102.html#primaryimage\",\"url\":\"https:\\\/\\\/www.fcbarcelonanoticias.com\\\/en\\\/wp-content\\\/uploads\\\/sites\\\/2\\\/2020\\\/02\\\/xavi-herna-ndez-en-una-imagen-de-archivo-1.jpeg\",\"contentUrl\":\"https:\\\/\\\/www.fcbarcelonanoticias.com\\\/en\\\/wp-content\\\/uploads\\\/sites\\\/2\\\/2020\\\/02\\\/xavi-herna-ndez-en-una-imagen-de-archivo-1.jpeg\",\"width\":1200,\"height\":680},{\"@type\":\"BreadcrumbList\",\"@id\":\"https:\\\/\\\/www.fcbarcelonanoticias.com\\\/en\\\/fc-barcelona\\\/xavi-return-barcelona-not-be-anyone-toxic-locker-room_256549_102.html#breadcrumb\",\"itemListElement\":[{\"@type\":\"ListItem\",\"position\":1,\"name\":\"Portada\",\"item\":\"https:\\\/\\\/www.fcbarcelonanoticias.com\\\/en\\\/\"},{\"@type\":\"ListItem\",\"position\":2,\"name\":\"Xavi, on his return to Bar\u00e7a: &#8220;There can not be anyone toxic in the locker room&#8221;\"}]},{\"@type\":\"WebSite\",\"@id\":\"https:\\\/\\\/www.fcbarcelonanoticias.com\\\/en\\\/#website\",\"url\":\"https:\\\/\\\/www.fcbarcelonanoticias.com\\\/en\\\/\",\"name\":\"EN - FC Barcelona Noticias\",\"description\":\"\",\"potentialAction\":[{\"@type\":\"SearchAction\",\"target\":{\"@type\":\"EntryPoint\",\"urlTemplate\":\"https:\\\/\\\/www.fcbarcelonanoticias.com\\\/en\\\/?s={search_term_string}\"},\"query-input\":{\"@type\":\"PropertyValueSpecification\",\"valueRequired\":true,\"valueName\":\"search_term_string\"}}],\"inLanguage\":\"en-US\"},{\"@type\":\"Person\",\"@id\":\"https:\\\/\\\/www.fcbarcelonanoticias.com\\\/en\\\/#\\\/schema\\\/person\\\/fcdad55cab72b8d0e106d75506783b6d\",\"name\":\"user_4048\",\"image\":{\"@type\":\"ImageObject\",\"inLanguage\":\"en-US\",\"@id\":\"https:\\\/\\\/secure.gravatar.com\\\/avatar\\\/?s=96&d=mm&r=g\",\"url\":\"https:\\\/\\\/secure.gravatar.com\\\/avatar\\\/?s=96&d=mm&r=g\",\"contentUrl\":\"https:\\\/\\\/secure.gravatar.com\\\/avatar\\\/?s=96&d=mm&r=g\",\"caption\":\"user_4048\"},\"url\":\"https:\\\/\\\/www.fcbarcelonanoticias.com\\\/en\\\/user_4048.html\"}]}<\/script>\n<!-- \/ Yoast SEO plugin. -->","yoast_head_json":{"title":"Xavi, on his return to Bar\u00e7a: \"There can not be anyone toxic in the locker room\"","description":"Xavi Hern\u00e1ndez spoke with 'The Avant-garde' in an interesting interview in which it confessed how would like him go back to the Bar\u00e7a. The Catalan left clear that it wants to l...","robots":{"index":"index","follow":"follow","max-snippet":"max-snippet:-1","max-image-preview":"max-image-preview:large","max-video-preview":"max-video-preview:-1"},"canonical":"https:\/\/www.fcbarcelonanoticias.com\/en\/fc-barcelona\/xavi-return-barcelona-not-be-anyone-toxic-locker-room_256549_102.html","og_locale":"en_US","og_type":"article","og_title":"Xavi, on his return to Bar\u00e7a: \"There can not be anyone toxic in the locker room\"","og_description":"Xavi Hern\u00e1ndez spoke with 'The Avant-garde' in an interesting interview in which it confessed how would like him go back to the Bar\u00e7a. The Catalan left clear that it wants to l...","og_url":"https:\/\/www.fcbarcelonanoticias.com\/en\/fc-barcelona\/xavi-return-barcelona-not-be-anyone-toxic-locker-room_256549_102.html","og_site_name":"EN - FC Barcelona Noticias","article_published_time":"2020-03-29T10:11:00+00:00","article_modified_time":"2020-03-29T13:43:00+00:00","og_image":[{"width":1200,"height":680,"url":"https:\/\/www.fcbarcelonanoticias.com\/en\/wp-content\/uploads\/sites\/2\/2020\/02\/xavi-herna-ndez-en-una-imagen-de-archivo-1.jpeg","type":"image\/jpeg"}],"author":"user_4048","twitter_card":"summary_large_image","twitter_misc":{"Written by":"user_4048","Est. reading time":"4 minutes"},"schema":{"@context":"https:\/\/schema.org","@graph":[{"@type":"Article","@id":"https:\/\/www.fcbarcelonanoticias.com\/en\/fc-barcelona\/xavi-return-barcelona-not-be-anyone-toxic-locker-room_256549_102.html#article","isPartOf":{"@id":"https:\/\/www.fcbarcelonanoticias.com\/en\/fc-barcelona\/xavi-return-barcelona-not-be-anyone-toxic-locker-room_256549_102.html"},"author":{"name":"user_4048","@id":"https:\/\/www.fcbarcelonanoticias.com\/en\/#\/schema\/person\/fcdad55cab72b8d0e106d75506783b6d"},"headline":"Xavi, on his return to Bar\u00e7a: &#8220;There can not be anyone toxic in the locker room&#8221;","datePublished":"2020-03-29T10:11:00+00:00","dateModified":"2020-03-29T13:43:00+00:00","mainEntityOfPage":{"@id":"https:\/\/www.fcbarcelonanoticias.com\/en\/fc-barcelona\/xavi-return-barcelona-not-be-anyone-toxic-locker-room_256549_102.html"},"wordCount":801,"image":{"@id":"https:\/\/www.fcbarcelonanoticias.com\/en\/fc-barcelona\/xavi-return-barcelona-not-be-anyone-toxic-locker-room_256549_102.html#primaryimage"},"thumbnailUrl":"https:\/\/www.fcbarcelonanoticias.com\/en\/wp-content\/uploads\/sites\/2\/2020\/02\/xavi-herna-ndez-en-una-imagen-de-archivo-1.jpeg","keywords":["Xavi Hern\u00e1ndez"],"articleSection":["FC Barcelona"],"inLanguage":"en-US"},{"@type":"WebPage","@id":"https:\/\/www.fcbarcelonanoticias.com\/en\/fc-barcelona\/xavi-return-barcelona-not-be-anyone-toxic-locker-room_256549_102.html","url":"https:\/\/www.fcbarcelonanoticias.com\/en\/fc-barcelona\/xavi-return-barcelona-not-be-anyone-toxic-locker-room_256549_102.html","name":"Xavi, on his return to Bar\u00e7a: \"There can not be anyone toxic in the locker room\"","isPartOf":{"@id":"https:\/\/www.fcbarcelonanoticias.com\/en\/#website"},"primaryImageOfPage":{"@id":"https:\/\/www.fcbarcelonanoticias.com\/en\/fc-barcelona\/xavi-return-barcelona-not-be-anyone-toxic-locker-room_256549_102.html#primaryimage"},"image":{"@id":"https:\/\/www.fcbarcelonanoticias.com\/en\/fc-barcelona\/xavi-return-barcelona-not-be-anyone-toxic-locker-room_256549_102.html#primaryimage"},"thumbnailUrl":"https:\/\/www.fcbarcelonanoticias.com\/en\/wp-content\/uploads\/sites\/2\/2020\/02\/xavi-herna-ndez-en-una-imagen-de-archivo-1.jpeg","datePublished":"2020-03-29T10:11:00+00:00","dateModified":"2020-03-29T13:43:00+00:00","author":{"@id":"https:\/\/www.fcbarcelonanoticias.com\/en\/#\/schema\/person\/fcdad55cab72b8d0e106d75506783b6d"},"description":"Xavi Hern\u00e1ndez spoke with 'The Avant-garde' in an interesting interview in which it confessed how would like him go back to the Bar\u00e7a. The Catalan left clear that it wants to l...","breadcrumb":{"@id":"https:\/\/www.fcbarcelonanoticias.com\/en\/fc-barcelona\/xavi-return-barcelona-not-be-anyone-toxic-locker-room_256549_102.html#breadcrumb"},"inLanguage":"en-US","potentialAction":[{"@type":"ReadAction","target":["https:\/\/www.fcbarcelonanoticias.com\/en\/fc-barcelona\/xavi-return-barcelona-not-be-anyone-toxic-locker-room_256549_102.html"]}]},{"@type":"ImageObject","inLanguage":"en-US","@id":"https:\/\/www.fcbarcelonanoticias.com\/en\/fc-barcelona\/xavi-return-barcelona-not-be-anyone-toxic-locker-room_256549_102.html#primaryimage","url":"https:\/\/www.fcbarcelonanoticias.com\/en\/wp-content\/uploads\/sites\/2\/2020\/02\/xavi-herna-ndez-en-una-imagen-de-archivo-1.jpeg","contentUrl":"https:\/\/www.fcbarcelonanoticias.com\/en\/wp-content\/uploads\/sites\/2\/2020\/02\/xavi-herna-ndez-en-una-imagen-de-archivo-1.jpeg","width":1200,"height":680},{"@type":"BreadcrumbList","@id":"https:\/\/www.fcbarcelonanoticias.com\/en\/fc-barcelona\/xavi-return-barcelona-not-be-anyone-toxic-locker-room_256549_102.html#breadcrumb","itemListElement":[{"@type":"ListItem","position":1,"name":"Portada","item":"https:\/\/www.fcbarcelonanoticias.com\/en\/"},{"@type":"ListItem","position":2,"name":"Xavi, on his return to Bar\u00e7a: &#8220;There can not be anyone toxic in the locker room&#8221;"}]},{"@type":"WebSite","@id":"https:\/\/www.fcbarcelonanoticias.com\/en\/#website","url":"https:\/\/www.fcbarcelonanoticias.com\/en\/","name":"EN - FC Barcelona Noticias","description":"","potentialAction":[{"@type":"SearchAction","target":{"@type":"EntryPoint","urlTemplate":"https:\/\/www.fcbarcelonanoticias.com\/en\/?s={search_term_string}"},"query-input":{"@type":"PropertyValueSpecification","valueRequired":true,"valueName":"search_term_string"}}],"inLanguage":"en-US"},{"@type":"Person","@id":"https:\/\/www.fcbarcelonanoticias.com\/en\/#\/schema\/person\/fcdad55cab72b8d0e106d75506783b6d","name":"user_4048","image":{"@type":"ImageObject","inLanguage":"en-US","@id":"https:\/\/secure.gravatar.com\/avatar\/?s=96&d=mm&r=g","url":"https:\/\/secure.gravatar.com\/avatar\/?s=96&d=mm&r=g","contentUrl":"https:\/\/secure.gravatar.com\/avatar\/?s=96&d=mm&r=g","caption":"user_4048"},"url":"https:\/\/www.fcbarcelonanoticias.com\/en\/user_4048.html"}]}},"_links":{"self":[{"href":"https:\/\/www.fcbarcelonanoticias.com\/en\/wp-json\/wp\/v2\/posts\/37691","targetHints":{"allow":["GET"]}}],"collection":[{"href":"https:\/\/www.fcbarcelonanoticias.com\/en\/wp-json\/wp\/v2\/posts"}],"about":[{"href":"https:\/\/www.fcbarcelonanoticias.com\/en\/wp-json\/wp\/v2\/types\/post"}],"author":[{"embeddable":true,"href":"https:\/\/www.fcbarcelonanoticias.com\/en\/wp-json\/wp\/v2\/users\/392"}],"replies":[{"embeddable":true,"href":"https:\/\/www.fcbarcelonanoticias.com\/en\/wp-json\/wp\/v2\/comments?post=37691"}],"version-history":[{"count":1,"href":"https:\/\/www.fcbarcelonanoticias.com\/en\/wp-json\/wp\/v2\/posts\/37691\/revisions"}],"predecessor-version":[{"id":110982,"href":"https:\/\/www.fcbarcelonanoticias.com\/en\/wp-json\/wp\/v2\/posts\/37691\/revisions\/110982"}],"wp:featuredmedia":[{"embeddable":true,"href":"https:\/\/www.fcbarcelonanoticias.com\/en\/wp-json\/wp\/v2\/media\/34460"}],"wp:attachment":[{"href":"https:\/\/www.fcbarcelonanoticias.com\/en\/wp-json\/wp\/v2\/media?parent=37691"}],"wp:term":[{"taxonomy":"category","embeddable":true,"href":"https:\/\/www.fcbarcelonanoticias.com\/en\/wp-json\/wp\/v2\/categories?post=37691"},{"taxonomy":"post_tag","embeddable":true,"href":"https:\/\/www.fcbarcelonanoticias.com\/en\/wp-json\/wp\/v2\/tags?post=37691"}],"curies":[{"name":"wp","href":"https:\/\/api.w.org\/{rel}","templated":true}]}}