{"id":3784,"date":"2022-09-24T20:49:00","date_gmt":"2022-09-24T18:49:00","guid":{"rendered":"https:\/\/weisetech.dev\/fc-barcelona-noticias\/en\/the-champions-defend-to-karim-benzema-in-his-account-of-t_284718_102\/"},"modified":"2022-09-24T20:49:00","modified_gmt":"2022-09-24T18:49:00","slug":"the-champions-defend-to-karim-benzema-in-his-account-of-t_284718_102","status":"publish","type":"post","link":"https:\/\/www.fcbarcelonanoticias.com\/en\/champions-league\/the-champions-defend-to-karim-benzema-in-his-account-of-t_284718_102.html","title":{"rendered":"The Champions &#8216;defends&#8217; Karim Benzema on his TikTok account"},"content":{"rendered":"<h2 class=\"wp-block-heading\">Karim Benzema was chosen as the best player in the latest edition of the UEFA Champions League. In a video uploaded on the official account of the competition on TikTok, a comment from a user caused a &#8216;zasca&#8217; in favor of the striker<\/h2>  \r\n<div class=\"article-addons\">\r\n    <a href=\"https:\/\/www.fcbarcelonanoticias.com\/en\/calendar-fc-barcelona.html\"\r\n       target=\"_self\"\r\n       title=\"Calendar of FC Barcelona\"\r\n       class=\"blue-gredient-btn\">\r\n       \r\n        Calendar of FC Barcelona    <\/a>\r\n<\/div>   <p>An user wanted to leave in evidence to Karim Benzema in TikTok and the official account of the UEFA Champions League did not doubt in &#8216;defend him&#8217;. <strong>In reply to a video published by the account @championsleague with several of the main stars of the tournament in the last 10 years<\/strong>, an user asked after what the forward of the <a data-external=\"0\" data-intl-links-en=\"https:\/\/www.fcbarcelonanoticias.com\/en\/players\/madrid-was-also-affected-by-the-paron-alaba-given-a-good-scare_284666_102.html\" data-intl-links-es=\"https:\/\/www.fcbarcelonanoticias.com\/jugadores\/madrid-tambien-se-vio-afectado-por-paron-alaba-dio-buen-susto_284666_102.html\" href=\"https:\/\/www.fcbarcelonanoticias.com\/en\/players\/madrid-was-also-affected-by-the-paron-alaba-given-a-good-scare_284666_102.html\" rel=\"follow\" target=\"_self\" title=\"El Madrid tambi\u00e9n se vio afectado por el par\u00f3n: Alaba dio un buen 'susto'\">Real Madrid<\/a> and won a &#8216;zasca&#8217; monumental of the official account of the UCL.<\/p>  <p><strong>&#8220;Who invited to Benzema?&#8221;, it asked an user identified with the name and the image of Ousmane Demb\u00e9l\u00e9<\/strong>, to what the official account of the maximum comptici\u00f3n of European clubs answered:<strong> &#8220;His five trophies of the Champions, perhaps?&#8221;<\/strong>, justifying the apparition of the French in the audiovisual in which they also appeared figures like Leo Messi, Robert Lewandowski, Luis Su\u00e1rez, Cristiano Ronaldo, Zlatan Ibrahimovic, Manuel Neuer, Luka Modric, Sergio Bouquets and Thiago Silva.<\/p>  <blockquote cite=\"https:\/\/www.tiktok.com\/@championsleague\/video\/7146234722916650245\" class=\"tiktok-embed\" data-video-id=\"7146234722916650245\" style=\"max-width: 605px;min-width: 325px;\"> <section><a href=\"https:\/\/www.tiktok.com\/en\/@championsleague?refer=embed\" target=\"_blank\" title=\"@championsleague\">@championsleague<\/a> This Was \u2764\ufe0f <a href=\"https:\/\/www.tiktok.com\/en\/tag\/championsleague?refer=embed\" target=\"_blank\" title=\"championsleague\">#ChampionsLeague<\/a> <a href=\"https:\/\/www.tiktok.com\/en\/music\/original-sound-7146234746262080261?refer=embed\" target=\"_blank\" title=\"\u266c original sound - Champions League\">\u266c original sound &#8211; Champions League<\/a><\/section> <\/blockquote> <p>In place to question the apparition of Benzema, <strong>some users signalled to the central Brazilian of Chelsea<\/strong>, the one who only attained to win the trophy in an opportunity with the group &#8216;blue&#8217;. <strong>Other atizaron to Ibrahimovic<\/strong>, the one who in spite of his successful career has not attained to raise the &#8216;orejona&#8217;. In the case of Karim, results absurd to question his label of Legend of the Champions, since in addition to his five titulos with the Madrid is one of the maxima goleadores in the history of the tournament.<\/p>  <h3>Benzema, the &#8216;more valuable&#8217; of the last Champions<\/h3>  <p>The performance of the Frenchman was key in the career to the title of the <a data-external=\"0\" data-intl-links-en=\"https:\/\/www.fcbarcelonanoticias.com\/en\/international-football\/to-the-khelaifi-commands-dart-poisoned-to-the-real-madrid_284716_102.html\" data-intl-links-es=\"https:\/\/www.fcbarcelonanoticias.com\/futbol-internacional\/al-khelaifi-manda-dardo-envenenado-real-madrid_284716_102.html\" href=\"https:\/\/www.fcbarcelonanoticias.com\/en\/international-football\/to-the-khelaifi-commands-dart-poisoned-to-the-real-madrid_284716_102.html\" rel=\"follow\" target=\"_self\" title=\"Al-Khela\u00effi manda un 'dardo' envenenado al Real Madrid\">Madrid<\/a> the past season. His three goals to Paris Saint-Germain, Chelsea and Manchester City led the traced back white in eighth, fourth and semis, completing a total of 15 so many and 2 assistances in the tournament. In total, <strong>Karim adds 86 goals in the competition and is fourth in the historical table of &#8216;pichichis&#8217;<\/strong> that head Cristiano Ronaldo with 140 so many. They follow him Leo Messi (126) and Lewandowski (89).<\/p> ","protected":false},"excerpt":{"rendered":"<p>Karim Benzema was chosen as the best player in the latest edition of the UEFA Champions League. In a video uploaded on the official account of the competition on TikTok, a comment from a user caused a &#8216;zasca&#8217; in favor of the striker An user wanted to leave in evidence to Karim Benzema in TikTok [&hellip;]<\/p>\n","protected":false},"author":347,"featured_media":1825,"comment_status":"closed","ping_status":"open","sticky":false,"template":"","format":"standard","meta":{"_acf_changed":false,"inline_featured_image":false,"_nextfly_llmd_date_locked":false,"footnotes":""},"categories":[447,112],"tags":[],"class_list":["post-3784","post","type-post","status-publish","format-standard","has-post-thumbnail","hentry","category-champions-league-2","category-champions-league"],"acf":[],"yoast_head":"<!-- This site is optimized with the Yoast SEO plugin v27.3 - https:\/\/yoast.com\/product\/yoast-seo-wordpress\/ -->\n<title>The Champions &#039;defends&#039; Karim Benzema on his TikTok account<\/title>\n<meta name=\"description\" content=\"Karim Benzema was chosen like the best player of the last edition of the UEFA Champions League. In a video gone up in the official account of the competition and...\" \/>\n<meta name=\"robots\" content=\"index, follow, max-snippet:-1, max-image-preview:large, max-video-preview:-1\" \/>\n<link rel=\"canonical\" href=\"https:\/\/www.fcbarcelonanoticias.com\/en\/champions-league\/the-champions-defend-to-karim-benzema-in-his-account-of-t_284718_102.html\" \/>\n<meta property=\"og:locale\" content=\"en_US\" \/>\n<meta property=\"og:type\" content=\"article\" \/>\n<meta property=\"og:title\" content=\"The Champions &#039;defends&#039; Karim Benzema on his TikTok account\" \/>\n<meta property=\"og:description\" content=\"Karim Benzema was chosen like the best player of the last edition of the UEFA Champions League. In a video gone up in the official account of the competition and...\" \/>\n<meta property=\"og:url\" content=\"https:\/\/www.fcbarcelonanoticias.com\/en\/champions-league\/the-champions-defend-to-karim-benzema-in-his-account-of-t_284718_102.html\" \/>\n<meta property=\"og:site_name\" content=\"EN - FC Barcelona Noticias\" \/>\n<meta property=\"article:published_time\" content=\"2022-09-24T18:49:00+00:00\" \/>\n<meta property=\"og:image\" content=\"https:\/\/www.fcbarcelonanoticias.com\/en\/wp-content\/uploads\/sites\/2\/2022\/09\/karim-benzema-recibe-el-premio-al-mejor-jugador-de-la-uefa.jpeg\" \/>\n\t<meta property=\"og:image:width\" content=\"1200\" \/>\n\t<meta property=\"og:image:height\" content=\"675\" \/>\n\t<meta property=\"og:image:type\" content=\"image\/jpeg\" \/>\n<meta name=\"author\" content=\"Andr\u00e9s Quiroz\" \/>\n<meta name=\"twitter:card\" content=\"summary_large_image\" \/>\n<meta name=\"twitter:label1\" content=\"Written by\" \/>\n\t<meta name=\"twitter:data1\" content=\"Andr\u00e9s Quiroz\" \/>\n\t<meta name=\"twitter:label2\" content=\"Est. reading time\" \/>\n\t<meta name=\"twitter:data2\" content=\"2 minutes\" \/>\n<script type=\"application\/ld+json\" class=\"yoast-schema-graph\">{\"@context\":\"https:\\\/\\\/schema.org\",\"@graph\":[{\"@type\":\"Article\",\"@id\":\"https:\\\/\\\/www.fcbarcelonanoticias.com\\\/en\\\/champions-league\\\/the-champions-defend-to-karim-benzema-in-his-account-of-t_284718_102.html#article\",\"isPartOf\":{\"@id\":\"https:\\\/\\\/www.fcbarcelonanoticias.com\\\/en\\\/champions-league\\\/the-champions-defend-to-karim-benzema-in-his-account-of-t_284718_102.html\"},\"author\":{\"name\":\"Andr\u00e9s Quiroz\",\"@id\":\"https:\\\/\\\/www.fcbarcelonanoticias.com\\\/en\\\/#\\\/schema\\\/person\\\/c2cd9f6fa1af5c0d0eccd0fefa575c88\"},\"headline\":\"The Champions &#8216;defends&#8217; Karim Benzema on his TikTok account\",\"datePublished\":\"2022-09-24T18:49:00+00:00\",\"mainEntityOfPage\":{\"@id\":\"https:\\\/\\\/www.fcbarcelonanoticias.com\\\/en\\\/champions-league\\\/the-champions-defend-to-karim-benzema-in-his-account-of-t_284718_102.html\"},\"wordCount\":390,\"image\":{\"@id\":\"https:\\\/\\\/www.fcbarcelonanoticias.com\\\/en\\\/champions-league\\\/the-champions-defend-to-karim-benzema-in-his-account-of-t_284718_102.html#primaryimage\"},\"thumbnailUrl\":\"https:\\\/\\\/www.fcbarcelonanoticias.com\\\/en\\\/wp-content\\\/uploads\\\/sites\\\/2\\\/2022\\\/09\\\/karim-benzema-recibe-el-premio-al-mejor-jugador-de-la-uefa.jpeg\",\"articleSection\":[\"Champions League\",\"Champions League\"],\"inLanguage\":\"en-US\"},{\"@type\":\"WebPage\",\"@id\":\"https:\\\/\\\/www.fcbarcelonanoticias.com\\\/en\\\/champions-league\\\/the-champions-defend-to-karim-benzema-in-his-account-of-t_284718_102.html\",\"url\":\"https:\\\/\\\/www.fcbarcelonanoticias.com\\\/en\\\/champions-league\\\/the-champions-defend-to-karim-benzema-in-his-account-of-t_284718_102.html\",\"name\":\"The Champions 'defends' Karim Benzema on his TikTok account\",\"isPartOf\":{\"@id\":\"https:\\\/\\\/www.fcbarcelonanoticias.com\\\/en\\\/#website\"},\"primaryImageOfPage\":{\"@id\":\"https:\\\/\\\/www.fcbarcelonanoticias.com\\\/en\\\/champions-league\\\/the-champions-defend-to-karim-benzema-in-his-account-of-t_284718_102.html#primaryimage\"},\"image\":{\"@id\":\"https:\\\/\\\/www.fcbarcelonanoticias.com\\\/en\\\/champions-league\\\/the-champions-defend-to-karim-benzema-in-his-account-of-t_284718_102.html#primaryimage\"},\"thumbnailUrl\":\"https:\\\/\\\/www.fcbarcelonanoticias.com\\\/en\\\/wp-content\\\/uploads\\\/sites\\\/2\\\/2022\\\/09\\\/karim-benzema-recibe-el-premio-al-mejor-jugador-de-la-uefa.jpeg\",\"datePublished\":\"2022-09-24T18:49:00+00:00\",\"author\":{\"@id\":\"https:\\\/\\\/www.fcbarcelonanoticias.com\\\/en\\\/#\\\/schema\\\/person\\\/c2cd9f6fa1af5c0d0eccd0fefa575c88\"},\"description\":\"Karim Benzema was chosen like the best player of the last edition of the UEFA Champions League. In a video gone up in the official account of the competition and...\",\"breadcrumb\":{\"@id\":\"https:\\\/\\\/www.fcbarcelonanoticias.com\\\/en\\\/champions-league\\\/the-champions-defend-to-karim-benzema-in-his-account-of-t_284718_102.html#breadcrumb\"},\"inLanguage\":\"en-US\",\"potentialAction\":[{\"@type\":\"ReadAction\",\"target\":[\"https:\\\/\\\/www.fcbarcelonanoticias.com\\\/en\\\/champions-league\\\/the-champions-defend-to-karim-benzema-in-his-account-of-t_284718_102.html\"]}]},{\"@type\":\"ImageObject\",\"inLanguage\":\"en-US\",\"@id\":\"https:\\\/\\\/www.fcbarcelonanoticias.com\\\/en\\\/champions-league\\\/the-champions-defend-to-karim-benzema-in-his-account-of-t_284718_102.html#primaryimage\",\"url\":\"https:\\\/\\\/www.fcbarcelonanoticias.com\\\/en\\\/wp-content\\\/uploads\\\/sites\\\/2\\\/2022\\\/09\\\/karim-benzema-recibe-el-premio-al-mejor-jugador-de-la-uefa.jpeg\",\"contentUrl\":\"https:\\\/\\\/www.fcbarcelonanoticias.com\\\/en\\\/wp-content\\\/uploads\\\/sites\\\/2\\\/2022\\\/09\\\/karim-benzema-recibe-el-premio-al-mejor-jugador-de-la-uefa.jpeg\",\"width\":1200,\"height\":675},{\"@type\":\"BreadcrumbList\",\"@id\":\"https:\\\/\\\/www.fcbarcelonanoticias.com\\\/en\\\/champions-league\\\/the-champions-defend-to-karim-benzema-in-his-account-of-t_284718_102.html#breadcrumb\",\"itemListElement\":[{\"@type\":\"ListItem\",\"position\":1,\"name\":\"Portada\",\"item\":\"https:\\\/\\\/www.fcbarcelonanoticias.com\\\/en\\\/\"},{\"@type\":\"ListItem\",\"position\":2,\"name\":\"The Champions &#8216;defends&#8217; Karim Benzema on his TikTok account\"}]},{\"@type\":\"WebSite\",\"@id\":\"https:\\\/\\\/www.fcbarcelonanoticias.com\\\/en\\\/#website\",\"url\":\"https:\\\/\\\/www.fcbarcelonanoticias.com\\\/en\\\/\",\"name\":\"EN - FC Barcelona Noticias\",\"description\":\"\",\"potentialAction\":[{\"@type\":\"SearchAction\",\"target\":{\"@type\":\"EntryPoint\",\"urlTemplate\":\"https:\\\/\\\/www.fcbarcelonanoticias.com\\\/en\\\/?s={search_term_string}\"},\"query-input\":{\"@type\":\"PropertyValueSpecification\",\"valueRequired\":true,\"valueName\":\"search_term_string\"}}],\"inLanguage\":\"en-US\"},{\"@type\":\"Person\",\"@id\":\"https:\\\/\\\/www.fcbarcelonanoticias.com\\\/en\\\/#\\\/schema\\\/person\\\/c2cd9f6fa1af5c0d0eccd0fefa575c88\",\"name\":\"Andr\u00e9s Quiroz\",\"image\":{\"@type\":\"ImageObject\",\"inLanguage\":\"en-US\",\"@id\":\"https:\\\/\\\/secure.gravatar.com\\\/avatar\\\/?s=96&d=mm&r=g\",\"url\":\"https:\\\/\\\/secure.gravatar.com\\\/avatar\\\/?s=96&d=mm&r=g\",\"contentUrl\":\"https:\\\/\\\/secure.gravatar.com\\\/avatar\\\/?s=96&d=mm&r=g\",\"caption\":\"Andr\u00e9s Quiroz\"},\"description\":\"Licenciado en Periodismo por la Universidad de los Andes. Me encargo de analizar y compartir los contenidos m\u00e1s destacados de la\u00a0actualidad del F\u00fatbol Club Barcelona, Mercado de Fichajes y F\u00fatbol Internacional en FCBN. La informaci\u00f3n es poder, pero tambi\u00e9n conocimiento.\",\"url\":\"https:\\\/\\\/www.fcbarcelonanoticias.com\\\/en\\\/fc-barcelona\\\/andres-quiroz_17_115.html\"}]}<\/script>\n<!-- \/ Yoast SEO plugin. -->","yoast_head_json":{"title":"The Champions 'defends' Karim Benzema on his TikTok account","description":"Karim Benzema was chosen like the best player of the last edition of the UEFA Champions League. In a video gone up in the official account of the competition and...","robots":{"index":"index","follow":"follow","max-snippet":"max-snippet:-1","max-image-preview":"max-image-preview:large","max-video-preview":"max-video-preview:-1"},"canonical":"https:\/\/www.fcbarcelonanoticias.com\/en\/champions-league\/the-champions-defend-to-karim-benzema-in-his-account-of-t_284718_102.html","og_locale":"en_US","og_type":"article","og_title":"The Champions 'defends' Karim Benzema on his TikTok account","og_description":"Karim Benzema was chosen like the best player of the last edition of the UEFA Champions League. In a video gone up in the official account of the competition and...","og_url":"https:\/\/www.fcbarcelonanoticias.com\/en\/champions-league\/the-champions-defend-to-karim-benzema-in-his-account-of-t_284718_102.html","og_site_name":"EN - FC Barcelona Noticias","article_published_time":"2022-09-24T18:49:00+00:00","og_image":[{"width":1200,"height":675,"url":"https:\/\/www.fcbarcelonanoticias.com\/en\/wp-content\/uploads\/sites\/2\/2022\/09\/karim-benzema-recibe-el-premio-al-mejor-jugador-de-la-uefa.jpeg","type":"image\/jpeg"}],"author":"Andr\u00e9s Quiroz","twitter_card":"summary_large_image","twitter_misc":{"Written by":"Andr\u00e9s Quiroz","Est. reading time":"2 minutes"},"schema":{"@context":"https:\/\/schema.org","@graph":[{"@type":"Article","@id":"https:\/\/www.fcbarcelonanoticias.com\/en\/champions-league\/the-champions-defend-to-karim-benzema-in-his-account-of-t_284718_102.html#article","isPartOf":{"@id":"https:\/\/www.fcbarcelonanoticias.com\/en\/champions-league\/the-champions-defend-to-karim-benzema-in-his-account-of-t_284718_102.html"},"author":{"name":"Andr\u00e9s Quiroz","@id":"https:\/\/www.fcbarcelonanoticias.com\/en\/#\/schema\/person\/c2cd9f6fa1af5c0d0eccd0fefa575c88"},"headline":"The Champions &#8216;defends&#8217; Karim Benzema on his TikTok account","datePublished":"2022-09-24T18:49:00+00:00","mainEntityOfPage":{"@id":"https:\/\/www.fcbarcelonanoticias.com\/en\/champions-league\/the-champions-defend-to-karim-benzema-in-his-account-of-t_284718_102.html"},"wordCount":390,"image":{"@id":"https:\/\/www.fcbarcelonanoticias.com\/en\/champions-league\/the-champions-defend-to-karim-benzema-in-his-account-of-t_284718_102.html#primaryimage"},"thumbnailUrl":"https:\/\/www.fcbarcelonanoticias.com\/en\/wp-content\/uploads\/sites\/2\/2022\/09\/karim-benzema-recibe-el-premio-al-mejor-jugador-de-la-uefa.jpeg","articleSection":["Champions League","Champions League"],"inLanguage":"en-US"},{"@type":"WebPage","@id":"https:\/\/www.fcbarcelonanoticias.com\/en\/champions-league\/the-champions-defend-to-karim-benzema-in-his-account-of-t_284718_102.html","url":"https:\/\/www.fcbarcelonanoticias.com\/en\/champions-league\/the-champions-defend-to-karim-benzema-in-his-account-of-t_284718_102.html","name":"The Champions 'defends' Karim Benzema on his TikTok account","isPartOf":{"@id":"https:\/\/www.fcbarcelonanoticias.com\/en\/#website"},"primaryImageOfPage":{"@id":"https:\/\/www.fcbarcelonanoticias.com\/en\/champions-league\/the-champions-defend-to-karim-benzema-in-his-account-of-t_284718_102.html#primaryimage"},"image":{"@id":"https:\/\/www.fcbarcelonanoticias.com\/en\/champions-league\/the-champions-defend-to-karim-benzema-in-his-account-of-t_284718_102.html#primaryimage"},"thumbnailUrl":"https:\/\/www.fcbarcelonanoticias.com\/en\/wp-content\/uploads\/sites\/2\/2022\/09\/karim-benzema-recibe-el-premio-al-mejor-jugador-de-la-uefa.jpeg","datePublished":"2022-09-24T18:49:00+00:00","author":{"@id":"https:\/\/www.fcbarcelonanoticias.com\/en\/#\/schema\/person\/c2cd9f6fa1af5c0d0eccd0fefa575c88"},"description":"Karim Benzema was chosen like the best player of the last edition of the UEFA Champions League. In a video gone up in the official account of the competition and...","breadcrumb":{"@id":"https:\/\/www.fcbarcelonanoticias.com\/en\/champions-league\/the-champions-defend-to-karim-benzema-in-his-account-of-t_284718_102.html#breadcrumb"},"inLanguage":"en-US","potentialAction":[{"@type":"ReadAction","target":["https:\/\/www.fcbarcelonanoticias.com\/en\/champions-league\/the-champions-defend-to-karim-benzema-in-his-account-of-t_284718_102.html"]}]},{"@type":"ImageObject","inLanguage":"en-US","@id":"https:\/\/www.fcbarcelonanoticias.com\/en\/champions-league\/the-champions-defend-to-karim-benzema-in-his-account-of-t_284718_102.html#primaryimage","url":"https:\/\/www.fcbarcelonanoticias.com\/en\/wp-content\/uploads\/sites\/2\/2022\/09\/karim-benzema-recibe-el-premio-al-mejor-jugador-de-la-uefa.jpeg","contentUrl":"https:\/\/www.fcbarcelonanoticias.com\/en\/wp-content\/uploads\/sites\/2\/2022\/09\/karim-benzema-recibe-el-premio-al-mejor-jugador-de-la-uefa.jpeg","width":1200,"height":675},{"@type":"BreadcrumbList","@id":"https:\/\/www.fcbarcelonanoticias.com\/en\/champions-league\/the-champions-defend-to-karim-benzema-in-his-account-of-t_284718_102.html#breadcrumb","itemListElement":[{"@type":"ListItem","position":1,"name":"Portada","item":"https:\/\/www.fcbarcelonanoticias.com\/en\/"},{"@type":"ListItem","position":2,"name":"The Champions &#8216;defends&#8217; Karim Benzema on his TikTok account"}]},{"@type":"WebSite","@id":"https:\/\/www.fcbarcelonanoticias.com\/en\/#website","url":"https:\/\/www.fcbarcelonanoticias.com\/en\/","name":"EN - FC Barcelona Noticias","description":"","potentialAction":[{"@type":"SearchAction","target":{"@type":"EntryPoint","urlTemplate":"https:\/\/www.fcbarcelonanoticias.com\/en\/?s={search_term_string}"},"query-input":{"@type":"PropertyValueSpecification","valueRequired":true,"valueName":"search_term_string"}}],"inLanguage":"en-US"},{"@type":"Person","@id":"https:\/\/www.fcbarcelonanoticias.com\/en\/#\/schema\/person\/c2cd9f6fa1af5c0d0eccd0fefa575c88","name":"Andr\u00e9s Quiroz","image":{"@type":"ImageObject","inLanguage":"en-US","@id":"https:\/\/secure.gravatar.com\/avatar\/?s=96&d=mm&r=g","url":"https:\/\/secure.gravatar.com\/avatar\/?s=96&d=mm&r=g","contentUrl":"https:\/\/secure.gravatar.com\/avatar\/?s=96&d=mm&r=g","caption":"Andr\u00e9s Quiroz"},"description":"Licenciado en Periodismo por la Universidad de los Andes. Me encargo de analizar y compartir los contenidos m\u00e1s destacados de la\u00a0actualidad del F\u00fatbol Club Barcelona, Mercado de Fichajes y F\u00fatbol Internacional en FCBN. La informaci\u00f3n es poder, pero tambi\u00e9n conocimiento.","url":"https:\/\/www.fcbarcelonanoticias.com\/en\/fc-barcelona\/andres-quiroz_17_115.html"}]}},"_links":{"self":[{"href":"https:\/\/www.fcbarcelonanoticias.com\/en\/wp-json\/wp\/v2\/posts\/3784","targetHints":{"allow":["GET"]}}],"collection":[{"href":"https:\/\/www.fcbarcelonanoticias.com\/en\/wp-json\/wp\/v2\/posts"}],"about":[{"href":"https:\/\/www.fcbarcelonanoticias.com\/en\/wp-json\/wp\/v2\/types\/post"}],"author":[{"embeddable":true,"href":"https:\/\/www.fcbarcelonanoticias.com\/en\/wp-json\/wp\/v2\/users\/347"}],"replies":[{"embeddable":true,"href":"https:\/\/www.fcbarcelonanoticias.com\/en\/wp-json\/wp\/v2\/comments?post=3784"}],"version-history":[{"count":1,"href":"https:\/\/www.fcbarcelonanoticias.com\/en\/wp-json\/wp\/v2\/posts\/3784\/revisions"}],"predecessor-version":[{"id":100763,"href":"https:\/\/www.fcbarcelonanoticias.com\/en\/wp-json\/wp\/v2\/posts\/3784\/revisions\/100763"}],"wp:featuredmedia":[{"embeddable":true,"href":"https:\/\/www.fcbarcelonanoticias.com\/en\/wp-json\/wp\/v2\/media\/1825"}],"wp:attachment":[{"href":"https:\/\/www.fcbarcelonanoticias.com\/en\/wp-json\/wp\/v2\/media?parent=3784"}],"wp:term":[{"taxonomy":"category","embeddable":true,"href":"https:\/\/www.fcbarcelonanoticias.com\/en\/wp-json\/wp\/v2\/categories?post=3784"},{"taxonomy":"post_tag","embeddable":true,"href":"https:\/\/www.fcbarcelonanoticias.com\/en\/wp-json\/wp\/v2\/tags?post=3784"}],"curies":[{"name":"wp","href":"https:\/\/api.w.org\/{rel}","templated":true}]}}