{"id":37857,"date":"2023-05-15T13:34:00","date_gmt":"2023-05-15T11:34:00","guid":{"rendered":"https:\/\/weisetech.dev\/fc-barcelona-noticias\/en\/xavi-takes-off-merits-and-focuses-success-in-laliga-on-the-barca-squad_292378_102\/"},"modified":"2023-05-15T13:34:00","modified_gmt":"2023-05-15T11:34:00","slug":"xavi-takes-off-merits-and-focuses-success-in-laliga-on-the-barca-squad_292378_102","status":"publish","type":"post","link":"https:\/\/www.fcbarcelonanoticias.com\/en\/fc-barcelona\/xavi-takes-off-merits-and-focuses-success-in-laliga-on-the-barca-squad_292378_102.html","title":{"rendered":"Xavi takes off merits and focuses success in La Liga on the Bar\u00e7a squad"},"content":{"rendered":"<h2 class=\"wp-block-heading\">Within Bar\u00e7a there is a new winning project and although Xavi Hern\u00e1ndez is the clear leader, the coach wanted to let claor that he has not been the great responsible for a new League for the entity<\/h2>  \r\n<div class=\"article-addons\">\r\n    <a href=\"https:\/\/www.fcbarcelonanoticias.com\/en\/calendar-fc-barcelona.html\"\r\n       target=\"_self\"\r\n       title=\"Calendar of FC Barcelona\"\r\n       class=\"blue-gredient-btn\">\r\n       \r\n        Calendar of FC Barcelona    <\/a>\r\n<\/div>   <p>The FC Barcelona, now more than ever of Xavi Hern\u00e1ndez, has already his first League of official way <a data-external=\"0\" data-intl-links-en=\"https:\/\/www.fcbarcelonanoticias.com\/en\/laliga\/champions-dance-barcelona-spanyol-1-4-lift-their-27th-league_292362_102.html\" data-intl-links-es=\"https:\/\/www.fcbarcelonanoticias.com\/laliga\/campeones-baile-barcelona-espanyol-1-4-levantar-su-27a-liga_292362_102.html\" href=\"https:\/\/www.fcbarcelonanoticias.com\/en\/laliga\/champions-dance-barcelona-spanyol-1-4-lift-their-27th-league_292362_102.html\" rel=\"follow\" target=\"_self\" title=\"\u00a1CAMPEONES! Baile del Bar\u00e7a al Espanyol (2-4) para levantar su 27\u00aa Liga\">after his conclusive triumph in the derbi in front of the Espanyol (2-4)<\/a>. <strong>Of this way the cul\u00e9s achieved his vigesimos\u00e9ptima League of his history and for the own Barcelona technician the big managers have been the players of the first staff of the Bar\u00e7a.<\/strong><\/p>  <p>&#8220;It is not the League of Xavi, is the League of the Bar\u00e7a, of a team that is growing, beginning a new was and the players have been vital, I only am here to guide them&#8221;, wanted to clear Xavi quickly. The m\u00edster spoke after the first celebrations of the team, appreciating also <strong>&#8220;the work of the president and the club, that did a big effort, and of Mateu and Jordi, that have done a big work also&#8221;.<\/strong><\/p>  <h2>The big protagonists of the title<\/h2>  <p>The responsible maximum of the technical body of the Bar\u00e7a cleared that &#8220;the footballers are the big art\u00edfices of this League, is a title that gives us stability to believe in the project, have been a team., a family, in a League that has been fantastic&#8221;. <strong>Also it agreed of &#8220;the family, the friends and all the staff, there have been difficult moments that have lived together&#8221;.<\/strong><\/p>  <p>&#8220;The players have prioritised the work of team to the individuality, of this is of what am prouder. <strong>And in a lot of moments have played very good football&#8221;, indicated Xavi, that remembered that &#8220;we have won the League and the Supercopa, two titles&#8221;. <\/strong>Precisely with these two titles now the Catalan team will look for to consolidate to the maximum level of Spain, but also of Europe.<\/p>  <h2>A project that has showed an incredible growth<\/h2>  <p><a data-external=\"0\" data-intl-links-en=\"https:\/\/www.fcbarcelonanoticias.com\/en\/laliga\/this-laliga-el-barcelona-is-already-champion-real-madrid-returns-2nd-place_292365_102.html\" data-intl-links-es=\"https:\/\/www.fcbarcelonanoticias.com\/laliga\/esta-laliga-el-barcelona-ya-es-campeon-real-madrid-vuelve-2o-puesto_292365_102.html\" href=\"https:\/\/www.fcbarcelonanoticias.com\/en\/laliga\/this-laliga-el-barcelona-is-already-champion-real-madrid-returns-2nd-place_292365_102.html\" rel=\"follow\" target=\"_self\" title=\"As\u00ed est\u00e1 LaLiga: \u00a1El Bar\u00e7a ya es campe\u00f3n y el Real Madrid vuelve al 2\u00ba puesto!\">Already with regard to the advantage with the Real Madrid<\/a>, ensured that &#8220;until today in the half part have not seen me champion, as long as there were not distractions after the rest&#8221;. Xavi equally commented that &#8220;this League means that they are doing very well the things, this gives us stability, <strong>remains us the pending subject of Europe. <\/strong>This is a team, is the word that would underline. This gives us calm of face to the future&#8221;.<\/p>  <p>With this triumph the egarense turned into the fifth champion of the League of the history of the Bar\u00e7a like player and technician. The m\u00edster Catalan happened to form part of a selecto group that initiated Josep Samitier and that also integrate Johan Cruyff, Pep Guardiola and Luis Enrique. The career of Xavi in the local bench of the Spotify Camp Nou <strong>already had the big career in the second turn of the previous course, carrying to the club to the second place and this season finally have arrived the two first trophies of an era that promises a lot of more joys.<\/strong><\/p> ","protected":false},"excerpt":{"rendered":"<p>Within Bar\u00e7a there is a new winning project and although Xavi Hern\u00e1ndez is the clear leader, the coach wanted to let claor that he has not been the great responsible for a new League for the entity The FC Barcelona, now more than ever of Xavi Hern\u00e1ndez, has already his first League of official way [&hellip;]<\/p>\n","protected":false},"author":345,"featured_media":36632,"comment_status":"closed","ping_status":"open","sticky":false,"template":"","format":"standard","meta":{"_acf_changed":false,"inline_featured_image":false,"_nextfly_llmd_date_locked":false,"footnotes":""},"categories":[111],"tags":[158,166,48],"class_list":["post-37857","post","type-post","status-publish","format-standard","has-post-thumbnail","hentry","category-fc-barcelona","tag-joan-laporta","tag-sergio-busquets","tag-xavi-hernandez"],"acf":[],"yoast_head":"<!-- This site is optimized with the Yoast SEO plugin v27.3 - https:\/\/yoast.com\/product\/yoast-seo-wordpress\/ -->\n<title>Xavi takes off merits and focuses success in La Liga on the Bar\u00e7a squad<\/title>\n<meta name=\"description\" content=\"Within Bar\u00e7a there is a new winning project and although Xavi Hern\u00e1ndez is the clear leader, the coach wanted to let claor that he has not been the great responsible for a new League for the entity\" \/>\n<meta name=\"robots\" content=\"index, follow, max-snippet:-1, max-image-preview:large, max-video-preview:-1\" \/>\n<link rel=\"canonical\" href=\"https:\/\/www.fcbarcelonanoticias.com\/en\/fc-barcelona\/xavi-takes-off-merits-and-focuses-success-in-laliga-on-the-barca-squad_292378_102.html\" \/>\n<meta property=\"og:locale\" content=\"en_US\" \/>\n<meta property=\"og:type\" content=\"article\" \/>\n<meta property=\"og:title\" content=\"Xavi takes off merits and focuses success in La Liga on the Bar\u00e7a squad\" \/>\n<meta property=\"og:description\" content=\"Within Bar\u00e7a there is a new winning project and although Xavi Hern\u00e1ndez is the clear leader, the coach wanted to let claor that he has not been the great responsible for a new League for the entity\" \/>\n<meta property=\"og:url\" content=\"https:\/\/www.fcbarcelonanoticias.com\/en\/fc-barcelona\/xavi-takes-off-merits-and-focuses-success-in-laliga-on-the-barca-squad_292378_102.html\" \/>\n<meta property=\"og:site_name\" content=\"EN - FC Barcelona Noticias\" \/>\n<meta property=\"article:published_time\" content=\"2023-05-15T11:34:00+00:00\" \/>\n<meta property=\"og:image\" content=\"https:\/\/www.fcbarcelonanoticias.com\/en\/wp-content\/uploads\/sites\/2\/2023\/11\/xavi-antes-partido.jpeg\" \/>\n\t<meta property=\"og:image:width\" content=\"1300\" \/>\n\t<meta property=\"og:image:height\" content=\"738\" \/>\n\t<meta property=\"og:image:type\" content=\"image\/jpeg\" \/>\n<meta name=\"author\" content=\"Carlos Montenegro\" \/>\n<meta name=\"twitter:card\" content=\"summary_large_image\" \/>\n<meta name=\"twitter:label1\" content=\"Written by\" \/>\n\t<meta name=\"twitter:data1\" content=\"Carlos Montenegro\" \/>\n\t<meta name=\"twitter:label2\" content=\"Est. reading time\" \/>\n\t<meta name=\"twitter:data2\" content=\"3 minutes\" \/>\n<script type=\"application\/ld+json\" class=\"yoast-schema-graph\">{\"@context\":\"https:\\\/\\\/schema.org\",\"@graph\":[{\"@type\":\"Article\",\"@id\":\"https:\\\/\\\/www.fcbarcelonanoticias.com\\\/en\\\/fc-barcelona\\\/xavi-takes-off-merits-and-focuses-success-in-laliga-on-the-barca-squad_292378_102.html#article\",\"isPartOf\":{\"@id\":\"https:\\\/\\\/www.fcbarcelonanoticias.com\\\/en\\\/fc-barcelona\\\/xavi-takes-off-merits-and-focuses-success-in-laliga-on-the-barca-squad_292378_102.html\"},\"author\":{\"name\":\"Carlos Montenegro\",\"@id\":\"https:\\\/\\\/www.fcbarcelonanoticias.com\\\/en\\\/#\\\/schema\\\/person\\\/aa1d038709c262cb247e240f6b39bbf5\"},\"headline\":\"Xavi takes off merits and focuses success in La Liga on the Bar\u00e7a squad\",\"datePublished\":\"2023-05-15T11:34:00+00:00\",\"mainEntityOfPage\":{\"@id\":\"https:\\\/\\\/www.fcbarcelonanoticias.com\\\/en\\\/fc-barcelona\\\/xavi-takes-off-merits-and-focuses-success-in-laliga-on-the-barca-squad_292378_102.html\"},\"wordCount\":535,\"image\":{\"@id\":\"https:\\\/\\\/www.fcbarcelonanoticias.com\\\/en\\\/fc-barcelona\\\/xavi-takes-off-merits-and-focuses-success-in-laliga-on-the-barca-squad_292378_102.html#primaryimage\"},\"thumbnailUrl\":\"https:\\\/\\\/www.fcbarcelonanoticias.com\\\/en\\\/wp-content\\\/uploads\\\/sites\\\/2\\\/2023\\\/11\\\/xavi-antes-partido.jpeg\",\"keywords\":[\"Joan Laporta\",\"Sergio Busquets\",\"Xavi Hern\u00e1ndez\"],\"articleSection\":[\"FC Barcelona\"],\"inLanguage\":\"en-US\"},{\"@type\":\"WebPage\",\"@id\":\"https:\\\/\\\/www.fcbarcelonanoticias.com\\\/en\\\/fc-barcelona\\\/xavi-takes-off-merits-and-focuses-success-in-laliga-on-the-barca-squad_292378_102.html\",\"url\":\"https:\\\/\\\/www.fcbarcelonanoticias.com\\\/en\\\/fc-barcelona\\\/xavi-takes-off-merits-and-focuses-success-in-laliga-on-the-barca-squad_292378_102.html\",\"name\":\"Xavi takes off merits and focuses success in La Liga on the Bar\u00e7a squad\",\"isPartOf\":{\"@id\":\"https:\\\/\\\/www.fcbarcelonanoticias.com\\\/en\\\/#website\"},\"primaryImageOfPage\":{\"@id\":\"https:\\\/\\\/www.fcbarcelonanoticias.com\\\/en\\\/fc-barcelona\\\/xavi-takes-off-merits-and-focuses-success-in-laliga-on-the-barca-squad_292378_102.html#primaryimage\"},\"image\":{\"@id\":\"https:\\\/\\\/www.fcbarcelonanoticias.com\\\/en\\\/fc-barcelona\\\/xavi-takes-off-merits-and-focuses-success-in-laliga-on-the-barca-squad_292378_102.html#primaryimage\"},\"thumbnailUrl\":\"https:\\\/\\\/www.fcbarcelonanoticias.com\\\/en\\\/wp-content\\\/uploads\\\/sites\\\/2\\\/2023\\\/11\\\/xavi-antes-partido.jpeg\",\"datePublished\":\"2023-05-15T11:34:00+00:00\",\"author\":{\"@id\":\"https:\\\/\\\/www.fcbarcelonanoticias.com\\\/en\\\/#\\\/schema\\\/person\\\/aa1d038709c262cb247e240f6b39bbf5\"},\"description\":\"Within Bar\u00e7a there is a new winning project and although Xavi Hern\u00e1ndez is the clear leader, the coach wanted to let claor that he has not been the great responsible for a new League for the entity\",\"breadcrumb\":{\"@id\":\"https:\\\/\\\/www.fcbarcelonanoticias.com\\\/en\\\/fc-barcelona\\\/xavi-takes-off-merits-and-focuses-success-in-laliga-on-the-barca-squad_292378_102.html#breadcrumb\"},\"inLanguage\":\"en-US\",\"potentialAction\":[{\"@type\":\"ReadAction\",\"target\":[\"https:\\\/\\\/www.fcbarcelonanoticias.com\\\/en\\\/fc-barcelona\\\/xavi-takes-off-merits-and-focuses-success-in-laliga-on-the-barca-squad_292378_102.html\"]}]},{\"@type\":\"ImageObject\",\"inLanguage\":\"en-US\",\"@id\":\"https:\\\/\\\/www.fcbarcelonanoticias.com\\\/en\\\/fc-barcelona\\\/xavi-takes-off-merits-and-focuses-success-in-laliga-on-the-barca-squad_292378_102.html#primaryimage\",\"url\":\"https:\\\/\\\/www.fcbarcelonanoticias.com\\\/en\\\/wp-content\\\/uploads\\\/sites\\\/2\\\/2023\\\/11\\\/xavi-antes-partido.jpeg\",\"contentUrl\":\"https:\\\/\\\/www.fcbarcelonanoticias.com\\\/en\\\/wp-content\\\/uploads\\\/sites\\\/2\\\/2023\\\/11\\\/xavi-antes-partido.jpeg\",\"width\":1300,\"height\":738},{\"@type\":\"BreadcrumbList\",\"@id\":\"https:\\\/\\\/www.fcbarcelonanoticias.com\\\/en\\\/fc-barcelona\\\/xavi-takes-off-merits-and-focuses-success-in-laliga-on-the-barca-squad_292378_102.html#breadcrumb\",\"itemListElement\":[{\"@type\":\"ListItem\",\"position\":1,\"name\":\"Portada\",\"item\":\"https:\\\/\\\/www.fcbarcelonanoticias.com\\\/en\\\/\"},{\"@type\":\"ListItem\",\"position\":2,\"name\":\"Xavi takes off merits and focuses success in La Liga on the Bar\u00e7a squad\"}]},{\"@type\":\"WebSite\",\"@id\":\"https:\\\/\\\/www.fcbarcelonanoticias.com\\\/en\\\/#website\",\"url\":\"https:\\\/\\\/www.fcbarcelonanoticias.com\\\/en\\\/\",\"name\":\"EN - FC Barcelona Noticias\",\"description\":\"\",\"potentialAction\":[{\"@type\":\"SearchAction\",\"target\":{\"@type\":\"EntryPoint\",\"urlTemplate\":\"https:\\\/\\\/www.fcbarcelonanoticias.com\\\/en\\\/?s={search_term_string}\"},\"query-input\":{\"@type\":\"PropertyValueSpecification\",\"valueRequired\":true,\"valueName\":\"search_term_string\"}}],\"inLanguage\":\"en-US\"},{\"@type\":\"Person\",\"@id\":\"https:\\\/\\\/www.fcbarcelonanoticias.com\\\/en\\\/#\\\/schema\\\/person\\\/aa1d038709c262cb247e240f6b39bbf5\",\"name\":\"Carlos Montenegro\",\"image\":{\"@type\":\"ImageObject\",\"inLanguage\":\"en-US\",\"@id\":\"https:\\\/\\\/secure.gravatar.com\\\/avatar\\\/?s=96&d=mm&r=g\",\"url\":\"https:\\\/\\\/secure.gravatar.com\\\/avatar\\\/?s=96&d=mm&r=g\",\"contentUrl\":\"https:\\\/\\\/secure.gravatar.com\\\/avatar\\\/?s=96&d=mm&r=g\",\"caption\":\"Carlos Montenegro\"},\"url\":\"https:\\\/\\\/www.fcbarcelonanoticias.com\\\/en\\\/carlos-montenegro_20_115.html\"}]}<\/script>\n<!-- \/ Yoast SEO plugin. -->","yoast_head_json":{"title":"Xavi takes off merits and focuses success in La Liga on the Bar\u00e7a squad","description":"Within Bar\u00e7a there is a new winning project and although Xavi Hern\u00e1ndez is the clear leader, the coach wanted to let claor that he has not been the great responsible for a new League for the entity","robots":{"index":"index","follow":"follow","max-snippet":"max-snippet:-1","max-image-preview":"max-image-preview:large","max-video-preview":"max-video-preview:-1"},"canonical":"https:\/\/www.fcbarcelonanoticias.com\/en\/fc-barcelona\/xavi-takes-off-merits-and-focuses-success-in-laliga-on-the-barca-squad_292378_102.html","og_locale":"en_US","og_type":"article","og_title":"Xavi takes off merits and focuses success in La Liga on the Bar\u00e7a squad","og_description":"Within Bar\u00e7a there is a new winning project and although Xavi Hern\u00e1ndez is the clear leader, the coach wanted to let claor that he has not been the great responsible for a new League for the entity","og_url":"https:\/\/www.fcbarcelonanoticias.com\/en\/fc-barcelona\/xavi-takes-off-merits-and-focuses-success-in-laliga-on-the-barca-squad_292378_102.html","og_site_name":"EN - FC Barcelona Noticias","article_published_time":"2023-05-15T11:34:00+00:00","og_image":[{"width":1300,"height":738,"url":"https:\/\/www.fcbarcelonanoticias.com\/en\/wp-content\/uploads\/sites\/2\/2023\/11\/xavi-antes-partido.jpeg","type":"image\/jpeg"}],"author":"Carlos Montenegro","twitter_card":"summary_large_image","twitter_misc":{"Written by":"Carlos Montenegro","Est. reading time":"3 minutes"},"schema":{"@context":"https:\/\/schema.org","@graph":[{"@type":"Article","@id":"https:\/\/www.fcbarcelonanoticias.com\/en\/fc-barcelona\/xavi-takes-off-merits-and-focuses-success-in-laliga-on-the-barca-squad_292378_102.html#article","isPartOf":{"@id":"https:\/\/www.fcbarcelonanoticias.com\/en\/fc-barcelona\/xavi-takes-off-merits-and-focuses-success-in-laliga-on-the-barca-squad_292378_102.html"},"author":{"name":"Carlos Montenegro","@id":"https:\/\/www.fcbarcelonanoticias.com\/en\/#\/schema\/person\/aa1d038709c262cb247e240f6b39bbf5"},"headline":"Xavi takes off merits and focuses success in La Liga on the Bar\u00e7a squad","datePublished":"2023-05-15T11:34:00+00:00","mainEntityOfPage":{"@id":"https:\/\/www.fcbarcelonanoticias.com\/en\/fc-barcelona\/xavi-takes-off-merits-and-focuses-success-in-laliga-on-the-barca-squad_292378_102.html"},"wordCount":535,"image":{"@id":"https:\/\/www.fcbarcelonanoticias.com\/en\/fc-barcelona\/xavi-takes-off-merits-and-focuses-success-in-laliga-on-the-barca-squad_292378_102.html#primaryimage"},"thumbnailUrl":"https:\/\/www.fcbarcelonanoticias.com\/en\/wp-content\/uploads\/sites\/2\/2023\/11\/xavi-antes-partido.jpeg","keywords":["Joan Laporta","Sergio Busquets","Xavi Hern\u00e1ndez"],"articleSection":["FC Barcelona"],"inLanguage":"en-US"},{"@type":"WebPage","@id":"https:\/\/www.fcbarcelonanoticias.com\/en\/fc-barcelona\/xavi-takes-off-merits-and-focuses-success-in-laliga-on-the-barca-squad_292378_102.html","url":"https:\/\/www.fcbarcelonanoticias.com\/en\/fc-barcelona\/xavi-takes-off-merits-and-focuses-success-in-laliga-on-the-barca-squad_292378_102.html","name":"Xavi takes off merits and focuses success in La Liga on the Bar\u00e7a squad","isPartOf":{"@id":"https:\/\/www.fcbarcelonanoticias.com\/en\/#website"},"primaryImageOfPage":{"@id":"https:\/\/www.fcbarcelonanoticias.com\/en\/fc-barcelona\/xavi-takes-off-merits-and-focuses-success-in-laliga-on-the-barca-squad_292378_102.html#primaryimage"},"image":{"@id":"https:\/\/www.fcbarcelonanoticias.com\/en\/fc-barcelona\/xavi-takes-off-merits-and-focuses-success-in-laliga-on-the-barca-squad_292378_102.html#primaryimage"},"thumbnailUrl":"https:\/\/www.fcbarcelonanoticias.com\/en\/wp-content\/uploads\/sites\/2\/2023\/11\/xavi-antes-partido.jpeg","datePublished":"2023-05-15T11:34:00+00:00","author":{"@id":"https:\/\/www.fcbarcelonanoticias.com\/en\/#\/schema\/person\/aa1d038709c262cb247e240f6b39bbf5"},"description":"Within Bar\u00e7a there is a new winning project and although Xavi Hern\u00e1ndez is the clear leader, the coach wanted to let claor that he has not been the great responsible for a new League for the entity","breadcrumb":{"@id":"https:\/\/www.fcbarcelonanoticias.com\/en\/fc-barcelona\/xavi-takes-off-merits-and-focuses-success-in-laliga-on-the-barca-squad_292378_102.html#breadcrumb"},"inLanguage":"en-US","potentialAction":[{"@type":"ReadAction","target":["https:\/\/www.fcbarcelonanoticias.com\/en\/fc-barcelona\/xavi-takes-off-merits-and-focuses-success-in-laliga-on-the-barca-squad_292378_102.html"]}]},{"@type":"ImageObject","inLanguage":"en-US","@id":"https:\/\/www.fcbarcelonanoticias.com\/en\/fc-barcelona\/xavi-takes-off-merits-and-focuses-success-in-laliga-on-the-barca-squad_292378_102.html#primaryimage","url":"https:\/\/www.fcbarcelonanoticias.com\/en\/wp-content\/uploads\/sites\/2\/2023\/11\/xavi-antes-partido.jpeg","contentUrl":"https:\/\/www.fcbarcelonanoticias.com\/en\/wp-content\/uploads\/sites\/2\/2023\/11\/xavi-antes-partido.jpeg","width":1300,"height":738},{"@type":"BreadcrumbList","@id":"https:\/\/www.fcbarcelonanoticias.com\/en\/fc-barcelona\/xavi-takes-off-merits-and-focuses-success-in-laliga-on-the-barca-squad_292378_102.html#breadcrumb","itemListElement":[{"@type":"ListItem","position":1,"name":"Portada","item":"https:\/\/www.fcbarcelonanoticias.com\/en\/"},{"@type":"ListItem","position":2,"name":"Xavi takes off merits and focuses success in La Liga on the Bar\u00e7a squad"}]},{"@type":"WebSite","@id":"https:\/\/www.fcbarcelonanoticias.com\/en\/#website","url":"https:\/\/www.fcbarcelonanoticias.com\/en\/","name":"EN - FC Barcelona Noticias","description":"","potentialAction":[{"@type":"SearchAction","target":{"@type":"EntryPoint","urlTemplate":"https:\/\/www.fcbarcelonanoticias.com\/en\/?s={search_term_string}"},"query-input":{"@type":"PropertyValueSpecification","valueRequired":true,"valueName":"search_term_string"}}],"inLanguage":"en-US"},{"@type":"Person","@id":"https:\/\/www.fcbarcelonanoticias.com\/en\/#\/schema\/person\/aa1d038709c262cb247e240f6b39bbf5","name":"Carlos Montenegro","image":{"@type":"ImageObject","inLanguage":"en-US","@id":"https:\/\/secure.gravatar.com\/avatar\/?s=96&d=mm&r=g","url":"https:\/\/secure.gravatar.com\/avatar\/?s=96&d=mm&r=g","contentUrl":"https:\/\/secure.gravatar.com\/avatar\/?s=96&d=mm&r=g","caption":"Carlos Montenegro"},"url":"https:\/\/www.fcbarcelonanoticias.com\/en\/carlos-montenegro_20_115.html"}]}},"_links":{"self":[{"href":"https:\/\/www.fcbarcelonanoticias.com\/en\/wp-json\/wp\/v2\/posts\/37857","targetHints":{"allow":["GET"]}}],"collection":[{"href":"https:\/\/www.fcbarcelonanoticias.com\/en\/wp-json\/wp\/v2\/posts"}],"about":[{"href":"https:\/\/www.fcbarcelonanoticias.com\/en\/wp-json\/wp\/v2\/types\/post"}],"author":[{"embeddable":true,"href":"https:\/\/www.fcbarcelonanoticias.com\/en\/wp-json\/wp\/v2\/users\/345"}],"replies":[{"embeddable":true,"href":"https:\/\/www.fcbarcelonanoticias.com\/en\/wp-json\/wp\/v2\/comments?post=37857"}],"version-history":[{"count":1,"href":"https:\/\/www.fcbarcelonanoticias.com\/en\/wp-json\/wp\/v2\/posts\/37857\/revisions"}],"predecessor-version":[{"id":111027,"href":"https:\/\/www.fcbarcelonanoticias.com\/en\/wp-json\/wp\/v2\/posts\/37857\/revisions\/111027"}],"wp:featuredmedia":[{"embeddable":true,"href":"https:\/\/www.fcbarcelonanoticias.com\/en\/wp-json\/wp\/v2\/media\/36632"}],"wp:attachment":[{"href":"https:\/\/www.fcbarcelonanoticias.com\/en\/wp-json\/wp\/v2\/media?parent=37857"}],"wp:term":[{"taxonomy":"category","embeddable":true,"href":"https:\/\/www.fcbarcelonanoticias.com\/en\/wp-json\/wp\/v2\/categories?post=37857"},{"taxonomy":"post_tag","embeddable":true,"href":"https:\/\/www.fcbarcelonanoticias.com\/en\/wp-json\/wp\/v2\/tags?post=37857"}],"curies":[{"name":"wp","href":"https:\/\/api.w.org\/{rel}","templated":true}]}}