{"id":37979,"date":"2024-12-03T21:15:00","date_gmt":"2024-12-03T20:15:00","guid":{"rendered":"https:\/\/weisetech.dev\/fc-barcelona-noticias\/en\/yes-lamine-yes-party-yamal-was-starter-and-barca-put-an-end-to-its-bad-streak_309043_102\/"},"modified":"2024-12-03T22:51:00","modified_gmt":"2024-12-03T21:51:00","slug":"yes-lamine-yes-party-yamal-was-starter-and-barca-put-an-end-to-its-bad-streak_309043_102","status":"publish","type":"post","link":"https:\/\/www.fcbarcelonanoticias.com\/en\/fc-barcelona\/yes-lamine-yes-party-yamal-was-starter-and-barca-put-an-end-to-its-bad-streak_309043_102.html","title":{"rendered":"Yes Lamine, yes &#8216;party&#8217;: Yamal was a starter and Bar\u00e7a put an end to its bad streak"},"content":{"rendered":"<h2 class=\"wp-block-heading\">Lamine Yamal returned to the starting line-up for Bar\u00e7a as the Catalans ended their run of three consecutive games without a win<\/h2>  \r\n<div class=\"article-addons\">\r\n    <a href=\"https:\/\/www.fcbarcelonanoticias.com\/en\/calendar-fc-barcelona.html\"\r\n       target=\"_self\"\r\n       title=\"Calendar of FC Barcelona\"\r\n       class=\"blue-gredient-btn\">\r\n       \r\n        Calendar of FC Barcelona    <\/a>\r\n<\/div>   <p>Son Moix witnessed a phenomenon that now transcends the logical. <strong>FC Barcelona<\/strong> put on a real recital against <strong>RCD Mallorca<\/strong> <a data-external=\"0\" data-intl-links-en=\"https:\/\/www.fcbarcelonanoticias.com\/en\/laliga\/barca-enjoy-themselves-and-score-against-mallorca-to-win-again-in-laliga-1-5_309039_102.html\" data-intl-links-es=\"https:\/\/www.fcbarcelonanoticias.com\/laliga\/barca-se-gusta-golea-mallorca-volver-vencer-en-laliga-1-5_309039_102.html\" href=\"https:\/\/www.fcbarcelonanoticias.com\/en\/football\/laliga\/barca-enjoy-themselves-and-score-against-mallorca-to-win-again-in-laliga-1-5_309039_102.html\" rel=\"follow\" target=\"_self\" title=\"Bar\u00e7a enjoy themselves and score against Mallorca to win again in LaLiga (1-5)\">and took the three points with a crushing victory (1-5)<\/a>. A victory that, in addition to allowing them to cling to the top of the championship, meant the end of the complicated &#8216;mini crisis&#8217; experienced by the cul\u00e9s.<\/p>  <p>And the Catalans had gone a month without knowing victory in <strong>LaLiga<\/strong>. Since their victory against <strong>Espanyol <\/strong>(3-1) on November 3, the Blaugranas had accumulated three consecutive games without winning. And all of these with a common denominator: the absence of <strong>Lamine Yamal<\/strong>.<\/p>  <p>The &#8217;19&#8217; suffered a grade 1 injury in the syndesmosis of the right ankle against <strong>Red Star<\/strong> in the Champions League, an inconvenience that forced him to be on the sidelines for three weeks. During this time, <strong>Bar\u00e7a <\/strong>were defeated by <strong>Real Sociedad<\/strong> (1-0), drew against <strong>Celta <\/strong>(2-2) and, with the youth player on the bench, were beaten by <strong>Las Palmas<\/strong> (1-2), a scenario that had already been repeated several weeks ago in <strong>Osasuna <\/strong>(4-2).<\/p>  <h3>Lamine was a starter and Bar\u00e7a won again<\/h3>  <p>Once he had recovered from the setback that prevented him from being available to the coach in the first three games after the international break, <strong>Lamine <\/strong>was again a starter in Mallorca and was fundamental in the Catalans&#8217; rout. The Rocafonda native was a nightmare for <strong>Jagoba Arrasate&#8217;s<\/strong> defence, creating a penalty and giving a spectacular assist to <strong>Raphinha <\/strong>for the third goal.<\/p>  <p>In this way, <strong>Yamal<\/strong> demonstrated that, although unconsciously, <a data-external=\"0\" data-intl-links-en=\"https:\/\/www.fcbarcelonanoticias.com\/en\/laliga\/fc-barcelona-faced-its-ghosts-again-without-lamine-yamal_308987_102.html\" data-intl-links-es=\"https:\/\/www.fcbarcelonanoticias.com\/laliga\/fc-barcelona-volvio-enfrentar-sus-fantasmas-sin-lamine-yamal_308987_102.html\" href=\"https:\/\/www.fcbarcelonanoticias.com\/en\/laliga\/fc-barcelona-faced-its-ghosts-again-without-lamine-yamal_308987_102.html\" rel=\"follow\" target=\"_self\" title=\"FC Barcelona faced its 'ghosts' again without Lamine Yamal\">the &#8216;Laminedependence&#8217; is real<\/a>. And not because of the team&#8217;s fault, but because of the merit of the star from Matar\u00f3 himself, who has established himself as the player who makes the difference for <strong>Bar\u00e7a <\/strong>and, at 17 years of age, the adventure has only just begun.<\/p> ","protected":false},"excerpt":{"rendered":"<p>Lamine Yamal returned to the starting line-up for Bar\u00e7a as the Catalans ended their run of three consecutive games without a win Son Moix witnessed a phenomenon that now transcends the logical. FC Barcelona put on a real recital against RCD Mallorca and took the three points with a crushing victory (1-5). A victory that, [&hellip;]<\/p>\n","protected":false},"author":358,"featured_media":37980,"comment_status":"closed","ping_status":"open","sticky":false,"template":"","format":"standard","meta":{"_acf_changed":false,"inline_featured_image":false,"_nextfly_llmd_date_locked":false,"footnotes":""},"categories":[114,448],"tags":[45,157],"class_list":["post-37979","post","type-post","status-publish","format-standard","has-post-thumbnail","hentry","category-laliga","category-laliga-2","tag-fc-barcelona-vs-mallorca","tag-statistics"],"acf":[],"yoast_head":"<!-- This site is optimized with the Yoast SEO plugin v27.3 - https:\/\/yoast.com\/product\/yoast-seo-wordpress\/ -->\n<title>Yes Lamine, yes &#039;party&#039;: Yamal was a starter and Bar\u00e7a put an end to its bad streak<\/title>\n<meta name=\"description\" content=\"Lamine Yamal returned to the starting line-up for Bar\u00e7a as the Catalans ended their run of three consecutive games without a win\" \/>\n<meta name=\"robots\" content=\"index, follow, max-snippet:-1, max-image-preview:large, max-video-preview:-1\" \/>\n<link rel=\"canonical\" href=\"https:\/\/www.fcbarcelonanoticias.com\/en\/fc-barcelona\/yes-lamine-yes-party-yamal-was-starter-and-barca-put-an-end-to-its-bad-streak_309043_102.html\" \/>\n<meta property=\"og:locale\" content=\"en_US\" \/>\n<meta property=\"og:type\" content=\"article\" \/>\n<meta property=\"og:title\" content=\"Yes Lamine, yes &#039;party&#039;: Yamal was a starter and Bar\u00e7a put an end to its bad streak\" \/>\n<meta property=\"og:description\" content=\"Lamine Yamal returned to the starting line-up for Bar\u00e7a as the Catalans ended their run of three consecutive games without a win\" \/>\n<meta property=\"og:url\" content=\"https:\/\/www.fcbarcelonanoticias.com\/en\/fc-barcelona\/yes-lamine-yes-party-yamal-was-starter-and-barca-put-an-end-to-its-bad-streak_309043_102.html\" \/>\n<meta property=\"og:site_name\" content=\"EN - FC Barcelona Noticias\" \/>\n<meta property=\"article:published_time\" content=\"2024-12-03T20:15:00+00:00\" \/>\n<meta property=\"article:modified_time\" content=\"2024-12-03T21:51:00+00:00\" \/>\n<meta property=\"og:image\" content=\"https:\/\/www.fcbarcelonanoticias.com\/en\/wp-content\/uploads\/sites\/2\/2024\/12\/lamine-yamal-mallorca.jpeg\" \/>\n\t<meta property=\"og:image:width\" content=\"1200\" \/>\n\t<meta property=\"og:image:height\" content=\"675\" \/>\n\t<meta property=\"og:image:type\" content=\"image\/jpeg\" \/>\n<meta name=\"author\" content=\"Juan Pablo Berdugo\" \/>\n<meta name=\"twitter:card\" content=\"summary_large_image\" \/>\n<meta name=\"twitter:label1\" content=\"Written by\" \/>\n\t<meta name=\"twitter:data1\" content=\"Juan Pablo Berdugo\" \/>\n\t<meta name=\"twitter:label2\" content=\"Est. reading time\" \/>\n\t<meta name=\"twitter:data2\" content=\"2 minutes\" \/>\n<script type=\"application\/ld+json\" class=\"yoast-schema-graph\">{\"@context\":\"https:\\\/\\\/schema.org\",\"@graph\":[{\"@type\":\"Article\",\"@id\":\"https:\\\/\\\/www.fcbarcelonanoticias.com\\\/en\\\/fc-barcelona\\\/yes-lamine-yes-party-yamal-was-starter-and-barca-put-an-end-to-its-bad-streak_309043_102.html#article\",\"isPartOf\":{\"@id\":\"https:\\\/\\\/www.fcbarcelonanoticias.com\\\/en\\\/fc-barcelona\\\/yes-lamine-yes-party-yamal-was-starter-and-barca-put-an-end-to-its-bad-streak_309043_102.html\"},\"author\":{\"name\":\"Juan Pablo Berdugo\",\"@id\":\"https:\\\/\\\/www.fcbarcelonanoticias.com\\\/en\\\/#\\\/schema\\\/person\\\/88d756918a0a1ae9fa593b5edddd1815\"},\"headline\":\"Yes Lamine, yes &#8216;party&#8217;: Yamal was a starter and Bar\u00e7a put an end to its bad streak\",\"datePublished\":\"2024-12-03T20:15:00+00:00\",\"dateModified\":\"2024-12-03T21:51:00+00:00\",\"mainEntityOfPage\":{\"@id\":\"https:\\\/\\\/www.fcbarcelonanoticias.com\\\/en\\\/fc-barcelona\\\/yes-lamine-yes-party-yamal-was-starter-and-barca-put-an-end-to-its-bad-streak_309043_102.html\"},\"wordCount\":345,\"image\":{\"@id\":\"https:\\\/\\\/www.fcbarcelonanoticias.com\\\/en\\\/fc-barcelona\\\/yes-lamine-yes-party-yamal-was-starter-and-barca-put-an-end-to-its-bad-streak_309043_102.html#primaryimage\"},\"thumbnailUrl\":\"https:\\\/\\\/www.fcbarcelonanoticias.com\\\/en\\\/wp-content\\\/uploads\\\/sites\\\/2\\\/2024\\\/12\\\/lamine-yamal-mallorca.jpeg\",\"keywords\":[\"FC Barcelona vs RCD Mallorca\",\"Statistics\"],\"articleSection\":[\"LaLiga\",\"LaLiga\"],\"inLanguage\":\"en-US\"},{\"@type\":\"WebPage\",\"@id\":\"https:\\\/\\\/www.fcbarcelonanoticias.com\\\/en\\\/fc-barcelona\\\/yes-lamine-yes-party-yamal-was-starter-and-barca-put-an-end-to-its-bad-streak_309043_102.html\",\"url\":\"https:\\\/\\\/www.fcbarcelonanoticias.com\\\/en\\\/fc-barcelona\\\/yes-lamine-yes-party-yamal-was-starter-and-barca-put-an-end-to-its-bad-streak_309043_102.html\",\"name\":\"Yes Lamine, yes 'party': Yamal was a starter and Bar\u00e7a put an end to its bad streak\",\"isPartOf\":{\"@id\":\"https:\\\/\\\/www.fcbarcelonanoticias.com\\\/en\\\/#website\"},\"primaryImageOfPage\":{\"@id\":\"https:\\\/\\\/www.fcbarcelonanoticias.com\\\/en\\\/fc-barcelona\\\/yes-lamine-yes-party-yamal-was-starter-and-barca-put-an-end-to-its-bad-streak_309043_102.html#primaryimage\"},\"image\":{\"@id\":\"https:\\\/\\\/www.fcbarcelonanoticias.com\\\/en\\\/fc-barcelona\\\/yes-lamine-yes-party-yamal-was-starter-and-barca-put-an-end-to-its-bad-streak_309043_102.html#primaryimage\"},\"thumbnailUrl\":\"https:\\\/\\\/www.fcbarcelonanoticias.com\\\/en\\\/wp-content\\\/uploads\\\/sites\\\/2\\\/2024\\\/12\\\/lamine-yamal-mallorca.jpeg\",\"datePublished\":\"2024-12-03T20:15:00+00:00\",\"dateModified\":\"2024-12-03T21:51:00+00:00\",\"author\":{\"@id\":\"https:\\\/\\\/www.fcbarcelonanoticias.com\\\/en\\\/#\\\/schema\\\/person\\\/88d756918a0a1ae9fa593b5edddd1815\"},\"description\":\"Lamine Yamal returned to the starting line-up for Bar\u00e7a as the Catalans ended their run of three consecutive games without a win\",\"breadcrumb\":{\"@id\":\"https:\\\/\\\/www.fcbarcelonanoticias.com\\\/en\\\/fc-barcelona\\\/yes-lamine-yes-party-yamal-was-starter-and-barca-put-an-end-to-its-bad-streak_309043_102.html#breadcrumb\"},\"inLanguage\":\"en-US\",\"potentialAction\":[{\"@type\":\"ReadAction\",\"target\":[\"https:\\\/\\\/www.fcbarcelonanoticias.com\\\/en\\\/fc-barcelona\\\/yes-lamine-yes-party-yamal-was-starter-and-barca-put-an-end-to-its-bad-streak_309043_102.html\"]}]},{\"@type\":\"ImageObject\",\"inLanguage\":\"en-US\",\"@id\":\"https:\\\/\\\/www.fcbarcelonanoticias.com\\\/en\\\/fc-barcelona\\\/yes-lamine-yes-party-yamal-was-starter-and-barca-put-an-end-to-its-bad-streak_309043_102.html#primaryimage\",\"url\":\"https:\\\/\\\/www.fcbarcelonanoticias.com\\\/en\\\/wp-content\\\/uploads\\\/sites\\\/2\\\/2024\\\/12\\\/lamine-yamal-mallorca.jpeg\",\"contentUrl\":\"https:\\\/\\\/www.fcbarcelonanoticias.com\\\/en\\\/wp-content\\\/uploads\\\/sites\\\/2\\\/2024\\\/12\\\/lamine-yamal-mallorca.jpeg\",\"width\":1200,\"height\":675},{\"@type\":\"BreadcrumbList\",\"@id\":\"https:\\\/\\\/www.fcbarcelonanoticias.com\\\/en\\\/fc-barcelona\\\/yes-lamine-yes-party-yamal-was-starter-and-barca-put-an-end-to-its-bad-streak_309043_102.html#breadcrumb\",\"itemListElement\":[{\"@type\":\"ListItem\",\"position\":1,\"name\":\"Portada\",\"item\":\"https:\\\/\\\/www.fcbarcelonanoticias.com\\\/en\\\/\"},{\"@type\":\"ListItem\",\"position\":2,\"name\":\"Yes Lamine, yes &#8216;party&#8217;: Yamal was a starter and Bar\u00e7a put an end to its bad streak\"}]},{\"@type\":\"WebSite\",\"@id\":\"https:\\\/\\\/www.fcbarcelonanoticias.com\\\/en\\\/#website\",\"url\":\"https:\\\/\\\/www.fcbarcelonanoticias.com\\\/en\\\/\",\"name\":\"EN - FC Barcelona Noticias\",\"description\":\"\",\"potentialAction\":[{\"@type\":\"SearchAction\",\"target\":{\"@type\":\"EntryPoint\",\"urlTemplate\":\"https:\\\/\\\/www.fcbarcelonanoticias.com\\\/en\\\/?s={search_term_string}\"},\"query-input\":{\"@type\":\"PropertyValueSpecification\",\"valueRequired\":true,\"valueName\":\"search_term_string\"}}],\"inLanguage\":\"en-US\"},{\"@type\":\"Person\",\"@id\":\"https:\\\/\\\/www.fcbarcelonanoticias.com\\\/en\\\/#\\\/schema\\\/person\\\/88d756918a0a1ae9fa593b5edddd1815\",\"name\":\"Juan Pablo Berdugo\",\"image\":{\"@type\":\"ImageObject\",\"inLanguage\":\"en-US\",\"@id\":\"https:\\\/\\\/secure.gravatar.com\\\/avatar\\\/?s=96&d=mm&r=g\",\"url\":\"https:\\\/\\\/secure.gravatar.com\\\/avatar\\\/?s=96&d=mm&r=g\",\"contentUrl\":\"https:\\\/\\\/secure.gravatar.com\\\/avatar\\\/?s=96&d=mm&r=g\",\"caption\":\"Juan Pablo Berdugo\"},\"description\":\"Juan Pablo Berdugo es graduado en Periodismo. Colabora con FCBN como especialista en informaci\u00f3n del primer equipo del FC Barcelona, f\u00fatbol internacional y mercado de fichajes. Destaca por su enfoque anal\u00edtico, su rigor informativo y su capacidad para detectar tendencias emergentes en el f\u00fatbol global.\",\"url\":\"https:\\\/\\\/www.fcbarcelonanoticias.com\\\/en\\\/fc-barcelona\\\/juan-pablo-berdugo_18_115.html\"}]}<\/script>\n<!-- \/ Yoast SEO plugin. -->","yoast_head_json":{"title":"Yes Lamine, yes 'party': Yamal was a starter and Bar\u00e7a put an end to its bad streak","description":"Lamine Yamal returned to the starting line-up for Bar\u00e7a as the Catalans ended their run of three consecutive games without a win","robots":{"index":"index","follow":"follow","max-snippet":"max-snippet:-1","max-image-preview":"max-image-preview:large","max-video-preview":"max-video-preview:-1"},"canonical":"https:\/\/www.fcbarcelonanoticias.com\/en\/fc-barcelona\/yes-lamine-yes-party-yamal-was-starter-and-barca-put-an-end-to-its-bad-streak_309043_102.html","og_locale":"en_US","og_type":"article","og_title":"Yes Lamine, yes 'party': Yamal was a starter and Bar\u00e7a put an end to its bad streak","og_description":"Lamine Yamal returned to the starting line-up for Bar\u00e7a as the Catalans ended their run of three consecutive games without a win","og_url":"https:\/\/www.fcbarcelonanoticias.com\/en\/fc-barcelona\/yes-lamine-yes-party-yamal-was-starter-and-barca-put-an-end-to-its-bad-streak_309043_102.html","og_site_name":"EN - FC Barcelona Noticias","article_published_time":"2024-12-03T20:15:00+00:00","article_modified_time":"2024-12-03T21:51:00+00:00","og_image":[{"width":1200,"height":675,"url":"https:\/\/www.fcbarcelonanoticias.com\/en\/wp-content\/uploads\/sites\/2\/2024\/12\/lamine-yamal-mallorca.jpeg","type":"image\/jpeg"}],"author":"Juan Pablo Berdugo","twitter_card":"summary_large_image","twitter_misc":{"Written by":"Juan Pablo Berdugo","Est. reading time":"2 minutes"},"schema":{"@context":"https:\/\/schema.org","@graph":[{"@type":"Article","@id":"https:\/\/www.fcbarcelonanoticias.com\/en\/fc-barcelona\/yes-lamine-yes-party-yamal-was-starter-and-barca-put-an-end-to-its-bad-streak_309043_102.html#article","isPartOf":{"@id":"https:\/\/www.fcbarcelonanoticias.com\/en\/fc-barcelona\/yes-lamine-yes-party-yamal-was-starter-and-barca-put-an-end-to-its-bad-streak_309043_102.html"},"author":{"name":"Juan Pablo Berdugo","@id":"https:\/\/www.fcbarcelonanoticias.com\/en\/#\/schema\/person\/88d756918a0a1ae9fa593b5edddd1815"},"headline":"Yes Lamine, yes &#8216;party&#8217;: Yamal was a starter and Bar\u00e7a put an end to its bad streak","datePublished":"2024-12-03T20:15:00+00:00","dateModified":"2024-12-03T21:51:00+00:00","mainEntityOfPage":{"@id":"https:\/\/www.fcbarcelonanoticias.com\/en\/fc-barcelona\/yes-lamine-yes-party-yamal-was-starter-and-barca-put-an-end-to-its-bad-streak_309043_102.html"},"wordCount":345,"image":{"@id":"https:\/\/www.fcbarcelonanoticias.com\/en\/fc-barcelona\/yes-lamine-yes-party-yamal-was-starter-and-barca-put-an-end-to-its-bad-streak_309043_102.html#primaryimage"},"thumbnailUrl":"https:\/\/www.fcbarcelonanoticias.com\/en\/wp-content\/uploads\/sites\/2\/2024\/12\/lamine-yamal-mallorca.jpeg","keywords":["FC Barcelona vs RCD Mallorca","Statistics"],"articleSection":["LaLiga","LaLiga"],"inLanguage":"en-US"},{"@type":"WebPage","@id":"https:\/\/www.fcbarcelonanoticias.com\/en\/fc-barcelona\/yes-lamine-yes-party-yamal-was-starter-and-barca-put-an-end-to-its-bad-streak_309043_102.html","url":"https:\/\/www.fcbarcelonanoticias.com\/en\/fc-barcelona\/yes-lamine-yes-party-yamal-was-starter-and-barca-put-an-end-to-its-bad-streak_309043_102.html","name":"Yes Lamine, yes 'party': Yamal was a starter and Bar\u00e7a put an end to its bad streak","isPartOf":{"@id":"https:\/\/www.fcbarcelonanoticias.com\/en\/#website"},"primaryImageOfPage":{"@id":"https:\/\/www.fcbarcelonanoticias.com\/en\/fc-barcelona\/yes-lamine-yes-party-yamal-was-starter-and-barca-put-an-end-to-its-bad-streak_309043_102.html#primaryimage"},"image":{"@id":"https:\/\/www.fcbarcelonanoticias.com\/en\/fc-barcelona\/yes-lamine-yes-party-yamal-was-starter-and-barca-put-an-end-to-its-bad-streak_309043_102.html#primaryimage"},"thumbnailUrl":"https:\/\/www.fcbarcelonanoticias.com\/en\/wp-content\/uploads\/sites\/2\/2024\/12\/lamine-yamal-mallorca.jpeg","datePublished":"2024-12-03T20:15:00+00:00","dateModified":"2024-12-03T21:51:00+00:00","author":{"@id":"https:\/\/www.fcbarcelonanoticias.com\/en\/#\/schema\/person\/88d756918a0a1ae9fa593b5edddd1815"},"description":"Lamine Yamal returned to the starting line-up for Bar\u00e7a as the Catalans ended their run of three consecutive games without a win","breadcrumb":{"@id":"https:\/\/www.fcbarcelonanoticias.com\/en\/fc-barcelona\/yes-lamine-yes-party-yamal-was-starter-and-barca-put-an-end-to-its-bad-streak_309043_102.html#breadcrumb"},"inLanguage":"en-US","potentialAction":[{"@type":"ReadAction","target":["https:\/\/www.fcbarcelonanoticias.com\/en\/fc-barcelona\/yes-lamine-yes-party-yamal-was-starter-and-barca-put-an-end-to-its-bad-streak_309043_102.html"]}]},{"@type":"ImageObject","inLanguage":"en-US","@id":"https:\/\/www.fcbarcelonanoticias.com\/en\/fc-barcelona\/yes-lamine-yes-party-yamal-was-starter-and-barca-put-an-end-to-its-bad-streak_309043_102.html#primaryimage","url":"https:\/\/www.fcbarcelonanoticias.com\/en\/wp-content\/uploads\/sites\/2\/2024\/12\/lamine-yamal-mallorca.jpeg","contentUrl":"https:\/\/www.fcbarcelonanoticias.com\/en\/wp-content\/uploads\/sites\/2\/2024\/12\/lamine-yamal-mallorca.jpeg","width":1200,"height":675},{"@type":"BreadcrumbList","@id":"https:\/\/www.fcbarcelonanoticias.com\/en\/fc-barcelona\/yes-lamine-yes-party-yamal-was-starter-and-barca-put-an-end-to-its-bad-streak_309043_102.html#breadcrumb","itemListElement":[{"@type":"ListItem","position":1,"name":"Portada","item":"https:\/\/www.fcbarcelonanoticias.com\/en\/"},{"@type":"ListItem","position":2,"name":"Yes Lamine, yes &#8216;party&#8217;: Yamal was a starter and Bar\u00e7a put an end to its bad streak"}]},{"@type":"WebSite","@id":"https:\/\/www.fcbarcelonanoticias.com\/en\/#website","url":"https:\/\/www.fcbarcelonanoticias.com\/en\/","name":"EN - FC Barcelona Noticias","description":"","potentialAction":[{"@type":"SearchAction","target":{"@type":"EntryPoint","urlTemplate":"https:\/\/www.fcbarcelonanoticias.com\/en\/?s={search_term_string}"},"query-input":{"@type":"PropertyValueSpecification","valueRequired":true,"valueName":"search_term_string"}}],"inLanguage":"en-US"},{"@type":"Person","@id":"https:\/\/www.fcbarcelonanoticias.com\/en\/#\/schema\/person\/88d756918a0a1ae9fa593b5edddd1815","name":"Juan Pablo Berdugo","image":{"@type":"ImageObject","inLanguage":"en-US","@id":"https:\/\/secure.gravatar.com\/avatar\/?s=96&d=mm&r=g","url":"https:\/\/secure.gravatar.com\/avatar\/?s=96&d=mm&r=g","contentUrl":"https:\/\/secure.gravatar.com\/avatar\/?s=96&d=mm&r=g","caption":"Juan Pablo Berdugo"},"description":"Juan Pablo Berdugo es graduado en Periodismo. Colabora con FCBN como especialista en informaci\u00f3n del primer equipo del FC Barcelona, f\u00fatbol internacional y mercado de fichajes. Destaca por su enfoque anal\u00edtico, su rigor informativo y su capacidad para detectar tendencias emergentes en el f\u00fatbol global.","url":"https:\/\/www.fcbarcelonanoticias.com\/en\/fc-barcelona\/juan-pablo-berdugo_18_115.html"}]}},"_links":{"self":[{"href":"https:\/\/www.fcbarcelonanoticias.com\/en\/wp-json\/wp\/v2\/posts\/37979","targetHints":{"allow":["GET"]}}],"collection":[{"href":"https:\/\/www.fcbarcelonanoticias.com\/en\/wp-json\/wp\/v2\/posts"}],"about":[{"href":"https:\/\/www.fcbarcelonanoticias.com\/en\/wp-json\/wp\/v2\/types\/post"}],"author":[{"embeddable":true,"href":"https:\/\/www.fcbarcelonanoticias.com\/en\/wp-json\/wp\/v2\/users\/358"}],"replies":[{"embeddable":true,"href":"https:\/\/www.fcbarcelonanoticias.com\/en\/wp-json\/wp\/v2\/comments?post=37979"}],"version-history":[{"count":1,"href":"https:\/\/www.fcbarcelonanoticias.com\/en\/wp-json\/wp\/v2\/posts\/37979\/revisions"}],"predecessor-version":[{"id":111240,"href":"https:\/\/www.fcbarcelonanoticias.com\/en\/wp-json\/wp\/v2\/posts\/37979\/revisions\/111240"}],"wp:featuredmedia":[{"embeddable":true,"href":"https:\/\/www.fcbarcelonanoticias.com\/en\/wp-json\/wp\/v2\/media\/37980"}],"wp:attachment":[{"href":"https:\/\/www.fcbarcelonanoticias.com\/en\/wp-json\/wp\/v2\/media?parent=37979"}],"wp:term":[{"taxonomy":"category","embeddable":true,"href":"https:\/\/www.fcbarcelonanoticias.com\/en\/wp-json\/wp\/v2\/categories?post=37979"},{"taxonomy":"post_tag","embeddable":true,"href":"https:\/\/www.fcbarcelonanoticias.com\/en\/wp-json\/wp\/v2\/tags?post=37979"}],"curies":[{"name":"wp","href":"https:\/\/api.w.org\/{rel}","templated":true}]}}