{"id":37990,"date":"2022-06-23T18:11:00","date_gmt":"2022-06-23T16:11:00","guid":{"rendered":"https:\/\/weisetech.dev\/fc-barcelona-noticias\/en\/all-news-barcelona-frenkie-jong-neymar-dembele-suarez_281526_102\/"},"modified":"2022-06-23T18:11:00","modified_gmt":"2022-06-23T16:11:00","slug":"all-news-barcelona-frenkie-jong-neymar-dembele-suarez_281526_102","status":"publish","type":"post","link":"https:\/\/www.fcbarcelonanoticias.com\/en\/fcbn-tv\/all-news-barcelona-frenkie-jong-neymar-dembele-suarez_281526_102.html","title":{"rendered":"All the Bar\u00e7a news! Frenkie de Jong, Neymar, Demb\u00e9l\u00e9, Su\u00e1rez&#8230;"},"content":{"rendered":"<h2 class=\"wp-block-heading\">Bar\u00e7a is still involved in the transfer market for next season and at &#8216;FCBN&#8217; we want to leave the main news about the Bar\u00e7a team within your reach with this video on our YouTube channel<\/h2>  \r\n<div class=\"article-addons\">\r\n    <a href=\"https:\/\/www.fcbarcelonanoticias.com\/en\/calendar-fc-barcelona.html\"\r\n       target=\"_self\"\r\n       title=\"Calendar of FC Barcelona\"\r\n       class=\"blue-gredient-btn\">\r\n       \r\n        Calendar of FC Barcelona    <\/a>\r\n<\/div>   <p>The future of Neymar could be one of the &#8216;bombazos&#8217; of the summer and one of the options that would be handling the Brazilian is his return to the City Condal to live a second stage in <a data-external=\"0\" data-intl-links-en=\"https:\/\/www.fcbarcelonanoticias.com\/en\/fc-barcelona\" data-intl-links-es=\"https:\/\/www.fcbarcelonanoticias.com\/fc-barcelona\" href=\"https:\/\/www.fcbarcelonanoticias.com\/en\/football-soccer\/fc-barcelona.html\" rel=\"follow\" target=\"_self\" title=\"FC Barcelona\">the FC Barcelona<\/a>. Of equal way, the Manchester United follows presionando by Frenkie of Jong <strong>and a new offer by part of the &#8216;network devils&#8217; would be to the &#8216;fall&#8217;<\/strong>. All the details of both operations find them to an alone &#8216;click&#8217; of distance.<\/p>  <p>By his part, the &#8216;serial&#8217; of Ousmane Demb\u00e9l\u00e9 and the Bar\u00e7a seems not finishing and his continuity is still in the &#8216;air&#8217;. Likewise, <strong>in the video will be able to know that &#8216;crack&#8217; of the free agency would have offered to the Barcelona and cual was the alternative to Lewandowski that handled the Catalans<\/strong>, in addition to the updates of the &#8216;case Raphinha&#8217;. If you do not want to lose you at all of the actuality of the team <a href=\"https:\/\/www.fcbarcelonanoticias.com\/en\/tags\/xavi-hernandez.html\" title=\"Xavi Hern\u00e1ndez\">of Xavi Hern\u00e1ndez<\/a>, do not forget to subscribe you to be knowledgeable of all what suceda in Can Bar\u00e7a during the next weeks.<\/p>  <p>\ud83d\udea8 NEWS BAR\u00c7A \ud83d\udea8 NEYMAR, OFFERED! &#8211; \u20ac75m BY FRENKIE &#8211; RENEWS DEMB\u00c9L\u00c9? &#8211; LUIS SU\u00c1REZ<\/p>  <p><strong><a href=\"https:\/\/www.youtube.com\/en\/redirect?event=video_description&amp;redir_token=QUFFLUhqbllvMlJkTU8wRUNELWtMemwyNFE1Y1M4dEN0UXxBQ3Jtc0trSFdJeHdGcFdTRURtSklRY1JXdkE3Mnp5LUx0NDRqX2FqZWdDVEhBSzJfdG9faDV2bnlvWFk1TkZXUVdxUDEzVmNCank2cFZtU0FYWU1hRFdXb0d4Z0VuMzlLYW1HVW1iUkRFaXJ4NDhvU0NNTkZRSQ&amp;q=https%3A%2F%2Fbit.ly%2FSubFCBN&amp;v=sM7oQhwvogk\" title=\"SUSCRIBIRME AL CANAL\">SUBSCRIBE ME To THE CHANNEL<\/a><\/strong><\/p>  <p><\/p> ","protected":false},"excerpt":{"rendered":"<p>Bar\u00e7a is still involved in the transfer market for next season and at &#8216;FCBN&#8217; we want to leave the main news about the Bar\u00e7a team within your reach with this video on our YouTube channel The future of Neymar could be one of the &#8216;bombazos&#8217; of the summer and one of the options that would [&hellip;]<\/p>\n","protected":false},"author":358,"featured_media":0,"comment_status":"closed","ping_status":"open","sticky":false,"template":"","format":"standard","meta":{"_acf_changed":false,"inline_featured_image":false,"_nextfly_llmd_date_locked":false,"footnotes":""},"categories":[111],"tags":[146,135,143,288],"class_list":["post-37990","post","type-post","status-publish","format-standard","hentry","category-fc-barcelona","tag-dembele","tag-luis-suarez","tag-neymar-jr","tag-paulo-dybala"],"acf":[],"yoast_head":"<!-- This site is optimized with the Yoast SEO plugin v27.3 - https:\/\/yoast.com\/product\/yoast-seo-wordpress\/ -->\n<title>All the Bar\u00e7a news! Frenkie de Jong, Neymar, Demb\u00e9l\u00e9, Su\u00e1rez...<\/title>\n<meta name=\"description\" content=\"The Bar\u00e7a follows put in the market of signings of face to the next season and in &#039;FCBN&#039; want to leave to you reach the main news of the picture az...\" \/>\n<meta name=\"robots\" content=\"index, follow, max-snippet:-1, max-image-preview:large, max-video-preview:-1\" \/>\n<link rel=\"canonical\" href=\"https:\/\/www.fcbarcelonanoticias.com\/en\/fcbn-tv\/all-news-barcelona-frenkie-jong-neymar-dembele-suarez_281526_102.html\" \/>\n<meta property=\"og:locale\" content=\"en_US\" \/>\n<meta property=\"og:type\" content=\"article\" \/>\n<meta property=\"og:title\" content=\"All the Bar\u00e7a news! Frenkie de Jong, Neymar, Demb\u00e9l\u00e9, Su\u00e1rez...\" \/>\n<meta property=\"og:description\" content=\"The Bar\u00e7a follows put in the market of signings of face to the next season and in &#039;FCBN&#039; want to leave to you reach the main news of the picture az...\" \/>\n<meta property=\"og:url\" content=\"https:\/\/www.fcbarcelonanoticias.com\/en\/fcbn-tv\/all-news-barcelona-frenkie-jong-neymar-dembele-suarez_281526_102.html\" \/>\n<meta property=\"og:site_name\" content=\"EN - FC Barcelona Noticias\" \/>\n<meta property=\"article:published_time\" content=\"2022-06-23T16:11:00+00:00\" \/>\n<meta name=\"author\" content=\"Juan Pablo Berdugo\" \/>\n<meta name=\"twitter:card\" content=\"summary_large_image\" \/>\n<meta name=\"twitter:label1\" content=\"Written by\" \/>\n\t<meta name=\"twitter:data1\" content=\"Juan Pablo Berdugo\" \/>\n\t<meta name=\"twitter:label2\" content=\"Est. reading time\" \/>\n\t<meta name=\"twitter:data2\" content=\"1 minute\" \/>\n<script type=\"application\/ld+json\" class=\"yoast-schema-graph\">{\"@context\":\"https:\\\/\\\/schema.org\",\"@graph\":[{\"@type\":\"Article\",\"@id\":\"https:\\\/\\\/www.fcbarcelonanoticias.com\\\/en\\\/fcbn-tv\\\/all-news-barcelona-frenkie-jong-neymar-dembele-suarez_281526_102.html#article\",\"isPartOf\":{\"@id\":\"https:\\\/\\\/www.fcbarcelonanoticias.com\\\/en\\\/fcbn-tv\\\/all-news-barcelona-frenkie-jong-neymar-dembele-suarez_281526_102.html\"},\"author\":{\"name\":\"Juan Pablo Berdugo\",\"@id\":\"https:\\\/\\\/www.fcbarcelonanoticias.com\\\/en\\\/#\\\/schema\\\/person\\\/88d756918a0a1ae9fa593b5edddd1815\"},\"headline\":\"All the Bar\u00e7a news! Frenkie de Jong, Neymar, Demb\u00e9l\u00e9, Su\u00e1rez&#8230;\",\"datePublished\":\"2022-06-23T16:11:00+00:00\",\"mainEntityOfPage\":{\"@id\":\"https:\\\/\\\/www.fcbarcelonanoticias.com\\\/en\\\/fcbn-tv\\\/all-news-barcelona-frenkie-jong-neymar-dembele-suarez_281526_102.html\"},\"wordCount\":259,\"keywords\":[\"Demb\u00e9l\u00e9\",\"Luis Su\u00e1rez\",\"Neymar Jr\",\"Paulo Dybala\"],\"articleSection\":[\"FC Barcelona\"],\"inLanguage\":\"en-US\"},{\"@type\":\"WebPage\",\"@id\":\"https:\\\/\\\/www.fcbarcelonanoticias.com\\\/en\\\/fcbn-tv\\\/all-news-barcelona-frenkie-jong-neymar-dembele-suarez_281526_102.html\",\"url\":\"https:\\\/\\\/www.fcbarcelonanoticias.com\\\/en\\\/fcbn-tv\\\/all-news-barcelona-frenkie-jong-neymar-dembele-suarez_281526_102.html\",\"name\":\"All the Bar\u00e7a news! Frenkie de Jong, Neymar, Demb\u00e9l\u00e9, Su\u00e1rez...\",\"isPartOf\":{\"@id\":\"https:\\\/\\\/www.fcbarcelonanoticias.com\\\/en\\\/#website\"},\"datePublished\":\"2022-06-23T16:11:00+00:00\",\"author\":{\"@id\":\"https:\\\/\\\/www.fcbarcelonanoticias.com\\\/en\\\/#\\\/schema\\\/person\\\/88d756918a0a1ae9fa593b5edddd1815\"},\"description\":\"The Bar\u00e7a follows put in the market of signings of face to the next season and in 'FCBN' want to leave to you reach the main news of the picture az...\",\"breadcrumb\":{\"@id\":\"https:\\\/\\\/www.fcbarcelonanoticias.com\\\/en\\\/fcbn-tv\\\/all-news-barcelona-frenkie-jong-neymar-dembele-suarez_281526_102.html#breadcrumb\"},\"inLanguage\":\"en-US\",\"potentialAction\":[{\"@type\":\"ReadAction\",\"target\":[\"https:\\\/\\\/www.fcbarcelonanoticias.com\\\/en\\\/fcbn-tv\\\/all-news-barcelona-frenkie-jong-neymar-dembele-suarez_281526_102.html\"]}]},{\"@type\":\"BreadcrumbList\",\"@id\":\"https:\\\/\\\/www.fcbarcelonanoticias.com\\\/en\\\/fcbn-tv\\\/all-news-barcelona-frenkie-jong-neymar-dembele-suarez_281526_102.html#breadcrumb\",\"itemListElement\":[{\"@type\":\"ListItem\",\"position\":1,\"name\":\"Portada\",\"item\":\"https:\\\/\\\/www.fcbarcelonanoticias.com\\\/en\\\/\"},{\"@type\":\"ListItem\",\"position\":2,\"name\":\"All the Bar\u00e7a news! Frenkie de Jong, Neymar, Demb\u00e9l\u00e9, Su\u00e1rez&#8230;\"}]},{\"@type\":\"WebSite\",\"@id\":\"https:\\\/\\\/www.fcbarcelonanoticias.com\\\/en\\\/#website\",\"url\":\"https:\\\/\\\/www.fcbarcelonanoticias.com\\\/en\\\/\",\"name\":\"EN - FC Barcelona Noticias\",\"description\":\"\",\"potentialAction\":[{\"@type\":\"SearchAction\",\"target\":{\"@type\":\"EntryPoint\",\"urlTemplate\":\"https:\\\/\\\/www.fcbarcelonanoticias.com\\\/en\\\/?s={search_term_string}\"},\"query-input\":{\"@type\":\"PropertyValueSpecification\",\"valueRequired\":true,\"valueName\":\"search_term_string\"}}],\"inLanguage\":\"en-US\"},{\"@type\":\"Person\",\"@id\":\"https:\\\/\\\/www.fcbarcelonanoticias.com\\\/en\\\/#\\\/schema\\\/person\\\/88d756918a0a1ae9fa593b5edddd1815\",\"name\":\"Juan Pablo Berdugo\",\"image\":{\"@type\":\"ImageObject\",\"inLanguage\":\"en-US\",\"@id\":\"https:\\\/\\\/secure.gravatar.com\\\/avatar\\\/?s=96&d=mm&r=g\",\"url\":\"https:\\\/\\\/secure.gravatar.com\\\/avatar\\\/?s=96&d=mm&r=g\",\"contentUrl\":\"https:\\\/\\\/secure.gravatar.com\\\/avatar\\\/?s=96&d=mm&r=g\",\"caption\":\"Juan Pablo Berdugo\"},\"description\":\"Juan Pablo Berdugo es graduado en Periodismo. Colabora con FCBN como especialista en informaci\u00f3n del primer equipo del FC Barcelona, f\u00fatbol internacional y mercado de fichajes. Destaca por su enfoque anal\u00edtico, su rigor informativo y su capacidad para detectar tendencias emergentes en el f\u00fatbol global.\",\"url\":\"https:\\\/\\\/www.fcbarcelonanoticias.com\\\/en\\\/fc-barcelona\\\/juan-pablo-berdugo_18_115.html\"}]}<\/script>\n<!-- \/ Yoast SEO plugin. -->","yoast_head_json":{"title":"All the Bar\u00e7a news! Frenkie de Jong, Neymar, Demb\u00e9l\u00e9, Su\u00e1rez...","description":"The Bar\u00e7a follows put in the market of signings of face to the next season and in 'FCBN' want to leave to you reach the main news of the picture az...","robots":{"index":"index","follow":"follow","max-snippet":"max-snippet:-1","max-image-preview":"max-image-preview:large","max-video-preview":"max-video-preview:-1"},"canonical":"https:\/\/www.fcbarcelonanoticias.com\/en\/fcbn-tv\/all-news-barcelona-frenkie-jong-neymar-dembele-suarez_281526_102.html","og_locale":"en_US","og_type":"article","og_title":"All the Bar\u00e7a news! Frenkie de Jong, Neymar, Demb\u00e9l\u00e9, Su\u00e1rez...","og_description":"The Bar\u00e7a follows put in the market of signings of face to the next season and in 'FCBN' want to leave to you reach the main news of the picture az...","og_url":"https:\/\/www.fcbarcelonanoticias.com\/en\/fcbn-tv\/all-news-barcelona-frenkie-jong-neymar-dembele-suarez_281526_102.html","og_site_name":"EN - FC Barcelona Noticias","article_published_time":"2022-06-23T16:11:00+00:00","author":"Juan Pablo Berdugo","twitter_card":"summary_large_image","twitter_misc":{"Written by":"Juan Pablo Berdugo","Est. reading time":"1 minute"},"schema":{"@context":"https:\/\/schema.org","@graph":[{"@type":"Article","@id":"https:\/\/www.fcbarcelonanoticias.com\/en\/fcbn-tv\/all-news-barcelona-frenkie-jong-neymar-dembele-suarez_281526_102.html#article","isPartOf":{"@id":"https:\/\/www.fcbarcelonanoticias.com\/en\/fcbn-tv\/all-news-barcelona-frenkie-jong-neymar-dembele-suarez_281526_102.html"},"author":{"name":"Juan Pablo Berdugo","@id":"https:\/\/www.fcbarcelonanoticias.com\/en\/#\/schema\/person\/88d756918a0a1ae9fa593b5edddd1815"},"headline":"All the Bar\u00e7a news! Frenkie de Jong, Neymar, Demb\u00e9l\u00e9, Su\u00e1rez&#8230;","datePublished":"2022-06-23T16:11:00+00:00","mainEntityOfPage":{"@id":"https:\/\/www.fcbarcelonanoticias.com\/en\/fcbn-tv\/all-news-barcelona-frenkie-jong-neymar-dembele-suarez_281526_102.html"},"wordCount":259,"keywords":["Demb\u00e9l\u00e9","Luis Su\u00e1rez","Neymar Jr","Paulo Dybala"],"articleSection":["FC Barcelona"],"inLanguage":"en-US"},{"@type":"WebPage","@id":"https:\/\/www.fcbarcelonanoticias.com\/en\/fcbn-tv\/all-news-barcelona-frenkie-jong-neymar-dembele-suarez_281526_102.html","url":"https:\/\/www.fcbarcelonanoticias.com\/en\/fcbn-tv\/all-news-barcelona-frenkie-jong-neymar-dembele-suarez_281526_102.html","name":"All the Bar\u00e7a news! Frenkie de Jong, Neymar, Demb\u00e9l\u00e9, Su\u00e1rez...","isPartOf":{"@id":"https:\/\/www.fcbarcelonanoticias.com\/en\/#website"},"datePublished":"2022-06-23T16:11:00+00:00","author":{"@id":"https:\/\/www.fcbarcelonanoticias.com\/en\/#\/schema\/person\/88d756918a0a1ae9fa593b5edddd1815"},"description":"The Bar\u00e7a follows put in the market of signings of face to the next season and in 'FCBN' want to leave to you reach the main news of the picture az...","breadcrumb":{"@id":"https:\/\/www.fcbarcelonanoticias.com\/en\/fcbn-tv\/all-news-barcelona-frenkie-jong-neymar-dembele-suarez_281526_102.html#breadcrumb"},"inLanguage":"en-US","potentialAction":[{"@type":"ReadAction","target":["https:\/\/www.fcbarcelonanoticias.com\/en\/fcbn-tv\/all-news-barcelona-frenkie-jong-neymar-dembele-suarez_281526_102.html"]}]},{"@type":"BreadcrumbList","@id":"https:\/\/www.fcbarcelonanoticias.com\/en\/fcbn-tv\/all-news-barcelona-frenkie-jong-neymar-dembele-suarez_281526_102.html#breadcrumb","itemListElement":[{"@type":"ListItem","position":1,"name":"Portada","item":"https:\/\/www.fcbarcelonanoticias.com\/en\/"},{"@type":"ListItem","position":2,"name":"All the Bar\u00e7a news! Frenkie de Jong, Neymar, Demb\u00e9l\u00e9, Su\u00e1rez&#8230;"}]},{"@type":"WebSite","@id":"https:\/\/www.fcbarcelonanoticias.com\/en\/#website","url":"https:\/\/www.fcbarcelonanoticias.com\/en\/","name":"EN - FC Barcelona Noticias","description":"","potentialAction":[{"@type":"SearchAction","target":{"@type":"EntryPoint","urlTemplate":"https:\/\/www.fcbarcelonanoticias.com\/en\/?s={search_term_string}"},"query-input":{"@type":"PropertyValueSpecification","valueRequired":true,"valueName":"search_term_string"}}],"inLanguage":"en-US"},{"@type":"Person","@id":"https:\/\/www.fcbarcelonanoticias.com\/en\/#\/schema\/person\/88d756918a0a1ae9fa593b5edddd1815","name":"Juan Pablo Berdugo","image":{"@type":"ImageObject","inLanguage":"en-US","@id":"https:\/\/secure.gravatar.com\/avatar\/?s=96&d=mm&r=g","url":"https:\/\/secure.gravatar.com\/avatar\/?s=96&d=mm&r=g","contentUrl":"https:\/\/secure.gravatar.com\/avatar\/?s=96&d=mm&r=g","caption":"Juan Pablo Berdugo"},"description":"Juan Pablo Berdugo es graduado en Periodismo. Colabora con FCBN como especialista en informaci\u00f3n del primer equipo del FC Barcelona, f\u00fatbol internacional y mercado de fichajes. Destaca por su enfoque anal\u00edtico, su rigor informativo y su capacidad para detectar tendencias emergentes en el f\u00fatbol global.","url":"https:\/\/www.fcbarcelonanoticias.com\/en\/fc-barcelona\/juan-pablo-berdugo_18_115.html"}]}},"_links":{"self":[{"href":"https:\/\/www.fcbarcelonanoticias.com\/en\/wp-json\/wp\/v2\/posts\/37990","targetHints":{"allow":["GET"]}}],"collection":[{"href":"https:\/\/www.fcbarcelonanoticias.com\/en\/wp-json\/wp\/v2\/posts"}],"about":[{"href":"https:\/\/www.fcbarcelonanoticias.com\/en\/wp-json\/wp\/v2\/types\/post"}],"author":[{"embeddable":true,"href":"https:\/\/www.fcbarcelonanoticias.com\/en\/wp-json\/wp\/v2\/users\/358"}],"replies":[{"embeddable":true,"href":"https:\/\/www.fcbarcelonanoticias.com\/en\/wp-json\/wp\/v2\/comments?post=37990"}],"version-history":[{"count":1,"href":"https:\/\/www.fcbarcelonanoticias.com\/en\/wp-json\/wp\/v2\/posts\/37990\/revisions"}],"predecessor-version":[{"id":111362,"href":"https:\/\/www.fcbarcelonanoticias.com\/en\/wp-json\/wp\/v2\/posts\/37990\/revisions\/111362"}],"wp:attachment":[{"href":"https:\/\/www.fcbarcelonanoticias.com\/en\/wp-json\/wp\/v2\/media?parent=37990"}],"wp:term":[{"taxonomy":"category","embeddable":true,"href":"https:\/\/www.fcbarcelonanoticias.com\/en\/wp-json\/wp\/v2\/categories?post=37990"},{"taxonomy":"post_tag","embeddable":true,"href":"https:\/\/www.fcbarcelonanoticias.com\/en\/wp-json\/wp\/v2\/tags?post=37990"}],"curies":[{"name":"wp","href":"https:\/\/api.w.org\/{rel}","templated":true}]}}