{"id":37994,"date":"2022-07-04T16:37:00","date_gmt":"2022-07-04T14:37:00","guid":{"rendered":"https:\/\/weisetech.dev\/fc-barcelona-noticias\/en\/all-news-barcelona-kessie-lewandowski-raphinha-dembele-jong_281874_102\/"},"modified":"2022-07-04T16:37:00","modified_gmt":"2022-07-04T14:37:00","slug":"all-news-barcelona-kessie-lewandowski-raphinha-dembele-jong_281874_102","status":"publish","type":"post","link":"https:\/\/www.fcbarcelonanoticias.com\/en\/fcbn-tv\/all-news-barcelona-kessie-lewandowski-raphinha-dembele-jong_281874_102.html","title":{"rendered":"All the Bar\u00e7a news! Kessie, Lewandowski, Raphinha, Dembele, De Jong&#8230;"},"content":{"rendered":"<h2 class=\"wp-block-heading\">FC Barcelona is in the midst of a key week regarding reinforcements for the 2022-23 season. At &#8216;FCBN&#8217; we want to leave the main news about the Bar\u00e7a squad within your reach with this video on our YouTube channel<\/h2>  \r\n<div class=\"article-addons\">\r\n    <a href=\"https:\/\/www.fcbarcelonanoticias.com\/en\/calendar-fc-barcelona.html\"\r\n       target=\"_self\"\r\n       title=\"Calendar of FC Barcelona\"\r\n       class=\"blue-gredient-btn\">\r\n       \r\n        Calendar of FC Barcelona    <\/a>\r\n<\/div>   <p><strong>The FC Barcelona begins to move of way pronounced in the market of signings. <\/strong>This Monday have announced the signings of <a data-external=\"0\" data-intl-links-en=\"https:\/\/www.fcbarcelonanoticias.com\/en\/transfers\/official-fc-barcelona-confirms-signing-franck-kessie_278809_102.html\" data-intl-links-es=\"https:\/\/www.fcbarcelonanoticias.com\/fichajes\/oficial-fc-barcelona-confirma-fichaje-franck-kessie_278809_102.html\" href=\"https:\/\/www.fcbarcelonanoticias.com\/en\/transfers\/official-fc-barcelona-confirms-signing-franck-kessie_278809_102.html\" rel=\"follow\" target=\"_self\" title=\"\u00a1OFICIAL! El FC Barcelona confirma el fichaje de Franck Kessi\u00e9\">Franck Kessi\u00e9<\/a> and <a data-external=\"0\" data-intl-links-en=\"https:\/\/www.fcbarcelonanoticias.com\/en\/transfers\/official-andreas-christensen-arrives-free-to-the-fc-barcelona_278810_102.html\" data-intl-links-es=\"https:\/\/www.fcbarcelonanoticias.com\/fichajes\/oficial-andreas-christensen-llega-gratis-fc-barcelona_278810_102.html\" href=\"https:\/\/www.fcbarcelonanoticias.com\/en\/transfers\/official-andreas-christensen-arrives-free-to-the-fc-barcelona_278810_102.html\" rel=\"follow\" target=\"_self\" title=\"\u00a1OFICIAL! Andreas Christensen llega 'gratis' al FC Barcelona\">Andreas Christensen<\/a> and foresees that it was the beginning of a window of transfers in which the Barcelona group will sack to a lot of players and will welcome others to complete his mission to revolutionise the staff to go back to compete by the titles.<\/p>  <p>The intention of the blaugrana is to work and try close the traspasos of Robert Lewandowski and Raphinha, the main aims of Xavi Hern\u00e1ndez. The club, besides, works in the renewal of Gavi<strong> while it resolves the future of Frenkie of Jong and Ousmane Demb\u00e9l\u00e9, the one who follows without signing his agreement <\/strong>to extend his stay in the Spotify Camp Nou. All this and more it respasamos in our last video of YouTube. It remembers to subscribe you to be knowledgeable of all what suceda in Can Bar\u00e7a during the next weeks, that will be very &#8216;moved&#8217; in matter of signings.<\/p>  <p>\ud83d\udca5 NEWS BAR\u00c7A \ud83d\udea8 KESSI\u00c9 OFFICIAL \u2022 WEEK LEWANDOWSKI &#8211; FRENKIE \u2022 DEMB\u00c9L\u00c9 ANSWERS \u2022 RAPHINHA OK<\/p>  <p><strong><a href=\"https:\/\/www.youtube.com\/en\/redirect?event=video_description&amp;redir_token=QUFFLUhqbllvMlJkTU8wRUNELWtMemwyNFE1Y1M4dEN0UXxBQ3Jtc0trSFdJeHdGcFdTRURtSklRY1JXdkE3Mnp5LUx0NDRqX2FqZWdDVEhBSzJfdG9faDV2bnlvWFk1TkZXUVdxUDEzVmNCank2cFZtU0FYWU1hRFdXb0d4Z0VuMzlLYW1HVW1iUkRFaXJ4NDhvU0NNTkZRSQ&amp;q=https%3A%2F%2Fbit.ly%2FSubFCBN&amp;v=sM7oQhwvogk\" title=\"SUSCRIBIRME AL CANAL\">SUBSCRIBE ME To THE CHANNEL<\/a><\/strong><\/p>  <div class=\"article-video-wrapper\" data-ck-asset-wrapper=\"\"> <div class=\"article-video\"> <div><\/div> <\/div> <\/div>  <p>&nbsp;<\/p> ","protected":false},"excerpt":{"rendered":"<p>FC Barcelona is in the midst of a key week regarding reinforcements for the 2022-23 season. At &#8216;FCBN&#8217; we want to leave the main news about the Bar\u00e7a squad within your reach with this video on our YouTube channel The FC Barcelona begins to move of way pronounced in the market of signings. This Monday [&hellip;]<\/p>\n","protected":false},"author":352,"featured_media":0,"comment_status":"closed","ping_status":"open","sticky":false,"template":"","format":"standard","meta":{"_acf_changed":false,"inline_featured_image":false,"_nextfly_llmd_date_locked":false,"footnotes":""},"categories":[111],"tags":[146,305],"class_list":["post-37994","post","type-post","status-publish","format-standard","hentry","category-fc-barcelona","tag-dembele","tag-frank-kessie"],"acf":[],"yoast_head":"<!-- This site is optimized with the Yoast SEO plugin v27.3 - https:\/\/yoast.com\/product\/yoast-seo-wordpress\/ -->\n<title>All the Bar\u00e7a news! Kessie, Lewandowski, Raphinha, Dembele, De Jong...<\/title>\n<meta name=\"description\" content=\"The FC Barcelona is in the middle of a key week regarding the reinforcements of face to the season 2022-23. In &#039;FCBN&#039; want to leave to your scope the not...\" \/>\n<meta name=\"robots\" content=\"index, follow, max-snippet:-1, max-image-preview:large, max-video-preview:-1\" \/>\n<link rel=\"canonical\" href=\"https:\/\/www.fcbarcelonanoticias.com\/en\/fcbn-tv\/all-news-barcelona-kessie-lewandowski-raphinha-dembele-jong_281874_102.html\" \/>\n<meta property=\"og:locale\" content=\"en_US\" \/>\n<meta property=\"og:type\" content=\"article\" \/>\n<meta property=\"og:title\" content=\"All the Bar\u00e7a news! Kessie, Lewandowski, Raphinha, Dembele, De Jong...\" \/>\n<meta property=\"og:description\" content=\"The FC Barcelona is in the middle of a key week regarding the reinforcements of face to the season 2022-23. In &#039;FCBN&#039; want to leave to your scope the not...\" \/>\n<meta property=\"og:url\" content=\"https:\/\/www.fcbarcelonanoticias.com\/en\/fcbn-tv\/all-news-barcelona-kessie-lewandowski-raphinha-dembele-jong_281874_102.html\" \/>\n<meta property=\"og:site_name\" content=\"EN - FC Barcelona Noticias\" \/>\n<meta property=\"article:published_time\" content=\"2022-07-04T14:37:00+00:00\" \/>\n<meta name=\"author\" content=\"Paola Guevara\" \/>\n<meta name=\"twitter:card\" content=\"summary_large_image\" \/>\n<meta name=\"twitter:label1\" content=\"Written by\" \/>\n\t<meta name=\"twitter:data1\" content=\"Paola Guevara\" \/>\n\t<meta name=\"twitter:label2\" content=\"Est. reading time\" \/>\n\t<meta name=\"twitter:data2\" content=\"1 minute\" \/>\n<script type=\"application\/ld+json\" class=\"yoast-schema-graph\">{\"@context\":\"https:\\\/\\\/schema.org\",\"@graph\":[{\"@type\":\"Article\",\"@id\":\"https:\\\/\\\/www.fcbarcelonanoticias.com\\\/en\\\/fcbn-tv\\\/all-news-barcelona-kessie-lewandowski-raphinha-dembele-jong_281874_102.html#article\",\"isPartOf\":{\"@id\":\"https:\\\/\\\/www.fcbarcelonanoticias.com\\\/en\\\/fcbn-tv\\\/all-news-barcelona-kessie-lewandowski-raphinha-dembele-jong_281874_102.html\"},\"author\":{\"name\":\"Paola Guevara\",\"@id\":\"https:\\\/\\\/www.fcbarcelonanoticias.com\\\/en\\\/#\\\/schema\\\/person\\\/3b408513ee236e64c3043ec901f019ee\"},\"headline\":\"All the Bar\u00e7a news! Kessie, Lewandowski, Raphinha, Dembele, De Jong&#8230;\",\"datePublished\":\"2022-07-04T14:37:00+00:00\",\"mainEntityOfPage\":{\"@id\":\"https:\\\/\\\/www.fcbarcelonanoticias.com\\\/en\\\/fcbn-tv\\\/all-news-barcelona-kessie-lewandowski-raphinha-dembele-jong_281874_102.html\"},\"wordCount\":246,\"keywords\":[\"Demb\u00e9l\u00e9\",\"Frank Kessi\u00e9\"],\"articleSection\":[\"FC Barcelona\"],\"inLanguage\":\"en-US\"},{\"@type\":\"WebPage\",\"@id\":\"https:\\\/\\\/www.fcbarcelonanoticias.com\\\/en\\\/fcbn-tv\\\/all-news-barcelona-kessie-lewandowski-raphinha-dembele-jong_281874_102.html\",\"url\":\"https:\\\/\\\/www.fcbarcelonanoticias.com\\\/en\\\/fcbn-tv\\\/all-news-barcelona-kessie-lewandowski-raphinha-dembele-jong_281874_102.html\",\"name\":\"All the Bar\u00e7a news! Kessie, Lewandowski, Raphinha, Dembele, De Jong...\",\"isPartOf\":{\"@id\":\"https:\\\/\\\/www.fcbarcelonanoticias.com\\\/en\\\/#website\"},\"datePublished\":\"2022-07-04T14:37:00+00:00\",\"author\":{\"@id\":\"https:\\\/\\\/www.fcbarcelonanoticias.com\\\/en\\\/#\\\/schema\\\/person\\\/3b408513ee236e64c3043ec901f019ee\"},\"description\":\"The FC Barcelona is in the middle of a key week regarding the reinforcements of face to the season 2022-23. In 'FCBN' want to leave to your scope the not...\",\"breadcrumb\":{\"@id\":\"https:\\\/\\\/www.fcbarcelonanoticias.com\\\/en\\\/fcbn-tv\\\/all-news-barcelona-kessie-lewandowski-raphinha-dembele-jong_281874_102.html#breadcrumb\"},\"inLanguage\":\"en-US\",\"potentialAction\":[{\"@type\":\"ReadAction\",\"target\":[\"https:\\\/\\\/www.fcbarcelonanoticias.com\\\/en\\\/fcbn-tv\\\/all-news-barcelona-kessie-lewandowski-raphinha-dembele-jong_281874_102.html\"]}]},{\"@type\":\"BreadcrumbList\",\"@id\":\"https:\\\/\\\/www.fcbarcelonanoticias.com\\\/en\\\/fcbn-tv\\\/all-news-barcelona-kessie-lewandowski-raphinha-dembele-jong_281874_102.html#breadcrumb\",\"itemListElement\":[{\"@type\":\"ListItem\",\"position\":1,\"name\":\"Portada\",\"item\":\"https:\\\/\\\/www.fcbarcelonanoticias.com\\\/en\\\/\"},{\"@type\":\"ListItem\",\"position\":2,\"name\":\"All the Bar\u00e7a news! Kessie, Lewandowski, Raphinha, Dembele, De Jong&#8230;\"}]},{\"@type\":\"WebSite\",\"@id\":\"https:\\\/\\\/www.fcbarcelonanoticias.com\\\/en\\\/#website\",\"url\":\"https:\\\/\\\/www.fcbarcelonanoticias.com\\\/en\\\/\",\"name\":\"EN - FC Barcelona Noticias\",\"description\":\"\",\"potentialAction\":[{\"@type\":\"SearchAction\",\"target\":{\"@type\":\"EntryPoint\",\"urlTemplate\":\"https:\\\/\\\/www.fcbarcelonanoticias.com\\\/en\\\/?s={search_term_string}\"},\"query-input\":{\"@type\":\"PropertyValueSpecification\",\"valueRequired\":true,\"valueName\":\"search_term_string\"}}],\"inLanguage\":\"en-US\"},{\"@type\":\"Person\",\"@id\":\"https:\\\/\\\/www.fcbarcelonanoticias.com\\\/en\\\/#\\\/schema\\\/person\\\/3b408513ee236e64c3043ec901f019ee\",\"name\":\"Paola Guevara\",\"image\":{\"@type\":\"ImageObject\",\"inLanguage\":\"en-US\",\"@id\":\"https:\\\/\\\/secure.gravatar.com\\\/avatar\\\/?s=96&d=mm&r=g\",\"url\":\"https:\\\/\\\/secure.gravatar.com\\\/avatar\\\/?s=96&d=mm&r=g\",\"contentUrl\":\"https:\\\/\\\/secure.gravatar.com\\\/avatar\\\/?s=96&d=mm&r=g\",\"caption\":\"Paola Guevara\"},\"url\":\"https:\\\/\\\/www.fcbarcelonanoticias.com\\\/en\\\/fc-barcelona\\\/paola-guevara_9_115.html\"}]}<\/script>\n<!-- \/ Yoast SEO plugin. -->","yoast_head_json":{"title":"All the Bar\u00e7a news! Kessie, Lewandowski, Raphinha, Dembele, De Jong...","description":"The FC Barcelona is in the middle of a key week regarding the reinforcements of face to the season 2022-23. In 'FCBN' want to leave to your scope the not...","robots":{"index":"index","follow":"follow","max-snippet":"max-snippet:-1","max-image-preview":"max-image-preview:large","max-video-preview":"max-video-preview:-1"},"canonical":"https:\/\/www.fcbarcelonanoticias.com\/en\/fcbn-tv\/all-news-barcelona-kessie-lewandowski-raphinha-dembele-jong_281874_102.html","og_locale":"en_US","og_type":"article","og_title":"All the Bar\u00e7a news! Kessie, Lewandowski, Raphinha, Dembele, De Jong...","og_description":"The FC Barcelona is in the middle of a key week regarding the reinforcements of face to the season 2022-23. In 'FCBN' want to leave to your scope the not...","og_url":"https:\/\/www.fcbarcelonanoticias.com\/en\/fcbn-tv\/all-news-barcelona-kessie-lewandowski-raphinha-dembele-jong_281874_102.html","og_site_name":"EN - FC Barcelona Noticias","article_published_time":"2022-07-04T14:37:00+00:00","author":"Paola Guevara","twitter_card":"summary_large_image","twitter_misc":{"Written by":"Paola Guevara","Est. reading time":"1 minute"},"schema":{"@context":"https:\/\/schema.org","@graph":[{"@type":"Article","@id":"https:\/\/www.fcbarcelonanoticias.com\/en\/fcbn-tv\/all-news-barcelona-kessie-lewandowski-raphinha-dembele-jong_281874_102.html#article","isPartOf":{"@id":"https:\/\/www.fcbarcelonanoticias.com\/en\/fcbn-tv\/all-news-barcelona-kessie-lewandowski-raphinha-dembele-jong_281874_102.html"},"author":{"name":"Paola Guevara","@id":"https:\/\/www.fcbarcelonanoticias.com\/en\/#\/schema\/person\/3b408513ee236e64c3043ec901f019ee"},"headline":"All the Bar\u00e7a news! Kessie, Lewandowski, Raphinha, Dembele, De Jong&#8230;","datePublished":"2022-07-04T14:37:00+00:00","mainEntityOfPage":{"@id":"https:\/\/www.fcbarcelonanoticias.com\/en\/fcbn-tv\/all-news-barcelona-kessie-lewandowski-raphinha-dembele-jong_281874_102.html"},"wordCount":246,"keywords":["Demb\u00e9l\u00e9","Frank Kessi\u00e9"],"articleSection":["FC Barcelona"],"inLanguage":"en-US"},{"@type":"WebPage","@id":"https:\/\/www.fcbarcelonanoticias.com\/en\/fcbn-tv\/all-news-barcelona-kessie-lewandowski-raphinha-dembele-jong_281874_102.html","url":"https:\/\/www.fcbarcelonanoticias.com\/en\/fcbn-tv\/all-news-barcelona-kessie-lewandowski-raphinha-dembele-jong_281874_102.html","name":"All the Bar\u00e7a news! Kessie, Lewandowski, Raphinha, Dembele, De Jong...","isPartOf":{"@id":"https:\/\/www.fcbarcelonanoticias.com\/en\/#website"},"datePublished":"2022-07-04T14:37:00+00:00","author":{"@id":"https:\/\/www.fcbarcelonanoticias.com\/en\/#\/schema\/person\/3b408513ee236e64c3043ec901f019ee"},"description":"The FC Barcelona is in the middle of a key week regarding the reinforcements of face to the season 2022-23. In 'FCBN' want to leave to your scope the not...","breadcrumb":{"@id":"https:\/\/www.fcbarcelonanoticias.com\/en\/fcbn-tv\/all-news-barcelona-kessie-lewandowski-raphinha-dembele-jong_281874_102.html#breadcrumb"},"inLanguage":"en-US","potentialAction":[{"@type":"ReadAction","target":["https:\/\/www.fcbarcelonanoticias.com\/en\/fcbn-tv\/all-news-barcelona-kessie-lewandowski-raphinha-dembele-jong_281874_102.html"]}]},{"@type":"BreadcrumbList","@id":"https:\/\/www.fcbarcelonanoticias.com\/en\/fcbn-tv\/all-news-barcelona-kessie-lewandowski-raphinha-dembele-jong_281874_102.html#breadcrumb","itemListElement":[{"@type":"ListItem","position":1,"name":"Portada","item":"https:\/\/www.fcbarcelonanoticias.com\/en\/"},{"@type":"ListItem","position":2,"name":"All the Bar\u00e7a news! Kessie, Lewandowski, Raphinha, Dembele, De Jong&#8230;"}]},{"@type":"WebSite","@id":"https:\/\/www.fcbarcelonanoticias.com\/en\/#website","url":"https:\/\/www.fcbarcelonanoticias.com\/en\/","name":"EN - FC Barcelona Noticias","description":"","potentialAction":[{"@type":"SearchAction","target":{"@type":"EntryPoint","urlTemplate":"https:\/\/www.fcbarcelonanoticias.com\/en\/?s={search_term_string}"},"query-input":{"@type":"PropertyValueSpecification","valueRequired":true,"valueName":"search_term_string"}}],"inLanguage":"en-US"},{"@type":"Person","@id":"https:\/\/www.fcbarcelonanoticias.com\/en\/#\/schema\/person\/3b408513ee236e64c3043ec901f019ee","name":"Paola Guevara","image":{"@type":"ImageObject","inLanguage":"en-US","@id":"https:\/\/secure.gravatar.com\/avatar\/?s=96&d=mm&r=g","url":"https:\/\/secure.gravatar.com\/avatar\/?s=96&d=mm&r=g","contentUrl":"https:\/\/secure.gravatar.com\/avatar\/?s=96&d=mm&r=g","caption":"Paola Guevara"},"url":"https:\/\/www.fcbarcelonanoticias.com\/en\/fc-barcelona\/paola-guevara_9_115.html"}]}},"_links":{"self":[{"href":"https:\/\/www.fcbarcelonanoticias.com\/en\/wp-json\/wp\/v2\/posts\/37994","targetHints":{"allow":["GET"]}}],"collection":[{"href":"https:\/\/www.fcbarcelonanoticias.com\/en\/wp-json\/wp\/v2\/posts"}],"about":[{"href":"https:\/\/www.fcbarcelonanoticias.com\/en\/wp-json\/wp\/v2\/types\/post"}],"author":[{"embeddable":true,"href":"https:\/\/www.fcbarcelonanoticias.com\/en\/wp-json\/wp\/v2\/users\/352"}],"replies":[{"embeddable":true,"href":"https:\/\/www.fcbarcelonanoticias.com\/en\/wp-json\/wp\/v2\/comments?post=37994"}],"version-history":[{"count":1,"href":"https:\/\/www.fcbarcelonanoticias.com\/en\/wp-json\/wp\/v2\/posts\/37994\/revisions"}],"predecessor-version":[{"id":111286,"href":"https:\/\/www.fcbarcelonanoticias.com\/en\/wp-json\/wp\/v2\/posts\/37994\/revisions\/111286"}],"wp:attachment":[{"href":"https:\/\/www.fcbarcelonanoticias.com\/en\/wp-json\/wp\/v2\/media?parent=37994"}],"wp:term":[{"taxonomy":"category","embeddable":true,"href":"https:\/\/www.fcbarcelonanoticias.com\/en\/wp-json\/wp\/v2\/categories?post=37994"},{"taxonomy":"post_tag","embeddable":true,"href":"https:\/\/www.fcbarcelonanoticias.com\/en\/wp-json\/wp\/v2\/tags?post=37994"}],"curies":[{"name":"wp","href":"https:\/\/api.w.org\/{rel}","templated":true}]}}