{"id":38061,"date":"2022-09-26T21:25:00","date_gmt":"2022-09-26T19:25:00","guid":{"rendered":"https:\/\/weisetech.dev\/fc-barcelona-noticias\/en\/novelties-in-the-barca-araujo-bernardo-silva-gerard-hammered-the-classical_284786_102\/"},"modified":"2022-09-26T21:25:00","modified_gmt":"2022-09-26T19:25:00","slug":"novelties-in-the-barca-araujo-bernardo-silva-gerard-hammered-the-classical_284786_102","status":"publish","type":"post","link":"https:\/\/www.fcbarcelonanoticias.com\/en\/fcbn-tv\/novelties-in-the-barca-araujo-bernardo-silva-gerard-hammered-the-classical_284786_102.html","title":{"rendered":"News at Bar\u00e7a! Ara\u00fajo, Bernardo Silva, Gerard Piqu\u00e9, The Classic &#8230;"},"content":{"rendered":"<h2 class=\"wp-block-heading\">The injury of Ronald Ara\u00fajo has woken up the alarms of all the FC Barcelona. We review all the actuality of the Barcelona club in our last video of YouTube<\/h2>  \r\n<div class=\"article-addons\">\r\n    <a href=\"https:\/\/www.fcbarcelonanoticias.com\/en\/calendar-fc-barcelona.html\"\r\n       target=\"_self\"\r\n       title=\"Calendar of FC Barcelona\"\r\n       class=\"blue-gredient-btn\">\r\n       \r\n        Calendar of FC Barcelona    <\/a>\r\n<\/div>   <p>The FC Barcelona has received a big number of bad news in the last days regarding the injuries of the international players. Jules Kound\u00e9 could be went until four weeks, but with Ronald Ara\u00fajo is with which more worry there is: it will go through the operating theatre this Wednesday and could be some time of drop, although the intention of the charr\u00faa keeps on being to play the World-wide with Uruguay.<\/p>  <p>Others that have lesionado with his selections have been Frenkie of Jong and Memphis Depay. The midfield player could be a week of drop, whereas the ex of the Lyon will be in the infirmary by the next month. All this review it in our last video of YouTube, as well as the rumours regarding the signing of Bernardo Silva or Marco Asensio.<\/p>  <p>\ud83d\udea8 NEWS BAR\u00c7A \ud83d\udea8 ARA\u00daJO will OPERATE ! 3 MONTHS of TIME \u25aa DROP of the CLASSICAL OFFICIAL \u25aa HOAX ASENSIO<\/p>  <p><strong><a href=\"https:\/\/www.youtube.com\/en\/redirect?event=video_description&amp;redir_token=QUFFLUhqbllvMlJkTU8wRUNELWtMemwyNFE1Y1M4dEN0UXxBQ3Jtc0trSFdJeHdGcFdTRURtSklRY1JXdkE3Mnp5LUx0NDRqX2FqZWdDVEhBSzJfdG9faDV2bnlvWFk1TkZXUVdxUDEzVmNCank2cFZtU0FYWU1hRFdXb0d4Z0VuMzlLYW1HVW1iUkRFaXJ4NDhvU0NNTkZRSQ&amp;q=https%3A%2F%2Fbit.ly%2FSubFCBN&amp;v=sM7oQhwvogk\" title=\"SUSCRIBIRME AL CANAL\">SUBSCRIBE ME To THE CHANNEL<\/a><\/strong><\/p> ","protected":false},"excerpt":{"rendered":"<p>The injury of Ronald Ara\u00fajo has woken up the alarms of all the FC Barcelona. We review all the actuality of the Barcelona club in our last video of YouTube The FC Barcelona has received a big number of bad news in the last days regarding the injuries of the international players. Jules Kound\u00e9 could [&hellip;]<\/p>\n","protected":false},"author":352,"featured_media":0,"comment_status":"closed","ping_status":"open","sticky":false,"template":"","format":"standard","meta":{"_acf_changed":false,"inline_featured_image":false,"_nextfly_llmd_date_locked":false,"footnotes":""},"categories":[111],"tags":[53],"class_list":["post-38061","post","type-post","status-publish","format-standard","hentry","category-fc-barcelona","tag-el-clasico"],"acf":[],"yoast_head":"<!-- This site is optimized with the Yoast SEO plugin v27.3 - https:\/\/yoast.com\/product\/yoast-seo-wordpress\/ -->\n<title>News at Bar\u00e7a! Ara\u00fajo, Bernardo Silva, Gerard Piqu\u00e9, The Classic ...<\/title>\n<meta name=\"description\" content=\"The injury of Ronald Ara\u00fajo has woken up the alarms of all the FC Barcelona. We review all the actuality of the Barcelona club in our last video of YouTube\" \/>\n<meta name=\"robots\" content=\"index, follow, max-snippet:-1, max-image-preview:large, max-video-preview:-1\" \/>\n<link rel=\"canonical\" href=\"https:\/\/www.fcbarcelonanoticias.com\/en\/fcbn-tv\/novelties-in-the-barca-araujo-bernardo-silva-gerard-hammered-the-classical_284786_102.html\" \/>\n<meta property=\"og:locale\" content=\"en_US\" \/>\n<meta property=\"og:type\" content=\"article\" \/>\n<meta property=\"og:title\" content=\"News at Bar\u00e7a! Ara\u00fajo, Bernardo Silva, Gerard Piqu\u00e9, The Classic ...\" \/>\n<meta property=\"og:description\" content=\"The injury of Ronald Ara\u00fajo has woken up the alarms of all the FC Barcelona. We review all the actuality of the Barcelona club in our last video of YouTube\" \/>\n<meta property=\"og:url\" content=\"https:\/\/www.fcbarcelonanoticias.com\/en\/fcbn-tv\/novelties-in-the-barca-araujo-bernardo-silva-gerard-hammered-the-classical_284786_102.html\" \/>\n<meta property=\"og:site_name\" content=\"EN - FC Barcelona Noticias\" \/>\n<meta property=\"article:published_time\" content=\"2022-09-26T19:25:00+00:00\" \/>\n<meta name=\"author\" content=\"Paola Guevara\" \/>\n<meta name=\"twitter:card\" content=\"summary_large_image\" \/>\n<meta name=\"twitter:label1\" content=\"Written by\" \/>\n\t<meta name=\"twitter:data1\" content=\"Paola Guevara\" \/>\n\t<meta name=\"twitter:label2\" content=\"Est. reading time\" \/>\n\t<meta name=\"twitter:data2\" content=\"1 minute\" \/>\n<script type=\"application\/ld+json\" class=\"yoast-schema-graph\">{\"@context\":\"https:\\\/\\\/schema.org\",\"@graph\":[{\"@type\":\"Article\",\"@id\":\"https:\\\/\\\/www.fcbarcelonanoticias.com\\\/en\\\/fcbn-tv\\\/novelties-in-the-barca-araujo-bernardo-silva-gerard-hammered-the-classical_284786_102.html#article\",\"isPartOf\":{\"@id\":\"https:\\\/\\\/www.fcbarcelonanoticias.com\\\/en\\\/fcbn-tv\\\/novelties-in-the-barca-araujo-bernardo-silva-gerard-hammered-the-classical_284786_102.html\"},\"author\":{\"name\":\"Paola Guevara\",\"@id\":\"https:\\\/\\\/www.fcbarcelonanoticias.com\\\/en\\\/#\\\/schema\\\/person\\\/3b408513ee236e64c3043ec901f019ee\"},\"headline\":\"News at Bar\u00e7a! Ara\u00fajo, Bernardo Silva, Gerard Piqu\u00e9, The Classic &#8230;\",\"datePublished\":\"2022-09-26T19:25:00+00:00\",\"mainEntityOfPage\":{\"@id\":\"https:\\\/\\\/www.fcbarcelonanoticias.com\\\/en\\\/fcbn-tv\\\/novelties-in-the-barca-araujo-bernardo-silva-gerard-hammered-the-classical_284786_102.html\"},\"wordCount\":202,\"keywords\":[\"El Cl\u00e1sico\"],\"articleSection\":[\"FC Barcelona\"],\"inLanguage\":\"en-US\"},{\"@type\":\"WebPage\",\"@id\":\"https:\\\/\\\/www.fcbarcelonanoticias.com\\\/en\\\/fcbn-tv\\\/novelties-in-the-barca-araujo-bernardo-silva-gerard-hammered-the-classical_284786_102.html\",\"url\":\"https:\\\/\\\/www.fcbarcelonanoticias.com\\\/en\\\/fcbn-tv\\\/novelties-in-the-barca-araujo-bernardo-silva-gerard-hammered-the-classical_284786_102.html\",\"name\":\"News at Bar\u00e7a! Ara\u00fajo, Bernardo Silva, Gerard Piqu\u00e9, The Classic ...\",\"isPartOf\":{\"@id\":\"https:\\\/\\\/www.fcbarcelonanoticias.com\\\/en\\\/#website\"},\"datePublished\":\"2022-09-26T19:25:00+00:00\",\"author\":{\"@id\":\"https:\\\/\\\/www.fcbarcelonanoticias.com\\\/en\\\/#\\\/schema\\\/person\\\/3b408513ee236e64c3043ec901f019ee\"},\"description\":\"The injury of Ronald Ara\u00fajo has woken up the alarms of all the FC Barcelona. We review all the actuality of the Barcelona club in our last video of YouTube\",\"breadcrumb\":{\"@id\":\"https:\\\/\\\/www.fcbarcelonanoticias.com\\\/en\\\/fcbn-tv\\\/novelties-in-the-barca-araujo-bernardo-silva-gerard-hammered-the-classical_284786_102.html#breadcrumb\"},\"inLanguage\":\"en-US\",\"potentialAction\":[{\"@type\":\"ReadAction\",\"target\":[\"https:\\\/\\\/www.fcbarcelonanoticias.com\\\/en\\\/fcbn-tv\\\/novelties-in-the-barca-araujo-bernardo-silva-gerard-hammered-the-classical_284786_102.html\"]}]},{\"@type\":\"BreadcrumbList\",\"@id\":\"https:\\\/\\\/www.fcbarcelonanoticias.com\\\/en\\\/fcbn-tv\\\/novelties-in-the-barca-araujo-bernardo-silva-gerard-hammered-the-classical_284786_102.html#breadcrumb\",\"itemListElement\":[{\"@type\":\"ListItem\",\"position\":1,\"name\":\"Portada\",\"item\":\"https:\\\/\\\/www.fcbarcelonanoticias.com\\\/en\\\/\"},{\"@type\":\"ListItem\",\"position\":2,\"name\":\"News at Bar\u00e7a! Ara\u00fajo, Bernardo Silva, Gerard Piqu\u00e9, The Classic &#8230;\"}]},{\"@type\":\"WebSite\",\"@id\":\"https:\\\/\\\/www.fcbarcelonanoticias.com\\\/en\\\/#website\",\"url\":\"https:\\\/\\\/www.fcbarcelonanoticias.com\\\/en\\\/\",\"name\":\"EN - FC Barcelona Noticias\",\"description\":\"\",\"potentialAction\":[{\"@type\":\"SearchAction\",\"target\":{\"@type\":\"EntryPoint\",\"urlTemplate\":\"https:\\\/\\\/www.fcbarcelonanoticias.com\\\/en\\\/?s={search_term_string}\"},\"query-input\":{\"@type\":\"PropertyValueSpecification\",\"valueRequired\":true,\"valueName\":\"search_term_string\"}}],\"inLanguage\":\"en-US\"},{\"@type\":\"Person\",\"@id\":\"https:\\\/\\\/www.fcbarcelonanoticias.com\\\/en\\\/#\\\/schema\\\/person\\\/3b408513ee236e64c3043ec901f019ee\",\"name\":\"Paola Guevara\",\"image\":{\"@type\":\"ImageObject\",\"inLanguage\":\"en-US\",\"@id\":\"https:\\\/\\\/secure.gravatar.com\\\/avatar\\\/?s=96&d=mm&r=g\",\"url\":\"https:\\\/\\\/secure.gravatar.com\\\/avatar\\\/?s=96&d=mm&r=g\",\"contentUrl\":\"https:\\\/\\\/secure.gravatar.com\\\/avatar\\\/?s=96&d=mm&r=g\",\"caption\":\"Paola Guevara\"},\"url\":\"https:\\\/\\\/www.fcbarcelonanoticias.com\\\/en\\\/fc-barcelona\\\/paola-guevara_9_115.html\"}]}<\/script>\n<!-- \/ Yoast SEO plugin. -->","yoast_head_json":{"title":"News at Bar\u00e7a! Ara\u00fajo, Bernardo Silva, Gerard Piqu\u00e9, The Classic ...","description":"The injury of Ronald Ara\u00fajo has woken up the alarms of all the FC Barcelona. We review all the actuality of the Barcelona club in our last video of YouTube","robots":{"index":"index","follow":"follow","max-snippet":"max-snippet:-1","max-image-preview":"max-image-preview:large","max-video-preview":"max-video-preview:-1"},"canonical":"https:\/\/www.fcbarcelonanoticias.com\/en\/fcbn-tv\/novelties-in-the-barca-araujo-bernardo-silva-gerard-hammered-the-classical_284786_102.html","og_locale":"en_US","og_type":"article","og_title":"News at Bar\u00e7a! Ara\u00fajo, Bernardo Silva, Gerard Piqu\u00e9, The Classic ...","og_description":"The injury of Ronald Ara\u00fajo has woken up the alarms of all the FC Barcelona. We review all the actuality of the Barcelona club in our last video of YouTube","og_url":"https:\/\/www.fcbarcelonanoticias.com\/en\/fcbn-tv\/novelties-in-the-barca-araujo-bernardo-silva-gerard-hammered-the-classical_284786_102.html","og_site_name":"EN - FC Barcelona Noticias","article_published_time":"2022-09-26T19:25:00+00:00","author":"Paola Guevara","twitter_card":"summary_large_image","twitter_misc":{"Written by":"Paola Guevara","Est. reading time":"1 minute"},"schema":{"@context":"https:\/\/schema.org","@graph":[{"@type":"Article","@id":"https:\/\/www.fcbarcelonanoticias.com\/en\/fcbn-tv\/novelties-in-the-barca-araujo-bernardo-silva-gerard-hammered-the-classical_284786_102.html#article","isPartOf":{"@id":"https:\/\/www.fcbarcelonanoticias.com\/en\/fcbn-tv\/novelties-in-the-barca-araujo-bernardo-silva-gerard-hammered-the-classical_284786_102.html"},"author":{"name":"Paola Guevara","@id":"https:\/\/www.fcbarcelonanoticias.com\/en\/#\/schema\/person\/3b408513ee236e64c3043ec901f019ee"},"headline":"News at Bar\u00e7a! Ara\u00fajo, Bernardo Silva, Gerard Piqu\u00e9, The Classic &#8230;","datePublished":"2022-09-26T19:25:00+00:00","mainEntityOfPage":{"@id":"https:\/\/www.fcbarcelonanoticias.com\/en\/fcbn-tv\/novelties-in-the-barca-araujo-bernardo-silva-gerard-hammered-the-classical_284786_102.html"},"wordCount":202,"keywords":["El Cl\u00e1sico"],"articleSection":["FC Barcelona"],"inLanguage":"en-US"},{"@type":"WebPage","@id":"https:\/\/www.fcbarcelonanoticias.com\/en\/fcbn-tv\/novelties-in-the-barca-araujo-bernardo-silva-gerard-hammered-the-classical_284786_102.html","url":"https:\/\/www.fcbarcelonanoticias.com\/en\/fcbn-tv\/novelties-in-the-barca-araujo-bernardo-silva-gerard-hammered-the-classical_284786_102.html","name":"News at Bar\u00e7a! Ara\u00fajo, Bernardo Silva, Gerard Piqu\u00e9, The Classic ...","isPartOf":{"@id":"https:\/\/www.fcbarcelonanoticias.com\/en\/#website"},"datePublished":"2022-09-26T19:25:00+00:00","author":{"@id":"https:\/\/www.fcbarcelonanoticias.com\/en\/#\/schema\/person\/3b408513ee236e64c3043ec901f019ee"},"description":"The injury of Ronald Ara\u00fajo has woken up the alarms of all the FC Barcelona. We review all the actuality of the Barcelona club in our last video of YouTube","breadcrumb":{"@id":"https:\/\/www.fcbarcelonanoticias.com\/en\/fcbn-tv\/novelties-in-the-barca-araujo-bernardo-silva-gerard-hammered-the-classical_284786_102.html#breadcrumb"},"inLanguage":"en-US","potentialAction":[{"@type":"ReadAction","target":["https:\/\/www.fcbarcelonanoticias.com\/en\/fcbn-tv\/novelties-in-the-barca-araujo-bernardo-silva-gerard-hammered-the-classical_284786_102.html"]}]},{"@type":"BreadcrumbList","@id":"https:\/\/www.fcbarcelonanoticias.com\/en\/fcbn-tv\/novelties-in-the-barca-araujo-bernardo-silva-gerard-hammered-the-classical_284786_102.html#breadcrumb","itemListElement":[{"@type":"ListItem","position":1,"name":"Portada","item":"https:\/\/www.fcbarcelonanoticias.com\/en\/"},{"@type":"ListItem","position":2,"name":"News at Bar\u00e7a! Ara\u00fajo, Bernardo Silva, Gerard Piqu\u00e9, The Classic &#8230;"}]},{"@type":"WebSite","@id":"https:\/\/www.fcbarcelonanoticias.com\/en\/#website","url":"https:\/\/www.fcbarcelonanoticias.com\/en\/","name":"EN - FC Barcelona Noticias","description":"","potentialAction":[{"@type":"SearchAction","target":{"@type":"EntryPoint","urlTemplate":"https:\/\/www.fcbarcelonanoticias.com\/en\/?s={search_term_string}"},"query-input":{"@type":"PropertyValueSpecification","valueRequired":true,"valueName":"search_term_string"}}],"inLanguage":"en-US"},{"@type":"Person","@id":"https:\/\/www.fcbarcelonanoticias.com\/en\/#\/schema\/person\/3b408513ee236e64c3043ec901f019ee","name":"Paola Guevara","image":{"@type":"ImageObject","inLanguage":"en-US","@id":"https:\/\/secure.gravatar.com\/avatar\/?s=96&d=mm&r=g","url":"https:\/\/secure.gravatar.com\/avatar\/?s=96&d=mm&r=g","contentUrl":"https:\/\/secure.gravatar.com\/avatar\/?s=96&d=mm&r=g","caption":"Paola Guevara"},"url":"https:\/\/www.fcbarcelonanoticias.com\/en\/fc-barcelona\/paola-guevara_9_115.html"}]}},"_links":{"self":[{"href":"https:\/\/www.fcbarcelonanoticias.com\/en\/wp-json\/wp\/v2\/posts\/38061","targetHints":{"allow":["GET"]}}],"collection":[{"href":"https:\/\/www.fcbarcelonanoticias.com\/en\/wp-json\/wp\/v2\/posts"}],"about":[{"href":"https:\/\/www.fcbarcelonanoticias.com\/en\/wp-json\/wp\/v2\/types\/post"}],"author":[{"embeddable":true,"href":"https:\/\/www.fcbarcelonanoticias.com\/en\/wp-json\/wp\/v2\/users\/352"}],"replies":[{"embeddable":true,"href":"https:\/\/www.fcbarcelonanoticias.com\/en\/wp-json\/wp\/v2\/comments?post=38061"}],"version-history":[{"count":1,"href":"https:\/\/www.fcbarcelonanoticias.com\/en\/wp-json\/wp\/v2\/posts\/38061\/revisions"}],"predecessor-version":[{"id":111416,"href":"https:\/\/www.fcbarcelonanoticias.com\/en\/wp-json\/wp\/v2\/posts\/38061\/revisions\/111416"}],"wp:attachment":[{"href":"https:\/\/www.fcbarcelonanoticias.com\/en\/wp-json\/wp\/v2\/media?parent=38061"}],"wp:term":[{"taxonomy":"category","embeddable":true,"href":"https:\/\/www.fcbarcelonanoticias.com\/en\/wp-json\/wp\/v2\/categories?post=38061"},{"taxonomy":"post_tag","embeddable":true,"href":"https:\/\/www.fcbarcelonanoticias.com\/en\/wp-json\/wp\/v2\/tags?post=38061"}],"curies":[{"name":"wp","href":"https:\/\/api.w.org\/{rel}","templated":true}]}}