{"id":38686,"date":"2023-08-13T10:50:00","date_gmt":"2023-08-13T08:50:00","guid":{"rendered":"https:\/\/weisetech.dev\/fc-barcelona-noticias\/en\/aitana-laia-codina-turn-on-alarms-world-cup-semifinals_295073_102\/"},"modified":"2023-08-13T10:50:00","modified_gmt":"2023-08-13T08:50:00","slug":"aitana-laia-codina-turn-on-alarms-world-cup-semifinals_295073_102","status":"publish","type":"post","link":"https:\/\/www.fcbarcelonanoticias.com\/en\/feminine-football\/aitana-laia-codina-turn-on-alarms-world-cup-semifinals_295073_102.html","title":{"rendered":"Aitana and Laia Codina turn on the alarms for the &#8216;semis&#8217; of the World Cup"},"content":{"rendered":"<h2 class=\"wp-block-heading\">The coach Jorge Vilda continues to recover Aitana Bonmat\u00ed and Laia Codina 48 hours before the &#8216;semis&#8217; of the World Cup against Sweden. The FC Barcelona players came out with discomfort from the quarterfinal match against the Netherlands and will be a doubt until the last minute<\/h2>  \r\n<div class=\"article-addons\">\r\n    <a href=\"https:\/\/www.fcbarcelonanoticias.com\/en\/calendar-fc-barcelona.html\"\r\n       target=\"_self\"\r\n       title=\"Calendar of FC Barcelona\"\r\n       class=\"blue-gredient-btn\">\r\n       \r\n        Calendar of FC Barcelona    <\/a>\r\n<\/div>   <p>Aitana Bonmat\u00ed and Laia Codina follow without training to the pair of the group with Spain to 48 hours for the party of semifinals of the Glass of the World in front of Sweden. <strong>The players of the FC Barcelona saw forced to go out in the complement of the party of quarter-finals in front of Low Countries (2-1)<\/strong> by physical problems that in principle did not seem grave, but already generate uncertainty by the absence of both in the practices.<\/p>  <p>Laia was the first in asking the change in front of the &#8216;orange&#8217;. <strong>The head office suffered a strong hit in the face that left him the cheekbone inflamed<\/strong>, although the defender cul\u00e9 affirmed in mixed zone that did not have to that concern. By his part, <strong>Aitana left on the end of the statutory time by a hit in the right thigh that generated him a hematoma<\/strong>. The mediocentro worked the Sunday in the gymnasium, whereas Codina did not exercise .<\/p>  <h2>Spain expects to recover to his XI of gala in front of Sweden<\/h2>  <p>For the moment, the two players of the Bar\u00e7a are the only doubts of the seleccionador Jorge Vilda to confront to the Swedish. <strong>Spain had to contest 120 minutes to classify, whereas the selected Nordic attained to dismiss to the favourite Japan in 90 minutes after a meritorio 2-1<\/strong>. The Red, instead, had to expect to the lengthen to win to Low Countries thanks to a so much of Salma Paralluelo in the minute 111.<\/p>  <p>The another so much Spanish also was converted by a Barcelona player, being Mariona Caldentey the attendant to open the marker from the point penalti.<strong> Spain only adds a defeat in the tournament (4-0 in front of Japan in the last party of the phase of groups), by which the challenge in front of Sweden is, practically, a final advanced<\/strong>. With luck, Aitana and Laia will be able to train again the Monday to arrive to the party.<\/p> ","protected":false},"excerpt":{"rendered":"<p>The coach Jorge Vilda continues to recover Aitana Bonmat\u00ed and Laia Codina 48 hours before the &#8216;semis&#8217; of the World Cup against Sweden. The FC Barcelona players came out with discomfort from the quarterfinal match against the Netherlands and will be a doubt until the last minute Aitana Bonmat\u00ed and Laia Codina follow without training [&hellip;]<\/p>\n","protected":false},"author":347,"featured_media":38689,"comment_status":"closed","ping_status":"open","sticky":false,"template":"","format":"standard","meta":{"_acf_changed":false,"inline_featured_image":false,"_nextfly_llmd_date_locked":false,"footnotes":""},"categories":[120,458],"tags":[],"class_list":["post-38686","post","type-post","status-publish","format-standard","has-post-thumbnail","hentry","category-womens-football","category-womens-football-2"],"acf":[],"yoast_head":"<!-- This site is optimized with the Yoast SEO plugin v27.3 - https:\/\/yoast.com\/product\/yoast-seo-wordpress\/ -->\n<title>Aitana and Laia Codina turn on the alarms for the &#039;semis&#039; of the World Cup<\/title>\n<meta name=\"description\" content=\"The coach Jorge Vilda continues to recover Aitana Bonmat\u00ed and Laia Codina 48 hours before the &#039;semis&#039; of the World Cup against Sweden. The FC Barcelona players came out with discomfort from the quarterfinal match against the Netherlands and will be a doubt until the last minute\" \/>\n<meta name=\"robots\" content=\"index, follow, max-snippet:-1, max-image-preview:large, max-video-preview:-1\" \/>\n<link rel=\"canonical\" href=\"https:\/\/www.fcbarcelonanoticias.com\/en\/feminine-football\/aitana-laia-codina-turn-on-alarms-world-cup-semifinals_295073_102.html\" \/>\n<meta property=\"og:locale\" content=\"en_US\" \/>\n<meta property=\"og:type\" content=\"article\" \/>\n<meta property=\"og:title\" content=\"Aitana and Laia Codina turn on the alarms for the &#039;semis&#039; of the World Cup\" \/>\n<meta property=\"og:description\" content=\"The coach Jorge Vilda continues to recover Aitana Bonmat\u00ed and Laia Codina 48 hours before the &#039;semis&#039; of the World Cup against Sweden. The FC Barcelona players came out with discomfort from the quarterfinal match against the Netherlands and will be a doubt until the last minute\" \/>\n<meta property=\"og:url\" content=\"https:\/\/www.fcbarcelonanoticias.com\/en\/feminine-football\/aitana-laia-codina-turn-on-alarms-world-cup-semifinals_295073_102.html\" \/>\n<meta property=\"og:site_name\" content=\"EN - FC Barcelona Noticias\" \/>\n<meta property=\"article:published_time\" content=\"2023-08-13T08:50:00+00:00\" \/>\n<meta property=\"og:image\" content=\"https:\/\/www.fcbarcelonanoticias.com\/en\/wp-content\/uploads\/sites\/2\/2023\/08\/aitana-bonmati-partido-1.jpeg\" \/>\n\t<meta property=\"og:image:width\" content=\"1300\" \/>\n\t<meta property=\"og:image:height\" content=\"732\" \/>\n\t<meta property=\"og:image:type\" content=\"image\/jpeg\" \/>\n<meta name=\"author\" content=\"Andr\u00e9s Quiroz\" \/>\n<meta name=\"twitter:card\" content=\"summary_large_image\" \/>\n<meta name=\"twitter:label1\" content=\"Written by\" \/>\n\t<meta name=\"twitter:data1\" content=\"Andr\u00e9s Quiroz\" \/>\n\t<meta name=\"twitter:label2\" content=\"Est. reading time\" \/>\n\t<meta name=\"twitter:data2\" content=\"2 minutes\" \/>\n<script type=\"application\/ld+json\" class=\"yoast-schema-graph\">{\"@context\":\"https:\\\/\\\/schema.org\",\"@graph\":[{\"@type\":\"Article\",\"@id\":\"https:\\\/\\\/www.fcbarcelonanoticias.com\\\/en\\\/feminine-football\\\/aitana-laia-codina-turn-on-alarms-world-cup-semifinals_295073_102.html#article\",\"isPartOf\":{\"@id\":\"https:\\\/\\\/www.fcbarcelonanoticias.com\\\/en\\\/feminine-football\\\/aitana-laia-codina-turn-on-alarms-world-cup-semifinals_295073_102.html\"},\"author\":{\"name\":\"Andr\u00e9s Quiroz\",\"@id\":\"https:\\\/\\\/www.fcbarcelonanoticias.com\\\/en\\\/#\\\/schema\\\/person\\\/c2cd9f6fa1af5c0d0eccd0fefa575c88\"},\"headline\":\"Aitana and Laia Codina turn on the alarms for the &#8216;semis&#8217; of the World Cup\",\"datePublished\":\"2023-08-13T08:50:00+00:00\",\"mainEntityOfPage\":{\"@id\":\"https:\\\/\\\/www.fcbarcelonanoticias.com\\\/en\\\/feminine-football\\\/aitana-laia-codina-turn-on-alarms-world-cup-semifinals_295073_102.html\"},\"wordCount\":386,\"image\":{\"@id\":\"https:\\\/\\\/www.fcbarcelonanoticias.com\\\/en\\\/feminine-football\\\/aitana-laia-codina-turn-on-alarms-world-cup-semifinals_295073_102.html#primaryimage\"},\"thumbnailUrl\":\"https:\\\/\\\/www.fcbarcelonanoticias.com\\\/en\\\/wp-content\\\/uploads\\\/sites\\\/2\\\/2023\\\/08\\\/aitana-bonmati-partido-1.jpeg\",\"articleSection\":[\"Women's Football\",\"Women's Football\"],\"inLanguage\":\"en-US\"},{\"@type\":\"WebPage\",\"@id\":\"https:\\\/\\\/www.fcbarcelonanoticias.com\\\/en\\\/feminine-football\\\/aitana-laia-codina-turn-on-alarms-world-cup-semifinals_295073_102.html\",\"url\":\"https:\\\/\\\/www.fcbarcelonanoticias.com\\\/en\\\/feminine-football\\\/aitana-laia-codina-turn-on-alarms-world-cup-semifinals_295073_102.html\",\"name\":\"Aitana and Laia Codina turn on the alarms for the 'semis' of the World Cup\",\"isPartOf\":{\"@id\":\"https:\\\/\\\/www.fcbarcelonanoticias.com\\\/en\\\/#website\"},\"primaryImageOfPage\":{\"@id\":\"https:\\\/\\\/www.fcbarcelonanoticias.com\\\/en\\\/feminine-football\\\/aitana-laia-codina-turn-on-alarms-world-cup-semifinals_295073_102.html#primaryimage\"},\"image\":{\"@id\":\"https:\\\/\\\/www.fcbarcelonanoticias.com\\\/en\\\/feminine-football\\\/aitana-laia-codina-turn-on-alarms-world-cup-semifinals_295073_102.html#primaryimage\"},\"thumbnailUrl\":\"https:\\\/\\\/www.fcbarcelonanoticias.com\\\/en\\\/wp-content\\\/uploads\\\/sites\\\/2\\\/2023\\\/08\\\/aitana-bonmati-partido-1.jpeg\",\"datePublished\":\"2023-08-13T08:50:00+00:00\",\"author\":{\"@id\":\"https:\\\/\\\/www.fcbarcelonanoticias.com\\\/en\\\/#\\\/schema\\\/person\\\/c2cd9f6fa1af5c0d0eccd0fefa575c88\"},\"description\":\"The coach Jorge Vilda continues to recover Aitana Bonmat\u00ed and Laia Codina 48 hours before the 'semis' of the World Cup against Sweden. The FC Barcelona players came out with discomfort from the quarterfinal match against the Netherlands and will be a doubt until the last minute\",\"breadcrumb\":{\"@id\":\"https:\\\/\\\/www.fcbarcelonanoticias.com\\\/en\\\/feminine-football\\\/aitana-laia-codina-turn-on-alarms-world-cup-semifinals_295073_102.html#breadcrumb\"},\"inLanguage\":\"en-US\",\"potentialAction\":[{\"@type\":\"ReadAction\",\"target\":[\"https:\\\/\\\/www.fcbarcelonanoticias.com\\\/en\\\/feminine-football\\\/aitana-laia-codina-turn-on-alarms-world-cup-semifinals_295073_102.html\"]}]},{\"@type\":\"ImageObject\",\"inLanguage\":\"en-US\",\"@id\":\"https:\\\/\\\/www.fcbarcelonanoticias.com\\\/en\\\/feminine-football\\\/aitana-laia-codina-turn-on-alarms-world-cup-semifinals_295073_102.html#primaryimage\",\"url\":\"https:\\\/\\\/www.fcbarcelonanoticias.com\\\/en\\\/wp-content\\\/uploads\\\/sites\\\/2\\\/2023\\\/08\\\/aitana-bonmati-partido-1.jpeg\",\"contentUrl\":\"https:\\\/\\\/www.fcbarcelonanoticias.com\\\/en\\\/wp-content\\\/uploads\\\/sites\\\/2\\\/2023\\\/08\\\/aitana-bonmati-partido-1.jpeg\",\"width\":1300,\"height\":732},{\"@type\":\"BreadcrumbList\",\"@id\":\"https:\\\/\\\/www.fcbarcelonanoticias.com\\\/en\\\/feminine-football\\\/aitana-laia-codina-turn-on-alarms-world-cup-semifinals_295073_102.html#breadcrumb\",\"itemListElement\":[{\"@type\":\"ListItem\",\"position\":1,\"name\":\"Portada\",\"item\":\"https:\\\/\\\/www.fcbarcelonanoticias.com\\\/en\\\/\"},{\"@type\":\"ListItem\",\"position\":2,\"name\":\"Aitana and Laia Codina turn on the alarms for the &#8216;semis&#8217; of the World Cup\"}]},{\"@type\":\"WebSite\",\"@id\":\"https:\\\/\\\/www.fcbarcelonanoticias.com\\\/en\\\/#website\",\"url\":\"https:\\\/\\\/www.fcbarcelonanoticias.com\\\/en\\\/\",\"name\":\"EN - FC Barcelona Noticias\",\"description\":\"\",\"potentialAction\":[{\"@type\":\"SearchAction\",\"target\":{\"@type\":\"EntryPoint\",\"urlTemplate\":\"https:\\\/\\\/www.fcbarcelonanoticias.com\\\/en\\\/?s={search_term_string}\"},\"query-input\":{\"@type\":\"PropertyValueSpecification\",\"valueRequired\":true,\"valueName\":\"search_term_string\"}}],\"inLanguage\":\"en-US\"},{\"@type\":\"Person\",\"@id\":\"https:\\\/\\\/www.fcbarcelonanoticias.com\\\/en\\\/#\\\/schema\\\/person\\\/c2cd9f6fa1af5c0d0eccd0fefa575c88\",\"name\":\"Andr\u00e9s Quiroz\",\"image\":{\"@type\":\"ImageObject\",\"inLanguage\":\"en-US\",\"@id\":\"https:\\\/\\\/secure.gravatar.com\\\/avatar\\\/?s=96&d=mm&r=g\",\"url\":\"https:\\\/\\\/secure.gravatar.com\\\/avatar\\\/?s=96&d=mm&r=g\",\"contentUrl\":\"https:\\\/\\\/secure.gravatar.com\\\/avatar\\\/?s=96&d=mm&r=g\",\"caption\":\"Andr\u00e9s Quiroz\"},\"description\":\"Licenciado en Periodismo por la Universidad de los Andes. Me encargo de analizar y compartir los contenidos m\u00e1s destacados de la\u00a0actualidad del F\u00fatbol Club Barcelona, Mercado de Fichajes y F\u00fatbol Internacional en FCBN. La informaci\u00f3n es poder, pero tambi\u00e9n conocimiento.\",\"url\":\"https:\\\/\\\/www.fcbarcelonanoticias.com\\\/en\\\/fc-barcelona\\\/andres-quiroz_17_115.html\"}]}<\/script>\n<!-- \/ Yoast SEO plugin. -->","yoast_head_json":{"title":"Aitana and Laia Codina turn on the alarms for the 'semis' of the World Cup","description":"The coach Jorge Vilda continues to recover Aitana Bonmat\u00ed and Laia Codina 48 hours before the 'semis' of the World Cup against Sweden. The FC Barcelona players came out with discomfort from the quarterfinal match against the Netherlands and will be a doubt until the last minute","robots":{"index":"index","follow":"follow","max-snippet":"max-snippet:-1","max-image-preview":"max-image-preview:large","max-video-preview":"max-video-preview:-1"},"canonical":"https:\/\/www.fcbarcelonanoticias.com\/en\/feminine-football\/aitana-laia-codina-turn-on-alarms-world-cup-semifinals_295073_102.html","og_locale":"en_US","og_type":"article","og_title":"Aitana and Laia Codina turn on the alarms for the 'semis' of the World Cup","og_description":"The coach Jorge Vilda continues to recover Aitana Bonmat\u00ed and Laia Codina 48 hours before the 'semis' of the World Cup against Sweden. The FC Barcelona players came out with discomfort from the quarterfinal match against the Netherlands and will be a doubt until the last minute","og_url":"https:\/\/www.fcbarcelonanoticias.com\/en\/feminine-football\/aitana-laia-codina-turn-on-alarms-world-cup-semifinals_295073_102.html","og_site_name":"EN - FC Barcelona Noticias","article_published_time":"2023-08-13T08:50:00+00:00","og_image":[{"width":1300,"height":732,"url":"https:\/\/www.fcbarcelonanoticias.com\/en\/wp-content\/uploads\/sites\/2\/2023\/08\/aitana-bonmati-partido-1.jpeg","type":"image\/jpeg"}],"author":"Andr\u00e9s Quiroz","twitter_card":"summary_large_image","twitter_misc":{"Written by":"Andr\u00e9s Quiroz","Est. reading time":"2 minutes"},"schema":{"@context":"https:\/\/schema.org","@graph":[{"@type":"Article","@id":"https:\/\/www.fcbarcelonanoticias.com\/en\/feminine-football\/aitana-laia-codina-turn-on-alarms-world-cup-semifinals_295073_102.html#article","isPartOf":{"@id":"https:\/\/www.fcbarcelonanoticias.com\/en\/feminine-football\/aitana-laia-codina-turn-on-alarms-world-cup-semifinals_295073_102.html"},"author":{"name":"Andr\u00e9s Quiroz","@id":"https:\/\/www.fcbarcelonanoticias.com\/en\/#\/schema\/person\/c2cd9f6fa1af5c0d0eccd0fefa575c88"},"headline":"Aitana and Laia Codina turn on the alarms for the &#8216;semis&#8217; of the World Cup","datePublished":"2023-08-13T08:50:00+00:00","mainEntityOfPage":{"@id":"https:\/\/www.fcbarcelonanoticias.com\/en\/feminine-football\/aitana-laia-codina-turn-on-alarms-world-cup-semifinals_295073_102.html"},"wordCount":386,"image":{"@id":"https:\/\/www.fcbarcelonanoticias.com\/en\/feminine-football\/aitana-laia-codina-turn-on-alarms-world-cup-semifinals_295073_102.html#primaryimage"},"thumbnailUrl":"https:\/\/www.fcbarcelonanoticias.com\/en\/wp-content\/uploads\/sites\/2\/2023\/08\/aitana-bonmati-partido-1.jpeg","articleSection":["Women's Football","Women's Football"],"inLanguage":"en-US"},{"@type":"WebPage","@id":"https:\/\/www.fcbarcelonanoticias.com\/en\/feminine-football\/aitana-laia-codina-turn-on-alarms-world-cup-semifinals_295073_102.html","url":"https:\/\/www.fcbarcelonanoticias.com\/en\/feminine-football\/aitana-laia-codina-turn-on-alarms-world-cup-semifinals_295073_102.html","name":"Aitana and Laia Codina turn on the alarms for the 'semis' of the World Cup","isPartOf":{"@id":"https:\/\/www.fcbarcelonanoticias.com\/en\/#website"},"primaryImageOfPage":{"@id":"https:\/\/www.fcbarcelonanoticias.com\/en\/feminine-football\/aitana-laia-codina-turn-on-alarms-world-cup-semifinals_295073_102.html#primaryimage"},"image":{"@id":"https:\/\/www.fcbarcelonanoticias.com\/en\/feminine-football\/aitana-laia-codina-turn-on-alarms-world-cup-semifinals_295073_102.html#primaryimage"},"thumbnailUrl":"https:\/\/www.fcbarcelonanoticias.com\/en\/wp-content\/uploads\/sites\/2\/2023\/08\/aitana-bonmati-partido-1.jpeg","datePublished":"2023-08-13T08:50:00+00:00","author":{"@id":"https:\/\/www.fcbarcelonanoticias.com\/en\/#\/schema\/person\/c2cd9f6fa1af5c0d0eccd0fefa575c88"},"description":"The coach Jorge Vilda continues to recover Aitana Bonmat\u00ed and Laia Codina 48 hours before the 'semis' of the World Cup against Sweden. The FC Barcelona players came out with discomfort from the quarterfinal match against the Netherlands and will be a doubt until the last minute","breadcrumb":{"@id":"https:\/\/www.fcbarcelonanoticias.com\/en\/feminine-football\/aitana-laia-codina-turn-on-alarms-world-cup-semifinals_295073_102.html#breadcrumb"},"inLanguage":"en-US","potentialAction":[{"@type":"ReadAction","target":["https:\/\/www.fcbarcelonanoticias.com\/en\/feminine-football\/aitana-laia-codina-turn-on-alarms-world-cup-semifinals_295073_102.html"]}]},{"@type":"ImageObject","inLanguage":"en-US","@id":"https:\/\/www.fcbarcelonanoticias.com\/en\/feminine-football\/aitana-laia-codina-turn-on-alarms-world-cup-semifinals_295073_102.html#primaryimage","url":"https:\/\/www.fcbarcelonanoticias.com\/en\/wp-content\/uploads\/sites\/2\/2023\/08\/aitana-bonmati-partido-1.jpeg","contentUrl":"https:\/\/www.fcbarcelonanoticias.com\/en\/wp-content\/uploads\/sites\/2\/2023\/08\/aitana-bonmati-partido-1.jpeg","width":1300,"height":732},{"@type":"BreadcrumbList","@id":"https:\/\/www.fcbarcelonanoticias.com\/en\/feminine-football\/aitana-laia-codina-turn-on-alarms-world-cup-semifinals_295073_102.html#breadcrumb","itemListElement":[{"@type":"ListItem","position":1,"name":"Portada","item":"https:\/\/www.fcbarcelonanoticias.com\/en\/"},{"@type":"ListItem","position":2,"name":"Aitana and Laia Codina turn on the alarms for the &#8216;semis&#8217; of the World Cup"}]},{"@type":"WebSite","@id":"https:\/\/www.fcbarcelonanoticias.com\/en\/#website","url":"https:\/\/www.fcbarcelonanoticias.com\/en\/","name":"EN - FC Barcelona Noticias","description":"","potentialAction":[{"@type":"SearchAction","target":{"@type":"EntryPoint","urlTemplate":"https:\/\/www.fcbarcelonanoticias.com\/en\/?s={search_term_string}"},"query-input":{"@type":"PropertyValueSpecification","valueRequired":true,"valueName":"search_term_string"}}],"inLanguage":"en-US"},{"@type":"Person","@id":"https:\/\/www.fcbarcelonanoticias.com\/en\/#\/schema\/person\/c2cd9f6fa1af5c0d0eccd0fefa575c88","name":"Andr\u00e9s Quiroz","image":{"@type":"ImageObject","inLanguage":"en-US","@id":"https:\/\/secure.gravatar.com\/avatar\/?s=96&d=mm&r=g","url":"https:\/\/secure.gravatar.com\/avatar\/?s=96&d=mm&r=g","contentUrl":"https:\/\/secure.gravatar.com\/avatar\/?s=96&d=mm&r=g","caption":"Andr\u00e9s Quiroz"},"description":"Licenciado en Periodismo por la Universidad de los Andes. Me encargo de analizar y compartir los contenidos m\u00e1s destacados de la\u00a0actualidad del F\u00fatbol Club Barcelona, Mercado de Fichajes y F\u00fatbol Internacional en FCBN. La informaci\u00f3n es poder, pero tambi\u00e9n conocimiento.","url":"https:\/\/www.fcbarcelonanoticias.com\/en\/fc-barcelona\/andres-quiroz_17_115.html"}]}},"_links":{"self":[{"href":"https:\/\/www.fcbarcelonanoticias.com\/en\/wp-json\/wp\/v2\/posts\/38686","targetHints":{"allow":["GET"]}}],"collection":[{"href":"https:\/\/www.fcbarcelonanoticias.com\/en\/wp-json\/wp\/v2\/posts"}],"about":[{"href":"https:\/\/www.fcbarcelonanoticias.com\/en\/wp-json\/wp\/v2\/types\/post"}],"author":[{"embeddable":true,"href":"https:\/\/www.fcbarcelonanoticias.com\/en\/wp-json\/wp\/v2\/users\/347"}],"replies":[{"embeddable":true,"href":"https:\/\/www.fcbarcelonanoticias.com\/en\/wp-json\/wp\/v2\/comments?post=38686"}],"version-history":[{"count":1,"href":"https:\/\/www.fcbarcelonanoticias.com\/en\/wp-json\/wp\/v2\/posts\/38686\/revisions"}],"predecessor-version":[{"id":112085,"href":"https:\/\/www.fcbarcelonanoticias.com\/en\/wp-json\/wp\/v2\/posts\/38686\/revisions\/112085"}],"wp:featuredmedia":[{"embeddable":true,"href":"https:\/\/www.fcbarcelonanoticias.com\/en\/wp-json\/wp\/v2\/media\/38689"}],"wp:attachment":[{"href":"https:\/\/www.fcbarcelonanoticias.com\/en\/wp-json\/wp\/v2\/media?parent=38686"}],"wp:term":[{"taxonomy":"category","embeddable":true,"href":"https:\/\/www.fcbarcelonanoticias.com\/en\/wp-json\/wp\/v2\/categories?post=38686"},{"taxonomy":"post_tag","embeddable":true,"href":"https:\/\/www.fcbarcelonanoticias.com\/en\/wp-json\/wp\/v2\/tags?post=38686"}],"curies":[{"name":"wp","href":"https:\/\/api.w.org\/{rel}","templated":true}]}}