{"id":38824,"date":"2023-07-04T12:17:00","date_gmt":"2023-07-04T10:17:00","guid":{"rendered":"https:\/\/weisetech.dev\/fc-barcelona-noticias\/en\/official-barca-rescinds-contract-nuria-rabano_293780_102\/"},"modified":"2023-07-04T12:17:00","modified_gmt":"2023-07-04T10:17:00","slug":"official-barca-rescinds-contract-nuria-rabano_293780_102","status":"publish","type":"post","link":"https:\/\/www.fcbarcelonanoticias.com\/en\/feminine-football\/official-barca-rescinds-contract-nuria-rabano_293780_102.html","title":{"rendered":"OFFICIAL: Bar\u00e7a terminates Nuria R\u00e1bano&#8217;s contract"},"content":{"rendered":"<h2 class=\"wp-block-heading\">Bar\u00e7a has spoken through its social networks to announce the termination of Nuria R\u00e1bano&#8217;s contract, since it was not part of Jonatan Gir\u00e1ldez&#8217;s plans for the future<\/h2>  \r\n<div class=\"article-addons\">\r\n    <a href=\"https:\/\/www.fcbarcelonanoticias.com\/en\/calendar-fc-barcelona.html\"\r\n       target=\"_self\"\r\n       title=\"Calendar of FC Barcelona\"\r\n       class=\"blue-gredient-btn\">\r\n       \r\n        Calendar of FC Barcelona    <\/a>\r\n<\/div>   <p>The FC Barcelona to communiqu\u00e9 through his social networks that <strong>Nuria Radish, lateral left of the first team, will remain in freedom of face to the next season.<\/strong> The club has taken the decision to terminate the remaining year in his agreement and<strong> his drop adds to the one of Emma Ram\u00edrez,<\/strong> the one who also will go out after four seasons like Barcelona.<\/p>  <p>The Galician defender of 24 years<strong> landed in the Bar\u00e7a the past campaign after two excellent courses in the Real Sociedad,<\/strong> where stood out by his big contribution in the offensive game and in the speed of repliegue in front of the advanced rival. <strong>Like footballer donostiarra delivered 10 assistances<\/strong> to his mates that cost him a ticket to the Estadi Johan Cruyff.<\/p>  <p><strong>With the elastic of the Barcelona contested a total of 22 commitments<\/strong> and did with the titles of League, Champions and Supercopa of Spain. However, <strong>it could not do with a place inside the eleven<\/strong> and so much the technical body like the sportive direction have decided to put end to his links this Tuesday.<\/p>  <p>The Catalans have appreciated him by his dedication in each one of the commitments that contested and have wished him a lot of luck in his new destination.<\/p>  <blockquote class=\"twitter-tweet\"> <p dir=\"ltr\" lang=\"ca\">Rescissi\u00f3 Of the contracte of Nuria Radish<br><br> The Club agraeix to Radish the seva dedicaci\u00f3 i li desitja molta sort.<\/p> \u2014 FC Barcelona Femen\u00ed (@FCBfemeni) <a href=\"https:\/\/twitter.com\/en\/FCBfemeni\/status\/1676152092447109122?ref_src=twsrc%5Etfw\">July 4, 2023<\/a> <\/blockquote> ","protected":false},"excerpt":{"rendered":"<p>Bar\u00e7a has spoken through its social networks to announce the termination of Nuria R\u00e1bano&#8217;s contract, since it was not part of Jonatan Gir\u00e1ldez&#8217;s plans for the future The FC Barcelona to communiqu\u00e9 through his social networks that Nuria Radish, lateral left of the first team, will remain in freedom of face to the next season. [&hellip;]<\/p>\n","protected":false},"author":0,"featured_media":38825,"comment_status":"closed","ping_status":"open","sticky":false,"template":"","format":"standard","meta":{"_acf_changed":false,"inline_featured_image":false,"_nextfly_llmd_date_locked":false,"footnotes":""},"categories":[120,458],"tags":[],"class_list":["post-38824","post","type-post","status-publish","format-standard","has-post-thumbnail","hentry","category-womens-football","category-womens-football-2"],"acf":[],"yoast_head":"<!-- This site is optimized with the Yoast SEO plugin v27.3 - https:\/\/yoast.com\/product\/yoast-seo-wordpress\/ -->\n<title>OFFICIAL: Bar\u00e7a terminates Nuria R\u00e1bano&#039;s contract<\/title>\n<meta name=\"description\" content=\"Bar\u00e7a has spoken through its social networks to announce the termination of Nuria R\u00e1bano&#039;s contract, since it was not part of Jonatan Gir\u00e1ldez&#039;s plans for the future\" \/>\n<meta name=\"robots\" content=\"index, follow, max-snippet:-1, max-image-preview:large, max-video-preview:-1\" \/>\n<link rel=\"canonical\" href=\"https:\/\/www.fcbarcelonanoticias.com\/en\/feminine-football\/official-barca-rescinds-contract-nuria-rabano_293780_102.html\" \/>\n<meta property=\"og:locale\" content=\"en_US\" \/>\n<meta property=\"og:type\" content=\"article\" \/>\n<meta property=\"og:title\" content=\"OFFICIAL: Bar\u00e7a terminates Nuria R\u00e1bano&#039;s contract\" \/>\n<meta property=\"og:description\" content=\"Bar\u00e7a has spoken through its social networks to announce the termination of Nuria R\u00e1bano&#039;s contract, since it was not part of Jonatan Gir\u00e1ldez&#039;s plans for the future\" \/>\n<meta property=\"og:url\" content=\"https:\/\/www.fcbarcelonanoticias.com\/en\/feminine-football\/official-barca-rescinds-contract-nuria-rabano_293780_102.html\" \/>\n<meta property=\"og:site_name\" content=\"EN - FC Barcelona Noticias\" \/>\n<meta property=\"article:published_time\" content=\"2023-07-04T10:17:00+00:00\" \/>\n<meta property=\"og:image\" content=\"https:\/\/www.fcbarcelonanoticias.com\/en\/wp-content\/uploads\/sites\/2\/2023\/07\/nuria-rabano-con-el-barca.jpeg\" \/>\n\t<meta property=\"og:image:width\" content=\"1300\" \/>\n\t<meta property=\"og:image:height\" content=\"747\" \/>\n\t<meta property=\"og:image:type\" content=\"image\/jpeg\" \/>\n<meta name=\"twitter:card\" content=\"summary_large_image\" \/>\n<meta name=\"twitter:label1\" content=\"Est. reading time\" \/>\n\t<meta name=\"twitter:data1\" content=\"1 minute\" \/>\n<script type=\"application\/ld+json\" class=\"yoast-schema-graph\">{\"@context\":\"https:\\\/\\\/schema.org\",\"@graph\":[{\"@type\":\"Article\",\"@id\":\"https:\\\/\\\/www.fcbarcelonanoticias.com\\\/en\\\/feminine-football\\\/official-barca-rescinds-contract-nuria-rabano_293780_102.html#article\",\"isPartOf\":{\"@id\":\"https:\\\/\\\/www.fcbarcelonanoticias.com\\\/en\\\/feminine-football\\\/official-barca-rescinds-contract-nuria-rabano_293780_102.html\"},\"author\":{\"name\":\"\",\"@id\":\"\"},\"headline\":\"OFFICIAL: Bar\u00e7a terminates Nuria R\u00e1bano&#8217;s contract\",\"datePublished\":\"2023-07-04T10:17:00+00:00\",\"mainEntityOfPage\":{\"@id\":\"https:\\\/\\\/www.fcbarcelonanoticias.com\\\/en\\\/feminine-football\\\/official-barca-rescinds-contract-nuria-rabano_293780_102.html\"},\"wordCount\":275,\"image\":{\"@id\":\"https:\\\/\\\/www.fcbarcelonanoticias.com\\\/en\\\/feminine-football\\\/official-barca-rescinds-contract-nuria-rabano_293780_102.html#primaryimage\"},\"thumbnailUrl\":\"https:\\\/\\\/www.fcbarcelonanoticias.com\\\/en\\\/wp-content\\\/uploads\\\/sites\\\/2\\\/2023\\\/07\\\/nuria-rabano-con-el-barca.jpeg\",\"articleSection\":[\"Women's Football\",\"Women's Football\"],\"inLanguage\":\"en-US\"},{\"@type\":\"WebPage\",\"@id\":\"https:\\\/\\\/www.fcbarcelonanoticias.com\\\/en\\\/feminine-football\\\/official-barca-rescinds-contract-nuria-rabano_293780_102.html\",\"url\":\"https:\\\/\\\/www.fcbarcelonanoticias.com\\\/en\\\/feminine-football\\\/official-barca-rescinds-contract-nuria-rabano_293780_102.html\",\"name\":\"OFFICIAL: Bar\u00e7a terminates Nuria R\u00e1bano's contract\",\"isPartOf\":{\"@id\":\"https:\\\/\\\/www.fcbarcelonanoticias.com\\\/en\\\/#website\"},\"primaryImageOfPage\":{\"@id\":\"https:\\\/\\\/www.fcbarcelonanoticias.com\\\/en\\\/feminine-football\\\/official-barca-rescinds-contract-nuria-rabano_293780_102.html#primaryimage\"},\"image\":{\"@id\":\"https:\\\/\\\/www.fcbarcelonanoticias.com\\\/en\\\/feminine-football\\\/official-barca-rescinds-contract-nuria-rabano_293780_102.html#primaryimage\"},\"thumbnailUrl\":\"https:\\\/\\\/www.fcbarcelonanoticias.com\\\/en\\\/wp-content\\\/uploads\\\/sites\\\/2\\\/2023\\\/07\\\/nuria-rabano-con-el-barca.jpeg\",\"datePublished\":\"2023-07-04T10:17:00+00:00\",\"author\":{\"@id\":\"\"},\"description\":\"Bar\u00e7a has spoken through its social networks to announce the termination of Nuria R\u00e1bano's contract, since it was not part of Jonatan Gir\u00e1ldez's plans for the future\",\"breadcrumb\":{\"@id\":\"https:\\\/\\\/www.fcbarcelonanoticias.com\\\/en\\\/feminine-football\\\/official-barca-rescinds-contract-nuria-rabano_293780_102.html#breadcrumb\"},\"inLanguage\":\"en-US\",\"potentialAction\":[{\"@type\":\"ReadAction\",\"target\":[\"https:\\\/\\\/www.fcbarcelonanoticias.com\\\/en\\\/feminine-football\\\/official-barca-rescinds-contract-nuria-rabano_293780_102.html\"]}]},{\"@type\":\"ImageObject\",\"inLanguage\":\"en-US\",\"@id\":\"https:\\\/\\\/www.fcbarcelonanoticias.com\\\/en\\\/feminine-football\\\/official-barca-rescinds-contract-nuria-rabano_293780_102.html#primaryimage\",\"url\":\"https:\\\/\\\/www.fcbarcelonanoticias.com\\\/en\\\/wp-content\\\/uploads\\\/sites\\\/2\\\/2023\\\/07\\\/nuria-rabano-con-el-barca.jpeg\",\"contentUrl\":\"https:\\\/\\\/www.fcbarcelonanoticias.com\\\/en\\\/wp-content\\\/uploads\\\/sites\\\/2\\\/2023\\\/07\\\/nuria-rabano-con-el-barca.jpeg\",\"width\":1300,\"height\":747},{\"@type\":\"BreadcrumbList\",\"@id\":\"https:\\\/\\\/www.fcbarcelonanoticias.com\\\/en\\\/feminine-football\\\/official-barca-rescinds-contract-nuria-rabano_293780_102.html#breadcrumb\",\"itemListElement\":[{\"@type\":\"ListItem\",\"position\":1,\"name\":\"Portada\",\"item\":\"https:\\\/\\\/www.fcbarcelonanoticias.com\\\/en\\\/\"},{\"@type\":\"ListItem\",\"position\":2,\"name\":\"OFFICIAL: Bar\u00e7a terminates Nuria R\u00e1bano&#8217;s contract\"}]},{\"@type\":\"WebSite\",\"@id\":\"https:\\\/\\\/www.fcbarcelonanoticias.com\\\/en\\\/#website\",\"url\":\"https:\\\/\\\/www.fcbarcelonanoticias.com\\\/en\\\/\",\"name\":\"EN - FC Barcelona Noticias\",\"description\":\"\",\"potentialAction\":[{\"@type\":\"SearchAction\",\"target\":{\"@type\":\"EntryPoint\",\"urlTemplate\":\"https:\\\/\\\/www.fcbarcelonanoticias.com\\\/en\\\/?s={search_term_string}\"},\"query-input\":{\"@type\":\"PropertyValueSpecification\",\"valueRequired\":true,\"valueName\":\"search_term_string\"}}],\"inLanguage\":\"en-US\"}]}<\/script>\n<!-- \/ Yoast SEO plugin. -->","yoast_head_json":{"title":"OFFICIAL: Bar\u00e7a terminates Nuria R\u00e1bano's contract","description":"Bar\u00e7a has spoken through its social networks to announce the termination of Nuria R\u00e1bano's contract, since it was not part of Jonatan Gir\u00e1ldez's plans for the future","robots":{"index":"index","follow":"follow","max-snippet":"max-snippet:-1","max-image-preview":"max-image-preview:large","max-video-preview":"max-video-preview:-1"},"canonical":"https:\/\/www.fcbarcelonanoticias.com\/en\/feminine-football\/official-barca-rescinds-contract-nuria-rabano_293780_102.html","og_locale":"en_US","og_type":"article","og_title":"OFFICIAL: Bar\u00e7a terminates Nuria R\u00e1bano's contract","og_description":"Bar\u00e7a has spoken through its social networks to announce the termination of Nuria R\u00e1bano's contract, since it was not part of Jonatan Gir\u00e1ldez's plans for the future","og_url":"https:\/\/www.fcbarcelonanoticias.com\/en\/feminine-football\/official-barca-rescinds-contract-nuria-rabano_293780_102.html","og_site_name":"EN - FC Barcelona Noticias","article_published_time":"2023-07-04T10:17:00+00:00","og_image":[{"width":1300,"height":747,"url":"https:\/\/www.fcbarcelonanoticias.com\/en\/wp-content\/uploads\/sites\/2\/2023\/07\/nuria-rabano-con-el-barca.jpeg","type":"image\/jpeg"}],"twitter_card":"summary_large_image","twitter_misc":{"Est. reading time":"1 minute"},"schema":{"@context":"https:\/\/schema.org","@graph":[{"@type":"Article","@id":"https:\/\/www.fcbarcelonanoticias.com\/en\/feminine-football\/official-barca-rescinds-contract-nuria-rabano_293780_102.html#article","isPartOf":{"@id":"https:\/\/www.fcbarcelonanoticias.com\/en\/feminine-football\/official-barca-rescinds-contract-nuria-rabano_293780_102.html"},"author":{"name":"","@id":""},"headline":"OFFICIAL: Bar\u00e7a terminates Nuria R\u00e1bano&#8217;s contract","datePublished":"2023-07-04T10:17:00+00:00","mainEntityOfPage":{"@id":"https:\/\/www.fcbarcelonanoticias.com\/en\/feminine-football\/official-barca-rescinds-contract-nuria-rabano_293780_102.html"},"wordCount":275,"image":{"@id":"https:\/\/www.fcbarcelonanoticias.com\/en\/feminine-football\/official-barca-rescinds-contract-nuria-rabano_293780_102.html#primaryimage"},"thumbnailUrl":"https:\/\/www.fcbarcelonanoticias.com\/en\/wp-content\/uploads\/sites\/2\/2023\/07\/nuria-rabano-con-el-barca.jpeg","articleSection":["Women's Football","Women's Football"],"inLanguage":"en-US"},{"@type":"WebPage","@id":"https:\/\/www.fcbarcelonanoticias.com\/en\/feminine-football\/official-barca-rescinds-contract-nuria-rabano_293780_102.html","url":"https:\/\/www.fcbarcelonanoticias.com\/en\/feminine-football\/official-barca-rescinds-contract-nuria-rabano_293780_102.html","name":"OFFICIAL: Bar\u00e7a terminates Nuria R\u00e1bano's contract","isPartOf":{"@id":"https:\/\/www.fcbarcelonanoticias.com\/en\/#website"},"primaryImageOfPage":{"@id":"https:\/\/www.fcbarcelonanoticias.com\/en\/feminine-football\/official-barca-rescinds-contract-nuria-rabano_293780_102.html#primaryimage"},"image":{"@id":"https:\/\/www.fcbarcelonanoticias.com\/en\/feminine-football\/official-barca-rescinds-contract-nuria-rabano_293780_102.html#primaryimage"},"thumbnailUrl":"https:\/\/www.fcbarcelonanoticias.com\/en\/wp-content\/uploads\/sites\/2\/2023\/07\/nuria-rabano-con-el-barca.jpeg","datePublished":"2023-07-04T10:17:00+00:00","author":{"@id":""},"description":"Bar\u00e7a has spoken through its social networks to announce the termination of Nuria R\u00e1bano's contract, since it was not part of Jonatan Gir\u00e1ldez's plans for the future","breadcrumb":{"@id":"https:\/\/www.fcbarcelonanoticias.com\/en\/feminine-football\/official-barca-rescinds-contract-nuria-rabano_293780_102.html#breadcrumb"},"inLanguage":"en-US","potentialAction":[{"@type":"ReadAction","target":["https:\/\/www.fcbarcelonanoticias.com\/en\/feminine-football\/official-barca-rescinds-contract-nuria-rabano_293780_102.html"]}]},{"@type":"ImageObject","inLanguage":"en-US","@id":"https:\/\/www.fcbarcelonanoticias.com\/en\/feminine-football\/official-barca-rescinds-contract-nuria-rabano_293780_102.html#primaryimage","url":"https:\/\/www.fcbarcelonanoticias.com\/en\/wp-content\/uploads\/sites\/2\/2023\/07\/nuria-rabano-con-el-barca.jpeg","contentUrl":"https:\/\/www.fcbarcelonanoticias.com\/en\/wp-content\/uploads\/sites\/2\/2023\/07\/nuria-rabano-con-el-barca.jpeg","width":1300,"height":747},{"@type":"BreadcrumbList","@id":"https:\/\/www.fcbarcelonanoticias.com\/en\/feminine-football\/official-barca-rescinds-contract-nuria-rabano_293780_102.html#breadcrumb","itemListElement":[{"@type":"ListItem","position":1,"name":"Portada","item":"https:\/\/www.fcbarcelonanoticias.com\/en\/"},{"@type":"ListItem","position":2,"name":"OFFICIAL: Bar\u00e7a terminates Nuria R\u00e1bano&#8217;s contract"}]},{"@type":"WebSite","@id":"https:\/\/www.fcbarcelonanoticias.com\/en\/#website","url":"https:\/\/www.fcbarcelonanoticias.com\/en\/","name":"EN - FC Barcelona Noticias","description":"","potentialAction":[{"@type":"SearchAction","target":{"@type":"EntryPoint","urlTemplate":"https:\/\/www.fcbarcelonanoticias.com\/en\/?s={search_term_string}"},"query-input":{"@type":"PropertyValueSpecification","valueRequired":true,"valueName":"search_term_string"}}],"inLanguage":"en-US"}]}},"_links":{"self":[{"href":"https:\/\/www.fcbarcelonanoticias.com\/en\/wp-json\/wp\/v2\/posts\/38824","targetHints":{"allow":["GET"]}}],"collection":[{"href":"https:\/\/www.fcbarcelonanoticias.com\/en\/wp-json\/wp\/v2\/posts"}],"about":[{"href":"https:\/\/www.fcbarcelonanoticias.com\/en\/wp-json\/wp\/v2\/types\/post"}],"replies":[{"embeddable":true,"href":"https:\/\/www.fcbarcelonanoticias.com\/en\/wp-json\/wp\/v2\/comments?post=38824"}],"version-history":[{"count":1,"href":"https:\/\/www.fcbarcelonanoticias.com\/en\/wp-json\/wp\/v2\/posts\/38824\/revisions"}],"predecessor-version":[{"id":112301,"href":"https:\/\/www.fcbarcelonanoticias.com\/en\/wp-json\/wp\/v2\/posts\/38824\/revisions\/112301"}],"wp:featuredmedia":[{"embeddable":true,"href":"https:\/\/www.fcbarcelonanoticias.com\/en\/wp-json\/wp\/v2\/media\/38825"}],"wp:attachment":[{"href":"https:\/\/www.fcbarcelonanoticias.com\/en\/wp-json\/wp\/v2\/media?parent=38824"}],"wp:term":[{"taxonomy":"category","embeddable":true,"href":"https:\/\/www.fcbarcelonanoticias.com\/en\/wp-json\/wp\/v2\/categories?post=38824"},{"taxonomy":"post_tag","embeddable":true,"href":"https:\/\/www.fcbarcelonanoticias.com\/en\/wp-json\/wp\/v2\/tags?post=38824"}],"curies":[{"name":"wp","href":"https:\/\/api.w.org\/{rel}","templated":true}]}}