{"id":38855,"date":"2023-03-08T00:55:00","date_gmt":"2023-03-07T23:55:00","guid":{"rendered":"https:\/\/weisetech.dev\/fc-barcelona-noticias\/en\/mariona-caldentey-values-barcelona-and-womens-football_290315_102\/"},"modified":"2023-03-08T00:55:00","modified_gmt":"2023-03-07T23:55:00","slug":"mariona-caldentey-values-barcelona-and-womens-football_290315_102","status":"publish","type":"post","link":"https:\/\/www.fcbarcelonanoticias.com\/en\/feminine-football\/mariona-caldentey-values-barcelona-and-womens-football_290315_102.html","title":{"rendered":"Mariona Caldentey values \u200b\u200bBar\u00e7a and women&#8217;s football"},"content":{"rendered":"<h2 class=\"wp-block-heading\">Mariona Caldentey participated in the round table &#8216;The power of women&#8217;s sports&#8217;, an event organized by Juno House where she valued the growth of Spanish women&#8217;s football and the importance of FC Barcelona for the resurgence of the sport in the country<\/h2>  \r\n<div class=\"article-addons\">\r\n    <a href=\"https:\/\/www.fcbarcelonanoticias.com\/en\/calendar-fc-barcelona.html\"\r\n       target=\"_self\"\r\n       title=\"Calendar of FC Barcelona\"\r\n       class=\"blue-gredient-btn\">\r\n       \r\n        Calendar of FC Barcelona    <\/a>\r\n<\/div>   <p>In the frame of celebration of the International Day of the Woman that commemorates this 8 March, Juno House took advantage of to gather in a round table to personalities of the feminine sport Spanish. <strong>One of them was Mariona Caldentey, player of the FC Barcelona, the one who fixed posture on the growth of the <a data-external=\"0\" data-intl-links-en=\"https:\/\/www.fcbarcelonanoticias.com\/en\/fc-barcelona\/queens-cup-continue-despite-claim-barca-femeni_290288_102.html\" data-intl-links-es=\"https:\/\/www.fcbarcelonanoticias.com\/fc-barcelona\/copa-reina-continuara-pese-reclamacion-barca-femeni_290288_102.html\" href=\"https:\/\/www.fcbarcelonanoticias.com\/en\/fc-barcelona\/queens-cup-continue-despite-claim-barca-femeni_290288_102.html\" rel=\"follow\" target=\"_self\" title=\"La Copa de la Reina continuar\u00e1 pese a la reclamaci\u00f3n del Bar\u00e7a Femen\u00ed\">feminine football in the country<\/a><\/strong> and the importance to be part of the Boat, club that has been fundamental for the resurgir of the Spanish football of women.<\/p>  <p><strong>&#8220;What sold that the feminine sport did not interest simply was not truth. Simply it is that the people could not us see neither could come to see us&#8221;<\/strong>, explained the leading cul\u00e9, drop in this moment in the team that directs Jonatan Girald\u00e9z by an injury in the biceps femoral of the left thigh suffered the last weekend of February. In November, the player of 26 years had suffered the same injury in the right leg.<\/p>  <h2>The Boat, pioneer in the support to the feminine football<\/h2>  <p>Mariona arrived to the FC Barcelona in the summer of 214 pertinent of the Or. D. Collerense, with which has lived all the golden age of the group blaugrana. In this sense, the forward recognised the importance of the Bar\u00e7a for the development of the feminine football. &#8220;The team has created an immense connection with the fans, giving us energy to play and contest. <strong>What happened the year happened <a data-external=\"0\" data-intl-links-en=\"https:\/\/www.fcbarcelonanoticias.com\/en\/fc-barcelona\/earthquake-barca-negreira-case-corruption_290297_102.html\" data-intl-links-es=\"https:\/\/www.fcbarcelonanoticias.com\/fc-barcelona\/terremoto-en-barca-fiscalia-denunciara-club-por-corrupcion-en-caso-negreira_290297_102.html\" href=\"https:\/\/www.fcbarcelonanoticias.com\/en\/fc-barcelona\/earthquake-barca-negreira-case-corruption_290297_102.html\" rel=\"follow\" target=\"_self\" title=\"Terremoto en el Bar\u00e7a: La Fiscal\u00eda denunciar\u00e1 al club por corrupci\u00f3n en el 'Caso Negreira'\">with the Bar\u00e7a and the Spanish football<\/a> is very big<\/strong> <strong>and expect to follow going up and go to in front and follow giving show and that the people enjoy with us&#8221;<\/strong>, said the Majorcan.<\/p>  <p>&#8220;I began to play from small, but did not have the idea to be footballer because in this moment any woman of my surroundings was it, but gave me the opportunity. <strong>It is important to give the visibility that deserves to the feminine sport so that the small generations can have referents<\/strong>. When we see to the girls enjoying with us fills us of energy&#8221;, added Mariona.<\/p>  <h2>The value medi\u00e1tico for the feminine sport<\/h2>  <blockquote class=\"twitter-tweet\"> <p dir=\"ltr\" lang=\"es\">\ud83d\udde3\ufe0f <a href=\"https:\/\/twitter.com\/en\/gemmamengualciv?ref_src=twsrc%5Etfw\">@gemmamengualciv<\/a>, <a href=\"https:\/\/twitter.com\/en\/mariona8co?ref_src=twsrc%5Etfw\">@mariona8co<\/a>, <a href=\"https:\/\/twitter.com\/en\/Karlota_PR?ref_src=twsrc%5Etfw\">@Karlota_PR<\/a> and Liv Arndt have participated this afternoon in the round table &#8220;The Power of the Feminine Sport&#8221; in Juno House in Barcelona, with the journalist of Sportive World <a href=\"https:\/\/twitter.com\/en\/bvillarrubia?ref_src=twsrc%5Etfw\">@bvillarrubia<\/a> like moderadora of the event<a href=\"https:\/\/t.co\/en\/MR0YCHyWfB\">https:\/\/t.co\/mr0ychywfb<\/a><\/p> \u2014 Sportive world (@mundodeportivo) <a href=\"https:\/\/twitter.com\/en\/mundodeportivo\/status\/1633197364331806720?ref_src=twsrc%5Etfw\">March 7, 2023<\/a> <\/blockquote> <p>Mariona Caldentey shared beside Gemma Mengual, Carlota Flat and Liv Arndt in the event organised by Juno House. Finally, the participants concluded that <strong>&#8220;the woman has still a long way that visit in matter of equality to equate to the masculine sport, by which have to <\/strong><strong>be medi\u00e1ticas so that the marks bet by the women&#8221;<\/strong>. The true is that the feminine football follows winning popularity and, the most important, visibility and backrest to continue growing.<\/p> ","protected":false},"excerpt":{"rendered":"<p>Mariona Caldentey participated in the round table &#8216;The power of women&#8217;s sports&#8217;, an event organized by Juno House where she valued the growth of Spanish women&#8217;s football and the importance of FC Barcelona for the resurgence of the sport in the country In the frame of celebration of the International Day of the Woman that [&hellip;]<\/p>\n","protected":false},"author":347,"featured_media":38856,"comment_status":"closed","ping_status":"open","sticky":false,"template":"","format":"standard","meta":{"_acf_changed":false,"inline_featured_image":false,"_nextfly_llmd_date_locked":false,"footnotes":""},"categories":[120,458],"tags":[],"class_list":["post-38855","post","type-post","status-publish","format-standard","has-post-thumbnail","hentry","category-womens-football","category-womens-football-2"],"acf":[],"yoast_head":"<!-- This site is optimized with the Yoast SEO plugin v27.3 - https:\/\/yoast.com\/product\/yoast-seo-wordpress\/ -->\n<title>Mariona Caldentey values \u200b\u200bBar\u00e7a and women&#039;s football<\/title>\n<meta name=\"description\" content=\"Mariona Caldentey participated in the round table &#039;The power of women&#039;s sports&#039;, an event organized by Juno House where she valued the growth of Spanish women&#039;s football and the importance of FC Barcelona for the resurgence of the sport in the country\" \/>\n<meta name=\"robots\" content=\"index, follow, max-snippet:-1, max-image-preview:large, max-video-preview:-1\" \/>\n<link rel=\"canonical\" href=\"https:\/\/www.fcbarcelonanoticias.com\/en\/feminine-football\/mariona-caldentey-values-barcelona-and-womens-football_290315_102.html\" \/>\n<meta property=\"og:locale\" content=\"en_US\" \/>\n<meta property=\"og:type\" content=\"article\" \/>\n<meta property=\"og:title\" content=\"Mariona Caldentey values \u200b\u200bBar\u00e7a and women&#039;s football\" \/>\n<meta property=\"og:description\" content=\"Mariona Caldentey participated in the round table &#039;The power of women&#039;s sports&#039;, an event organized by Juno House where she valued the growth of Spanish women&#039;s football and the importance of FC Barcelona for the resurgence of the sport in the country\" \/>\n<meta property=\"og:url\" content=\"https:\/\/www.fcbarcelonanoticias.com\/en\/feminine-football\/mariona-caldentey-values-barcelona-and-womens-football_290315_102.html\" \/>\n<meta property=\"og:site_name\" content=\"EN - FC Barcelona Noticias\" \/>\n<meta property=\"article:published_time\" content=\"2023-03-07T23:55:00+00:00\" \/>\n<meta property=\"og:image\" content=\"https:\/\/www.fcbarcelonanoticias.com\/en\/wp-content\/uploads\/sites\/2\/2023\/03\/mariona-caldentey-fc-barcelona.jpeg\" \/>\n\t<meta property=\"og:image:width\" content=\"1300\" \/>\n\t<meta property=\"og:image:height\" content=\"732\" \/>\n\t<meta property=\"og:image:type\" content=\"image\/jpeg\" \/>\n<meta name=\"author\" content=\"Andr\u00e9s Quiroz\" \/>\n<meta name=\"twitter:card\" content=\"summary_large_image\" \/>\n<meta name=\"twitter:label1\" content=\"Written by\" \/>\n\t<meta name=\"twitter:data1\" content=\"Andr\u00e9s Quiroz\" \/>\n\t<meta name=\"twitter:label2\" content=\"Est. reading time\" \/>\n\t<meta name=\"twitter:data2\" content=\"3 minutes\" \/>\n<script type=\"application\/ld+json\" class=\"yoast-schema-graph\">{\"@context\":\"https:\\\/\\\/schema.org\",\"@graph\":[{\"@type\":\"Article\",\"@id\":\"https:\\\/\\\/www.fcbarcelonanoticias.com\\\/en\\\/feminine-football\\\/mariona-caldentey-values-barcelona-and-womens-football_290315_102.html#article\",\"isPartOf\":{\"@id\":\"https:\\\/\\\/www.fcbarcelonanoticias.com\\\/en\\\/feminine-football\\\/mariona-caldentey-values-barcelona-and-womens-football_290315_102.html\"},\"author\":{\"name\":\"Andr\u00e9s Quiroz\",\"@id\":\"https:\\\/\\\/www.fcbarcelonanoticias.com\\\/en\\\/#\\\/schema\\\/person\\\/c2cd9f6fa1af5c0d0eccd0fefa575c88\"},\"headline\":\"Mariona Caldentey values \u200b\u200bBar\u00e7a and women&#8217;s football\",\"datePublished\":\"2023-03-07T23:55:00+00:00\",\"mainEntityOfPage\":{\"@id\":\"https:\\\/\\\/www.fcbarcelonanoticias.com\\\/en\\\/feminine-football\\\/mariona-caldentey-values-barcelona-and-womens-football_290315_102.html\"},\"wordCount\":527,\"image\":{\"@id\":\"https:\\\/\\\/www.fcbarcelonanoticias.com\\\/en\\\/feminine-football\\\/mariona-caldentey-values-barcelona-and-womens-football_290315_102.html#primaryimage\"},\"thumbnailUrl\":\"https:\\\/\\\/www.fcbarcelonanoticias.com\\\/en\\\/wp-content\\\/uploads\\\/sites\\\/2\\\/2023\\\/03\\\/mariona-caldentey-fc-barcelona.jpeg\",\"articleSection\":[\"Women's Football\",\"Women's Football\"],\"inLanguage\":\"en-US\"},{\"@type\":\"WebPage\",\"@id\":\"https:\\\/\\\/www.fcbarcelonanoticias.com\\\/en\\\/feminine-football\\\/mariona-caldentey-values-barcelona-and-womens-football_290315_102.html\",\"url\":\"https:\\\/\\\/www.fcbarcelonanoticias.com\\\/en\\\/feminine-football\\\/mariona-caldentey-values-barcelona-and-womens-football_290315_102.html\",\"name\":\"Mariona Caldentey values \u200b\u200bBar\u00e7a and women's football\",\"isPartOf\":{\"@id\":\"https:\\\/\\\/www.fcbarcelonanoticias.com\\\/en\\\/#website\"},\"primaryImageOfPage\":{\"@id\":\"https:\\\/\\\/www.fcbarcelonanoticias.com\\\/en\\\/feminine-football\\\/mariona-caldentey-values-barcelona-and-womens-football_290315_102.html#primaryimage\"},\"image\":{\"@id\":\"https:\\\/\\\/www.fcbarcelonanoticias.com\\\/en\\\/feminine-football\\\/mariona-caldentey-values-barcelona-and-womens-football_290315_102.html#primaryimage\"},\"thumbnailUrl\":\"https:\\\/\\\/www.fcbarcelonanoticias.com\\\/en\\\/wp-content\\\/uploads\\\/sites\\\/2\\\/2023\\\/03\\\/mariona-caldentey-fc-barcelona.jpeg\",\"datePublished\":\"2023-03-07T23:55:00+00:00\",\"author\":{\"@id\":\"https:\\\/\\\/www.fcbarcelonanoticias.com\\\/en\\\/#\\\/schema\\\/person\\\/c2cd9f6fa1af5c0d0eccd0fefa575c88\"},\"description\":\"Mariona Caldentey participated in the round table 'The power of women's sports', an event organized by Juno House where she valued the growth of Spanish women's football and the importance of FC Barcelona for the resurgence of the sport in the country\",\"breadcrumb\":{\"@id\":\"https:\\\/\\\/www.fcbarcelonanoticias.com\\\/en\\\/feminine-football\\\/mariona-caldentey-values-barcelona-and-womens-football_290315_102.html#breadcrumb\"},\"inLanguage\":\"en-US\",\"potentialAction\":[{\"@type\":\"ReadAction\",\"target\":[\"https:\\\/\\\/www.fcbarcelonanoticias.com\\\/en\\\/feminine-football\\\/mariona-caldentey-values-barcelona-and-womens-football_290315_102.html\"]}]},{\"@type\":\"ImageObject\",\"inLanguage\":\"en-US\",\"@id\":\"https:\\\/\\\/www.fcbarcelonanoticias.com\\\/en\\\/feminine-football\\\/mariona-caldentey-values-barcelona-and-womens-football_290315_102.html#primaryimage\",\"url\":\"https:\\\/\\\/www.fcbarcelonanoticias.com\\\/en\\\/wp-content\\\/uploads\\\/sites\\\/2\\\/2023\\\/03\\\/mariona-caldentey-fc-barcelona.jpeg\",\"contentUrl\":\"https:\\\/\\\/www.fcbarcelonanoticias.com\\\/en\\\/wp-content\\\/uploads\\\/sites\\\/2\\\/2023\\\/03\\\/mariona-caldentey-fc-barcelona.jpeg\",\"width\":1300,\"height\":732},{\"@type\":\"BreadcrumbList\",\"@id\":\"https:\\\/\\\/www.fcbarcelonanoticias.com\\\/en\\\/feminine-football\\\/mariona-caldentey-values-barcelona-and-womens-football_290315_102.html#breadcrumb\",\"itemListElement\":[{\"@type\":\"ListItem\",\"position\":1,\"name\":\"Portada\",\"item\":\"https:\\\/\\\/www.fcbarcelonanoticias.com\\\/en\\\/\"},{\"@type\":\"ListItem\",\"position\":2,\"name\":\"Mariona Caldentey values \u200b\u200bBar\u00e7a and women&#8217;s football\"}]},{\"@type\":\"WebSite\",\"@id\":\"https:\\\/\\\/www.fcbarcelonanoticias.com\\\/en\\\/#website\",\"url\":\"https:\\\/\\\/www.fcbarcelonanoticias.com\\\/en\\\/\",\"name\":\"EN - FC Barcelona Noticias\",\"description\":\"\",\"potentialAction\":[{\"@type\":\"SearchAction\",\"target\":{\"@type\":\"EntryPoint\",\"urlTemplate\":\"https:\\\/\\\/www.fcbarcelonanoticias.com\\\/en\\\/?s={search_term_string}\"},\"query-input\":{\"@type\":\"PropertyValueSpecification\",\"valueRequired\":true,\"valueName\":\"search_term_string\"}}],\"inLanguage\":\"en-US\"},{\"@type\":\"Person\",\"@id\":\"https:\\\/\\\/www.fcbarcelonanoticias.com\\\/en\\\/#\\\/schema\\\/person\\\/c2cd9f6fa1af5c0d0eccd0fefa575c88\",\"name\":\"Andr\u00e9s Quiroz\",\"image\":{\"@type\":\"ImageObject\",\"inLanguage\":\"en-US\",\"@id\":\"https:\\\/\\\/secure.gravatar.com\\\/avatar\\\/?s=96&d=mm&r=g\",\"url\":\"https:\\\/\\\/secure.gravatar.com\\\/avatar\\\/?s=96&d=mm&r=g\",\"contentUrl\":\"https:\\\/\\\/secure.gravatar.com\\\/avatar\\\/?s=96&d=mm&r=g\",\"caption\":\"Andr\u00e9s Quiroz\"},\"description\":\"Licenciado en Periodismo por la Universidad de los Andes. Me encargo de analizar y compartir los contenidos m\u00e1s destacados de la\u00a0actualidad del F\u00fatbol Club Barcelona, Mercado de Fichajes y F\u00fatbol Internacional en FCBN. La informaci\u00f3n es poder, pero tambi\u00e9n conocimiento.\",\"url\":\"https:\\\/\\\/www.fcbarcelonanoticias.com\\\/en\\\/fc-barcelona\\\/andres-quiroz_17_115.html\"}]}<\/script>\n<!-- \/ Yoast SEO plugin. -->","yoast_head_json":{"title":"Mariona Caldentey values \u200b\u200bBar\u00e7a and women's football","description":"Mariona Caldentey participated in the round table 'The power of women's sports', an event organized by Juno House where she valued the growth of Spanish women's football and the importance of FC Barcelona for the resurgence of the sport in the country","robots":{"index":"index","follow":"follow","max-snippet":"max-snippet:-1","max-image-preview":"max-image-preview:large","max-video-preview":"max-video-preview:-1"},"canonical":"https:\/\/www.fcbarcelonanoticias.com\/en\/feminine-football\/mariona-caldentey-values-barcelona-and-womens-football_290315_102.html","og_locale":"en_US","og_type":"article","og_title":"Mariona Caldentey values \u200b\u200bBar\u00e7a and women's football","og_description":"Mariona Caldentey participated in the round table 'The power of women's sports', an event organized by Juno House where she valued the growth of Spanish women's football and the importance of FC Barcelona for the resurgence of the sport in the country","og_url":"https:\/\/www.fcbarcelonanoticias.com\/en\/feminine-football\/mariona-caldentey-values-barcelona-and-womens-football_290315_102.html","og_site_name":"EN - FC Barcelona Noticias","article_published_time":"2023-03-07T23:55:00+00:00","og_image":[{"width":1300,"height":732,"url":"https:\/\/www.fcbarcelonanoticias.com\/en\/wp-content\/uploads\/sites\/2\/2023\/03\/mariona-caldentey-fc-barcelona.jpeg","type":"image\/jpeg"}],"author":"Andr\u00e9s Quiroz","twitter_card":"summary_large_image","twitter_misc":{"Written by":"Andr\u00e9s Quiroz","Est. reading time":"3 minutes"},"schema":{"@context":"https:\/\/schema.org","@graph":[{"@type":"Article","@id":"https:\/\/www.fcbarcelonanoticias.com\/en\/feminine-football\/mariona-caldentey-values-barcelona-and-womens-football_290315_102.html#article","isPartOf":{"@id":"https:\/\/www.fcbarcelonanoticias.com\/en\/feminine-football\/mariona-caldentey-values-barcelona-and-womens-football_290315_102.html"},"author":{"name":"Andr\u00e9s Quiroz","@id":"https:\/\/www.fcbarcelonanoticias.com\/en\/#\/schema\/person\/c2cd9f6fa1af5c0d0eccd0fefa575c88"},"headline":"Mariona Caldentey values \u200b\u200bBar\u00e7a and women&#8217;s football","datePublished":"2023-03-07T23:55:00+00:00","mainEntityOfPage":{"@id":"https:\/\/www.fcbarcelonanoticias.com\/en\/feminine-football\/mariona-caldentey-values-barcelona-and-womens-football_290315_102.html"},"wordCount":527,"image":{"@id":"https:\/\/www.fcbarcelonanoticias.com\/en\/feminine-football\/mariona-caldentey-values-barcelona-and-womens-football_290315_102.html#primaryimage"},"thumbnailUrl":"https:\/\/www.fcbarcelonanoticias.com\/en\/wp-content\/uploads\/sites\/2\/2023\/03\/mariona-caldentey-fc-barcelona.jpeg","articleSection":["Women's Football","Women's Football"],"inLanguage":"en-US"},{"@type":"WebPage","@id":"https:\/\/www.fcbarcelonanoticias.com\/en\/feminine-football\/mariona-caldentey-values-barcelona-and-womens-football_290315_102.html","url":"https:\/\/www.fcbarcelonanoticias.com\/en\/feminine-football\/mariona-caldentey-values-barcelona-and-womens-football_290315_102.html","name":"Mariona Caldentey values \u200b\u200bBar\u00e7a and women's football","isPartOf":{"@id":"https:\/\/www.fcbarcelonanoticias.com\/en\/#website"},"primaryImageOfPage":{"@id":"https:\/\/www.fcbarcelonanoticias.com\/en\/feminine-football\/mariona-caldentey-values-barcelona-and-womens-football_290315_102.html#primaryimage"},"image":{"@id":"https:\/\/www.fcbarcelonanoticias.com\/en\/feminine-football\/mariona-caldentey-values-barcelona-and-womens-football_290315_102.html#primaryimage"},"thumbnailUrl":"https:\/\/www.fcbarcelonanoticias.com\/en\/wp-content\/uploads\/sites\/2\/2023\/03\/mariona-caldentey-fc-barcelona.jpeg","datePublished":"2023-03-07T23:55:00+00:00","author":{"@id":"https:\/\/www.fcbarcelonanoticias.com\/en\/#\/schema\/person\/c2cd9f6fa1af5c0d0eccd0fefa575c88"},"description":"Mariona Caldentey participated in the round table 'The power of women's sports', an event organized by Juno House where she valued the growth of Spanish women's football and the importance of FC Barcelona for the resurgence of the sport in the country","breadcrumb":{"@id":"https:\/\/www.fcbarcelonanoticias.com\/en\/feminine-football\/mariona-caldentey-values-barcelona-and-womens-football_290315_102.html#breadcrumb"},"inLanguage":"en-US","potentialAction":[{"@type":"ReadAction","target":["https:\/\/www.fcbarcelonanoticias.com\/en\/feminine-football\/mariona-caldentey-values-barcelona-and-womens-football_290315_102.html"]}]},{"@type":"ImageObject","inLanguage":"en-US","@id":"https:\/\/www.fcbarcelonanoticias.com\/en\/feminine-football\/mariona-caldentey-values-barcelona-and-womens-football_290315_102.html#primaryimage","url":"https:\/\/www.fcbarcelonanoticias.com\/en\/wp-content\/uploads\/sites\/2\/2023\/03\/mariona-caldentey-fc-barcelona.jpeg","contentUrl":"https:\/\/www.fcbarcelonanoticias.com\/en\/wp-content\/uploads\/sites\/2\/2023\/03\/mariona-caldentey-fc-barcelona.jpeg","width":1300,"height":732},{"@type":"BreadcrumbList","@id":"https:\/\/www.fcbarcelonanoticias.com\/en\/feminine-football\/mariona-caldentey-values-barcelona-and-womens-football_290315_102.html#breadcrumb","itemListElement":[{"@type":"ListItem","position":1,"name":"Portada","item":"https:\/\/www.fcbarcelonanoticias.com\/en\/"},{"@type":"ListItem","position":2,"name":"Mariona Caldentey values \u200b\u200bBar\u00e7a and women&#8217;s football"}]},{"@type":"WebSite","@id":"https:\/\/www.fcbarcelonanoticias.com\/en\/#website","url":"https:\/\/www.fcbarcelonanoticias.com\/en\/","name":"EN - FC Barcelona Noticias","description":"","potentialAction":[{"@type":"SearchAction","target":{"@type":"EntryPoint","urlTemplate":"https:\/\/www.fcbarcelonanoticias.com\/en\/?s={search_term_string}"},"query-input":{"@type":"PropertyValueSpecification","valueRequired":true,"valueName":"search_term_string"}}],"inLanguage":"en-US"},{"@type":"Person","@id":"https:\/\/www.fcbarcelonanoticias.com\/en\/#\/schema\/person\/c2cd9f6fa1af5c0d0eccd0fefa575c88","name":"Andr\u00e9s Quiroz","image":{"@type":"ImageObject","inLanguage":"en-US","@id":"https:\/\/secure.gravatar.com\/avatar\/?s=96&d=mm&r=g","url":"https:\/\/secure.gravatar.com\/avatar\/?s=96&d=mm&r=g","contentUrl":"https:\/\/secure.gravatar.com\/avatar\/?s=96&d=mm&r=g","caption":"Andr\u00e9s Quiroz"},"description":"Licenciado en Periodismo por la Universidad de los Andes. Me encargo de analizar y compartir los contenidos m\u00e1s destacados de la\u00a0actualidad del F\u00fatbol Club Barcelona, Mercado de Fichajes y F\u00fatbol Internacional en FCBN. La informaci\u00f3n es poder, pero tambi\u00e9n conocimiento.","url":"https:\/\/www.fcbarcelonanoticias.com\/en\/fc-barcelona\/andres-quiroz_17_115.html"}]}},"_links":{"self":[{"href":"https:\/\/www.fcbarcelonanoticias.com\/en\/wp-json\/wp\/v2\/posts\/38855","targetHints":{"allow":["GET"]}}],"collection":[{"href":"https:\/\/www.fcbarcelonanoticias.com\/en\/wp-json\/wp\/v2\/posts"}],"about":[{"href":"https:\/\/www.fcbarcelonanoticias.com\/en\/wp-json\/wp\/v2\/types\/post"}],"author":[{"embeddable":true,"href":"https:\/\/www.fcbarcelonanoticias.com\/en\/wp-json\/wp\/v2\/users\/347"}],"replies":[{"embeddable":true,"href":"https:\/\/www.fcbarcelonanoticias.com\/en\/wp-json\/wp\/v2\/comments?post=38855"}],"version-history":[{"count":1,"href":"https:\/\/www.fcbarcelonanoticias.com\/en\/wp-json\/wp\/v2\/posts\/38855\/revisions"}],"predecessor-version":[{"id":112328,"href":"https:\/\/www.fcbarcelonanoticias.com\/en\/wp-json\/wp\/v2\/posts\/38855\/revisions\/112328"}],"wp:featuredmedia":[{"embeddable":true,"href":"https:\/\/www.fcbarcelonanoticias.com\/en\/wp-json\/wp\/v2\/media\/38856"}],"wp:attachment":[{"href":"https:\/\/www.fcbarcelonanoticias.com\/en\/wp-json\/wp\/v2\/media?parent=38855"}],"wp:term":[{"taxonomy":"category","embeddable":true,"href":"https:\/\/www.fcbarcelonanoticias.com\/en\/wp-json\/wp\/v2\/categories?post=38855"},{"taxonomy":"post_tag","embeddable":true,"href":"https:\/\/www.fcbarcelonanoticias.com\/en\/wp-json\/wp\/v2\/tags?post=38855"}],"curies":[{"name":"wp","href":"https:\/\/api.w.org\/{rel}","templated":true}]}}