{"id":38885,"date":"2023-02-14T00:06:00","date_gmt":"2023-02-13T23:06:00","guid":{"rendered":"https:\/\/weisetech.dev\/fc-barcelona-noticias\/en\/renewal-of-bruna-vilamala-after-falling-in-barca-femeni_289601_102\/"},"modified":"2023-02-14T00:06:00","modified_gmt":"2023-02-13T23:06:00","slug":"renewal-of-bruna-vilamala-after-falling-in-barca-femeni_289601_102","status":"publish","type":"post","link":"https:\/\/www.fcbarcelonanoticias.com\/en\/feminine-football\/renewal-of-bruna-vilamala-after-falling-in-barca-femeni_289601_102.html","title":{"rendered":"The renewal of Bruna Vilamala, after falling into Bar\u00e7a Femen\u00ed"},"content":{"rendered":"<h2 class=\"wp-block-heading\">Bruna Vilamala is one step away from renewing with FC Barcelona Femen\u00ed. The 19-year-old forward ends her contract in June and, except for surprise, will renew until 2026 shortly, although the operation could be made official in July<\/h2>  \r\n<div class=\"article-addons\">\r\n    <a href=\"https:\/\/www.fcbarcelonanoticias.com\/en\/calendar-fc-barcelona.html\"\r\n       target=\"_self\"\r\n       title=\"Calendar of FC Barcelona\"\r\n       class=\"blue-gredient-btn\">\r\n       \r\n        Calendar of FC Barcelona    <\/a>\r\n<\/div>   <p>The <a data-external=\"0\" data-intl-links-en=\"https:\/\/www.fcbarcelonanoticias.com\/en\/transfers\/the-barcelona-would-have-agreement-for-free-signing-dicka_289595_102.html\" data-intl-links-es=\"https:\/\/www.fcbarcelonanoticias.com\/fichajes\/el-barcelona-tendria-acuerdo-por-fichaje-gratis-dicka_289595_102.html\" href=\"https:\/\/www.fcbarcelonanoticias.com\/en\/transfers\/the-barcelona-would-have-agreement-for-free-signing-dicka_289595_102.html\" rel=\"follow\" target=\"_self\" title=\"\u00a1El Bar\u00e7a tendr\u00eda un acuerdo por el fichaje gratis de N'Dicka!\">FC Barcelona<\/a> Femen\u00ed is very near to renew to one of his offensive referents. Bruna Vilamala, canterana that debuted with the first team in February of 2020, <strong>is to a step to extend his agreement until the summer of 2026, although the agreement could take some weeks in doing oficia<\/strong>l, maybe to the end of season. The forward culminates agreement in June and, for the moment, has not defined his future, although the option to leave never was in his plans.<\/p>  <p>In the 2022\/23, the one of Borgonya has had physical problems that have reduced his leadership with the ones of Jonatan Gir\u00e1ldez. In fact, <strong>recently it could return to the trainings does a pair of weeks after being 16 days of drop by an injury in the cu\u00e1driceps left<\/strong>. For Bruna, 2023 has to be his year of &#8216;redemption&#8217;, afterwards break the ligament crossed previous of the right knee in October of 2021.<\/p>  <blockquote class=\"twitter-tweet\"> <p dir=\"ltr\" lang=\"es\">\ud83d\udcc1 (CB) BRUNA VILAMALA<br><br> \u2705 The surroundings of the player confirms to Folders Blaugranas that the player remains in the FC Barcelona.<br><br> \ud83d\udd1c\u270d\ud83c\udffb Has a principle in accordance with the FC Barcelona to extend his agreement until the 2026.<br><br> \u274c The player never has posed go of the Bar\u00e7a. <a href=\"https:\/\/t.co\/en\/aD1phT41Yq\">pic.twitter.com\/ad1pht41yq<\/a><\/p> \u2014 Folders Blaugranas (CB) (@carpetasFCB) <a href=\"https:\/\/twitter.com\/en\/carpetasFCB\/status\/1625086369637826560?ref_src=twsrc%5Etfw\">February 13, 2023<\/a> <\/blockquote> <p>Since, and after more than a year without playing, Vilamala has struggled to do a gap in the eleven of Gir\u00e1ldez, but in spite of this follows convinced in remaining in the Bar\u00e7a. <strong>The Saturday played 13 minutes in the goleada in front of the Alav\u00e9s (0-4)<\/strong> and, the previous day, had remained in the bench in the licking home in front of the Betis (7-0). Asistat Oshoala (18) and Claudia Pina (9) are the goleadoras of the team.<\/p>  <h3>Bruna follows litigating by a place in the XI<\/h3>  <p>For the moment, <strong>Geyse Ferreira and Fridolina Rolf\u00f6 are intocables in attack for the Catalan technician<\/strong>. Ana-Maria Crnogorcevic has been the another usual piece in attack of <a data-external=\"0\" data-intl-links-en=\"https:\/\/www.fcbarcelonanoticias.com\/en\/players\/jules-kounde-defender-all-terrain-barca_289592_102.html\" data-intl-links-es=\"https:\/\/www.fcbarcelonanoticias.com\/jugadores\/jules-kounde-defensa-todoterreno-barca_289592_102.html\" href=\"https:\/\/www.fcbarcelonanoticias.com\/en\/players\/jules-kounde-defender-all-terrain-barca_289592_102.html\" rel=\"follow\" target=\"_self\" title=\"Jules Kound\u00e9, el defensa 'todoterreno' del Bar\u00e7a\">a Bar\u00e7a<\/a> that follows expecting by the return of the best version of Bruna. <strong>In the 2020\/21, the &#8217;19&#8217; converted 12 goals in 15 days of the League F<\/strong>, being key in the triplete obtained in that season, including the Champions.<\/p>  <p>Previous to the break of ligaments,<strong> Vilamala carried a spectacular projection in the first team with 16 goals in 28 official parties<\/strong>. Further of his physical problems, the club wants to conserve to one of the most wanted players by the fans, to the one who the bad fortune has forced him to happen long in the infirmary in the last months. Nevertheless, the technical body and the directive trust that the one of Borgonya will be able to recover the continuity to average term.<\/p> ","protected":false},"excerpt":{"rendered":"<p>Bruna Vilamala is one step away from renewing with FC Barcelona Femen\u00ed. The 19-year-old forward ends her contract in June and, except for surprise, will renew until 2026 shortly, although the operation could be made official in July The FC Barcelona Femen\u00ed is very near to renew to one of his offensive referents. Bruna Vilamala, [&hellip;]<\/p>\n","protected":false},"author":347,"featured_media":38886,"comment_status":"closed","ping_status":"open","sticky":false,"template":"","format":"standard","meta":{"_acf_changed":false,"inline_featured_image":false,"_nextfly_llmd_date_locked":false,"footnotes":""},"categories":[120,458],"tags":[],"class_list":["post-38885","post","type-post","status-publish","format-standard","has-post-thumbnail","hentry","category-womens-football","category-womens-football-2"],"acf":[],"yoast_head":"<!-- This site is optimized with the Yoast SEO plugin v27.3 - https:\/\/yoast.com\/product\/yoast-seo-wordpress\/ -->\n<title>The renewal of Bruna Vilamala, after falling into Bar\u00e7a Femen\u00ed<\/title>\n<meta name=\"description\" content=\"Bruna Vilamala is one step away from renewing with FC Barcelona Femen\u00ed. The 19-year-old forward ends her contract in June and, except for surprise, will renew until 2026 shortly, although the operation could be made official in July\" \/>\n<meta name=\"robots\" content=\"index, follow, max-snippet:-1, max-image-preview:large, max-video-preview:-1\" \/>\n<link rel=\"canonical\" href=\"https:\/\/www.fcbarcelonanoticias.com\/en\/feminine-football\/renewal-of-bruna-vilamala-after-falling-in-barca-femeni_289601_102.html\" \/>\n<meta property=\"og:locale\" content=\"en_US\" \/>\n<meta property=\"og:type\" content=\"article\" \/>\n<meta property=\"og:title\" content=\"The renewal of Bruna Vilamala, after falling into Bar\u00e7a Femen\u00ed\" \/>\n<meta property=\"og:description\" content=\"Bruna Vilamala is one step away from renewing with FC Barcelona Femen\u00ed. The 19-year-old forward ends her contract in June and, except for surprise, will renew until 2026 shortly, although the operation could be made official in July\" \/>\n<meta property=\"og:url\" content=\"https:\/\/www.fcbarcelonanoticias.com\/en\/feminine-football\/renewal-of-bruna-vilamala-after-falling-in-barca-femeni_289601_102.html\" \/>\n<meta property=\"og:site_name\" content=\"EN - FC Barcelona Noticias\" \/>\n<meta property=\"article:published_time\" content=\"2023-02-13T23:06:00+00:00\" \/>\n<meta property=\"og:image\" content=\"https:\/\/www.fcbarcelonanoticias.com\/en\/wp-content\/uploads\/sites\/2\/2023\/02\/bruna-vilamala-fc-barcelona.jpeg\" \/>\n\t<meta property=\"og:image:width\" content=\"1300\" \/>\n\t<meta property=\"og:image:height\" content=\"732\" \/>\n\t<meta property=\"og:image:type\" content=\"image\/jpeg\" \/>\n<meta name=\"author\" content=\"Andr\u00e9s Quiroz\" \/>\n<meta name=\"twitter:card\" content=\"summary_large_image\" \/>\n<meta name=\"twitter:label1\" content=\"Written by\" \/>\n\t<meta name=\"twitter:data1\" content=\"Andr\u00e9s Quiroz\" \/>\n\t<meta name=\"twitter:label2\" content=\"Est. reading time\" \/>\n\t<meta name=\"twitter:data2\" content=\"2 minutes\" \/>\n<script type=\"application\/ld+json\" class=\"yoast-schema-graph\">{\"@context\":\"https:\\\/\\\/schema.org\",\"@graph\":[{\"@type\":\"Article\",\"@id\":\"https:\\\/\\\/www.fcbarcelonanoticias.com\\\/en\\\/feminine-football\\\/renewal-of-bruna-vilamala-after-falling-in-barca-femeni_289601_102.html#article\",\"isPartOf\":{\"@id\":\"https:\\\/\\\/www.fcbarcelonanoticias.com\\\/en\\\/feminine-football\\\/renewal-of-bruna-vilamala-after-falling-in-barca-femeni_289601_102.html\"},\"author\":{\"name\":\"Andr\u00e9s Quiroz\",\"@id\":\"https:\\\/\\\/www.fcbarcelonanoticias.com\\\/en\\\/#\\\/schema\\\/person\\\/c2cd9f6fa1af5c0d0eccd0fefa575c88\"},\"headline\":\"The renewal of Bruna Vilamala, after falling into Bar\u00e7a Femen\u00ed\",\"datePublished\":\"2023-02-13T23:06:00+00:00\",\"mainEntityOfPage\":{\"@id\":\"https:\\\/\\\/www.fcbarcelonanoticias.com\\\/en\\\/feminine-football\\\/renewal-of-bruna-vilamala-after-falling-in-barca-femeni_289601_102.html\"},\"wordCount\":491,\"image\":{\"@id\":\"https:\\\/\\\/www.fcbarcelonanoticias.com\\\/en\\\/feminine-football\\\/renewal-of-bruna-vilamala-after-falling-in-barca-femeni_289601_102.html#primaryimage\"},\"thumbnailUrl\":\"https:\\\/\\\/www.fcbarcelonanoticias.com\\\/en\\\/wp-content\\\/uploads\\\/sites\\\/2\\\/2023\\\/02\\\/bruna-vilamala-fc-barcelona.jpeg\",\"articleSection\":[\"Women's Football\",\"Women's Football\"],\"inLanguage\":\"en-US\"},{\"@type\":\"WebPage\",\"@id\":\"https:\\\/\\\/www.fcbarcelonanoticias.com\\\/en\\\/feminine-football\\\/renewal-of-bruna-vilamala-after-falling-in-barca-femeni_289601_102.html\",\"url\":\"https:\\\/\\\/www.fcbarcelonanoticias.com\\\/en\\\/feminine-football\\\/renewal-of-bruna-vilamala-after-falling-in-barca-femeni_289601_102.html\",\"name\":\"The renewal of Bruna Vilamala, after falling into Bar\u00e7a Femen\u00ed\",\"isPartOf\":{\"@id\":\"https:\\\/\\\/www.fcbarcelonanoticias.com\\\/en\\\/#website\"},\"primaryImageOfPage\":{\"@id\":\"https:\\\/\\\/www.fcbarcelonanoticias.com\\\/en\\\/feminine-football\\\/renewal-of-bruna-vilamala-after-falling-in-barca-femeni_289601_102.html#primaryimage\"},\"image\":{\"@id\":\"https:\\\/\\\/www.fcbarcelonanoticias.com\\\/en\\\/feminine-football\\\/renewal-of-bruna-vilamala-after-falling-in-barca-femeni_289601_102.html#primaryimage\"},\"thumbnailUrl\":\"https:\\\/\\\/www.fcbarcelonanoticias.com\\\/en\\\/wp-content\\\/uploads\\\/sites\\\/2\\\/2023\\\/02\\\/bruna-vilamala-fc-barcelona.jpeg\",\"datePublished\":\"2023-02-13T23:06:00+00:00\",\"author\":{\"@id\":\"https:\\\/\\\/www.fcbarcelonanoticias.com\\\/en\\\/#\\\/schema\\\/person\\\/c2cd9f6fa1af5c0d0eccd0fefa575c88\"},\"description\":\"Bruna Vilamala is one step away from renewing with FC Barcelona Femen\u00ed. The 19-year-old forward ends her contract in June and, except for surprise, will renew until 2026 shortly, although the operation could be made official in July\",\"breadcrumb\":{\"@id\":\"https:\\\/\\\/www.fcbarcelonanoticias.com\\\/en\\\/feminine-football\\\/renewal-of-bruna-vilamala-after-falling-in-barca-femeni_289601_102.html#breadcrumb\"},\"inLanguage\":\"en-US\",\"potentialAction\":[{\"@type\":\"ReadAction\",\"target\":[\"https:\\\/\\\/www.fcbarcelonanoticias.com\\\/en\\\/feminine-football\\\/renewal-of-bruna-vilamala-after-falling-in-barca-femeni_289601_102.html\"]}]},{\"@type\":\"ImageObject\",\"inLanguage\":\"en-US\",\"@id\":\"https:\\\/\\\/www.fcbarcelonanoticias.com\\\/en\\\/feminine-football\\\/renewal-of-bruna-vilamala-after-falling-in-barca-femeni_289601_102.html#primaryimage\",\"url\":\"https:\\\/\\\/www.fcbarcelonanoticias.com\\\/en\\\/wp-content\\\/uploads\\\/sites\\\/2\\\/2023\\\/02\\\/bruna-vilamala-fc-barcelona.jpeg\",\"contentUrl\":\"https:\\\/\\\/www.fcbarcelonanoticias.com\\\/en\\\/wp-content\\\/uploads\\\/sites\\\/2\\\/2023\\\/02\\\/bruna-vilamala-fc-barcelona.jpeg\",\"width\":1300,\"height\":732},{\"@type\":\"BreadcrumbList\",\"@id\":\"https:\\\/\\\/www.fcbarcelonanoticias.com\\\/en\\\/feminine-football\\\/renewal-of-bruna-vilamala-after-falling-in-barca-femeni_289601_102.html#breadcrumb\",\"itemListElement\":[{\"@type\":\"ListItem\",\"position\":1,\"name\":\"Portada\",\"item\":\"https:\\\/\\\/www.fcbarcelonanoticias.com\\\/en\\\/\"},{\"@type\":\"ListItem\",\"position\":2,\"name\":\"The renewal of Bruna Vilamala, after falling into Bar\u00e7a Femen\u00ed\"}]},{\"@type\":\"WebSite\",\"@id\":\"https:\\\/\\\/www.fcbarcelonanoticias.com\\\/en\\\/#website\",\"url\":\"https:\\\/\\\/www.fcbarcelonanoticias.com\\\/en\\\/\",\"name\":\"EN - FC Barcelona Noticias\",\"description\":\"\",\"potentialAction\":[{\"@type\":\"SearchAction\",\"target\":{\"@type\":\"EntryPoint\",\"urlTemplate\":\"https:\\\/\\\/www.fcbarcelonanoticias.com\\\/en\\\/?s={search_term_string}\"},\"query-input\":{\"@type\":\"PropertyValueSpecification\",\"valueRequired\":true,\"valueName\":\"search_term_string\"}}],\"inLanguage\":\"en-US\"},{\"@type\":\"Person\",\"@id\":\"https:\\\/\\\/www.fcbarcelonanoticias.com\\\/en\\\/#\\\/schema\\\/person\\\/c2cd9f6fa1af5c0d0eccd0fefa575c88\",\"name\":\"Andr\u00e9s Quiroz\",\"image\":{\"@type\":\"ImageObject\",\"inLanguage\":\"en-US\",\"@id\":\"https:\\\/\\\/secure.gravatar.com\\\/avatar\\\/?s=96&d=mm&r=g\",\"url\":\"https:\\\/\\\/secure.gravatar.com\\\/avatar\\\/?s=96&d=mm&r=g\",\"contentUrl\":\"https:\\\/\\\/secure.gravatar.com\\\/avatar\\\/?s=96&d=mm&r=g\",\"caption\":\"Andr\u00e9s Quiroz\"},\"description\":\"Licenciado en Periodismo por la Universidad de los Andes. Me encargo de analizar y compartir los contenidos m\u00e1s destacados de la\u00a0actualidad del F\u00fatbol Club Barcelona, Mercado de Fichajes y F\u00fatbol Internacional en FCBN. La informaci\u00f3n es poder, pero tambi\u00e9n conocimiento.\",\"url\":\"https:\\\/\\\/www.fcbarcelonanoticias.com\\\/en\\\/fc-barcelona\\\/andres-quiroz_17_115.html\"}]}<\/script>\n<!-- \/ Yoast SEO plugin. -->","yoast_head_json":{"title":"The renewal of Bruna Vilamala, after falling into Bar\u00e7a Femen\u00ed","description":"Bruna Vilamala is one step away from renewing with FC Barcelona Femen\u00ed. The 19-year-old forward ends her contract in June and, except for surprise, will renew until 2026 shortly, although the operation could be made official in July","robots":{"index":"index","follow":"follow","max-snippet":"max-snippet:-1","max-image-preview":"max-image-preview:large","max-video-preview":"max-video-preview:-1"},"canonical":"https:\/\/www.fcbarcelonanoticias.com\/en\/feminine-football\/renewal-of-bruna-vilamala-after-falling-in-barca-femeni_289601_102.html","og_locale":"en_US","og_type":"article","og_title":"The renewal of Bruna Vilamala, after falling into Bar\u00e7a Femen\u00ed","og_description":"Bruna Vilamala is one step away from renewing with FC Barcelona Femen\u00ed. The 19-year-old forward ends her contract in June and, except for surprise, will renew until 2026 shortly, although the operation could be made official in July","og_url":"https:\/\/www.fcbarcelonanoticias.com\/en\/feminine-football\/renewal-of-bruna-vilamala-after-falling-in-barca-femeni_289601_102.html","og_site_name":"EN - FC Barcelona Noticias","article_published_time":"2023-02-13T23:06:00+00:00","og_image":[{"width":1300,"height":732,"url":"https:\/\/www.fcbarcelonanoticias.com\/en\/wp-content\/uploads\/sites\/2\/2023\/02\/bruna-vilamala-fc-barcelona.jpeg","type":"image\/jpeg"}],"author":"Andr\u00e9s Quiroz","twitter_card":"summary_large_image","twitter_misc":{"Written by":"Andr\u00e9s Quiroz","Est. reading time":"2 minutes"},"schema":{"@context":"https:\/\/schema.org","@graph":[{"@type":"Article","@id":"https:\/\/www.fcbarcelonanoticias.com\/en\/feminine-football\/renewal-of-bruna-vilamala-after-falling-in-barca-femeni_289601_102.html#article","isPartOf":{"@id":"https:\/\/www.fcbarcelonanoticias.com\/en\/feminine-football\/renewal-of-bruna-vilamala-after-falling-in-barca-femeni_289601_102.html"},"author":{"name":"Andr\u00e9s Quiroz","@id":"https:\/\/www.fcbarcelonanoticias.com\/en\/#\/schema\/person\/c2cd9f6fa1af5c0d0eccd0fefa575c88"},"headline":"The renewal of Bruna Vilamala, after falling into Bar\u00e7a Femen\u00ed","datePublished":"2023-02-13T23:06:00+00:00","mainEntityOfPage":{"@id":"https:\/\/www.fcbarcelonanoticias.com\/en\/feminine-football\/renewal-of-bruna-vilamala-after-falling-in-barca-femeni_289601_102.html"},"wordCount":491,"image":{"@id":"https:\/\/www.fcbarcelonanoticias.com\/en\/feminine-football\/renewal-of-bruna-vilamala-after-falling-in-barca-femeni_289601_102.html#primaryimage"},"thumbnailUrl":"https:\/\/www.fcbarcelonanoticias.com\/en\/wp-content\/uploads\/sites\/2\/2023\/02\/bruna-vilamala-fc-barcelona.jpeg","articleSection":["Women's Football","Women's Football"],"inLanguage":"en-US"},{"@type":"WebPage","@id":"https:\/\/www.fcbarcelonanoticias.com\/en\/feminine-football\/renewal-of-bruna-vilamala-after-falling-in-barca-femeni_289601_102.html","url":"https:\/\/www.fcbarcelonanoticias.com\/en\/feminine-football\/renewal-of-bruna-vilamala-after-falling-in-barca-femeni_289601_102.html","name":"The renewal of Bruna Vilamala, after falling into Bar\u00e7a Femen\u00ed","isPartOf":{"@id":"https:\/\/www.fcbarcelonanoticias.com\/en\/#website"},"primaryImageOfPage":{"@id":"https:\/\/www.fcbarcelonanoticias.com\/en\/feminine-football\/renewal-of-bruna-vilamala-after-falling-in-barca-femeni_289601_102.html#primaryimage"},"image":{"@id":"https:\/\/www.fcbarcelonanoticias.com\/en\/feminine-football\/renewal-of-bruna-vilamala-after-falling-in-barca-femeni_289601_102.html#primaryimage"},"thumbnailUrl":"https:\/\/www.fcbarcelonanoticias.com\/en\/wp-content\/uploads\/sites\/2\/2023\/02\/bruna-vilamala-fc-barcelona.jpeg","datePublished":"2023-02-13T23:06:00+00:00","author":{"@id":"https:\/\/www.fcbarcelonanoticias.com\/en\/#\/schema\/person\/c2cd9f6fa1af5c0d0eccd0fefa575c88"},"description":"Bruna Vilamala is one step away from renewing with FC Barcelona Femen\u00ed. The 19-year-old forward ends her contract in June and, except for surprise, will renew until 2026 shortly, although the operation could be made official in July","breadcrumb":{"@id":"https:\/\/www.fcbarcelonanoticias.com\/en\/feminine-football\/renewal-of-bruna-vilamala-after-falling-in-barca-femeni_289601_102.html#breadcrumb"},"inLanguage":"en-US","potentialAction":[{"@type":"ReadAction","target":["https:\/\/www.fcbarcelonanoticias.com\/en\/feminine-football\/renewal-of-bruna-vilamala-after-falling-in-barca-femeni_289601_102.html"]}]},{"@type":"ImageObject","inLanguage":"en-US","@id":"https:\/\/www.fcbarcelonanoticias.com\/en\/feminine-football\/renewal-of-bruna-vilamala-after-falling-in-barca-femeni_289601_102.html#primaryimage","url":"https:\/\/www.fcbarcelonanoticias.com\/en\/wp-content\/uploads\/sites\/2\/2023\/02\/bruna-vilamala-fc-barcelona.jpeg","contentUrl":"https:\/\/www.fcbarcelonanoticias.com\/en\/wp-content\/uploads\/sites\/2\/2023\/02\/bruna-vilamala-fc-barcelona.jpeg","width":1300,"height":732},{"@type":"BreadcrumbList","@id":"https:\/\/www.fcbarcelonanoticias.com\/en\/feminine-football\/renewal-of-bruna-vilamala-after-falling-in-barca-femeni_289601_102.html#breadcrumb","itemListElement":[{"@type":"ListItem","position":1,"name":"Portada","item":"https:\/\/www.fcbarcelonanoticias.com\/en\/"},{"@type":"ListItem","position":2,"name":"The renewal of Bruna Vilamala, after falling into Bar\u00e7a Femen\u00ed"}]},{"@type":"WebSite","@id":"https:\/\/www.fcbarcelonanoticias.com\/en\/#website","url":"https:\/\/www.fcbarcelonanoticias.com\/en\/","name":"EN - FC Barcelona Noticias","description":"","potentialAction":[{"@type":"SearchAction","target":{"@type":"EntryPoint","urlTemplate":"https:\/\/www.fcbarcelonanoticias.com\/en\/?s={search_term_string}"},"query-input":{"@type":"PropertyValueSpecification","valueRequired":true,"valueName":"search_term_string"}}],"inLanguage":"en-US"},{"@type":"Person","@id":"https:\/\/www.fcbarcelonanoticias.com\/en\/#\/schema\/person\/c2cd9f6fa1af5c0d0eccd0fefa575c88","name":"Andr\u00e9s Quiroz","image":{"@type":"ImageObject","inLanguage":"en-US","@id":"https:\/\/secure.gravatar.com\/avatar\/?s=96&d=mm&r=g","url":"https:\/\/secure.gravatar.com\/avatar\/?s=96&d=mm&r=g","contentUrl":"https:\/\/secure.gravatar.com\/avatar\/?s=96&d=mm&r=g","caption":"Andr\u00e9s Quiroz"},"description":"Licenciado en Periodismo por la Universidad de los Andes. Me encargo de analizar y compartir los contenidos m\u00e1s destacados de la\u00a0actualidad del F\u00fatbol Club Barcelona, Mercado de Fichajes y F\u00fatbol Internacional en FCBN. La informaci\u00f3n es poder, pero tambi\u00e9n conocimiento.","url":"https:\/\/www.fcbarcelonanoticias.com\/en\/fc-barcelona\/andres-quiroz_17_115.html"}]}},"_links":{"self":[{"href":"https:\/\/www.fcbarcelonanoticias.com\/en\/wp-json\/wp\/v2\/posts\/38885","targetHints":{"allow":["GET"]}}],"collection":[{"href":"https:\/\/www.fcbarcelonanoticias.com\/en\/wp-json\/wp\/v2\/posts"}],"about":[{"href":"https:\/\/www.fcbarcelonanoticias.com\/en\/wp-json\/wp\/v2\/types\/post"}],"author":[{"embeddable":true,"href":"https:\/\/www.fcbarcelonanoticias.com\/en\/wp-json\/wp\/v2\/users\/347"}],"replies":[{"embeddable":true,"href":"https:\/\/www.fcbarcelonanoticias.com\/en\/wp-json\/wp\/v2\/comments?post=38885"}],"version-history":[{"count":1,"href":"https:\/\/www.fcbarcelonanoticias.com\/en\/wp-json\/wp\/v2\/posts\/38885\/revisions"}],"predecessor-version":[{"id":112318,"href":"https:\/\/www.fcbarcelonanoticias.com\/en\/wp-json\/wp\/v2\/posts\/38885\/revisions\/112318"}],"wp:featuredmedia":[{"embeddable":true,"href":"https:\/\/www.fcbarcelonanoticias.com\/en\/wp-json\/wp\/v2\/media\/38886"}],"wp:attachment":[{"href":"https:\/\/www.fcbarcelonanoticias.com\/en\/wp-json\/wp\/v2\/media?parent=38885"}],"wp:term":[{"taxonomy":"category","embeddable":true,"href":"https:\/\/www.fcbarcelonanoticias.com\/en\/wp-json\/wp\/v2\/categories?post=38885"},{"taxonomy":"post_tag","embeddable":true,"href":"https:\/\/www.fcbarcelonanoticias.com\/en\/wp-json\/wp\/v2\/tags?post=38885"}],"curies":[{"name":"wp","href":"https:\/\/api.w.org\/{rel}","templated":true}]}}