{"id":38979,"date":"2022-12-22T16:46:00","date_gmt":"2022-12-22T15:46:00","guid":{"rendered":"https:\/\/weisetech.dev\/fc-barcelona-noticias\/en\/the-barca-femeni-ensures-the-continuity-of-one-of-his-g_287895_102\/"},"modified":"2022-12-22T16:46:00","modified_gmt":"2022-12-22T15:46:00","slug":"the-barca-femeni-ensures-the-continuity-of-one-of-his-g_287895_102","status":"publish","type":"post","link":"https:\/\/www.fcbarcelonanoticias.com\/en\/feminine-football\/the-barca-femeni-ensures-the-continuity-of-one-of-his-g_287895_102.html","title":{"rendered":"Bar\u00e7a Femen\u00ed ensures the continuity of one of its great &#8216;jewels&#8217;"},"content":{"rendered":"<h2 class=\"wp-block-heading\">Women&#8217;s football is also a priority for FC Barcelona and the renewal of one of its most promising academy players confirms this. In this case for two more years<\/h2>  \r\n<div class=\"article-addons\">\r\n    <a href=\"https:\/\/www.fcbarcelonanoticias.com\/en\/calendar-fc-barcelona.html\"\r\n       target=\"_self\"\r\n       title=\"Calendar of FC Barcelona\"\r\n       class=\"blue-gredient-btn\">\r\n       \r\n        Calendar of FC Barcelona    <\/a>\r\n<\/div>   <p>The <a data-external=\"0\" data-intl-links-en=\"https:\/\/www.fcbarcelonanoticias.com\/en\/fc-barcelona\" data-intl-links-es=\"https:\/\/www.fcbarcelonanoticias.com\/fc-barcelona\" href=\"https:\/\/www.fcbarcelonanoticias.com\/en\/football-soccer\/fc-barcelona.html\" rel=\"follow\" target=\"_self\" title=\"FC Barcelona\">FC Barcelona<\/a> has announced this Thursday of official way the renewal of the canterana Jana Fern\u00e1ndez. <strong>The young footballer has converted quickly in one of the cul\u00e9s more wanted to of the team by all the fans<\/strong> and now the one of Sant Esteve of Sesrovires will be still in &#8216;the club of his life&#8217; at least until 2025, according to the information of the club.<\/p>  <p>The agreement of Jana expired in June of 2023, but wanted to extend his stay with the Bar\u00e7a by two seasons more, just in the same week that returned to the trainings after a long injury. In an act that had the presence of the Barcelona president, <a data-external=\"0\" data-intl-links-en=\"https:\/\/www.fcbarcelonanoticias.com\/en\/tags\/joan-laporta\" data-intl-links-es=\"https:\/\/www.fcbarcelonanoticias.com\/tags\/joan-laporta\" href=\"https:\/\/www.fcbarcelonanoticias.com\/en\/tags\/joan-laporta.html\" rel=\"follow\" target=\"_self\" title=\"Joan Laporta\">Joan Laporta<\/a>, the player declared:<strong> &#8220;I Am loved. This is the club of my life, where always have dreamed with playing. That there are a lot of years more does me feel very proud and satisfied&#8221;.<\/strong><\/p>  <blockquote class=\"twitter-tweet\"> <p dir=\"ltr\" lang=\"ca\">&#8220;Here \u00e9s on vull be&#8221; \ud83d\udc98 <a href=\"https:\/\/t.co\/en\/emiRai2mYK\">pic.twitter.com\/emirai2myk<\/a><\/p> \u2014 FC Barcelona Femen\u00ed (@FCBfemeni) <a href=\"https:\/\/twitter.com\/en\/FCBfemeni\/status\/1605874815482617858?ref_src=twsrc%5Etfw\">December 22, 2022<\/a> <\/blockquote> <p>With so alone 16 years and 9 months, Jana Fern\u00e1ndez debuted with the first team, after having stood out in the Bar\u00e7a Academy, turning into this moment in the second younger footballer in debuting officially from the profesionalizaci\u00f3n of the team. <strong>With this renewal the Bar\u00e7a Femen\u00ed ensures the future of the centre of the defence with Jana, beside Mapi Le\u00f3n and Irene Walls.<\/strong><\/p>  <h3>A second start<\/h3>  <p>Fern\u00e1ndez also allows him to the technician Jonatan Gir\u00e1ldez the possibility to have another alternative like right side, although the canterana has done all his training like head office. <strong>The progression of the defender cut the season happened afterwards that it suffered a tear of previous crossed ligament, but already the past Monday trained partially with the team.<\/strong><\/p>  <p>Already in the last phase of his recovery, Jana has ensured that &#8220;this injury has done me much more mature&#8221;, Equally added that <strong>&#8220;the evolution of all has been very good and has done me learn a lot on football, on how it is necessary to take the things and value where are each day&#8221;,<\/strong> showing like this his growth inside and out of the field.<\/p> ","protected":false},"excerpt":{"rendered":"<p>Women&#8217;s football is also a priority for FC Barcelona and the renewal of one of its most promising academy players confirms this. In this case for two more years The FC Barcelona has announced this Thursday of official way the renewal of the canterana Jana Fern\u00e1ndez. The young footballer has converted quickly in one of [&hellip;]<\/p>\n","protected":false},"author":345,"featured_media":21963,"comment_status":"closed","ping_status":"open","sticky":false,"template":"","format":"standard","meta":{"_acf_changed":false,"inline_featured_image":false,"_nextfly_llmd_date_locked":false,"footnotes":""},"categories":[120,458],"tags":[158],"class_list":["post-38979","post","type-post","status-publish","format-standard","has-post-thumbnail","hentry","category-womens-football","category-womens-football-2","tag-joan-laporta"],"acf":[],"yoast_head":"<!-- This site is optimized with the Yoast SEO plugin v27.3 - https:\/\/yoast.com\/product\/yoast-seo-wordpress\/ -->\n<title>Bar\u00e7a Femen\u00ed ensures the continuity of one of its great &#039;jewels&#039;<\/title>\n<meta name=\"description\" content=\"The feminine football is a priority also for the FC Barcelona and the renewal of one of his canteranas more promising like this confirms it. In this case by...\" \/>\n<meta name=\"robots\" content=\"index, follow, max-snippet:-1, max-image-preview:large, max-video-preview:-1\" \/>\n<link rel=\"canonical\" href=\"https:\/\/www.fcbarcelonanoticias.com\/en\/feminine-football\/the-barca-femeni-ensures-the-continuity-of-one-of-his-g_287895_102.html\" \/>\n<meta property=\"og:locale\" content=\"en_US\" \/>\n<meta property=\"og:type\" content=\"article\" \/>\n<meta property=\"og:title\" content=\"Bar\u00e7a Femen\u00ed ensures the continuity of one of its great &#039;jewels&#039;\" \/>\n<meta property=\"og:description\" content=\"The feminine football is a priority also for the FC Barcelona and the renewal of one of his canteranas more promising like this confirms it. In this case by...\" \/>\n<meta property=\"og:url\" content=\"https:\/\/www.fcbarcelonanoticias.com\/en\/feminine-football\/the-barca-femeni-ensures-the-continuity-of-one-of-his-g_287895_102.html\" \/>\n<meta property=\"og:site_name\" content=\"EN - FC Barcelona Noticias\" \/>\n<meta property=\"article:published_time\" content=\"2022-12-22T15:46:00+00:00\" \/>\n<meta property=\"og:image\" content=\"https:\/\/www.fcbarcelonanoticias.com\/en\/wp-content\/uploads\/sites\/2\/2023\/02\/jana-fernandez-partido-1.jpeg\" \/>\n\t<meta property=\"og:image:width\" content=\"1300\" \/>\n\t<meta property=\"og:image:height\" content=\"732\" \/>\n\t<meta property=\"og:image:type\" content=\"image\/jpeg\" \/>\n<meta name=\"author\" content=\"Carlos Montenegro\" \/>\n<meta name=\"twitter:card\" content=\"summary_large_image\" \/>\n<meta name=\"twitter:label1\" content=\"Written by\" \/>\n\t<meta name=\"twitter:data1\" content=\"Carlos Montenegro\" \/>\n\t<meta name=\"twitter:label2\" content=\"Est. reading time\" \/>\n\t<meta name=\"twitter:data2\" content=\"2 minutes\" \/>\n<script type=\"application\/ld+json\" class=\"yoast-schema-graph\">{\"@context\":\"https:\\\/\\\/schema.org\",\"@graph\":[{\"@type\":\"Article\",\"@id\":\"https:\\\/\\\/www.fcbarcelonanoticias.com\\\/en\\\/feminine-football\\\/the-barca-femeni-ensures-the-continuity-of-one-of-his-g_287895_102.html#article\",\"isPartOf\":{\"@id\":\"https:\\\/\\\/www.fcbarcelonanoticias.com\\\/en\\\/feminine-football\\\/the-barca-femeni-ensures-the-continuity-of-one-of-his-g_287895_102.html\"},\"author\":{\"name\":\"Carlos Montenegro\",\"@id\":\"https:\\\/\\\/www.fcbarcelonanoticias.com\\\/en\\\/#\\\/schema\\\/person\\\/aa1d038709c262cb247e240f6b39bbf5\"},\"headline\":\"Bar\u00e7a Femen\u00ed ensures the continuity of one of its great &#8216;jewels&#8217;\",\"datePublished\":\"2022-12-22T15:46:00+00:00\",\"mainEntityOfPage\":{\"@id\":\"https:\\\/\\\/www.fcbarcelonanoticias.com\\\/en\\\/feminine-football\\\/the-barca-femeni-ensures-the-continuity-of-one-of-his-g_287895_102.html\"},\"wordCount\":404,\"image\":{\"@id\":\"https:\\\/\\\/www.fcbarcelonanoticias.com\\\/en\\\/feminine-football\\\/the-barca-femeni-ensures-the-continuity-of-one-of-his-g_287895_102.html#primaryimage\"},\"thumbnailUrl\":\"https:\\\/\\\/www.fcbarcelonanoticias.com\\\/en\\\/wp-content\\\/uploads\\\/sites\\\/2\\\/2023\\\/02\\\/jana-fernandez-partido-1.jpeg\",\"keywords\":[\"Joan Laporta\"],\"articleSection\":[\"Women's Football\",\"Women's Football\"],\"inLanguage\":\"en-US\"},{\"@type\":\"WebPage\",\"@id\":\"https:\\\/\\\/www.fcbarcelonanoticias.com\\\/en\\\/feminine-football\\\/the-barca-femeni-ensures-the-continuity-of-one-of-his-g_287895_102.html\",\"url\":\"https:\\\/\\\/www.fcbarcelonanoticias.com\\\/en\\\/feminine-football\\\/the-barca-femeni-ensures-the-continuity-of-one-of-his-g_287895_102.html\",\"name\":\"Bar\u00e7a Femen\u00ed ensures the continuity of one of its great 'jewels'\",\"isPartOf\":{\"@id\":\"https:\\\/\\\/www.fcbarcelonanoticias.com\\\/en\\\/#website\"},\"primaryImageOfPage\":{\"@id\":\"https:\\\/\\\/www.fcbarcelonanoticias.com\\\/en\\\/feminine-football\\\/the-barca-femeni-ensures-the-continuity-of-one-of-his-g_287895_102.html#primaryimage\"},\"image\":{\"@id\":\"https:\\\/\\\/www.fcbarcelonanoticias.com\\\/en\\\/feminine-football\\\/the-barca-femeni-ensures-the-continuity-of-one-of-his-g_287895_102.html#primaryimage\"},\"thumbnailUrl\":\"https:\\\/\\\/www.fcbarcelonanoticias.com\\\/en\\\/wp-content\\\/uploads\\\/sites\\\/2\\\/2023\\\/02\\\/jana-fernandez-partido-1.jpeg\",\"datePublished\":\"2022-12-22T15:46:00+00:00\",\"author\":{\"@id\":\"https:\\\/\\\/www.fcbarcelonanoticias.com\\\/en\\\/#\\\/schema\\\/person\\\/aa1d038709c262cb247e240f6b39bbf5\"},\"description\":\"The feminine football is a priority also for the FC Barcelona and the renewal of one of his canteranas more promising like this confirms it. In this case by...\",\"breadcrumb\":{\"@id\":\"https:\\\/\\\/www.fcbarcelonanoticias.com\\\/en\\\/feminine-football\\\/the-barca-femeni-ensures-the-continuity-of-one-of-his-g_287895_102.html#breadcrumb\"},\"inLanguage\":\"en-US\",\"potentialAction\":[{\"@type\":\"ReadAction\",\"target\":[\"https:\\\/\\\/www.fcbarcelonanoticias.com\\\/en\\\/feminine-football\\\/the-barca-femeni-ensures-the-continuity-of-one-of-his-g_287895_102.html\"]}]},{\"@type\":\"ImageObject\",\"inLanguage\":\"en-US\",\"@id\":\"https:\\\/\\\/www.fcbarcelonanoticias.com\\\/en\\\/feminine-football\\\/the-barca-femeni-ensures-the-continuity-of-one-of-his-g_287895_102.html#primaryimage\",\"url\":\"https:\\\/\\\/www.fcbarcelonanoticias.com\\\/en\\\/wp-content\\\/uploads\\\/sites\\\/2\\\/2023\\\/02\\\/jana-fernandez-partido-1.jpeg\",\"contentUrl\":\"https:\\\/\\\/www.fcbarcelonanoticias.com\\\/en\\\/wp-content\\\/uploads\\\/sites\\\/2\\\/2023\\\/02\\\/jana-fernandez-partido-1.jpeg\",\"width\":1300,\"height\":732},{\"@type\":\"BreadcrumbList\",\"@id\":\"https:\\\/\\\/www.fcbarcelonanoticias.com\\\/en\\\/feminine-football\\\/the-barca-femeni-ensures-the-continuity-of-one-of-his-g_287895_102.html#breadcrumb\",\"itemListElement\":[{\"@type\":\"ListItem\",\"position\":1,\"name\":\"Portada\",\"item\":\"https:\\\/\\\/www.fcbarcelonanoticias.com\\\/en\\\/\"},{\"@type\":\"ListItem\",\"position\":2,\"name\":\"Bar\u00e7a Femen\u00ed ensures the continuity of one of its great &#8216;jewels&#8217;\"}]},{\"@type\":\"WebSite\",\"@id\":\"https:\\\/\\\/www.fcbarcelonanoticias.com\\\/en\\\/#website\",\"url\":\"https:\\\/\\\/www.fcbarcelonanoticias.com\\\/en\\\/\",\"name\":\"EN - FC Barcelona Noticias\",\"description\":\"\",\"potentialAction\":[{\"@type\":\"SearchAction\",\"target\":{\"@type\":\"EntryPoint\",\"urlTemplate\":\"https:\\\/\\\/www.fcbarcelonanoticias.com\\\/en\\\/?s={search_term_string}\"},\"query-input\":{\"@type\":\"PropertyValueSpecification\",\"valueRequired\":true,\"valueName\":\"search_term_string\"}}],\"inLanguage\":\"en-US\"},{\"@type\":\"Person\",\"@id\":\"https:\\\/\\\/www.fcbarcelonanoticias.com\\\/en\\\/#\\\/schema\\\/person\\\/aa1d038709c262cb247e240f6b39bbf5\",\"name\":\"Carlos Montenegro\",\"image\":{\"@type\":\"ImageObject\",\"inLanguage\":\"en-US\",\"@id\":\"https:\\\/\\\/secure.gravatar.com\\\/avatar\\\/?s=96&d=mm&r=g\",\"url\":\"https:\\\/\\\/secure.gravatar.com\\\/avatar\\\/?s=96&d=mm&r=g\",\"contentUrl\":\"https:\\\/\\\/secure.gravatar.com\\\/avatar\\\/?s=96&d=mm&r=g\",\"caption\":\"Carlos Montenegro\"},\"url\":\"https:\\\/\\\/www.fcbarcelonanoticias.com\\\/en\\\/carlos-montenegro_20_115.html\"}]}<\/script>\n<!-- \/ Yoast SEO plugin. -->","yoast_head_json":{"title":"Bar\u00e7a Femen\u00ed ensures the continuity of one of its great 'jewels'","description":"The feminine football is a priority also for the FC Barcelona and the renewal of one of his canteranas more promising like this confirms it. In this case by...","robots":{"index":"index","follow":"follow","max-snippet":"max-snippet:-1","max-image-preview":"max-image-preview:large","max-video-preview":"max-video-preview:-1"},"canonical":"https:\/\/www.fcbarcelonanoticias.com\/en\/feminine-football\/the-barca-femeni-ensures-the-continuity-of-one-of-his-g_287895_102.html","og_locale":"en_US","og_type":"article","og_title":"Bar\u00e7a Femen\u00ed ensures the continuity of one of its great 'jewels'","og_description":"The feminine football is a priority also for the FC Barcelona and the renewal of one of his canteranas more promising like this confirms it. In this case by...","og_url":"https:\/\/www.fcbarcelonanoticias.com\/en\/feminine-football\/the-barca-femeni-ensures-the-continuity-of-one-of-his-g_287895_102.html","og_site_name":"EN - FC Barcelona Noticias","article_published_time":"2022-12-22T15:46:00+00:00","og_image":[{"width":1300,"height":732,"url":"https:\/\/www.fcbarcelonanoticias.com\/en\/wp-content\/uploads\/sites\/2\/2023\/02\/jana-fernandez-partido-1.jpeg","type":"image\/jpeg"}],"author":"Carlos Montenegro","twitter_card":"summary_large_image","twitter_misc":{"Written by":"Carlos Montenegro","Est. reading time":"2 minutes"},"schema":{"@context":"https:\/\/schema.org","@graph":[{"@type":"Article","@id":"https:\/\/www.fcbarcelonanoticias.com\/en\/feminine-football\/the-barca-femeni-ensures-the-continuity-of-one-of-his-g_287895_102.html#article","isPartOf":{"@id":"https:\/\/www.fcbarcelonanoticias.com\/en\/feminine-football\/the-barca-femeni-ensures-the-continuity-of-one-of-his-g_287895_102.html"},"author":{"name":"Carlos Montenegro","@id":"https:\/\/www.fcbarcelonanoticias.com\/en\/#\/schema\/person\/aa1d038709c262cb247e240f6b39bbf5"},"headline":"Bar\u00e7a Femen\u00ed ensures the continuity of one of its great &#8216;jewels&#8217;","datePublished":"2022-12-22T15:46:00+00:00","mainEntityOfPage":{"@id":"https:\/\/www.fcbarcelonanoticias.com\/en\/feminine-football\/the-barca-femeni-ensures-the-continuity-of-one-of-his-g_287895_102.html"},"wordCount":404,"image":{"@id":"https:\/\/www.fcbarcelonanoticias.com\/en\/feminine-football\/the-barca-femeni-ensures-the-continuity-of-one-of-his-g_287895_102.html#primaryimage"},"thumbnailUrl":"https:\/\/www.fcbarcelonanoticias.com\/en\/wp-content\/uploads\/sites\/2\/2023\/02\/jana-fernandez-partido-1.jpeg","keywords":["Joan Laporta"],"articleSection":["Women's Football","Women's Football"],"inLanguage":"en-US"},{"@type":"WebPage","@id":"https:\/\/www.fcbarcelonanoticias.com\/en\/feminine-football\/the-barca-femeni-ensures-the-continuity-of-one-of-his-g_287895_102.html","url":"https:\/\/www.fcbarcelonanoticias.com\/en\/feminine-football\/the-barca-femeni-ensures-the-continuity-of-one-of-his-g_287895_102.html","name":"Bar\u00e7a Femen\u00ed ensures the continuity of one of its great 'jewels'","isPartOf":{"@id":"https:\/\/www.fcbarcelonanoticias.com\/en\/#website"},"primaryImageOfPage":{"@id":"https:\/\/www.fcbarcelonanoticias.com\/en\/feminine-football\/the-barca-femeni-ensures-the-continuity-of-one-of-his-g_287895_102.html#primaryimage"},"image":{"@id":"https:\/\/www.fcbarcelonanoticias.com\/en\/feminine-football\/the-barca-femeni-ensures-the-continuity-of-one-of-his-g_287895_102.html#primaryimage"},"thumbnailUrl":"https:\/\/www.fcbarcelonanoticias.com\/en\/wp-content\/uploads\/sites\/2\/2023\/02\/jana-fernandez-partido-1.jpeg","datePublished":"2022-12-22T15:46:00+00:00","author":{"@id":"https:\/\/www.fcbarcelonanoticias.com\/en\/#\/schema\/person\/aa1d038709c262cb247e240f6b39bbf5"},"description":"The feminine football is a priority also for the FC Barcelona and the renewal of one of his canteranas more promising like this confirms it. In this case by...","breadcrumb":{"@id":"https:\/\/www.fcbarcelonanoticias.com\/en\/feminine-football\/the-barca-femeni-ensures-the-continuity-of-one-of-his-g_287895_102.html#breadcrumb"},"inLanguage":"en-US","potentialAction":[{"@type":"ReadAction","target":["https:\/\/www.fcbarcelonanoticias.com\/en\/feminine-football\/the-barca-femeni-ensures-the-continuity-of-one-of-his-g_287895_102.html"]}]},{"@type":"ImageObject","inLanguage":"en-US","@id":"https:\/\/www.fcbarcelonanoticias.com\/en\/feminine-football\/the-barca-femeni-ensures-the-continuity-of-one-of-his-g_287895_102.html#primaryimage","url":"https:\/\/www.fcbarcelonanoticias.com\/en\/wp-content\/uploads\/sites\/2\/2023\/02\/jana-fernandez-partido-1.jpeg","contentUrl":"https:\/\/www.fcbarcelonanoticias.com\/en\/wp-content\/uploads\/sites\/2\/2023\/02\/jana-fernandez-partido-1.jpeg","width":1300,"height":732},{"@type":"BreadcrumbList","@id":"https:\/\/www.fcbarcelonanoticias.com\/en\/feminine-football\/the-barca-femeni-ensures-the-continuity-of-one-of-his-g_287895_102.html#breadcrumb","itemListElement":[{"@type":"ListItem","position":1,"name":"Portada","item":"https:\/\/www.fcbarcelonanoticias.com\/en\/"},{"@type":"ListItem","position":2,"name":"Bar\u00e7a Femen\u00ed ensures the continuity of one of its great &#8216;jewels&#8217;"}]},{"@type":"WebSite","@id":"https:\/\/www.fcbarcelonanoticias.com\/en\/#website","url":"https:\/\/www.fcbarcelonanoticias.com\/en\/","name":"EN - FC Barcelona Noticias","description":"","potentialAction":[{"@type":"SearchAction","target":{"@type":"EntryPoint","urlTemplate":"https:\/\/www.fcbarcelonanoticias.com\/en\/?s={search_term_string}"},"query-input":{"@type":"PropertyValueSpecification","valueRequired":true,"valueName":"search_term_string"}}],"inLanguage":"en-US"},{"@type":"Person","@id":"https:\/\/www.fcbarcelonanoticias.com\/en\/#\/schema\/person\/aa1d038709c262cb247e240f6b39bbf5","name":"Carlos Montenegro","image":{"@type":"ImageObject","inLanguage":"en-US","@id":"https:\/\/secure.gravatar.com\/avatar\/?s=96&d=mm&r=g","url":"https:\/\/secure.gravatar.com\/avatar\/?s=96&d=mm&r=g","contentUrl":"https:\/\/secure.gravatar.com\/avatar\/?s=96&d=mm&r=g","caption":"Carlos Montenegro"},"url":"https:\/\/www.fcbarcelonanoticias.com\/en\/carlos-montenegro_20_115.html"}]}},"_links":{"self":[{"href":"https:\/\/www.fcbarcelonanoticias.com\/en\/wp-json\/wp\/v2\/posts\/38979","targetHints":{"allow":["GET"]}}],"collection":[{"href":"https:\/\/www.fcbarcelonanoticias.com\/en\/wp-json\/wp\/v2\/posts"}],"about":[{"href":"https:\/\/www.fcbarcelonanoticias.com\/en\/wp-json\/wp\/v2\/types\/post"}],"author":[{"embeddable":true,"href":"https:\/\/www.fcbarcelonanoticias.com\/en\/wp-json\/wp\/v2\/users\/345"}],"replies":[{"embeddable":true,"href":"https:\/\/www.fcbarcelonanoticias.com\/en\/wp-json\/wp\/v2\/comments?post=38979"}],"version-history":[{"count":1,"href":"https:\/\/www.fcbarcelonanoticias.com\/en\/wp-json\/wp\/v2\/posts\/38979\/revisions"}],"predecessor-version":[{"id":112384,"href":"https:\/\/www.fcbarcelonanoticias.com\/en\/wp-json\/wp\/v2\/posts\/38979\/revisions\/112384"}],"wp:featuredmedia":[{"embeddable":true,"href":"https:\/\/www.fcbarcelonanoticias.com\/en\/wp-json\/wp\/v2\/media\/21963"}],"wp:attachment":[{"href":"https:\/\/www.fcbarcelonanoticias.com\/en\/wp-json\/wp\/v2\/media?parent=38979"}],"wp:term":[{"taxonomy":"category","embeddable":true,"href":"https:\/\/www.fcbarcelonanoticias.com\/en\/wp-json\/wp\/v2\/categories?post=38979"},{"taxonomy":"post_tag","embeddable":true,"href":"https:\/\/www.fcbarcelonanoticias.com\/en\/wp-json\/wp\/v2\/tags?post=38979"}],"curies":[{"name":"wp","href":"https:\/\/api.w.org\/{rel}","templated":true}]}}