{"id":38987,"date":"2024-01-19T19:33:00","date_gmt":"2024-01-19T18:33:00","guid":{"rendered":"https:\/\/weisetech.dev\/fc-barcelona-noticias\/en\/the-barca-femeni-to-by-the-first-crown-of-the-2024_300064_102\/"},"modified":"2024-01-19T19:33:00","modified_gmt":"2024-01-19T18:33:00","slug":"the-barca-femeni-to-by-the-first-crown-of-the-2024_300064_102","status":"publish","type":"post","link":"https:\/\/www.fcbarcelonanoticias.com\/en\/feminine-football\/the-barca-femeni-to-by-the-first-crown-of-the-2024_300064_102.html","title":{"rendered":"Bar\u00e7a Femen\u00ed, going for the first &#8216;crown&#8217; of 2024"},"content":{"rendered":"<h2 class=\"wp-block-heading\">After beating Real Madrid with a rout, FC Barcelona Femen\u00ed will seek to win the first title of the season against Levante in the final of the Spanish Super Cup, this Wednesday from 8:00 p.m.<\/h2>  \r\n<div class=\"article-addons\">\r\n    <a href=\"https:\/\/www.fcbarcelonanoticias.com\/en\/calendar-fc-barcelona.html\"\r\n       target=\"_self\"\r\n       title=\"Calendar of FC Barcelona\"\r\n       class=\"blue-gredient-btn\">\r\n       \r\n        Calendar of FC Barcelona    <\/a>\r\n<\/div>   <p><strong>The <a data-external=\"0\" data-intl-links-en=\"https:\/\/www.fcbarcelonanoticias.com\/en\/feminine-football\" data-intl-links-es=\"https:\/\/www.fcbarcelonanoticias.com\/futbol-femenino\" href=\"https:\/\/www.fcbarcelonanoticias.com\/en\/feminine-football\" rel=\"follow\" target=\"_self\" title=\"F\u00fatbol Femenino\">FC Barcelona Femen\u00ed<\/a> has the opportunity to begin to add titles in this season.<\/strong> After a thrilling presentation against the Real Madrid, with goleada included, the directed by Jonatan Gir\u00e1ldez will contest the final of the Supercopa of Spain with the firm intention to impose to the Raise and give continuity to the overwhelming command that have registered in the last years in the national competitions.<\/p>  <p>The clash between Bar\u00e7a and Raise will be this Saturday 20 January<strong> from the 20:00 hours (8:00 PM CET) in the Municipal Stadium of Butarque through The 2 TVE, RTVE Play and TV3 (only in Catalonia).<\/strong> It supposes the fifth edition of the Supercopa of Spain since they changed of format to a &#8216;final four&#8217; in 2019 and the Barcelona could add his fourth title, after the achieved in 2020, 2022 and 2023.<\/p>  <h2>Demanding final for the Bar\u00e7a Femen\u00ed<\/h2>  <p>The command of the Catalans has been absolute and would be the ideal form to start a 2024 in which they already have showed that have the same &#8216;hunger&#8217; of always for achieving trophies. In the previous of the crash, Gir\u00e1ldez aimed that <strong>&#8220;it will be a big final and a fun final, with show, occasions and goals. We expect that more goals of our part and that we can carry us the title&#8221;<\/strong> and that it is conscious that the Raise is a very hard rival: Have a very brave and attractive proposal. In situations of duel put a lot of intensity, with intention to attack. It is a similar proposal to ours in intention&#8221;.<\/p>  <p>The Raise arrives with the illusion to be able to &#8216;argue&#8217; the command that has kept the Bar\u00e7a in Spain in the last years and add his third Supercopa, after the achieved in 1997 and 2000. Although the officiality of the competition was in discussion between 1997 and 2000, the Valencian club attained to impose in the first with a 6-4 in front of the Espanyol and a goleada by 7-2 against the Feminine Extremadura in the last. <strong>They come to win him to the Athletic of Madrid in the semifinals and with good feelings. <\/strong><\/p>  <p>In the clash,a doublet of Gabi Nunes in the extratiempo broke the tie after the goals of<strong> \u00c1ngela Sosa (8&#8242;) and Rasheedat Ajibade (21&#8242;) in the first-half<\/strong>. It was a very equalised clash, but in the extention attained to impose the Valencians, like revancha to the final that lived in 2021 when the Madrilenian imposed 3-0 in the final.<\/p>  <h2>The possible alignments of Bar\u00e7a and Raise in the final of the Supercopa of Spain<\/h2>  <p>It will be a very hard clash and <strong>Gir\u00e1ldez will have to bet by a very competitive alignment<\/strong> with Tasting Coll under the three sticks, a defence formed by Bronze, Irene Walls, Engen, Ona Batlle. In the centre of the field, except twist of guion unexpected, the leading will be Keira Walsh, Patri Pebble and Aitana Bonmat\u00ed, whereas the offensive trident will be formed by Graham Hansen, Salma Paralluelo and Mariona.<\/p>  <p>By his part, <strong>Jos\u00e9 Luis S\u00e1nchez Vera will aim to his eleven more decisive warriors<\/strong>, with Holmgren in the goal, backed by a defence in which the protagonists are called to be Antonia, Mendoza, Mar\u00eda M\u00e9ndez and Paula Tom\u00e1s, with Paula Fern\u00e1ndez, Leire Bathrooms, \u00c1ngela Sosa in the medullary and, finally, a forward in which they are Andonova, Alba Round and Mayra Ram\u00edrez.<\/p> ","protected":false},"excerpt":{"rendered":"<p>After beating Real Madrid with a rout, FC Barcelona Femen\u00ed will seek to win the first title of the season against Levante in the final of the Spanish Super Cup, this Wednesday from 8:00 p.m. The FC Barcelona Femen\u00ed has the opportunity to begin to add titles in this season. After a thrilling presentation against [&hellip;]<\/p>\n","protected":false},"author":0,"featured_media":1301,"comment_status":"closed","ping_status":"open","sticky":false,"template":"","format":"standard","meta":{"_acf_changed":false,"inline_featured_image":false,"_nextfly_llmd_date_locked":false,"footnotes":""},"categories":[120,458],"tags":[],"class_list":["post-38987","post","type-post","status-publish","format-standard","has-post-thumbnail","hentry","category-womens-football","category-womens-football-2"],"acf":[],"yoast_head":"<!-- This site is optimized with the Yoast SEO plugin v27.3 - https:\/\/yoast.com\/product\/yoast-seo-wordpress\/ -->\n<title>The Bar\u00e7a Femen\u00ed, to by the first &#039;crown&#039; of the 2024<\/title>\n<meta name=\"description\" content=\"After imposing with a goleada to the Real Madrid, the FC Barcelona Femen\u00ed will look for to add the first title of the season against the Raise in the final of the Supercopa of Spain, this Wednesday from the 20:00 hours\" \/>\n<meta name=\"robots\" content=\"index, follow, max-snippet:-1, max-image-preview:large, max-video-preview:-1\" \/>\n<link rel=\"canonical\" href=\"https:\/\/www.fcbarcelonanoticias.com\/en\/feminine-football\/the-barca-femeni-to-by-the-first-crown-of-the-2024_300064_102.html\" \/>\n<meta property=\"og:locale\" content=\"en_US\" \/>\n<meta property=\"og:type\" content=\"article\" \/>\n<meta property=\"og:title\" content=\"The Bar\u00e7a Femen\u00ed, to by the first &#039;crown&#039; of the 2024\" \/>\n<meta property=\"og:description\" content=\"After imposing with a goleada to the Real Madrid, the FC Barcelona Femen\u00ed will look for to add the first title of the season against the Raise in the final of the Supercopa of Spain, this Wednesday from the 20:00 hours\" \/>\n<meta property=\"og:url\" content=\"https:\/\/www.fcbarcelonanoticias.com\/en\/feminine-football\/the-barca-femeni-to-by-the-first-crown-of-the-2024_300064_102.html\" \/>\n<meta property=\"og:site_name\" content=\"EN - FC Barcelona Noticias\" \/>\n<meta property=\"article:published_time\" content=\"2024-01-19T18:33:00+00:00\" \/>\n<meta property=\"og:image\" content=\"https:\/\/www.fcbarcelonanoticias.com\/en\/wp-content\/uploads\/sites\/2\/2023\/11\/las-jugadoras-del-fc-barcelona-femenino.jpeg\" \/>\n\t<meta property=\"og:image:width\" content=\"1200\" \/>\n\t<meta property=\"og:image:height\" content=\"675\" \/>\n\t<meta property=\"og:image:type\" content=\"image\/jpeg\" \/>\n<meta name=\"twitter:card\" content=\"summary_large_image\" \/>\n<meta name=\"twitter:label1\" content=\"Est. reading time\" \/>\n\t<meta name=\"twitter:data1\" content=\"3 minutes\" \/>\n<script type=\"application\/ld+json\" class=\"yoast-schema-graph\">{\"@context\":\"https:\\\/\\\/schema.org\",\"@graph\":[{\"@type\":\"Article\",\"@id\":\"https:\\\/\\\/www.fcbarcelonanoticias.com\\\/en\\\/feminine-football\\\/the-barca-femeni-to-by-the-first-crown-of-the-2024_300064_102.html#article\",\"isPartOf\":{\"@id\":\"https:\\\/\\\/www.fcbarcelonanoticias.com\\\/en\\\/feminine-football\\\/the-barca-femeni-to-by-the-first-crown-of-the-2024_300064_102.html\"},\"author\":{\"name\":\"\",\"@id\":\"\"},\"headline\":\"Bar\u00e7a Femen\u00ed, going for the first &#8216;crown&#8217; of 2024\",\"datePublished\":\"2024-01-19T18:33:00+00:00\",\"mainEntityOfPage\":{\"@id\":\"https:\\\/\\\/www.fcbarcelonanoticias.com\\\/en\\\/feminine-football\\\/the-barca-femeni-to-by-the-first-crown-of-the-2024_300064_102.html\"},\"wordCount\":607,\"image\":{\"@id\":\"https:\\\/\\\/www.fcbarcelonanoticias.com\\\/en\\\/feminine-football\\\/the-barca-femeni-to-by-the-first-crown-of-the-2024_300064_102.html#primaryimage\"},\"thumbnailUrl\":\"https:\\\/\\\/www.fcbarcelonanoticias.com\\\/en\\\/wp-content\\\/uploads\\\/sites\\\/2\\\/2023\\\/11\\\/las-jugadoras-del-fc-barcelona-femenino.jpeg\",\"articleSection\":[\"Women's Football\",\"Women's Football\"],\"inLanguage\":\"en-US\"},{\"@type\":\"WebPage\",\"@id\":\"https:\\\/\\\/www.fcbarcelonanoticias.com\\\/en\\\/feminine-football\\\/the-barca-femeni-to-by-the-first-crown-of-the-2024_300064_102.html\",\"url\":\"https:\\\/\\\/www.fcbarcelonanoticias.com\\\/en\\\/feminine-football\\\/the-barca-femeni-to-by-the-first-crown-of-the-2024_300064_102.html\",\"name\":\"The Bar\u00e7a Femen\u00ed, to by the first 'crown' of the 2024\",\"isPartOf\":{\"@id\":\"https:\\\/\\\/www.fcbarcelonanoticias.com\\\/en\\\/#website\"},\"primaryImageOfPage\":{\"@id\":\"https:\\\/\\\/www.fcbarcelonanoticias.com\\\/en\\\/feminine-football\\\/the-barca-femeni-to-by-the-first-crown-of-the-2024_300064_102.html#primaryimage\"},\"image\":{\"@id\":\"https:\\\/\\\/www.fcbarcelonanoticias.com\\\/en\\\/feminine-football\\\/the-barca-femeni-to-by-the-first-crown-of-the-2024_300064_102.html#primaryimage\"},\"thumbnailUrl\":\"https:\\\/\\\/www.fcbarcelonanoticias.com\\\/en\\\/wp-content\\\/uploads\\\/sites\\\/2\\\/2023\\\/11\\\/las-jugadoras-del-fc-barcelona-femenino.jpeg\",\"datePublished\":\"2024-01-19T18:33:00+00:00\",\"author\":{\"@id\":\"\"},\"description\":\"After imposing with a goleada to the Real Madrid, the FC Barcelona Femen\u00ed will look for to add the first title of the season against the Raise in the final of the Supercopa of Spain, this Wednesday from the 20:00 hours\",\"breadcrumb\":{\"@id\":\"https:\\\/\\\/www.fcbarcelonanoticias.com\\\/en\\\/feminine-football\\\/the-barca-femeni-to-by-the-first-crown-of-the-2024_300064_102.html#breadcrumb\"},\"inLanguage\":\"en-US\",\"potentialAction\":[{\"@type\":\"ReadAction\",\"target\":[\"https:\\\/\\\/www.fcbarcelonanoticias.com\\\/en\\\/feminine-football\\\/the-barca-femeni-to-by-the-first-crown-of-the-2024_300064_102.html\"]}]},{\"@type\":\"ImageObject\",\"inLanguage\":\"en-US\",\"@id\":\"https:\\\/\\\/www.fcbarcelonanoticias.com\\\/en\\\/feminine-football\\\/the-barca-femeni-to-by-the-first-crown-of-the-2024_300064_102.html#primaryimage\",\"url\":\"https:\\\/\\\/www.fcbarcelonanoticias.com\\\/en\\\/wp-content\\\/uploads\\\/sites\\\/2\\\/2023\\\/11\\\/las-jugadoras-del-fc-barcelona-femenino.jpeg\",\"contentUrl\":\"https:\\\/\\\/www.fcbarcelonanoticias.com\\\/en\\\/wp-content\\\/uploads\\\/sites\\\/2\\\/2023\\\/11\\\/las-jugadoras-del-fc-barcelona-femenino.jpeg\",\"width\":1200,\"height\":675},{\"@type\":\"BreadcrumbList\",\"@id\":\"https:\\\/\\\/www.fcbarcelonanoticias.com\\\/en\\\/feminine-football\\\/the-barca-femeni-to-by-the-first-crown-of-the-2024_300064_102.html#breadcrumb\",\"itemListElement\":[{\"@type\":\"ListItem\",\"position\":1,\"name\":\"Portada\",\"item\":\"https:\\\/\\\/www.fcbarcelonanoticias.com\\\/en\\\/\"},{\"@type\":\"ListItem\",\"position\":2,\"name\":\"Bar\u00e7a Femen\u00ed, going for the first &#8216;crown&#8217; of 2024\"}]},{\"@type\":\"WebSite\",\"@id\":\"https:\\\/\\\/www.fcbarcelonanoticias.com\\\/en\\\/#website\",\"url\":\"https:\\\/\\\/www.fcbarcelonanoticias.com\\\/en\\\/\",\"name\":\"EN - FC Barcelona Noticias\",\"description\":\"\",\"potentialAction\":[{\"@type\":\"SearchAction\",\"target\":{\"@type\":\"EntryPoint\",\"urlTemplate\":\"https:\\\/\\\/www.fcbarcelonanoticias.com\\\/en\\\/?s={search_term_string}\"},\"query-input\":{\"@type\":\"PropertyValueSpecification\",\"valueRequired\":true,\"valueName\":\"search_term_string\"}}],\"inLanguage\":\"en-US\"}]}<\/script>\n<!-- \/ Yoast SEO plugin. -->","yoast_head_json":{"title":"The Bar\u00e7a Femen\u00ed, to by the first 'crown' of the 2024","description":"After imposing with a goleada to the Real Madrid, the FC Barcelona Femen\u00ed will look for to add the first title of the season against the Raise in the final of the Supercopa of Spain, this Wednesday from the 20:00 hours","robots":{"index":"index","follow":"follow","max-snippet":"max-snippet:-1","max-image-preview":"max-image-preview:large","max-video-preview":"max-video-preview:-1"},"canonical":"https:\/\/www.fcbarcelonanoticias.com\/en\/feminine-football\/the-barca-femeni-to-by-the-first-crown-of-the-2024_300064_102.html","og_locale":"en_US","og_type":"article","og_title":"The Bar\u00e7a Femen\u00ed, to by the first 'crown' of the 2024","og_description":"After imposing with a goleada to the Real Madrid, the FC Barcelona Femen\u00ed will look for to add the first title of the season against the Raise in the final of the Supercopa of Spain, this Wednesday from the 20:00 hours","og_url":"https:\/\/www.fcbarcelonanoticias.com\/en\/feminine-football\/the-barca-femeni-to-by-the-first-crown-of-the-2024_300064_102.html","og_site_name":"EN - FC Barcelona Noticias","article_published_time":"2024-01-19T18:33:00+00:00","og_image":[{"width":1200,"height":675,"url":"https:\/\/www.fcbarcelonanoticias.com\/en\/wp-content\/uploads\/sites\/2\/2023\/11\/las-jugadoras-del-fc-barcelona-femenino.jpeg","type":"image\/jpeg"}],"twitter_card":"summary_large_image","twitter_misc":{"Est. reading time":"3 minutes"},"schema":{"@context":"https:\/\/schema.org","@graph":[{"@type":"Article","@id":"https:\/\/www.fcbarcelonanoticias.com\/en\/feminine-football\/the-barca-femeni-to-by-the-first-crown-of-the-2024_300064_102.html#article","isPartOf":{"@id":"https:\/\/www.fcbarcelonanoticias.com\/en\/feminine-football\/the-barca-femeni-to-by-the-first-crown-of-the-2024_300064_102.html"},"author":{"name":"","@id":""},"headline":"Bar\u00e7a Femen\u00ed, going for the first &#8216;crown&#8217; of 2024","datePublished":"2024-01-19T18:33:00+00:00","mainEntityOfPage":{"@id":"https:\/\/www.fcbarcelonanoticias.com\/en\/feminine-football\/the-barca-femeni-to-by-the-first-crown-of-the-2024_300064_102.html"},"wordCount":607,"image":{"@id":"https:\/\/www.fcbarcelonanoticias.com\/en\/feminine-football\/the-barca-femeni-to-by-the-first-crown-of-the-2024_300064_102.html#primaryimage"},"thumbnailUrl":"https:\/\/www.fcbarcelonanoticias.com\/en\/wp-content\/uploads\/sites\/2\/2023\/11\/las-jugadoras-del-fc-barcelona-femenino.jpeg","articleSection":["Women's Football","Women's Football"],"inLanguage":"en-US"},{"@type":"WebPage","@id":"https:\/\/www.fcbarcelonanoticias.com\/en\/feminine-football\/the-barca-femeni-to-by-the-first-crown-of-the-2024_300064_102.html","url":"https:\/\/www.fcbarcelonanoticias.com\/en\/feminine-football\/the-barca-femeni-to-by-the-first-crown-of-the-2024_300064_102.html","name":"The Bar\u00e7a Femen\u00ed, to by the first 'crown' of the 2024","isPartOf":{"@id":"https:\/\/www.fcbarcelonanoticias.com\/en\/#website"},"primaryImageOfPage":{"@id":"https:\/\/www.fcbarcelonanoticias.com\/en\/feminine-football\/the-barca-femeni-to-by-the-first-crown-of-the-2024_300064_102.html#primaryimage"},"image":{"@id":"https:\/\/www.fcbarcelonanoticias.com\/en\/feminine-football\/the-barca-femeni-to-by-the-first-crown-of-the-2024_300064_102.html#primaryimage"},"thumbnailUrl":"https:\/\/www.fcbarcelonanoticias.com\/en\/wp-content\/uploads\/sites\/2\/2023\/11\/las-jugadoras-del-fc-barcelona-femenino.jpeg","datePublished":"2024-01-19T18:33:00+00:00","author":{"@id":""},"description":"After imposing with a goleada to the Real Madrid, the FC Barcelona Femen\u00ed will look for to add the first title of the season against the Raise in the final of the Supercopa of Spain, this Wednesday from the 20:00 hours","breadcrumb":{"@id":"https:\/\/www.fcbarcelonanoticias.com\/en\/feminine-football\/the-barca-femeni-to-by-the-first-crown-of-the-2024_300064_102.html#breadcrumb"},"inLanguage":"en-US","potentialAction":[{"@type":"ReadAction","target":["https:\/\/www.fcbarcelonanoticias.com\/en\/feminine-football\/the-barca-femeni-to-by-the-first-crown-of-the-2024_300064_102.html"]}]},{"@type":"ImageObject","inLanguage":"en-US","@id":"https:\/\/www.fcbarcelonanoticias.com\/en\/feminine-football\/the-barca-femeni-to-by-the-first-crown-of-the-2024_300064_102.html#primaryimage","url":"https:\/\/www.fcbarcelonanoticias.com\/en\/wp-content\/uploads\/sites\/2\/2023\/11\/las-jugadoras-del-fc-barcelona-femenino.jpeg","contentUrl":"https:\/\/www.fcbarcelonanoticias.com\/en\/wp-content\/uploads\/sites\/2\/2023\/11\/las-jugadoras-del-fc-barcelona-femenino.jpeg","width":1200,"height":675},{"@type":"BreadcrumbList","@id":"https:\/\/www.fcbarcelonanoticias.com\/en\/feminine-football\/the-barca-femeni-to-by-the-first-crown-of-the-2024_300064_102.html#breadcrumb","itemListElement":[{"@type":"ListItem","position":1,"name":"Portada","item":"https:\/\/www.fcbarcelonanoticias.com\/en\/"},{"@type":"ListItem","position":2,"name":"Bar\u00e7a Femen\u00ed, going for the first &#8216;crown&#8217; of 2024"}]},{"@type":"WebSite","@id":"https:\/\/www.fcbarcelonanoticias.com\/en\/#website","url":"https:\/\/www.fcbarcelonanoticias.com\/en\/","name":"EN - FC Barcelona Noticias","description":"","potentialAction":[{"@type":"SearchAction","target":{"@type":"EntryPoint","urlTemplate":"https:\/\/www.fcbarcelonanoticias.com\/en\/?s={search_term_string}"},"query-input":{"@type":"PropertyValueSpecification","valueRequired":true,"valueName":"search_term_string"}}],"inLanguage":"en-US"}]}},"_links":{"self":[{"href":"https:\/\/www.fcbarcelonanoticias.com\/en\/wp-json\/wp\/v2\/posts\/38987","targetHints":{"allow":["GET"]}}],"collection":[{"href":"https:\/\/www.fcbarcelonanoticias.com\/en\/wp-json\/wp\/v2\/posts"}],"about":[{"href":"https:\/\/www.fcbarcelonanoticias.com\/en\/wp-json\/wp\/v2\/types\/post"}],"replies":[{"embeddable":true,"href":"https:\/\/www.fcbarcelonanoticias.com\/en\/wp-json\/wp\/v2\/comments?post=38987"}],"version-history":[{"count":1,"href":"https:\/\/www.fcbarcelonanoticias.com\/en\/wp-json\/wp\/v2\/posts\/38987\/revisions"}],"predecessor-version":[{"id":112334,"href":"https:\/\/www.fcbarcelonanoticias.com\/en\/wp-json\/wp\/v2\/posts\/38987\/revisions\/112334"}],"wp:featuredmedia":[{"embeddable":true,"href":"https:\/\/www.fcbarcelonanoticias.com\/en\/wp-json\/wp\/v2\/media\/1301"}],"wp:attachment":[{"href":"https:\/\/www.fcbarcelonanoticias.com\/en\/wp-json\/wp\/v2\/media?parent=38987"}],"wp:term":[{"taxonomy":"category","embeddable":true,"href":"https:\/\/www.fcbarcelonanoticias.com\/en\/wp-json\/wp\/v2\/categories?post=38987"},{"taxonomy":"post_tag","embeddable":true,"href":"https:\/\/www.fcbarcelonanoticias.com\/en\/wp-json\/wp\/v2\/tags?post=38987"}],"curies":[{"name":"wp","href":"https:\/\/api.w.org\/{rel}","templated":true}]}}