{"id":38988,"date":"2024-06-08T20:06:00","date_gmt":"2024-06-08T18:06:00","guid":{"rendered":"https:\/\/weisetech.dev\/fc-barcelona-noticias\/en\/the-nostalgic-goodbye-of-the-historic-sandra-panos-of-barca-femeni_304298_102\/"},"modified":"2024-06-08T23:02:00","modified_gmt":"2024-06-08T21:02:00","slug":"the-nostalgic-goodbye-of-the-historic-sandra-panos-of-barca-femeni_304298_102","status":"publish","type":"post","link":"https:\/\/www.fcbarcelonanoticias.com\/en\/feminine-football\/the-nostalgic-goodbye-of-the-historic-sandra-panos-of-barca-femeni_304298_102.html","title":{"rendered":"The nostalgic goodbye of the historic Sandra Pa\u00f1os of Bar\u00e7a Femen\u00ed"},"content":{"rendered":"<h2 class=\"wp-block-heading\">Sandra Pa\u00f1os confirmed her farewell to Bar\u00e7a Femen\u00ed, but not before being the protagonist of a very heartfelt farewell in which, surrounded by family and teammates, she gave a moving speech to close her time as a cul\u00e9 with a flourish. Possibly, she is preparing to face a new challenge in Mexico<\/h2>  \r\n<div class=\"article-addons\">\r\n    <a href=\"https:\/\/www.fcbarcelonanoticias.com\/en\/calendar-fc-barcelona.html\"\r\n       target=\"_self\"\r\n       title=\"Calendar of FC Barcelona\"\r\n       class=\"blue-gredient-btn\">\r\n       \r\n        Calendar of FC Barcelona    <\/a>\r\n<\/div>   <p>They continue the painful farewells in the Bar\u00e7a Femen\u00ed. <a data-external=\"0\" data-intl-links-en=\"https:\/\/www.fcbarcelonanoticias.com\/en\/fc-barcelona\/the-moving-farewell-of-mariona-caldentey-of-the-fc-barcelona_304268_102.html\" data-intl-links-es=\"https:\/\/www.fcbarcelonanoticias.com\/fc-barcelona\/emotiva-despedida-mariona-caldentey-fc-barcelona_304268_102.html\" href=\"https:\/\/www.fcbarcelonanoticias.com\/en\/fc-barcelona\/the-moving-farewell-of-mariona-caldentey-of-the-fc-barcelona_304268_102.html\" rel=\"follow\" target=\"_self\" title=\"La emotiva despedida de Mariona Caldentey del FC Barcelona\">After the moving goodbye of Mariona Caldentey<\/a>, <strong>has arrived him the turn to Sandra Cloths, historical guardameta cul\u00e9<\/strong>, the one who in this season 2023\/24, after nine years in the Barcelona institution, will say goodbye to the combined cul\u00e9 leaving a truly impressive legacy like player of the Catalan cast, adding a total of 18 titles achieved: five League F, six Glass of the Queen, four Supercopas of Spain and three UEFA Women&#8217;s Champions League. Besides, it achieved four Trophies Zamora: 2015\/16 &#8211; 2017\/18 &#8211; 2018\/19 &#8211; 2019\/20.<\/p>  <p>The laureada Alicante goalkeeper formed part of a press conference in which it was surrounded of mates, technical personnel, directors, familiar and friends, and gave a moving speech to close definitively his goodbye. After seeing a video of some two minutes in which they reviewed some of the best moments of the &#8216;1&#8217; as Barcelona, the cancerbera began his intervention remembering the special that went his arrival to the team in 2015. &#8220;<strong>I arrived with you win them and illusion to eat me the world, but with the respect to arrive to the best team of Spain and to the that could be the best team of the world<\/strong>&#8220;, remembered.<\/p>  <p>However, also it mentioned that &#8220;<strong>it has been the most difficult year of all. The most complicated, but in which more I have grown<\/strong>&#8220;. It is necessary to remember that after so many years defending the goal of the Bar\u00e7a Femen\u00ed, Sandra has lost the titularity in front of Tasting Coll, situation by which will explore a new destination futbol\u00edstico.<\/p>  <h2>Sandra Cloths &#8216;took out breast&#8217; by his legacy in the Bar\u00e7a Femen\u00ed<\/h2>  <p>In this sense, Cloths also allowed rememorar and regocijarse by all the lived during his stage like cul\u00e9, expressing the maximum dedication that showed to the club during his years of service, what allows him leave with tranquility by what has attained. &#8220;<strong>I have given it everything. I go me calm, with peace and with the pride to be one of the captains of this team. It has been an impressive trip<\/strong>&#8220;, commented.<\/p>  <p>To his time, Cloths did not doubt in standing out the legacy that leaves further of the titles and the purely sportive, focusing it in the promotion of the feminine football and his practice. &#8220;<strong>I have wanted to be that referent that to all we were missing us. The legacy that leave is the biggest motivation for the following generations. We have broken barriers and have raised the voice<\/strong>&#8220;, highlighted.<\/p>  <h2>The &#8216;1&#8217; cul\u00e9 did not give greater details on his future<\/h2>  <p>To close, the goalkeeper explained that his future <strong>&#8220;is decided and will give to know in some days&#8221;<\/strong>. Weeks backwards, &#8216;RAC1&#8217; and &#8216;Relief&#8217; advanced that his destination would be the football of Mexico, specifically the Club America, but no descarta the option of in <strong>a &#8220;further future go back to link to the Club somehow&#8221;<\/strong>.<\/p>  <blockquote class=\"twitter-tweet\" data-media-max-width=\"560\"> <p dir=\"ltr\" lang=\"ca\">The missatge of comiat of the nostra millor goalkeeper of the hist\u00f2ria. Gr\u00e0cies per tant, Sandra. \ud83d\udc99\u2764\ufe0f <a href=\"https:\/\/t.co\/en\/VIB10ZKOPV\">pic.twitter.com\/vib10zkopv<\/a><\/p> \u2014 FC Barcelona Femen\u00ed (@FCBfemeni) <a href=\"https:\/\/twitter.com\/en\/FCBfemeni\/status\/1799396499056361664?ref_src=twsrc%5Etfw\">June 8, 2024<\/a> <\/blockquote> <p>&nbsp;<\/p> ","protected":false},"excerpt":{"rendered":"<p>Sandra Pa\u00f1os confirmed her farewell to Bar\u00e7a Femen\u00ed, but not before being the protagonist of a very heartfelt farewell in which, surrounded by family and teammates, she gave a moving speech to close her time as a cul\u00e9 with a flourish. Possibly, she is preparing to face a new challenge in Mexico They continue the [&hellip;]<\/p>\n","protected":false},"author":355,"featured_media":38989,"comment_status":"closed","ping_status":"open","sticky":false,"template":"","format":"standard","meta":{"_acf_changed":false,"inline_featured_image":false,"_nextfly_llmd_date_locked":false,"footnotes":""},"categories":[120,458],"tags":[],"class_list":["post-38988","post","type-post","status-publish","format-standard","has-post-thumbnail","hentry","category-womens-football","category-womens-football-2"],"acf":[],"yoast_head":"<!-- This site is optimized with the Yoast SEO plugin v27.3 - https:\/\/yoast.com\/product\/yoast-seo-wordpress\/ -->\n<title>The nostalgic goodbye of the historic Sandra Pa\u00f1os of Bar\u00e7a Femen\u00ed<\/title>\n<meta name=\"description\" content=\"Sandra Pa\u00f1os confirmed her farewell to Bar\u00e7a Femen\u00ed, but not before being the protagonist of a very heartfelt farewell in which, surrounded by family and teammates, she gave a moving speech to close her time as a cul\u00e9 with a flourish. Possibly, she is preparing to face a new challenge in Mexico\" \/>\n<meta name=\"robots\" content=\"index, follow, max-snippet:-1, max-image-preview:large, max-video-preview:-1\" \/>\n<link rel=\"canonical\" href=\"https:\/\/www.fcbarcelonanoticias.com\/en\/feminine-football\/the-nostalgic-goodbye-of-the-historic-sandra-panos-of-barca-femeni_304298_102.html\" \/>\n<meta property=\"og:locale\" content=\"en_US\" \/>\n<meta property=\"og:type\" content=\"article\" \/>\n<meta property=\"og:title\" content=\"The nostalgic goodbye of the historic Sandra Pa\u00f1os of Bar\u00e7a Femen\u00ed\" \/>\n<meta property=\"og:description\" content=\"Sandra Pa\u00f1os confirmed her farewell to Bar\u00e7a Femen\u00ed, but not before being the protagonist of a very heartfelt farewell in which, surrounded by family and teammates, she gave a moving speech to close her time as a cul\u00e9 with a flourish. Possibly, she is preparing to face a new challenge in Mexico\" \/>\n<meta property=\"og:url\" content=\"https:\/\/www.fcbarcelonanoticias.com\/en\/feminine-football\/the-nostalgic-goodbye-of-the-historic-sandra-panos-of-barca-femeni_304298_102.html\" \/>\n<meta property=\"og:site_name\" content=\"EN - FC Barcelona Noticias\" \/>\n<meta property=\"article:published_time\" content=\"2024-06-08T18:06:00+00:00\" \/>\n<meta property=\"article:modified_time\" content=\"2024-06-08T21:02:00+00:00\" \/>\n<meta property=\"og:image\" content=\"https:\/\/www.fcbarcelonanoticias.com\/en\/wp-content\/uploads\/sites\/2\/2024\/06\/sandra-panos-en-el-duelo-entre-el-barca-femeni-y-el-chelsea-en-la-uefa-woman-s-champions-league.png\" \/>\n\t<meta property=\"og:image:width\" content=\"1300\" \/>\n\t<meta property=\"og:image:height\" content=\"732\" \/>\n\t<meta property=\"og:image:type\" content=\"image\/png\" \/>\n<meta name=\"author\" content=\"Kevin G\u00f3mez\" \/>\n<meta name=\"twitter:card\" content=\"summary_large_image\" \/>\n<meta name=\"twitter:label1\" content=\"Written by\" \/>\n\t<meta name=\"twitter:data1\" content=\"Kevin G\u00f3mez\" \/>\n\t<meta name=\"twitter:label2\" content=\"Est. reading time\" \/>\n\t<meta name=\"twitter:data2\" content=\"3 minutes\" \/>\n<script type=\"application\/ld+json\" class=\"yoast-schema-graph\">{\"@context\":\"https:\\\/\\\/schema.org\",\"@graph\":[{\"@type\":\"Article\",\"@id\":\"https:\\\/\\\/www.fcbarcelonanoticias.com\\\/en\\\/feminine-football\\\/the-nostalgic-goodbye-of-the-historic-sandra-panos-of-barca-femeni_304298_102.html#article\",\"isPartOf\":{\"@id\":\"https:\\\/\\\/www.fcbarcelonanoticias.com\\\/en\\\/feminine-football\\\/the-nostalgic-goodbye-of-the-historic-sandra-panos-of-barca-femeni_304298_102.html\"},\"author\":{\"name\":\"Kevin G\u00f3mez\",\"@id\":\"https:\\\/\\\/www.fcbarcelonanoticias.com\\\/en\\\/#\\\/schema\\\/person\\\/991443f134df9a64c6874f96ff984c9d\"},\"headline\":\"The nostalgic goodbye of the historic Sandra Pa\u00f1os of Bar\u00e7a Femen\u00ed\",\"datePublished\":\"2024-06-08T18:06:00+00:00\",\"dateModified\":\"2024-06-08T21:02:00+00:00\",\"mainEntityOfPage\":{\"@id\":\"https:\\\/\\\/www.fcbarcelonanoticias.com\\\/en\\\/feminine-football\\\/the-nostalgic-goodbye-of-the-historic-sandra-panos-of-barca-femeni_304298_102.html\"},\"wordCount\":580,\"image\":{\"@id\":\"https:\\\/\\\/www.fcbarcelonanoticias.com\\\/en\\\/feminine-football\\\/the-nostalgic-goodbye-of-the-historic-sandra-panos-of-barca-femeni_304298_102.html#primaryimage\"},\"thumbnailUrl\":\"https:\\\/\\\/www.fcbarcelonanoticias.com\\\/en\\\/wp-content\\\/uploads\\\/sites\\\/2\\\/2024\\\/06\\\/sandra-panos-en-el-duelo-entre-el-barca-femeni-y-el-chelsea-en-la-uefa-woman-s-champions-league.png\",\"articleSection\":[\"Women's Football\",\"Women's Football\"],\"inLanguage\":\"en-US\"},{\"@type\":\"WebPage\",\"@id\":\"https:\\\/\\\/www.fcbarcelonanoticias.com\\\/en\\\/feminine-football\\\/the-nostalgic-goodbye-of-the-historic-sandra-panos-of-barca-femeni_304298_102.html\",\"url\":\"https:\\\/\\\/www.fcbarcelonanoticias.com\\\/en\\\/feminine-football\\\/the-nostalgic-goodbye-of-the-historic-sandra-panos-of-barca-femeni_304298_102.html\",\"name\":\"The nostalgic goodbye of the historic Sandra Pa\u00f1os of Bar\u00e7a Femen\u00ed\",\"isPartOf\":{\"@id\":\"https:\\\/\\\/www.fcbarcelonanoticias.com\\\/en\\\/#website\"},\"primaryImageOfPage\":{\"@id\":\"https:\\\/\\\/www.fcbarcelonanoticias.com\\\/en\\\/feminine-football\\\/the-nostalgic-goodbye-of-the-historic-sandra-panos-of-barca-femeni_304298_102.html#primaryimage\"},\"image\":{\"@id\":\"https:\\\/\\\/www.fcbarcelonanoticias.com\\\/en\\\/feminine-football\\\/the-nostalgic-goodbye-of-the-historic-sandra-panos-of-barca-femeni_304298_102.html#primaryimage\"},\"thumbnailUrl\":\"https:\\\/\\\/www.fcbarcelonanoticias.com\\\/en\\\/wp-content\\\/uploads\\\/sites\\\/2\\\/2024\\\/06\\\/sandra-panos-en-el-duelo-entre-el-barca-femeni-y-el-chelsea-en-la-uefa-woman-s-champions-league.png\",\"datePublished\":\"2024-06-08T18:06:00+00:00\",\"dateModified\":\"2024-06-08T21:02:00+00:00\",\"author\":{\"@id\":\"https:\\\/\\\/www.fcbarcelonanoticias.com\\\/en\\\/#\\\/schema\\\/person\\\/991443f134df9a64c6874f96ff984c9d\"},\"description\":\"Sandra Pa\u00f1os confirmed her farewell to Bar\u00e7a Femen\u00ed, but not before being the protagonist of a very heartfelt farewell in which, surrounded by family and teammates, she gave a moving speech to close her time as a cul\u00e9 with a flourish. Possibly, she is preparing to face a new challenge in Mexico\",\"breadcrumb\":{\"@id\":\"https:\\\/\\\/www.fcbarcelonanoticias.com\\\/en\\\/feminine-football\\\/the-nostalgic-goodbye-of-the-historic-sandra-panos-of-barca-femeni_304298_102.html#breadcrumb\"},\"inLanguage\":\"en-US\",\"potentialAction\":[{\"@type\":\"ReadAction\",\"target\":[\"https:\\\/\\\/www.fcbarcelonanoticias.com\\\/en\\\/feminine-football\\\/the-nostalgic-goodbye-of-the-historic-sandra-panos-of-barca-femeni_304298_102.html\"]}]},{\"@type\":\"ImageObject\",\"inLanguage\":\"en-US\",\"@id\":\"https:\\\/\\\/www.fcbarcelonanoticias.com\\\/en\\\/feminine-football\\\/the-nostalgic-goodbye-of-the-historic-sandra-panos-of-barca-femeni_304298_102.html#primaryimage\",\"url\":\"https:\\\/\\\/www.fcbarcelonanoticias.com\\\/en\\\/wp-content\\\/uploads\\\/sites\\\/2\\\/2024\\\/06\\\/sandra-panos-en-el-duelo-entre-el-barca-femeni-y-el-chelsea-en-la-uefa-woman-s-champions-league.png\",\"contentUrl\":\"https:\\\/\\\/www.fcbarcelonanoticias.com\\\/en\\\/wp-content\\\/uploads\\\/sites\\\/2\\\/2024\\\/06\\\/sandra-panos-en-el-duelo-entre-el-barca-femeni-y-el-chelsea-en-la-uefa-woman-s-champions-league.png\",\"width\":1300,\"height\":732},{\"@type\":\"BreadcrumbList\",\"@id\":\"https:\\\/\\\/www.fcbarcelonanoticias.com\\\/en\\\/feminine-football\\\/the-nostalgic-goodbye-of-the-historic-sandra-panos-of-barca-femeni_304298_102.html#breadcrumb\",\"itemListElement\":[{\"@type\":\"ListItem\",\"position\":1,\"name\":\"Portada\",\"item\":\"https:\\\/\\\/www.fcbarcelonanoticias.com\\\/en\\\/\"},{\"@type\":\"ListItem\",\"position\":2,\"name\":\"The nostalgic goodbye of the historic Sandra Pa\u00f1os of Bar\u00e7a Femen\u00ed\"}]},{\"@type\":\"WebSite\",\"@id\":\"https:\\\/\\\/www.fcbarcelonanoticias.com\\\/en\\\/#website\",\"url\":\"https:\\\/\\\/www.fcbarcelonanoticias.com\\\/en\\\/\",\"name\":\"EN - FC Barcelona Noticias\",\"description\":\"\",\"potentialAction\":[{\"@type\":\"SearchAction\",\"target\":{\"@type\":\"EntryPoint\",\"urlTemplate\":\"https:\\\/\\\/www.fcbarcelonanoticias.com\\\/en\\\/?s={search_term_string}\"},\"query-input\":{\"@type\":\"PropertyValueSpecification\",\"valueRequired\":true,\"valueName\":\"search_term_string\"}}],\"inLanguage\":\"en-US\"},{\"@type\":\"Person\",\"@id\":\"https:\\\/\\\/www.fcbarcelonanoticias.com\\\/en\\\/#\\\/schema\\\/person\\\/991443f134df9a64c6874f96ff984c9d\",\"name\":\"Kevin G\u00f3mez\",\"image\":{\"@type\":\"ImageObject\",\"inLanguage\":\"en-US\",\"@id\":\"https:\\\/\\\/secure.gravatar.com\\\/avatar\\\/?s=96&d=mm&r=g\",\"url\":\"https:\\\/\\\/secure.gravatar.com\\\/avatar\\\/?s=96&d=mm&r=g\",\"contentUrl\":\"https:\\\/\\\/secure.gravatar.com\\\/avatar\\\/?s=96&d=mm&r=g\",\"caption\":\"Kevin G\u00f3mez\"},\"description\":\"Licenciado\u00a0en Periodismo y Comunicaci\u00f3n Audiovisual. Redactor en FCBN responsable de cubrir toda\u00a0la informaci\u00f3n del FC Barcelona y las principales competiciones de\u00a0f\u00fatbol.\",\"url\":\"https:\\\/\\\/www.fcbarcelonanoticias.com\\\/en\\\/jugadores\\\/kevin-gomez_23_115.html\"}]}<\/script>\n<!-- \/ Yoast SEO plugin. -->","yoast_head_json":{"title":"The nostalgic goodbye of the historic Sandra Pa\u00f1os of Bar\u00e7a Femen\u00ed","description":"Sandra Pa\u00f1os confirmed her farewell to Bar\u00e7a Femen\u00ed, but not before being the protagonist of a very heartfelt farewell in which, surrounded by family and teammates, she gave a moving speech to close her time as a cul\u00e9 with a flourish. Possibly, she is preparing to face a new challenge in Mexico","robots":{"index":"index","follow":"follow","max-snippet":"max-snippet:-1","max-image-preview":"max-image-preview:large","max-video-preview":"max-video-preview:-1"},"canonical":"https:\/\/www.fcbarcelonanoticias.com\/en\/feminine-football\/the-nostalgic-goodbye-of-the-historic-sandra-panos-of-barca-femeni_304298_102.html","og_locale":"en_US","og_type":"article","og_title":"The nostalgic goodbye of the historic Sandra Pa\u00f1os of Bar\u00e7a Femen\u00ed","og_description":"Sandra Pa\u00f1os confirmed her farewell to Bar\u00e7a Femen\u00ed, but not before being the protagonist of a very heartfelt farewell in which, surrounded by family and teammates, she gave a moving speech to close her time as a cul\u00e9 with a flourish. Possibly, she is preparing to face a new challenge in Mexico","og_url":"https:\/\/www.fcbarcelonanoticias.com\/en\/feminine-football\/the-nostalgic-goodbye-of-the-historic-sandra-panos-of-barca-femeni_304298_102.html","og_site_name":"EN - FC Barcelona Noticias","article_published_time":"2024-06-08T18:06:00+00:00","article_modified_time":"2024-06-08T21:02:00+00:00","og_image":[{"width":1300,"height":732,"url":"https:\/\/www.fcbarcelonanoticias.com\/en\/wp-content\/uploads\/sites\/2\/2024\/06\/sandra-panos-en-el-duelo-entre-el-barca-femeni-y-el-chelsea-en-la-uefa-woman-s-champions-league.png","type":"image\/png"}],"author":"Kevin G\u00f3mez","twitter_card":"summary_large_image","twitter_misc":{"Written by":"Kevin G\u00f3mez","Est. reading time":"3 minutes"},"schema":{"@context":"https:\/\/schema.org","@graph":[{"@type":"Article","@id":"https:\/\/www.fcbarcelonanoticias.com\/en\/feminine-football\/the-nostalgic-goodbye-of-the-historic-sandra-panos-of-barca-femeni_304298_102.html#article","isPartOf":{"@id":"https:\/\/www.fcbarcelonanoticias.com\/en\/feminine-football\/the-nostalgic-goodbye-of-the-historic-sandra-panos-of-barca-femeni_304298_102.html"},"author":{"name":"Kevin G\u00f3mez","@id":"https:\/\/www.fcbarcelonanoticias.com\/en\/#\/schema\/person\/991443f134df9a64c6874f96ff984c9d"},"headline":"The nostalgic goodbye of the historic Sandra Pa\u00f1os of Bar\u00e7a Femen\u00ed","datePublished":"2024-06-08T18:06:00+00:00","dateModified":"2024-06-08T21:02:00+00:00","mainEntityOfPage":{"@id":"https:\/\/www.fcbarcelonanoticias.com\/en\/feminine-football\/the-nostalgic-goodbye-of-the-historic-sandra-panos-of-barca-femeni_304298_102.html"},"wordCount":580,"image":{"@id":"https:\/\/www.fcbarcelonanoticias.com\/en\/feminine-football\/the-nostalgic-goodbye-of-the-historic-sandra-panos-of-barca-femeni_304298_102.html#primaryimage"},"thumbnailUrl":"https:\/\/www.fcbarcelonanoticias.com\/en\/wp-content\/uploads\/sites\/2\/2024\/06\/sandra-panos-en-el-duelo-entre-el-barca-femeni-y-el-chelsea-en-la-uefa-woman-s-champions-league.png","articleSection":["Women's Football","Women's Football"],"inLanguage":"en-US"},{"@type":"WebPage","@id":"https:\/\/www.fcbarcelonanoticias.com\/en\/feminine-football\/the-nostalgic-goodbye-of-the-historic-sandra-panos-of-barca-femeni_304298_102.html","url":"https:\/\/www.fcbarcelonanoticias.com\/en\/feminine-football\/the-nostalgic-goodbye-of-the-historic-sandra-panos-of-barca-femeni_304298_102.html","name":"The nostalgic goodbye of the historic Sandra Pa\u00f1os of Bar\u00e7a Femen\u00ed","isPartOf":{"@id":"https:\/\/www.fcbarcelonanoticias.com\/en\/#website"},"primaryImageOfPage":{"@id":"https:\/\/www.fcbarcelonanoticias.com\/en\/feminine-football\/the-nostalgic-goodbye-of-the-historic-sandra-panos-of-barca-femeni_304298_102.html#primaryimage"},"image":{"@id":"https:\/\/www.fcbarcelonanoticias.com\/en\/feminine-football\/the-nostalgic-goodbye-of-the-historic-sandra-panos-of-barca-femeni_304298_102.html#primaryimage"},"thumbnailUrl":"https:\/\/www.fcbarcelonanoticias.com\/en\/wp-content\/uploads\/sites\/2\/2024\/06\/sandra-panos-en-el-duelo-entre-el-barca-femeni-y-el-chelsea-en-la-uefa-woman-s-champions-league.png","datePublished":"2024-06-08T18:06:00+00:00","dateModified":"2024-06-08T21:02:00+00:00","author":{"@id":"https:\/\/www.fcbarcelonanoticias.com\/en\/#\/schema\/person\/991443f134df9a64c6874f96ff984c9d"},"description":"Sandra Pa\u00f1os confirmed her farewell to Bar\u00e7a Femen\u00ed, but not before being the protagonist of a very heartfelt farewell in which, surrounded by family and teammates, she gave a moving speech to close her time as a cul\u00e9 with a flourish. Possibly, she is preparing to face a new challenge in Mexico","breadcrumb":{"@id":"https:\/\/www.fcbarcelonanoticias.com\/en\/feminine-football\/the-nostalgic-goodbye-of-the-historic-sandra-panos-of-barca-femeni_304298_102.html#breadcrumb"},"inLanguage":"en-US","potentialAction":[{"@type":"ReadAction","target":["https:\/\/www.fcbarcelonanoticias.com\/en\/feminine-football\/the-nostalgic-goodbye-of-the-historic-sandra-panos-of-barca-femeni_304298_102.html"]}]},{"@type":"ImageObject","inLanguage":"en-US","@id":"https:\/\/www.fcbarcelonanoticias.com\/en\/feminine-football\/the-nostalgic-goodbye-of-the-historic-sandra-panos-of-barca-femeni_304298_102.html#primaryimage","url":"https:\/\/www.fcbarcelonanoticias.com\/en\/wp-content\/uploads\/sites\/2\/2024\/06\/sandra-panos-en-el-duelo-entre-el-barca-femeni-y-el-chelsea-en-la-uefa-woman-s-champions-league.png","contentUrl":"https:\/\/www.fcbarcelonanoticias.com\/en\/wp-content\/uploads\/sites\/2\/2024\/06\/sandra-panos-en-el-duelo-entre-el-barca-femeni-y-el-chelsea-en-la-uefa-woman-s-champions-league.png","width":1300,"height":732},{"@type":"BreadcrumbList","@id":"https:\/\/www.fcbarcelonanoticias.com\/en\/feminine-football\/the-nostalgic-goodbye-of-the-historic-sandra-panos-of-barca-femeni_304298_102.html#breadcrumb","itemListElement":[{"@type":"ListItem","position":1,"name":"Portada","item":"https:\/\/www.fcbarcelonanoticias.com\/en\/"},{"@type":"ListItem","position":2,"name":"The nostalgic goodbye of the historic Sandra Pa\u00f1os of Bar\u00e7a Femen\u00ed"}]},{"@type":"WebSite","@id":"https:\/\/www.fcbarcelonanoticias.com\/en\/#website","url":"https:\/\/www.fcbarcelonanoticias.com\/en\/","name":"EN - FC Barcelona Noticias","description":"","potentialAction":[{"@type":"SearchAction","target":{"@type":"EntryPoint","urlTemplate":"https:\/\/www.fcbarcelonanoticias.com\/en\/?s={search_term_string}"},"query-input":{"@type":"PropertyValueSpecification","valueRequired":true,"valueName":"search_term_string"}}],"inLanguage":"en-US"},{"@type":"Person","@id":"https:\/\/www.fcbarcelonanoticias.com\/en\/#\/schema\/person\/991443f134df9a64c6874f96ff984c9d","name":"Kevin G\u00f3mez","image":{"@type":"ImageObject","inLanguage":"en-US","@id":"https:\/\/secure.gravatar.com\/avatar\/?s=96&d=mm&r=g","url":"https:\/\/secure.gravatar.com\/avatar\/?s=96&d=mm&r=g","contentUrl":"https:\/\/secure.gravatar.com\/avatar\/?s=96&d=mm&r=g","caption":"Kevin G\u00f3mez"},"description":"Licenciado\u00a0en Periodismo y Comunicaci\u00f3n Audiovisual. Redactor en FCBN responsable de cubrir toda\u00a0la informaci\u00f3n del FC Barcelona y las principales competiciones de\u00a0f\u00fatbol.","url":"https:\/\/www.fcbarcelonanoticias.com\/en\/jugadores\/kevin-gomez_23_115.html"}]}},"_links":{"self":[{"href":"https:\/\/www.fcbarcelonanoticias.com\/en\/wp-json\/wp\/v2\/posts\/38988","targetHints":{"allow":["GET"]}}],"collection":[{"href":"https:\/\/www.fcbarcelonanoticias.com\/en\/wp-json\/wp\/v2\/posts"}],"about":[{"href":"https:\/\/www.fcbarcelonanoticias.com\/en\/wp-json\/wp\/v2\/types\/post"}],"author":[{"embeddable":true,"href":"https:\/\/www.fcbarcelonanoticias.com\/en\/wp-json\/wp\/v2\/users\/355"}],"replies":[{"embeddable":true,"href":"https:\/\/www.fcbarcelonanoticias.com\/en\/wp-json\/wp\/v2\/comments?post=38988"}],"version-history":[{"count":1,"href":"https:\/\/www.fcbarcelonanoticias.com\/en\/wp-json\/wp\/v2\/posts\/38988\/revisions"}],"predecessor-version":[{"id":112333,"href":"https:\/\/www.fcbarcelonanoticias.com\/en\/wp-json\/wp\/v2\/posts\/38988\/revisions\/112333"}],"wp:featuredmedia":[{"embeddable":true,"href":"https:\/\/www.fcbarcelonanoticias.com\/en\/wp-json\/wp\/v2\/media\/38989"}],"wp:attachment":[{"href":"https:\/\/www.fcbarcelonanoticias.com\/en\/wp-json\/wp\/v2\/media?parent=38988"}],"wp:term":[{"taxonomy":"category","embeddable":true,"href":"https:\/\/www.fcbarcelonanoticias.com\/en\/wp-json\/wp\/v2\/categories?post=38988"},{"taxonomy":"post_tag","embeddable":true,"href":"https:\/\/www.fcbarcelonanoticias.com\/en\/wp-json\/wp\/v2\/tags?post=38988"}],"curies":[{"name":"wp","href":"https:\/\/api.w.org\/{rel}","templated":true}]}}