{"id":39003,"date":"2023-07-11T14:10:00","date_gmt":"2023-07-11T12:10:00","guid":{"rendered":"https:\/\/weisetech.dev\/fc-barcelona-noticias\/en\/the-barca-makes-history-in-the-world-wide-feminine-of-football-of-new-zealand-and-australia_293990_102\/"},"modified":"2023-07-11T14:10:00","modified_gmt":"2023-07-11T12:10:00","slug":"the-barca-makes-history-in-the-world-wide-feminine-of-football-of-new-zealand-and-australia_293990_102","status":"publish","type":"post","link":"https:\/\/www.fcbarcelonanoticias.com\/en\/feminine-football\/the-barca-makes-history-in-the-world-wide-feminine-of-football-of-new-zealand-and-australia_293990_102.html","title":{"rendered":"Bar\u00e7a makes history at the Women&#8217;s World Cup in New Zealand and Australia"},"content":{"rendered":"<h2 class=\"wp-block-heading\">The Women&#8217;s World Cup kicks off on July 20 in Australia and New Zealand. Eighteen Bar\u00e7a players will play the Cup with their national teams, with Spain having the most Bar\u00e7a players, with nine.<\/h2>  \r\n<div class=\"article-addons\">\r\n    <a href=\"https:\/\/www.fcbarcelonanoticias.com\/en\/calendar-fc-barcelona.html\"\r\n       target=\"_self\"\r\n       title=\"Calendar of FC Barcelona\"\r\n       class=\"blue-gredient-btn\">\r\n       \r\n        Calendar of FC Barcelona    <\/a>\r\n<\/div>   <p><a data-external=\"0\" data-intl-links-en=\"https:\/\/www.fcbarcelonanoticias.com\/en\/fc-barcelona\/the-barca-femeni-achieves-something-unusual-in-the-feminine-football_287962_102.html\" data-intl-links-es=\"https:\/\/www.fcbarcelonanoticias.com\/fc-barcelona\/barcelona-femeni-consigue-algo-insolito-en-futbol-femenino_287962_102.html\" href=\"https:\/\/www.fcbarcelonanoticias.com\/en\/fc-barcelona\/the-barca-femeni-achieves-something-unusual-in-the-feminine-football_287962_102.html\" rel=\"follow\" target=\"_self\" title=\"El Bar\u00e7a Femen\u00ed consigue algo ins\u00f3lito en el F\u00fatbol Femenino\">The Bar\u00e7a feminine finish the past season conquering The League and the Champions in an iconic final with traced back included.<\/a> Now his players prepare to contest the Glass of the World in Australia and New Zealand. They will be 18 the cul\u00e9s that will be representing to his selections in this international competition. Alexia Putellas heads the Spanish delegation in company of Tasting Coll, Irene Walls, Laia Codina, Aitana Bonmati, Ona Batlle, Mariona Caldentey, Salma Paralluelo and Mar\u00eda P\u00e9rez.<\/p>  <p><strong>Other footballers like Ingrid Engen and Caroline Graham Hansen will be with Norway; Geyse Ferreira, with Brazil; Asisat Oshoala, with Nigeria; Fridolina Rolf\u00f6, with Sweden; Ana-Maria Crnogor\u010devi\u0107, with Switzerland; whereas to England will represent it Lucy Bronze and Keira Walsh<\/strong>. Of this way, the Barcelona group will be the most represented club in the planetary appointment.<\/p>  <p>The second team with greater representation is Chelsea with 15 players. Other clubs that surpass the 10 footballers are the Manchester City, the Wolfsburgo, the Real Madrid, the Benfica, the Olympique of Lyon, the PSG, the Juventus, the Rome or the Arsenal. <strong>The Barcelona in this occasion has 18, but could have been 20 in case that Mapi Le\u00f3n or Patri Pebble had been taken into account by the seleccionador national.<\/strong><\/p>  <h2>Grave conflict in the Spanish selection<\/h2>  <p><a data-external=\"0\" data-intl-links-en=\"https:\/\/www.fcbarcelonanoticias.com\/en\/fc-barcelona\/the-seleccionador-jorge-vilda-marked-by-the-barca_40263_102.html\" data-intl-links-es=\"https:\/\/www.fcbarcelonanoticias.com\/fc-barcelona\/el-seleccionador-jorge-vilda-marcado-por-el-barca_40263_102.html\" href=\"https:\/\/www.fcbarcelonanoticias.com\/en\/fc-barcelona\/the-seleccionador-jorge-vilda-marked-by-the-barca_40263_102.html\" rel=\"follow\" target=\"_self\" title=\"El seleccionador Jorge Vilda, marcado por el Bar\u00e7a\">The Spanish selection has been wrapped in a big controversial. After it does some months, 15 players sent a letter to the Real Spanish Federation of Football where expressed his inconformidad with the seleccionador Jorge Vilda<\/a>. In his moment, the RFEF indicated that it did not go to allow the cuestionamientos to the trainer and even that if any of which signed the post wanted to return, would have to apologise and assume his error.<\/p>  <p>Surprisingly, many of which in his moment expressed his inconformidad with Vilda finally will be presents in the appointment mundialista. However, Mapi Le\u00f3n, Claudia Pina and Patri Pebble, MVP of the final of the Champions, have preferred to sacrifice the most important appointment for a footballer of elite by his principles. <strong>The one of Saragossa is one of the best head offices of the planet and without her, the options of the combined Spanish are lower.<\/strong><\/p> ","protected":false},"excerpt":{"rendered":"<p>The Women&#8217;s World Cup kicks off on July 20 in Australia and New Zealand. Eighteen Bar\u00e7a players will play the Cup with their national teams, with Spain having the most Bar\u00e7a players, with nine. The Bar\u00e7a feminine finish the past season conquering The League and the Champions in an iconic final with traced back included. [&hellip;]<\/p>\n","protected":false},"author":349,"featured_media":39004,"comment_status":"closed","ping_status":"open","sticky":false,"template":"","format":"standard","meta":{"_acf_changed":false,"inline_featured_image":false,"_nextfly_llmd_date_locked":false,"footnotes":""},"categories":[458,120],"tags":[158],"class_list":["post-39003","post","type-post","status-publish","format-standard","has-post-thumbnail","hentry","category-womens-football-2","category-womens-football","tag-joan-laporta"],"acf":[],"yoast_head":"<!-- This site is optimized with the Yoast SEO plugin v27.3 - https:\/\/yoast.com\/product\/yoast-seo-wordpress\/ -->\n<title>The Bar\u00e7a makes history in the world-wide feminine of football of New Zealand and Australia<\/title>\n<meta name=\"description\" content=\"The World-wide feminine of football starts the next 20 July in Australia and New Zealand. Eighteen players of the Bar\u00e7a will play the Glass with his selections, being Spain the one who more footballers cul\u00e9s has, with nine\" \/>\n<meta name=\"robots\" content=\"index, follow, max-snippet:-1, max-image-preview:large, max-video-preview:-1\" \/>\n<link rel=\"canonical\" href=\"https:\/\/www.fcbarcelonanoticias.com\/en\/feminine-football\/the-barca-makes-history-in-the-world-wide-feminine-of-football-of-new-zealand-and-australia_293990_102.html\" \/>\n<meta property=\"og:locale\" content=\"en_US\" \/>\n<meta property=\"og:type\" content=\"article\" \/>\n<meta property=\"og:title\" content=\"The Bar\u00e7a makes history in the world-wide feminine of football of New Zealand and Australia\" \/>\n<meta property=\"og:description\" content=\"The World-wide feminine of football starts the next 20 July in Australia and New Zealand. Eighteen players of the Bar\u00e7a will play the Glass with his selections, being Spain the one who more footballers cul\u00e9s has, with nine\" \/>\n<meta property=\"og:url\" content=\"https:\/\/www.fcbarcelonanoticias.com\/en\/feminine-football\/the-barca-makes-history-in-the-world-wide-feminine-of-football-of-new-zealand-and-australia_293990_102.html\" \/>\n<meta property=\"og:site_name\" content=\"EN - FC Barcelona Noticias\" \/>\n<meta property=\"article:published_time\" content=\"2023-07-11T12:10:00+00:00\" \/>\n<meta property=\"og:image\" content=\"https:\/\/www.fcbarcelonanoticias.com\/en\/wp-content\/uploads\/sites\/2\/2023\/07\/mapi-leon-tras-el-premio-the-best.jpeg\" \/>\n\t<meta property=\"og:image:width\" content=\"1300\" \/>\n\t<meta property=\"og:image:height\" content=\"749\" \/>\n\t<meta property=\"og:image:type\" content=\"image\/jpeg\" \/>\n<meta name=\"author\" content=\"Mar\u00eda Alejandra Camacho\" \/>\n<meta name=\"twitter:card\" content=\"summary_large_image\" \/>\n<meta name=\"twitter:label1\" content=\"Written by\" \/>\n\t<meta name=\"twitter:data1\" content=\"Mar\u00eda Alejandra Camacho\" \/>\n\t<meta name=\"twitter:label2\" content=\"Est. reading time\" \/>\n\t<meta name=\"twitter:data2\" content=\"2 minutes\" \/>\n<script type=\"application\/ld+json\" class=\"yoast-schema-graph\">{\"@context\":\"https:\\\/\\\/schema.org\",\"@graph\":[{\"@type\":\"Article\",\"@id\":\"https:\\\/\\\/www.fcbarcelonanoticias.com\\\/en\\\/feminine-football\\\/the-barca-makes-history-in-the-world-wide-feminine-of-football-of-new-zealand-and-australia_293990_102.html#article\",\"isPartOf\":{\"@id\":\"https:\\\/\\\/www.fcbarcelonanoticias.com\\\/en\\\/feminine-football\\\/the-barca-makes-history-in-the-world-wide-feminine-of-football-of-new-zealand-and-australia_293990_102.html\"},\"author\":{\"name\":\"Mar\u00eda Alejandra Camacho\",\"@id\":\"https:\\\/\\\/www.fcbarcelonanoticias.com\\\/en\\\/#\\\/schema\\\/person\\\/6dabf936eaa66def2cadb54f0dd32ac1\"},\"headline\":\"Bar\u00e7a makes history at the Women&#8217;s World Cup in New Zealand and Australia\",\"datePublished\":\"2023-07-11T12:10:00+00:00\",\"mainEntityOfPage\":{\"@id\":\"https:\\\/\\\/www.fcbarcelonanoticias.com\\\/en\\\/feminine-football\\\/the-barca-makes-history-in-the-world-wide-feminine-of-football-of-new-zealand-and-australia_293990_102.html\"},\"wordCount\":416,\"image\":{\"@id\":\"https:\\\/\\\/www.fcbarcelonanoticias.com\\\/en\\\/feminine-football\\\/the-barca-makes-history-in-the-world-wide-feminine-of-football-of-new-zealand-and-australia_293990_102.html#primaryimage\"},\"thumbnailUrl\":\"https:\\\/\\\/www.fcbarcelonanoticias.com\\\/en\\\/wp-content\\\/uploads\\\/sites\\\/2\\\/2023\\\/07\\\/mapi-leon-tras-el-premio-the-best.jpeg\",\"keywords\":[\"Joan Laporta\"],\"articleSection\":[\"Women's Football\",\"Women's Football\"],\"inLanguage\":\"en-US\"},{\"@type\":\"WebPage\",\"@id\":\"https:\\\/\\\/www.fcbarcelonanoticias.com\\\/en\\\/feminine-football\\\/the-barca-makes-history-in-the-world-wide-feminine-of-football-of-new-zealand-and-australia_293990_102.html\",\"url\":\"https:\\\/\\\/www.fcbarcelonanoticias.com\\\/en\\\/feminine-football\\\/the-barca-makes-history-in-the-world-wide-feminine-of-football-of-new-zealand-and-australia_293990_102.html\",\"name\":\"The Bar\u00e7a makes history in the world-wide feminine of football of New Zealand and Australia\",\"isPartOf\":{\"@id\":\"https:\\\/\\\/www.fcbarcelonanoticias.com\\\/en\\\/#website\"},\"primaryImageOfPage\":{\"@id\":\"https:\\\/\\\/www.fcbarcelonanoticias.com\\\/en\\\/feminine-football\\\/the-barca-makes-history-in-the-world-wide-feminine-of-football-of-new-zealand-and-australia_293990_102.html#primaryimage\"},\"image\":{\"@id\":\"https:\\\/\\\/www.fcbarcelonanoticias.com\\\/en\\\/feminine-football\\\/the-barca-makes-history-in-the-world-wide-feminine-of-football-of-new-zealand-and-australia_293990_102.html#primaryimage\"},\"thumbnailUrl\":\"https:\\\/\\\/www.fcbarcelonanoticias.com\\\/en\\\/wp-content\\\/uploads\\\/sites\\\/2\\\/2023\\\/07\\\/mapi-leon-tras-el-premio-the-best.jpeg\",\"datePublished\":\"2023-07-11T12:10:00+00:00\",\"author\":{\"@id\":\"https:\\\/\\\/www.fcbarcelonanoticias.com\\\/en\\\/#\\\/schema\\\/person\\\/6dabf936eaa66def2cadb54f0dd32ac1\"},\"description\":\"The World-wide feminine of football starts the next 20 July in Australia and New Zealand. Eighteen players of the Bar\u00e7a will play the Glass with his selections, being Spain the one who more footballers cul\u00e9s has, with nine\",\"breadcrumb\":{\"@id\":\"https:\\\/\\\/www.fcbarcelonanoticias.com\\\/en\\\/feminine-football\\\/the-barca-makes-history-in-the-world-wide-feminine-of-football-of-new-zealand-and-australia_293990_102.html#breadcrumb\"},\"inLanguage\":\"en-US\",\"potentialAction\":[{\"@type\":\"ReadAction\",\"target\":[\"https:\\\/\\\/www.fcbarcelonanoticias.com\\\/en\\\/feminine-football\\\/the-barca-makes-history-in-the-world-wide-feminine-of-football-of-new-zealand-and-australia_293990_102.html\"]}]},{\"@type\":\"ImageObject\",\"inLanguage\":\"en-US\",\"@id\":\"https:\\\/\\\/www.fcbarcelonanoticias.com\\\/en\\\/feminine-football\\\/the-barca-makes-history-in-the-world-wide-feminine-of-football-of-new-zealand-and-australia_293990_102.html#primaryimage\",\"url\":\"https:\\\/\\\/www.fcbarcelonanoticias.com\\\/en\\\/wp-content\\\/uploads\\\/sites\\\/2\\\/2023\\\/07\\\/mapi-leon-tras-el-premio-the-best.jpeg\",\"contentUrl\":\"https:\\\/\\\/www.fcbarcelonanoticias.com\\\/en\\\/wp-content\\\/uploads\\\/sites\\\/2\\\/2023\\\/07\\\/mapi-leon-tras-el-premio-the-best.jpeg\",\"width\":1300,\"height\":749},{\"@type\":\"BreadcrumbList\",\"@id\":\"https:\\\/\\\/www.fcbarcelonanoticias.com\\\/en\\\/feminine-football\\\/the-barca-makes-history-in-the-world-wide-feminine-of-football-of-new-zealand-and-australia_293990_102.html#breadcrumb\",\"itemListElement\":[{\"@type\":\"ListItem\",\"position\":1,\"name\":\"Portada\",\"item\":\"https:\\\/\\\/www.fcbarcelonanoticias.com\\\/en\\\/\"},{\"@type\":\"ListItem\",\"position\":2,\"name\":\"Bar\u00e7a makes history at the Women&#8217;s World Cup in New Zealand and Australia\"}]},{\"@type\":\"WebSite\",\"@id\":\"https:\\\/\\\/www.fcbarcelonanoticias.com\\\/en\\\/#website\",\"url\":\"https:\\\/\\\/www.fcbarcelonanoticias.com\\\/en\\\/\",\"name\":\"EN - FC Barcelona Noticias\",\"description\":\"\",\"potentialAction\":[{\"@type\":\"SearchAction\",\"target\":{\"@type\":\"EntryPoint\",\"urlTemplate\":\"https:\\\/\\\/www.fcbarcelonanoticias.com\\\/en\\\/?s={search_term_string}\"},\"query-input\":{\"@type\":\"PropertyValueSpecification\",\"valueRequired\":true,\"valueName\":\"search_term_string\"}}],\"inLanguage\":\"en-US\"},{\"@type\":\"Person\",\"@id\":\"https:\\\/\\\/www.fcbarcelonanoticias.com\\\/en\\\/#\\\/schema\\\/person\\\/6dabf936eaa66def2cadb54f0dd32ac1\",\"name\":\"Mar\u00eda Alejandra Camacho\",\"image\":{\"@type\":\"ImageObject\",\"inLanguage\":\"en-US\",\"@id\":\"https:\\\/\\\/secure.gravatar.com\\\/avatar\\\/?s=96&d=mm&r=g\",\"url\":\"https:\\\/\\\/secure.gravatar.com\\\/avatar\\\/?s=96&d=mm&r=g\",\"contentUrl\":\"https:\\\/\\\/secure.gravatar.com\\\/avatar\\\/?s=96&d=mm&r=g\",\"caption\":\"Mar\u00eda Alejandra Camacho\"},\"url\":\"https:\\\/\\\/www.fcbarcelonanoticias.com\\\/en\\\/maria-alejandra-camacho_22_115.html\"}]}<\/script>\n<!-- \/ Yoast SEO plugin. -->","yoast_head_json":{"title":"The Bar\u00e7a makes history in the world-wide feminine of football of New Zealand and Australia","description":"The World-wide feminine of football starts the next 20 July in Australia and New Zealand. Eighteen players of the Bar\u00e7a will play the Glass with his selections, being Spain the one who more footballers cul\u00e9s has, with nine","robots":{"index":"index","follow":"follow","max-snippet":"max-snippet:-1","max-image-preview":"max-image-preview:large","max-video-preview":"max-video-preview:-1"},"canonical":"https:\/\/www.fcbarcelonanoticias.com\/en\/feminine-football\/the-barca-makes-history-in-the-world-wide-feminine-of-football-of-new-zealand-and-australia_293990_102.html","og_locale":"en_US","og_type":"article","og_title":"The Bar\u00e7a makes history in the world-wide feminine of football of New Zealand and Australia","og_description":"The World-wide feminine of football starts the next 20 July in Australia and New Zealand. Eighteen players of the Bar\u00e7a will play the Glass with his selections, being Spain the one who more footballers cul\u00e9s has, with nine","og_url":"https:\/\/www.fcbarcelonanoticias.com\/en\/feminine-football\/the-barca-makes-history-in-the-world-wide-feminine-of-football-of-new-zealand-and-australia_293990_102.html","og_site_name":"EN - FC Barcelona Noticias","article_published_time":"2023-07-11T12:10:00+00:00","og_image":[{"width":1300,"height":749,"url":"https:\/\/www.fcbarcelonanoticias.com\/en\/wp-content\/uploads\/sites\/2\/2023\/07\/mapi-leon-tras-el-premio-the-best.jpeg","type":"image\/jpeg"}],"author":"Mar\u00eda Alejandra Camacho","twitter_card":"summary_large_image","twitter_misc":{"Written by":"Mar\u00eda Alejandra Camacho","Est. reading time":"2 minutes"},"schema":{"@context":"https:\/\/schema.org","@graph":[{"@type":"Article","@id":"https:\/\/www.fcbarcelonanoticias.com\/en\/feminine-football\/the-barca-makes-history-in-the-world-wide-feminine-of-football-of-new-zealand-and-australia_293990_102.html#article","isPartOf":{"@id":"https:\/\/www.fcbarcelonanoticias.com\/en\/feminine-football\/the-barca-makes-history-in-the-world-wide-feminine-of-football-of-new-zealand-and-australia_293990_102.html"},"author":{"name":"Mar\u00eda Alejandra Camacho","@id":"https:\/\/www.fcbarcelonanoticias.com\/en\/#\/schema\/person\/6dabf936eaa66def2cadb54f0dd32ac1"},"headline":"Bar\u00e7a makes history at the Women&#8217;s World Cup in New Zealand and Australia","datePublished":"2023-07-11T12:10:00+00:00","mainEntityOfPage":{"@id":"https:\/\/www.fcbarcelonanoticias.com\/en\/feminine-football\/the-barca-makes-history-in-the-world-wide-feminine-of-football-of-new-zealand-and-australia_293990_102.html"},"wordCount":416,"image":{"@id":"https:\/\/www.fcbarcelonanoticias.com\/en\/feminine-football\/the-barca-makes-history-in-the-world-wide-feminine-of-football-of-new-zealand-and-australia_293990_102.html#primaryimage"},"thumbnailUrl":"https:\/\/www.fcbarcelonanoticias.com\/en\/wp-content\/uploads\/sites\/2\/2023\/07\/mapi-leon-tras-el-premio-the-best.jpeg","keywords":["Joan Laporta"],"articleSection":["Women's Football","Women's Football"],"inLanguage":"en-US"},{"@type":"WebPage","@id":"https:\/\/www.fcbarcelonanoticias.com\/en\/feminine-football\/the-barca-makes-history-in-the-world-wide-feminine-of-football-of-new-zealand-and-australia_293990_102.html","url":"https:\/\/www.fcbarcelonanoticias.com\/en\/feminine-football\/the-barca-makes-history-in-the-world-wide-feminine-of-football-of-new-zealand-and-australia_293990_102.html","name":"The Bar\u00e7a makes history in the world-wide feminine of football of New Zealand and Australia","isPartOf":{"@id":"https:\/\/www.fcbarcelonanoticias.com\/en\/#website"},"primaryImageOfPage":{"@id":"https:\/\/www.fcbarcelonanoticias.com\/en\/feminine-football\/the-barca-makes-history-in-the-world-wide-feminine-of-football-of-new-zealand-and-australia_293990_102.html#primaryimage"},"image":{"@id":"https:\/\/www.fcbarcelonanoticias.com\/en\/feminine-football\/the-barca-makes-history-in-the-world-wide-feminine-of-football-of-new-zealand-and-australia_293990_102.html#primaryimage"},"thumbnailUrl":"https:\/\/www.fcbarcelonanoticias.com\/en\/wp-content\/uploads\/sites\/2\/2023\/07\/mapi-leon-tras-el-premio-the-best.jpeg","datePublished":"2023-07-11T12:10:00+00:00","author":{"@id":"https:\/\/www.fcbarcelonanoticias.com\/en\/#\/schema\/person\/6dabf936eaa66def2cadb54f0dd32ac1"},"description":"The World-wide feminine of football starts the next 20 July in Australia and New Zealand. Eighteen players of the Bar\u00e7a will play the Glass with his selections, being Spain the one who more footballers cul\u00e9s has, with nine","breadcrumb":{"@id":"https:\/\/www.fcbarcelonanoticias.com\/en\/feminine-football\/the-barca-makes-history-in-the-world-wide-feminine-of-football-of-new-zealand-and-australia_293990_102.html#breadcrumb"},"inLanguage":"en-US","potentialAction":[{"@type":"ReadAction","target":["https:\/\/www.fcbarcelonanoticias.com\/en\/feminine-football\/the-barca-makes-history-in-the-world-wide-feminine-of-football-of-new-zealand-and-australia_293990_102.html"]}]},{"@type":"ImageObject","inLanguage":"en-US","@id":"https:\/\/www.fcbarcelonanoticias.com\/en\/feminine-football\/the-barca-makes-history-in-the-world-wide-feminine-of-football-of-new-zealand-and-australia_293990_102.html#primaryimage","url":"https:\/\/www.fcbarcelonanoticias.com\/en\/wp-content\/uploads\/sites\/2\/2023\/07\/mapi-leon-tras-el-premio-the-best.jpeg","contentUrl":"https:\/\/www.fcbarcelonanoticias.com\/en\/wp-content\/uploads\/sites\/2\/2023\/07\/mapi-leon-tras-el-premio-the-best.jpeg","width":1300,"height":749},{"@type":"BreadcrumbList","@id":"https:\/\/www.fcbarcelonanoticias.com\/en\/feminine-football\/the-barca-makes-history-in-the-world-wide-feminine-of-football-of-new-zealand-and-australia_293990_102.html#breadcrumb","itemListElement":[{"@type":"ListItem","position":1,"name":"Portada","item":"https:\/\/www.fcbarcelonanoticias.com\/en\/"},{"@type":"ListItem","position":2,"name":"Bar\u00e7a makes history at the Women&#8217;s World Cup in New Zealand and Australia"}]},{"@type":"WebSite","@id":"https:\/\/www.fcbarcelonanoticias.com\/en\/#website","url":"https:\/\/www.fcbarcelonanoticias.com\/en\/","name":"EN - FC Barcelona Noticias","description":"","potentialAction":[{"@type":"SearchAction","target":{"@type":"EntryPoint","urlTemplate":"https:\/\/www.fcbarcelonanoticias.com\/en\/?s={search_term_string}"},"query-input":{"@type":"PropertyValueSpecification","valueRequired":true,"valueName":"search_term_string"}}],"inLanguage":"en-US"},{"@type":"Person","@id":"https:\/\/www.fcbarcelonanoticias.com\/en\/#\/schema\/person\/6dabf936eaa66def2cadb54f0dd32ac1","name":"Mar\u00eda Alejandra Camacho","image":{"@type":"ImageObject","inLanguage":"en-US","@id":"https:\/\/secure.gravatar.com\/avatar\/?s=96&d=mm&r=g","url":"https:\/\/secure.gravatar.com\/avatar\/?s=96&d=mm&r=g","contentUrl":"https:\/\/secure.gravatar.com\/avatar\/?s=96&d=mm&r=g","caption":"Mar\u00eda Alejandra Camacho"},"url":"https:\/\/www.fcbarcelonanoticias.com\/en\/maria-alejandra-camacho_22_115.html"}]}},"_links":{"self":[{"href":"https:\/\/www.fcbarcelonanoticias.com\/en\/wp-json\/wp\/v2\/posts\/39003","targetHints":{"allow":["GET"]}}],"collection":[{"href":"https:\/\/www.fcbarcelonanoticias.com\/en\/wp-json\/wp\/v2\/posts"}],"about":[{"href":"https:\/\/www.fcbarcelonanoticias.com\/en\/wp-json\/wp\/v2\/types\/post"}],"author":[{"embeddable":true,"href":"https:\/\/www.fcbarcelonanoticias.com\/en\/wp-json\/wp\/v2\/users\/349"}],"replies":[{"embeddable":true,"href":"https:\/\/www.fcbarcelonanoticias.com\/en\/wp-json\/wp\/v2\/comments?post=39003"}],"version-history":[{"count":1,"href":"https:\/\/www.fcbarcelonanoticias.com\/en\/wp-json\/wp\/v2\/posts\/39003\/revisions"}],"predecessor-version":[{"id":112360,"href":"https:\/\/www.fcbarcelonanoticias.com\/en\/wp-json\/wp\/v2\/posts\/39003\/revisions\/112360"}],"wp:featuredmedia":[{"embeddable":true,"href":"https:\/\/www.fcbarcelonanoticias.com\/en\/wp-json\/wp\/v2\/media\/39004"}],"wp:attachment":[{"href":"https:\/\/www.fcbarcelonanoticias.com\/en\/wp-json\/wp\/v2\/media?parent=39003"}],"wp:term":[{"taxonomy":"category","embeddable":true,"href":"https:\/\/www.fcbarcelonanoticias.com\/en\/wp-json\/wp\/v2\/categories?post=39003"},{"taxonomy":"post_tag","embeddable":true,"href":"https:\/\/www.fcbarcelonanoticias.com\/en\/wp-json\/wp\/v2\/tags?post=39003"}],"curies":[{"name":"wp","href":"https:\/\/api.w.org\/{rel}","templated":true}]}}