{"id":39011,"date":"2025-01-21T22:32:00","date_gmt":"2025-01-21T21:32:00","guid":{"rendered":"https:\/\/weisetech.dev\/fc-barcelona-noticias\/en\/another-robbery-for-barcelona-controversial-penalty-of-szczesny-against-benfica_310261_102\/"},"modified":"2025-01-21T22:33:00","modified_gmt":"2025-01-21T21:33:00","slug":"another-robbery-for-barcelona-controversial-penalty-of-szczesny-against-benfica_310261_102","status":"publish","type":"post","link":"https:\/\/www.fcbarcelonanoticias.com\/en\/football-soccer\/champions-league\/another-robbery-for-barcelona-controversial-penalty-of-szczesny-against-benfica_310261_102.html","title":{"rendered":"Another robbery for Bar\u00e7a? The controversial penalty of Szczesny against Benfica"},"content":{"rendered":"<h2 class=\"wp-block-heading\">Referee Danny Makkelie awarded a controversial penalty against Wojciech Szczesny for a foul on Kerem Akt\u00fcrkoglu in the Benfica-Bar\u00e7a match. The Pole did not make contact with the Turkish winger, but the Dutch referee called the foul.<\/h2>  \r\n<div class=\"article-addons\">\r\n    <a href=\"https:\/\/www.fcbarcelonanoticias.com\/calendar-fc-barcelona.html\"\r\n       target=\"_self\"\r\n       title=\"Calendar of FC Barcelona\"\r\n       class=\"blue-gredient-btn\">\r\n       \r\n        Calendar of FC Barcelona    <\/a>\r\n<\/div>   <p>Wojciech Szczesny had a first half to forget against Benfica where, in addition to a poor clearance that cost FC Barcelona a goal, he also committed a penalty that extended the home team&#8217;s lead in Lisbon. <strong>In the 28th minute, the Pole rushed out to challenge the Turk Kerem Akt\u00fcrkoglu<\/strong>, who ended up falling as he was forced to jump to avoid the goalkeeper&#8217;s tackle.<\/p>  <p>Referee Danny Makkelie did not hesitate to call a foul that initially seemed clear, as the &#8217;25&#8217; never made contact with the ball. However, <strong>the images from the television broadcast did not show clear contact with Akt\u00fcrkoglu<\/strong>, as the Turk jumped before being hit by Szczesny. Despite this, the Dutch referee maintained his decision, and this time there was no VAR call to overturn it. The &#8217;14&#8217; from Benfica converted the penalty, completing his &#8216;hat-trick&#8217; in just half an hour of play.<\/p>  <div data-oembed-url=\"https:\/\/x.com\/MovistarFutbol\/status\/1881802416682647646\"> <blockquote align=\"center\" class=\"twitter-tweet\" data-dnt=\"true\"> <p dir=\"ltr\" lang=\"ro\">Penalty awarded to Benfica for this action by Szcz\u0119sny on Akturkoglu. <a href=\"https:\/\/twitter.com\/en\/hashtag\/UCL?src=hash&amp;ref_src=twsrc%5Etfw\">#UCL<\/a> <a href=\"https:\/\/twitter.com\/en\/hashtag\/LaCasaDelF%C3%BAtbol?src=hash&amp;ref_src=twsrc%5Etfw\">#LaCasaDelF\u00fatbol<\/a> <a href=\"https:\/\/t.co\/en\/LGxpE7FZPz\">pic.twitter.com\/LGxpE7FZPz<\/a><\/p> \u2014 Football on Movistar Plus+ (@MovistarFutbol) <a href=\"https:\/\/twitter.com\/en\/MovistarFutbol\/status\/1881802416682647646?ref_src=twsrc%5Etfw\">January 21, 2025<\/a> <\/blockquote>  <\/div>  <h3>Bar\u00e7a also suffers from refereeing in Europe<\/h3>  <p>Previously, in the 11th minute, Makkelie overlooked a clear stomp by Tom\u00e1s Ara\u00fajo on Alejandro Balde inside the area, despite being right in front of the play, less than 1 meter away. <strong>The referee had called a corner in favor of Bar\u00e7a, but VAR alerted that the Portuguese defender never touched the ball<\/strong>, as he arrived late and ended up stepping on \u00c1lex&#8217;s right foot. After reviewing the monitor, the Dutch referee awarded the penalty that Robert Lewandowski converted to make it 1-1.<\/p>  <p>In contrast, in the penalty against Szczesny, there was no luck to avoid another robbery for a Bar\u00e7a that is also beginning to suffer from refereeing errors in the Champions League. <strong>Makkelie only booked Gavi in the first half for a clear pull on Schjelderup<\/strong>. Otamendi, Florentino, and Ara\u00fajo himself also made strong challenges before the break, but the Dutch referee was much more lenient with a home team that executed their plan perfectly to exploit the spaces in the Bar\u00e7a defense.<\/p> ","protected":false},"excerpt":{"rendered":"<p>Referee Danny Makkelie awarded a controversial penalty against Wojciech Szczesny for a foul on Kerem Akt\u00fcrkoglu in the Benfica-Bar\u00e7a match. The Pole did not make contact with the Turkish winger, but the Dutch referee called the foul. Wojciech Szczesny had a first half to forget against Benfica where, in addition to a poor clearance that [&hellip;]<\/p>\n","protected":false},"author":347,"featured_media":39012,"comment_status":"closed","ping_status":"open","sticky":false,"template":"","format":"standard","meta":{"_acf_changed":false,"inline_featured_image":false,"_nextfly_llmd_date_locked":false,"footnotes":""},"categories":[447,112],"tags":[],"class_list":["post-39011","post","type-post","status-publish","format-standard","has-post-thumbnail","hentry","category-champions-league-2","category-champions-league"],"acf":[],"yoast_head":"<!-- This site is optimized with the Yoast SEO plugin v27.3 - https:\/\/yoast.com\/product\/yoast-seo-wordpress\/ -->\n<title>Another robbery for Bar\u00e7a? The controversial penalty of Szczesny against Benfica<\/title>\n<meta name=\"description\" content=\"Referee Danny Makkelie awarded a controversial penalty against Wojciech Szczesny for a foul on Kerem Akt\u00fcrkoglu in the Benfica-Bar\u00e7a match. The Pole did not make contact with the Turkish winger, but the Dutch referee called the foul.\" \/>\n<meta name=\"robots\" content=\"index, follow, max-snippet:-1, max-image-preview:large, max-video-preview:-1\" \/>\n<link rel=\"canonical\" href=\"https:\/\/www.fcbarcelonanoticias.com\/en\/football-soccer\/champions-league\/another-robbery-for-barcelona-controversial-penalty-of-szczesny-against-benfica_310261_102.html\" \/>\n<meta property=\"og:locale\" content=\"en_US\" \/>\n<meta property=\"og:type\" content=\"article\" \/>\n<meta property=\"og:title\" content=\"Another robbery for Bar\u00e7a? The controversial penalty of Szczesny against Benfica\" \/>\n<meta property=\"og:description\" content=\"Referee Danny Makkelie awarded a controversial penalty against Wojciech Szczesny for a foul on Kerem Akt\u00fcrkoglu in the Benfica-Bar\u00e7a match. The Pole did not make contact with the Turkish winger, but the Dutch referee called the foul.\" \/>\n<meta property=\"og:url\" content=\"https:\/\/www.fcbarcelonanoticias.com\/en\/football-soccer\/champions-league\/another-robbery-for-barcelona-controversial-penalty-of-szczesny-against-benfica_310261_102.html\" \/>\n<meta property=\"og:site_name\" content=\"EN - FC Barcelona Noticias\" \/>\n<meta property=\"article:published_time\" content=\"2025-01-21T21:32:00+00:00\" \/>\n<meta property=\"article:modified_time\" content=\"2025-01-21T21:33:00+00:00\" \/>\n<meta property=\"og:image\" content=\"https:\/\/www.fcbarcelonanoticias.com\/en\/wp-content\/uploads\/sites\/2\/2025\/01\/szczesny-penalti-v-benfica.jpeg\" \/>\n\t<meta property=\"og:image:width\" content=\"1200\" \/>\n\t<meta property=\"og:image:height\" content=\"675\" \/>\n\t<meta property=\"og:image:type\" content=\"image\/jpeg\" \/>\n<meta name=\"author\" content=\"Andr\u00e9s Quiroz\" \/>\n<meta name=\"twitter:card\" content=\"summary_large_image\" \/>\n<meta name=\"twitter:label1\" content=\"Written by\" \/>\n\t<meta name=\"twitter:data1\" content=\"Andr\u00e9s Quiroz\" \/>\n\t<meta name=\"twitter:label2\" content=\"Est. reading time\" \/>\n\t<meta name=\"twitter:data2\" content=\"2 minutes\" \/>\n<script type=\"application\/ld+json\" class=\"yoast-schema-graph\">{\"@context\":\"https:\\\/\\\/schema.org\",\"@graph\":[{\"@type\":\"Article\",\"@id\":\"https:\\\/\\\/www.fcbarcelonanoticias.com\\\/en\\\/football-soccer\\\/champions-league\\\/another-robbery-for-barcelona-controversial-penalty-of-szczesny-against-benfica_310261_102.html#article\",\"isPartOf\":{\"@id\":\"https:\\\/\\\/www.fcbarcelonanoticias.com\\\/en\\\/football-soccer\\\/champions-league\\\/another-robbery-for-barcelona-controversial-penalty-of-szczesny-against-benfica_310261_102.html\"},\"author\":{\"name\":\"Andr\u00e9s Quiroz\",\"@id\":\"https:\\\/\\\/www.fcbarcelonanoticias.com\\\/en\\\/#\\\/schema\\\/person\\\/c2cd9f6fa1af5c0d0eccd0fefa575c88\"},\"headline\":\"Another robbery for Bar\u00e7a? The controversial penalty of Szczesny against Benfica\",\"datePublished\":\"2025-01-21T21:32:00+00:00\",\"dateModified\":\"2025-01-21T21:33:00+00:00\",\"mainEntityOfPage\":{\"@id\":\"https:\\\/\\\/www.fcbarcelonanoticias.com\\\/en\\\/football-soccer\\\/champions-league\\\/another-robbery-for-barcelona-controversial-penalty-of-szczesny-against-benfica_310261_102.html\"},\"wordCount\":405,\"image\":{\"@id\":\"https:\\\/\\\/www.fcbarcelonanoticias.com\\\/en\\\/football-soccer\\\/champions-league\\\/another-robbery-for-barcelona-controversial-penalty-of-szczesny-against-benfica_310261_102.html#primaryimage\"},\"thumbnailUrl\":\"https:\\\/\\\/www.fcbarcelonanoticias.com\\\/en\\\/wp-content\\\/uploads\\\/sites\\\/2\\\/2025\\\/01\\\/szczesny-penalti-v-benfica.jpeg\",\"articleSection\":[\"Champions League\",\"Champions League\"],\"inLanguage\":\"en-US\"},{\"@type\":\"WebPage\",\"@id\":\"https:\\\/\\\/www.fcbarcelonanoticias.com\\\/en\\\/football-soccer\\\/champions-league\\\/another-robbery-for-barcelona-controversial-penalty-of-szczesny-against-benfica_310261_102.html\",\"url\":\"https:\\\/\\\/www.fcbarcelonanoticias.com\\\/en\\\/football-soccer\\\/champions-league\\\/another-robbery-for-barcelona-controversial-penalty-of-szczesny-against-benfica_310261_102.html\",\"name\":\"Another robbery for Bar\u00e7a? The controversial penalty of Szczesny against Benfica\",\"isPartOf\":{\"@id\":\"https:\\\/\\\/www.fcbarcelonanoticias.com\\\/en\\\/#website\"},\"primaryImageOfPage\":{\"@id\":\"https:\\\/\\\/www.fcbarcelonanoticias.com\\\/en\\\/football-soccer\\\/champions-league\\\/another-robbery-for-barcelona-controversial-penalty-of-szczesny-against-benfica_310261_102.html#primaryimage\"},\"image\":{\"@id\":\"https:\\\/\\\/www.fcbarcelonanoticias.com\\\/en\\\/football-soccer\\\/champions-league\\\/another-robbery-for-barcelona-controversial-penalty-of-szczesny-against-benfica_310261_102.html#primaryimage\"},\"thumbnailUrl\":\"https:\\\/\\\/www.fcbarcelonanoticias.com\\\/en\\\/wp-content\\\/uploads\\\/sites\\\/2\\\/2025\\\/01\\\/szczesny-penalti-v-benfica.jpeg\",\"datePublished\":\"2025-01-21T21:32:00+00:00\",\"dateModified\":\"2025-01-21T21:33:00+00:00\",\"author\":{\"@id\":\"https:\\\/\\\/www.fcbarcelonanoticias.com\\\/en\\\/#\\\/schema\\\/person\\\/c2cd9f6fa1af5c0d0eccd0fefa575c88\"},\"description\":\"Referee Danny Makkelie awarded a controversial penalty against Wojciech Szczesny for a foul on Kerem Akt\u00fcrkoglu in the Benfica-Bar\u00e7a match. The Pole did not make contact with the Turkish winger, but the Dutch referee called the foul.\",\"breadcrumb\":{\"@id\":\"https:\\\/\\\/www.fcbarcelonanoticias.com\\\/en\\\/football-soccer\\\/champions-league\\\/another-robbery-for-barcelona-controversial-penalty-of-szczesny-against-benfica_310261_102.html#breadcrumb\"},\"inLanguage\":\"en-US\",\"potentialAction\":[{\"@type\":\"ReadAction\",\"target\":[\"https:\\\/\\\/www.fcbarcelonanoticias.com\\\/en\\\/football-soccer\\\/champions-league\\\/another-robbery-for-barcelona-controversial-penalty-of-szczesny-against-benfica_310261_102.html\"]}]},{\"@type\":\"ImageObject\",\"inLanguage\":\"en-US\",\"@id\":\"https:\\\/\\\/www.fcbarcelonanoticias.com\\\/en\\\/football-soccer\\\/champions-league\\\/another-robbery-for-barcelona-controversial-penalty-of-szczesny-against-benfica_310261_102.html#primaryimage\",\"url\":\"https:\\\/\\\/www.fcbarcelonanoticias.com\\\/en\\\/wp-content\\\/uploads\\\/sites\\\/2\\\/2025\\\/01\\\/szczesny-penalti-v-benfica.jpeg\",\"contentUrl\":\"https:\\\/\\\/www.fcbarcelonanoticias.com\\\/en\\\/wp-content\\\/uploads\\\/sites\\\/2\\\/2025\\\/01\\\/szczesny-penalti-v-benfica.jpeg\",\"width\":1200,\"height\":675},{\"@type\":\"BreadcrumbList\",\"@id\":\"https:\\\/\\\/www.fcbarcelonanoticias.com\\\/en\\\/football-soccer\\\/champions-league\\\/another-robbery-for-barcelona-controversial-penalty-of-szczesny-against-benfica_310261_102.html#breadcrumb\",\"itemListElement\":[{\"@type\":\"ListItem\",\"position\":1,\"name\":\"Portada\",\"item\":\"https:\\\/\\\/www.fcbarcelonanoticias.com\\\/en\\\/\"},{\"@type\":\"ListItem\",\"position\":2,\"name\":\"Another robbery for Bar\u00e7a? The controversial penalty of Szczesny against Benfica\"}]},{\"@type\":\"WebSite\",\"@id\":\"https:\\\/\\\/www.fcbarcelonanoticias.com\\\/en\\\/#website\",\"url\":\"https:\\\/\\\/www.fcbarcelonanoticias.com\\\/en\\\/\",\"name\":\"EN - FC Barcelona Noticias\",\"description\":\"\",\"potentialAction\":[{\"@type\":\"SearchAction\",\"target\":{\"@type\":\"EntryPoint\",\"urlTemplate\":\"https:\\\/\\\/www.fcbarcelonanoticias.com\\\/en\\\/?s={search_term_string}\"},\"query-input\":{\"@type\":\"PropertyValueSpecification\",\"valueRequired\":true,\"valueName\":\"search_term_string\"}}],\"inLanguage\":\"en-US\"},{\"@type\":\"Person\",\"@id\":\"https:\\\/\\\/www.fcbarcelonanoticias.com\\\/en\\\/#\\\/schema\\\/person\\\/c2cd9f6fa1af5c0d0eccd0fefa575c88\",\"name\":\"Andr\u00e9s Quiroz\",\"image\":{\"@type\":\"ImageObject\",\"inLanguage\":\"en-US\",\"@id\":\"https:\\\/\\\/secure.gravatar.com\\\/avatar\\\/?s=96&d=mm&r=g\",\"url\":\"https:\\\/\\\/secure.gravatar.com\\\/avatar\\\/?s=96&d=mm&r=g\",\"contentUrl\":\"https:\\\/\\\/secure.gravatar.com\\\/avatar\\\/?s=96&d=mm&r=g\",\"caption\":\"Andr\u00e9s Quiroz\"},\"description\":\"Licenciado en Periodismo por la Universidad de los Andes. Me encargo de analizar y compartir los contenidos m\u00e1s destacados de la\u00a0actualidad del F\u00fatbol Club Barcelona, Mercado de Fichajes y F\u00fatbol Internacional en FCBN. La informaci\u00f3n es poder, pero tambi\u00e9n conocimiento.\",\"url\":\"https:\\\/\\\/www.fcbarcelonanoticias.com\\\/en\\\/fc-barcelona\\\/andres-quiroz_17_115.html\"}]}<\/script>\n<!-- \/ Yoast SEO plugin. -->","yoast_head_json":{"title":"Another robbery for Bar\u00e7a? The controversial penalty of Szczesny against Benfica","description":"Referee Danny Makkelie awarded a controversial penalty against Wojciech Szczesny for a foul on Kerem Akt\u00fcrkoglu in the Benfica-Bar\u00e7a match. The Pole did not make contact with the Turkish winger, but the Dutch referee called the foul.","robots":{"index":"index","follow":"follow","max-snippet":"max-snippet:-1","max-image-preview":"max-image-preview:large","max-video-preview":"max-video-preview:-1"},"canonical":"https:\/\/www.fcbarcelonanoticias.com\/en\/football-soccer\/champions-league\/another-robbery-for-barcelona-controversial-penalty-of-szczesny-against-benfica_310261_102.html","og_locale":"en_US","og_type":"article","og_title":"Another robbery for Bar\u00e7a? The controversial penalty of Szczesny against Benfica","og_description":"Referee Danny Makkelie awarded a controversial penalty against Wojciech Szczesny for a foul on Kerem Akt\u00fcrkoglu in the Benfica-Bar\u00e7a match. The Pole did not make contact with the Turkish winger, but the Dutch referee called the foul.","og_url":"https:\/\/www.fcbarcelonanoticias.com\/en\/football-soccer\/champions-league\/another-robbery-for-barcelona-controversial-penalty-of-szczesny-against-benfica_310261_102.html","og_site_name":"EN - FC Barcelona Noticias","article_published_time":"2025-01-21T21:32:00+00:00","article_modified_time":"2025-01-21T21:33:00+00:00","og_image":[{"width":1200,"height":675,"url":"https:\/\/www.fcbarcelonanoticias.com\/en\/wp-content\/uploads\/sites\/2\/2025\/01\/szczesny-penalti-v-benfica.jpeg","type":"image\/jpeg"}],"author":"Andr\u00e9s Quiroz","twitter_card":"summary_large_image","twitter_misc":{"Written by":"Andr\u00e9s Quiroz","Est. reading time":"2 minutes"},"schema":{"@context":"https:\/\/schema.org","@graph":[{"@type":"Article","@id":"https:\/\/www.fcbarcelonanoticias.com\/en\/football-soccer\/champions-league\/another-robbery-for-barcelona-controversial-penalty-of-szczesny-against-benfica_310261_102.html#article","isPartOf":{"@id":"https:\/\/www.fcbarcelonanoticias.com\/en\/football-soccer\/champions-league\/another-robbery-for-barcelona-controversial-penalty-of-szczesny-against-benfica_310261_102.html"},"author":{"name":"Andr\u00e9s Quiroz","@id":"https:\/\/www.fcbarcelonanoticias.com\/en\/#\/schema\/person\/c2cd9f6fa1af5c0d0eccd0fefa575c88"},"headline":"Another robbery for Bar\u00e7a? The controversial penalty of Szczesny against Benfica","datePublished":"2025-01-21T21:32:00+00:00","dateModified":"2025-01-21T21:33:00+00:00","mainEntityOfPage":{"@id":"https:\/\/www.fcbarcelonanoticias.com\/en\/football-soccer\/champions-league\/another-robbery-for-barcelona-controversial-penalty-of-szczesny-against-benfica_310261_102.html"},"wordCount":405,"image":{"@id":"https:\/\/www.fcbarcelonanoticias.com\/en\/football-soccer\/champions-league\/another-robbery-for-barcelona-controversial-penalty-of-szczesny-against-benfica_310261_102.html#primaryimage"},"thumbnailUrl":"https:\/\/www.fcbarcelonanoticias.com\/en\/wp-content\/uploads\/sites\/2\/2025\/01\/szczesny-penalti-v-benfica.jpeg","articleSection":["Champions League","Champions League"],"inLanguage":"en-US"},{"@type":"WebPage","@id":"https:\/\/www.fcbarcelonanoticias.com\/en\/football-soccer\/champions-league\/another-robbery-for-barcelona-controversial-penalty-of-szczesny-against-benfica_310261_102.html","url":"https:\/\/www.fcbarcelonanoticias.com\/en\/football-soccer\/champions-league\/another-robbery-for-barcelona-controversial-penalty-of-szczesny-against-benfica_310261_102.html","name":"Another robbery for Bar\u00e7a? The controversial penalty of Szczesny against Benfica","isPartOf":{"@id":"https:\/\/www.fcbarcelonanoticias.com\/en\/#website"},"primaryImageOfPage":{"@id":"https:\/\/www.fcbarcelonanoticias.com\/en\/football-soccer\/champions-league\/another-robbery-for-barcelona-controversial-penalty-of-szczesny-against-benfica_310261_102.html#primaryimage"},"image":{"@id":"https:\/\/www.fcbarcelonanoticias.com\/en\/football-soccer\/champions-league\/another-robbery-for-barcelona-controversial-penalty-of-szczesny-against-benfica_310261_102.html#primaryimage"},"thumbnailUrl":"https:\/\/www.fcbarcelonanoticias.com\/en\/wp-content\/uploads\/sites\/2\/2025\/01\/szczesny-penalti-v-benfica.jpeg","datePublished":"2025-01-21T21:32:00+00:00","dateModified":"2025-01-21T21:33:00+00:00","author":{"@id":"https:\/\/www.fcbarcelonanoticias.com\/en\/#\/schema\/person\/c2cd9f6fa1af5c0d0eccd0fefa575c88"},"description":"Referee Danny Makkelie awarded a controversial penalty against Wojciech Szczesny for a foul on Kerem Akt\u00fcrkoglu in the Benfica-Bar\u00e7a match. The Pole did not make contact with the Turkish winger, but the Dutch referee called the foul.","breadcrumb":{"@id":"https:\/\/www.fcbarcelonanoticias.com\/en\/football-soccer\/champions-league\/another-robbery-for-barcelona-controversial-penalty-of-szczesny-against-benfica_310261_102.html#breadcrumb"},"inLanguage":"en-US","potentialAction":[{"@type":"ReadAction","target":["https:\/\/www.fcbarcelonanoticias.com\/en\/football-soccer\/champions-league\/another-robbery-for-barcelona-controversial-penalty-of-szczesny-against-benfica_310261_102.html"]}]},{"@type":"ImageObject","inLanguage":"en-US","@id":"https:\/\/www.fcbarcelonanoticias.com\/en\/football-soccer\/champions-league\/another-robbery-for-barcelona-controversial-penalty-of-szczesny-against-benfica_310261_102.html#primaryimage","url":"https:\/\/www.fcbarcelonanoticias.com\/en\/wp-content\/uploads\/sites\/2\/2025\/01\/szczesny-penalti-v-benfica.jpeg","contentUrl":"https:\/\/www.fcbarcelonanoticias.com\/en\/wp-content\/uploads\/sites\/2\/2025\/01\/szczesny-penalti-v-benfica.jpeg","width":1200,"height":675},{"@type":"BreadcrumbList","@id":"https:\/\/www.fcbarcelonanoticias.com\/en\/football-soccer\/champions-league\/another-robbery-for-barcelona-controversial-penalty-of-szczesny-against-benfica_310261_102.html#breadcrumb","itemListElement":[{"@type":"ListItem","position":1,"name":"Portada","item":"https:\/\/www.fcbarcelonanoticias.com\/en\/"},{"@type":"ListItem","position":2,"name":"Another robbery for Bar\u00e7a? The controversial penalty of Szczesny against Benfica"}]},{"@type":"WebSite","@id":"https:\/\/www.fcbarcelonanoticias.com\/en\/#website","url":"https:\/\/www.fcbarcelonanoticias.com\/en\/","name":"EN - FC Barcelona Noticias","description":"","potentialAction":[{"@type":"SearchAction","target":{"@type":"EntryPoint","urlTemplate":"https:\/\/www.fcbarcelonanoticias.com\/en\/?s={search_term_string}"},"query-input":{"@type":"PropertyValueSpecification","valueRequired":true,"valueName":"search_term_string"}}],"inLanguage":"en-US"},{"@type":"Person","@id":"https:\/\/www.fcbarcelonanoticias.com\/en\/#\/schema\/person\/c2cd9f6fa1af5c0d0eccd0fefa575c88","name":"Andr\u00e9s Quiroz","image":{"@type":"ImageObject","inLanguage":"en-US","@id":"https:\/\/secure.gravatar.com\/avatar\/?s=96&d=mm&r=g","url":"https:\/\/secure.gravatar.com\/avatar\/?s=96&d=mm&r=g","contentUrl":"https:\/\/secure.gravatar.com\/avatar\/?s=96&d=mm&r=g","caption":"Andr\u00e9s Quiroz"},"description":"Licenciado en Periodismo por la Universidad de los Andes. Me encargo de analizar y compartir los contenidos m\u00e1s destacados de la\u00a0actualidad del F\u00fatbol Club Barcelona, Mercado de Fichajes y F\u00fatbol Internacional en FCBN. La informaci\u00f3n es poder, pero tambi\u00e9n conocimiento.","url":"https:\/\/www.fcbarcelonanoticias.com\/en\/fc-barcelona\/andres-quiroz_17_115.html"}]}},"_links":{"self":[{"href":"https:\/\/www.fcbarcelonanoticias.com\/en\/wp-json\/wp\/v2\/posts\/39011","targetHints":{"allow":["GET"]}}],"collection":[{"href":"https:\/\/www.fcbarcelonanoticias.com\/en\/wp-json\/wp\/v2\/posts"}],"about":[{"href":"https:\/\/www.fcbarcelonanoticias.com\/en\/wp-json\/wp\/v2\/types\/post"}],"author":[{"embeddable":true,"href":"https:\/\/www.fcbarcelonanoticias.com\/en\/wp-json\/wp\/v2\/users\/347"}],"replies":[{"embeddable":true,"href":"https:\/\/www.fcbarcelonanoticias.com\/en\/wp-json\/wp\/v2\/comments?post=39011"}],"version-history":[{"count":1,"href":"https:\/\/www.fcbarcelonanoticias.com\/en\/wp-json\/wp\/v2\/posts\/39011\/revisions"}],"predecessor-version":[{"id":112464,"href":"https:\/\/www.fcbarcelonanoticias.com\/en\/wp-json\/wp\/v2\/posts\/39011\/revisions\/112464"}],"wp:featuredmedia":[{"embeddable":true,"href":"https:\/\/www.fcbarcelonanoticias.com\/en\/wp-json\/wp\/v2\/media\/39012"}],"wp:attachment":[{"href":"https:\/\/www.fcbarcelonanoticias.com\/en\/wp-json\/wp\/v2\/media?parent=39011"}],"wp:term":[{"taxonomy":"category","embeddable":true,"href":"https:\/\/www.fcbarcelonanoticias.com\/en\/wp-json\/wp\/v2\/categories?post=39011"},{"taxonomy":"post_tag","embeddable":true,"href":"https:\/\/www.fcbarcelonanoticias.com\/en\/wp-json\/wp\/v2\/tags?post=39011"}],"curies":[{"name":"wp","href":"https:\/\/api.w.org\/{rel}","templated":true}]}}