{"id":39021,"date":"2025-01-21T23:46:00","date_gmt":"2025-01-21T22:46:00","guid":{"rendered":"https:\/\/weisetech.dev\/fc-barcelona-noticias\/en\/mvp-of-champions-raphinha-completes-historic-comeback-of-barcelona-in-lisbon_310263_102\/"},"modified":"2025-01-22T02:36:00","modified_gmt":"2025-01-22T01:36:00","slug":"mvp-of-champions-raphinha-completes-historic-comeback-of-barcelona-in-lisbon_310263_102","status":"publish","type":"post","link":"https:\/\/www.fcbarcelonanoticias.com\/en\/football-soccer\/champions-league\/mvp-of-champions-raphinha-completes-historic-comeback-of-barcelona-in-lisbon_310263_102.html","title":{"rendered":"The MVP of the Champions! Raphinha completes the historic comeback of Bar\u00e7a in Lisbon"},"content":{"rendered":"<h2 class=\"wp-block-heading\">Raphinha led the historic comeback of FC Barcelona against Benfica (4-5) with a double that qualified the cul\u00e9s for the round of 16 of the Champions<\/h2>  \r\n<div class=\"article-addons\">\r\n    <a href=\"https:\/\/www.fcbarcelonanoticias.com\/calendar-fc-barcelona.html\"\r\n       target=\"_self\"\r\n       title=\"Calendar of FC Barcelona\"\r\n       class=\"blue-gredient-btn\">\r\n       \r\n        Calendar of FC Barcelona    <\/a>\r\n<\/div>   <p>Raphinha has undoubtedly been the MVP of FC Barcelona in the UEFA Champions League group stage. Against Benfica (4-5), the Brazilian scored another double that completed the historic comeback of the cul\u00e9s at the Est\u00e1dio da Luz, a venue always challenging for the azulgrana team. <a data-external=\"0\" data-intl-links-en=\"https:\/\/www.fcbarcelonanoticias.com\/en\/fc-barcelona\/benfica-fc-barcelona-victory-to-secure-qualification-to-the-champions-round-of-16_310237_102.html\" data-intl-links-es=\"https:\/\/www.fcbarcelonanoticias.com\/fc-barcelona\/benfica-fc-barcelona-victoria-asegurar-clasificacion-octavos-champions_310237_102.html\" href=\"https:\/\/www.fcbarcelonanoticias.com\/en\/fc-barcelona\/benfica-fc-barcelona-victory-to-secure-qualification-to-the-champions-round-of-16_310237_102.html\" rel=\"follow\" target=\"_self\" title=\"Benfica 4-5 FC Barcelona: A victory to secure qualification to the round of 16 of the Champions\">Hansi Flick&#8217;s team was down on the scoreboard 3-1 and 4-2, but managed to turn the game around<\/a> with a goal from Porto Alegre in the 90+6&#8242;.<\/p>  <p>In the last play of the match, Benfica had a free kick where the Portuguese side sought victory. Up to six players from the Lisbon team entered the Catalan area to try to score, but a long clearance from Ferm\u00edn L\u00f3pez allowed Bar\u00e7a to counterattack. Ferran Torres extended with another pass into space for <strong>Raphinha who, despite having two defenders on him, expertly controlled the ball to, with time and space, unleash a shot to the near post<\/strong> and seal the match.<\/p>  <div data-oembed-url=\"https:\/\/x.com\/MovistarFutbol\/status\/1881826119592124816\"> <blockquote align=\"center\" class=\"twitter-tweet\" data-dnt=\"true\"> <p dir=\"ltr\" lang=\"es\">AND CHAOS ERUPTED AT DA LUZ.<br><br> Raphinha scores the 4-5 for Bar\u00e7a in the 96&#8242; after an action where Benfica claimed a penalty. <a href=\"https:\/\/twitter.com\/en\/hashtag\/UCL?src=hash&amp;ref_src=twsrc%5Etfw\">#UCL<\/a> <a href=\"https:\/\/twitter.com\/en\/hashtag\/LaCasaDelF%C3%BAtbol?src=hash&amp;ref_src=twsrc%5Etfw\">#LaCasaDelF\u00fatbol<\/a> <a href=\"https:\/\/t.co\/en\/0I5R50EGn0\">pic.twitter.com\/0I5R50EGn0<\/a><\/p> \u2014 Football on Movistar Plus+ (@MovistarFutbol) <a href=\"https:\/\/twitter.com\/en\/MovistarFutbol\/status\/1881826119592124816?ref_src=twsrc%5Etfw\">January 21, 2025<\/a> <\/blockquote>  <\/div>  <h3>Raphinha revived Bar\u00e7a in their worst moment<\/h3>  <p>Previously, in the 64th minute, the &#8217;11&#8217; had reduced the deficit on the scoreboard with one of the strangest goals in Champions League history. <strong>The azulgrana winger headed a long goal kick from goalkeeper Anatoli Trubin, and the header, from outside the area, ended up in the back of the net<\/strong>. Even Rafa himself seemed to not understand what had happened, as the impact of the ball was very hard. For Bar\u00e7a, the 3-2 came at a crucial moment, just when Hansi Flick&#8217;s team was struggling the most.<\/p>  <p>With his double against Benfica, the team he suffered the most against during his time in the Portuguese league (0 wins, 1 draw, and 7 losses in 8 matches with Vit\u00f3ria Guimar\u00e3es and Sporting CP), <strong>the Brazilian reached 8 goals in the tournament, only surpassed by Robert Lewandowski (9)<\/strong>, who also scored twice thanks to two penalties. The 28-year-old winger has led the awakening of a Bar\u00e7a that has now achieved its sixth consecutive victory after the defeat in the debut against Monaco (2-1), a streak that, regardless of what happens in the rest of matchday 7 and the final date next week, <a data-external=\"0\" data-intl-links-en=\"https:\/\/www.fcbarcelonanoticias.com\/en\/football-soccer\/champions-league\/champions-league-would-fc-barcelona-secure-their-place-in-the-round-of-16-with-victory-against-benfica_310257_102.html\" data-intl-links-es=\"https:\/\/www.fcbarcelonanoticias.com\/futbol\/champions-league\/champions-league-aseguraria-fc-barcelona-su-pase-octavos-con-victoria-benfica_310257_102.html\" href=\"https:\/\/www.fcbarcelonanoticias.com\/en\/football-soccer\/champions-league\/champions-league-would-fc-barcelona-secure-their-place-in-the-round-of-16-with-victory-against-benfica_310257_102.html\" rel=\"follow\" target=\"_self\" title=\"Champions League: Would FC Barcelona secure their place in the round of 16 with a victory against Benfica?\">certifies the azulgrana qualification for the round of 16, without needing to play the &#8216;playoff&#8217;<\/a>.<\/p>  <div data-oembed-url=\"https:\/\/x.com\/MovistarFutbol\/status\/1881817138043765010\"> <blockquote align=\"center\" class=\"twitter-tweet\" data-dnt=\"true\"> <p dir=\"ltr\" lang=\"es\">At the \ud835\udc2b\ud835\udc22\ud835\udc20\ud835\udc21\ud835\udc2d \ud835\udc29\ud835\udc25\ud835\udc1a\ud835\udc1c\ud835\udc1e, at the \ud835\udc1e\ud835\udc31\ud835\udc1a\ud835\udc1c\ud835\udc2d \ud835\udc26\ud835\udc28\ud835\udc26\ud835\udc1e\ud835\udc27\ud835\udc2d. \ud83d\ude33<br><br> Trubin&#8217;s long goal kick found Raphinha.<a href=\"https:\/\/twitter.com\/en\/hashtag\/UCL?src=hash&amp;ref_src=twsrc%5Etfw\">#UCL<\/a> <a href=\"https:\/\/twitter.com\/en\/hashtag\/LaCasaDelF%C3%BAtbol?src=hash&amp;ref_src=twsrc%5Etfw\">#LaCasaDelF\u00fatbol<\/a> <a href=\"https:\/\/t.co\/en\/ooYf2lhVhQ\">pic.twitter.com\/ooYf2lhVhQ<\/a><\/p> \u2014 Football on Movistar Plus+ (@MovistarFutbol) <a href=\"https:\/\/twitter.com\/en\/MovistarFutbol\/status\/1881817138043765010?ref_src=twsrc%5Etfw\">January 21, 2025<\/a> <\/blockquote>  <\/div>  <h3>Raphinha explained what happened after the azulgrana&#8217;s winning goal<\/h3>  <p>After the match, Rafa reflected on the victory and the cul\u00e9 reaction in a stadium that is always difficult for any team. &#8220;They know how to play very well here. They have players of the highest level. <strong>We didn&#8217;t let ourselves go down with the 3-1. We came back focused on our game to try to change the match. It was a spectacular game for everyone.<\/strong> Benfica could very well have won or us, but we took it,&#8221; pointed out the Porto Alegre native.<\/p>  <p>After the end of the match, there was a scuffle with several Lisbon players. Regarding this, Raphinha explained what happened, noting insults from both the local fans and several rivals. &#8220;<strong>We all got heated; when I was leaving for the locker room, I was insulted and I returned the favor. I respect if they respect me, but I won&#8217;t stay silent if they insult me<\/strong>. It&#8217;s normal after a match like this,&#8221; clarified the Bar\u00e7a winger.<\/p>  <div data-oembed-url=\"https:\/\/x.com\/MovistarFutbol\/status\/1881829218138685531\"> <blockquote align=\"center\" class=\"twitter-tweet\" data-dnt=\"true\"> <p dir=\"ltr\" lang=\"es\">\ud83e\udd26\ud83c\udffb\u200d\u2642\ufe0f Raphinha and the final mess in the locker room tunnel:<br><br> &#8220;When I was leaving the field, I was insulted and I returned the favor. In the end, we all got heated but I don&#8217;t take anything home with me.&#8221; <a href=\"https:\/\/twitter.com\/en\/hashtag\/LaCasaDelF%C3%BAtbol?src=hash&amp;ref_src=twsrc%5Etfw\">#LaCasaDelF\u00fatbol<\/a> <a href=\"https:\/\/twitter.com\/en\/hashtag\/UCL?src=hash&amp;ref_src=twsrc%5Etfw\">#UCL<\/a> <a href=\"https:\/\/t.co\/en\/Rc6HzYx6H8\">pic.twitter.com\/Rc6HzYx6H8<\/a><\/p> \u2014 Football on Movistar Plus+ (@MovistarFutbol) <a href=\"https:\/\/twitter.com\/en\/MovistarFutbol\/status\/1881829218138685531?ref_src=twsrc%5Etfw\">January 21, 2025<\/a> <\/blockquote>  <\/div> ","protected":false},"excerpt":{"rendered":"<p>Raphinha led the historic comeback of FC Barcelona against Benfica (4-5) with a double that qualified the cul\u00e9s for the round of 16 of the Champions Raphinha has undoubtedly been the MVP of FC Barcelona in the UEFA Champions League group stage. Against Benfica (4-5), the Brazilian scored another double that completed the historic comeback [&hellip;]<\/p>\n","protected":false},"author":347,"featured_media":39022,"comment_status":"closed","ping_status":"open","sticky":false,"template":"","format":"standard","meta":{"_acf_changed":false,"inline_featured_image":false,"_nextfly_llmd_date_locked":false,"footnotes":""},"categories":[112,447],"tags":[],"class_list":["post-39021","post","type-post","status-publish","format-standard","has-post-thumbnail","hentry","category-champions-league","category-champions-league-2"],"acf":[],"yoast_head":"<!-- This site is optimized with the Yoast SEO plugin v27.3 - https:\/\/yoast.com\/product\/yoast-seo-wordpress\/ -->\n<title>The MVP of the Champions! Raphinha completes the historic comeback of Bar\u00e7a in Lisbon<\/title>\n<meta name=\"description\" content=\"Raphinha led the historic comeback of FC Barcelona against Benfica (4-5) with a double that qualified the cul\u00e9s for the round of 16 of the Champions\" \/>\n<meta name=\"robots\" content=\"index, follow, max-snippet:-1, max-image-preview:large, max-video-preview:-1\" \/>\n<link rel=\"canonical\" href=\"https:\/\/www.fcbarcelonanoticias.com\/en\/football-soccer\/champions-league\/mvp-of-champions-raphinha-completes-historic-comeback-of-barcelona-in-lisbon_310263_102.html\" \/>\n<meta property=\"og:locale\" content=\"en_US\" \/>\n<meta property=\"og:type\" content=\"article\" \/>\n<meta property=\"og:title\" content=\"The MVP of the Champions! Raphinha completes the historic comeback of Bar\u00e7a in Lisbon\" \/>\n<meta property=\"og:description\" content=\"Raphinha led the historic comeback of FC Barcelona against Benfica (4-5) with a double that qualified the cul\u00e9s for the round of 16 of the Champions\" \/>\n<meta property=\"og:url\" content=\"https:\/\/www.fcbarcelonanoticias.com\/en\/football-soccer\/champions-league\/mvp-of-champions-raphinha-completes-historic-comeback-of-barcelona-in-lisbon_310263_102.html\" \/>\n<meta property=\"og:site_name\" content=\"EN - FC Barcelona Noticias\" \/>\n<meta property=\"article:published_time\" content=\"2025-01-21T22:46:00+00:00\" \/>\n<meta property=\"article:modified_time\" content=\"2025-01-22T01:36:00+00:00\" \/>\n<meta property=\"og:image\" content=\"https:\/\/www.fcbarcelonanoticias.com\/en\/wp-content\/uploads\/sites\/2\/2025\/01\/raphinha-mvp-benfica-barcelona.jpeg\" \/>\n\t<meta property=\"og:image:width\" content=\"1200\" \/>\n\t<meta property=\"og:image:height\" content=\"675\" \/>\n\t<meta property=\"og:image:type\" content=\"image\/jpeg\" \/>\n<meta name=\"author\" content=\"Andr\u00e9s Quiroz\" \/>\n<meta name=\"twitter:card\" content=\"summary_large_image\" \/>\n<meta name=\"twitter:label1\" content=\"Written by\" \/>\n\t<meta name=\"twitter:data1\" content=\"Andr\u00e9s Quiroz\" \/>\n\t<meta name=\"twitter:label2\" content=\"Est. reading time\" \/>\n\t<meta name=\"twitter:data2\" content=\"3 minutes\" \/>\n<script type=\"application\/ld+json\" class=\"yoast-schema-graph\">{\"@context\":\"https:\\\/\\\/schema.org\",\"@graph\":[{\"@type\":\"Article\",\"@id\":\"https:\\\/\\\/www.fcbarcelonanoticias.com\\\/en\\\/football-soccer\\\/champions-league\\\/mvp-of-champions-raphinha-completes-historic-comeback-of-barcelona-in-lisbon_310263_102.html#article\",\"isPartOf\":{\"@id\":\"https:\\\/\\\/www.fcbarcelonanoticias.com\\\/en\\\/football-soccer\\\/champions-league\\\/mvp-of-champions-raphinha-completes-historic-comeback-of-barcelona-in-lisbon_310263_102.html\"},\"author\":{\"name\":\"Andr\u00e9s Quiroz\",\"@id\":\"https:\\\/\\\/www.fcbarcelonanoticias.com\\\/en\\\/#\\\/schema\\\/person\\\/c2cd9f6fa1af5c0d0eccd0fefa575c88\"},\"headline\":\"The MVP of the Champions! Raphinha completes the historic comeback of Bar\u00e7a in Lisbon\",\"datePublished\":\"2025-01-21T22:46:00+00:00\",\"dateModified\":\"2025-01-22T01:36:00+00:00\",\"mainEntityOfPage\":{\"@id\":\"https:\\\/\\\/www.fcbarcelonanoticias.com\\\/en\\\/football-soccer\\\/champions-league\\\/mvp-of-champions-raphinha-completes-historic-comeback-of-barcelona-in-lisbon_310263_102.html\"},\"wordCount\":702,\"image\":{\"@id\":\"https:\\\/\\\/www.fcbarcelonanoticias.com\\\/en\\\/football-soccer\\\/champions-league\\\/mvp-of-champions-raphinha-completes-historic-comeback-of-barcelona-in-lisbon_310263_102.html#primaryimage\"},\"thumbnailUrl\":\"https:\\\/\\\/www.fcbarcelonanoticias.com\\\/en\\\/wp-content\\\/uploads\\\/sites\\\/2\\\/2025\\\/01\\\/raphinha-mvp-benfica-barcelona.jpeg\",\"articleSection\":[\"Champions League\",\"Champions League\"],\"inLanguage\":\"en-US\"},{\"@type\":\"WebPage\",\"@id\":\"https:\\\/\\\/www.fcbarcelonanoticias.com\\\/en\\\/football-soccer\\\/champions-league\\\/mvp-of-champions-raphinha-completes-historic-comeback-of-barcelona-in-lisbon_310263_102.html\",\"url\":\"https:\\\/\\\/www.fcbarcelonanoticias.com\\\/en\\\/football-soccer\\\/champions-league\\\/mvp-of-champions-raphinha-completes-historic-comeback-of-barcelona-in-lisbon_310263_102.html\",\"name\":\"The MVP of the Champions! Raphinha completes the historic comeback of Bar\u00e7a in Lisbon\",\"isPartOf\":{\"@id\":\"https:\\\/\\\/www.fcbarcelonanoticias.com\\\/en\\\/#website\"},\"primaryImageOfPage\":{\"@id\":\"https:\\\/\\\/www.fcbarcelonanoticias.com\\\/en\\\/football-soccer\\\/champions-league\\\/mvp-of-champions-raphinha-completes-historic-comeback-of-barcelona-in-lisbon_310263_102.html#primaryimage\"},\"image\":{\"@id\":\"https:\\\/\\\/www.fcbarcelonanoticias.com\\\/en\\\/football-soccer\\\/champions-league\\\/mvp-of-champions-raphinha-completes-historic-comeback-of-barcelona-in-lisbon_310263_102.html#primaryimage\"},\"thumbnailUrl\":\"https:\\\/\\\/www.fcbarcelonanoticias.com\\\/en\\\/wp-content\\\/uploads\\\/sites\\\/2\\\/2025\\\/01\\\/raphinha-mvp-benfica-barcelona.jpeg\",\"datePublished\":\"2025-01-21T22:46:00+00:00\",\"dateModified\":\"2025-01-22T01:36:00+00:00\",\"author\":{\"@id\":\"https:\\\/\\\/www.fcbarcelonanoticias.com\\\/en\\\/#\\\/schema\\\/person\\\/c2cd9f6fa1af5c0d0eccd0fefa575c88\"},\"description\":\"Raphinha led the historic comeback of FC Barcelona against Benfica (4-5) with a double that qualified the cul\u00e9s for the round of 16 of the Champions\",\"breadcrumb\":{\"@id\":\"https:\\\/\\\/www.fcbarcelonanoticias.com\\\/en\\\/football-soccer\\\/champions-league\\\/mvp-of-champions-raphinha-completes-historic-comeback-of-barcelona-in-lisbon_310263_102.html#breadcrumb\"},\"inLanguage\":\"en-US\",\"potentialAction\":[{\"@type\":\"ReadAction\",\"target\":[\"https:\\\/\\\/www.fcbarcelonanoticias.com\\\/en\\\/football-soccer\\\/champions-league\\\/mvp-of-champions-raphinha-completes-historic-comeback-of-barcelona-in-lisbon_310263_102.html\"]}]},{\"@type\":\"ImageObject\",\"inLanguage\":\"en-US\",\"@id\":\"https:\\\/\\\/www.fcbarcelonanoticias.com\\\/en\\\/football-soccer\\\/champions-league\\\/mvp-of-champions-raphinha-completes-historic-comeback-of-barcelona-in-lisbon_310263_102.html#primaryimage\",\"url\":\"https:\\\/\\\/www.fcbarcelonanoticias.com\\\/en\\\/wp-content\\\/uploads\\\/sites\\\/2\\\/2025\\\/01\\\/raphinha-mvp-benfica-barcelona.jpeg\",\"contentUrl\":\"https:\\\/\\\/www.fcbarcelonanoticias.com\\\/en\\\/wp-content\\\/uploads\\\/sites\\\/2\\\/2025\\\/01\\\/raphinha-mvp-benfica-barcelona.jpeg\",\"width\":1200,\"height\":675},{\"@type\":\"BreadcrumbList\",\"@id\":\"https:\\\/\\\/www.fcbarcelonanoticias.com\\\/en\\\/football-soccer\\\/champions-league\\\/mvp-of-champions-raphinha-completes-historic-comeback-of-barcelona-in-lisbon_310263_102.html#breadcrumb\",\"itemListElement\":[{\"@type\":\"ListItem\",\"position\":1,\"name\":\"Portada\",\"item\":\"https:\\\/\\\/www.fcbarcelonanoticias.com\\\/en\\\/\"},{\"@type\":\"ListItem\",\"position\":2,\"name\":\"The MVP of the Champions! Raphinha completes the historic comeback of Bar\u00e7a in Lisbon\"}]},{\"@type\":\"WebSite\",\"@id\":\"https:\\\/\\\/www.fcbarcelonanoticias.com\\\/en\\\/#website\",\"url\":\"https:\\\/\\\/www.fcbarcelonanoticias.com\\\/en\\\/\",\"name\":\"EN - FC Barcelona Noticias\",\"description\":\"\",\"potentialAction\":[{\"@type\":\"SearchAction\",\"target\":{\"@type\":\"EntryPoint\",\"urlTemplate\":\"https:\\\/\\\/www.fcbarcelonanoticias.com\\\/en\\\/?s={search_term_string}\"},\"query-input\":{\"@type\":\"PropertyValueSpecification\",\"valueRequired\":true,\"valueName\":\"search_term_string\"}}],\"inLanguage\":\"en-US\"},{\"@type\":\"Person\",\"@id\":\"https:\\\/\\\/www.fcbarcelonanoticias.com\\\/en\\\/#\\\/schema\\\/person\\\/c2cd9f6fa1af5c0d0eccd0fefa575c88\",\"name\":\"Andr\u00e9s Quiroz\",\"image\":{\"@type\":\"ImageObject\",\"inLanguage\":\"en-US\",\"@id\":\"https:\\\/\\\/secure.gravatar.com\\\/avatar\\\/?s=96&d=mm&r=g\",\"url\":\"https:\\\/\\\/secure.gravatar.com\\\/avatar\\\/?s=96&d=mm&r=g\",\"contentUrl\":\"https:\\\/\\\/secure.gravatar.com\\\/avatar\\\/?s=96&d=mm&r=g\",\"caption\":\"Andr\u00e9s Quiroz\"},\"description\":\"Licenciado en Periodismo por la Universidad de los Andes. Me encargo de analizar y compartir los contenidos m\u00e1s destacados de la\u00a0actualidad del F\u00fatbol Club Barcelona, Mercado de Fichajes y F\u00fatbol Internacional en FCBN. La informaci\u00f3n es poder, pero tambi\u00e9n conocimiento.\",\"url\":\"https:\\\/\\\/www.fcbarcelonanoticias.com\\\/en\\\/fc-barcelona\\\/andres-quiroz_17_115.html\"}]}<\/script>\n<!-- \/ Yoast SEO plugin. -->","yoast_head_json":{"title":"The MVP of the Champions! Raphinha completes the historic comeback of Bar\u00e7a in Lisbon","description":"Raphinha led the historic comeback of FC Barcelona against Benfica (4-5) with a double that qualified the cul\u00e9s for the round of 16 of the Champions","robots":{"index":"index","follow":"follow","max-snippet":"max-snippet:-1","max-image-preview":"max-image-preview:large","max-video-preview":"max-video-preview:-1"},"canonical":"https:\/\/www.fcbarcelonanoticias.com\/en\/football-soccer\/champions-league\/mvp-of-champions-raphinha-completes-historic-comeback-of-barcelona-in-lisbon_310263_102.html","og_locale":"en_US","og_type":"article","og_title":"The MVP of the Champions! Raphinha completes the historic comeback of Bar\u00e7a in Lisbon","og_description":"Raphinha led the historic comeback of FC Barcelona against Benfica (4-5) with a double that qualified the cul\u00e9s for the round of 16 of the Champions","og_url":"https:\/\/www.fcbarcelonanoticias.com\/en\/football-soccer\/champions-league\/mvp-of-champions-raphinha-completes-historic-comeback-of-barcelona-in-lisbon_310263_102.html","og_site_name":"EN - FC Barcelona Noticias","article_published_time":"2025-01-21T22:46:00+00:00","article_modified_time":"2025-01-22T01:36:00+00:00","og_image":[{"width":1200,"height":675,"url":"https:\/\/www.fcbarcelonanoticias.com\/en\/wp-content\/uploads\/sites\/2\/2025\/01\/raphinha-mvp-benfica-barcelona.jpeg","type":"image\/jpeg"}],"author":"Andr\u00e9s Quiroz","twitter_card":"summary_large_image","twitter_misc":{"Written by":"Andr\u00e9s Quiroz","Est. reading time":"3 minutes"},"schema":{"@context":"https:\/\/schema.org","@graph":[{"@type":"Article","@id":"https:\/\/www.fcbarcelonanoticias.com\/en\/football-soccer\/champions-league\/mvp-of-champions-raphinha-completes-historic-comeback-of-barcelona-in-lisbon_310263_102.html#article","isPartOf":{"@id":"https:\/\/www.fcbarcelonanoticias.com\/en\/football-soccer\/champions-league\/mvp-of-champions-raphinha-completes-historic-comeback-of-barcelona-in-lisbon_310263_102.html"},"author":{"name":"Andr\u00e9s Quiroz","@id":"https:\/\/www.fcbarcelonanoticias.com\/en\/#\/schema\/person\/c2cd9f6fa1af5c0d0eccd0fefa575c88"},"headline":"The MVP of the Champions! Raphinha completes the historic comeback of Bar\u00e7a in Lisbon","datePublished":"2025-01-21T22:46:00+00:00","dateModified":"2025-01-22T01:36:00+00:00","mainEntityOfPage":{"@id":"https:\/\/www.fcbarcelonanoticias.com\/en\/football-soccer\/champions-league\/mvp-of-champions-raphinha-completes-historic-comeback-of-barcelona-in-lisbon_310263_102.html"},"wordCount":702,"image":{"@id":"https:\/\/www.fcbarcelonanoticias.com\/en\/football-soccer\/champions-league\/mvp-of-champions-raphinha-completes-historic-comeback-of-barcelona-in-lisbon_310263_102.html#primaryimage"},"thumbnailUrl":"https:\/\/www.fcbarcelonanoticias.com\/en\/wp-content\/uploads\/sites\/2\/2025\/01\/raphinha-mvp-benfica-barcelona.jpeg","articleSection":["Champions League","Champions League"],"inLanguage":"en-US"},{"@type":"WebPage","@id":"https:\/\/www.fcbarcelonanoticias.com\/en\/football-soccer\/champions-league\/mvp-of-champions-raphinha-completes-historic-comeback-of-barcelona-in-lisbon_310263_102.html","url":"https:\/\/www.fcbarcelonanoticias.com\/en\/football-soccer\/champions-league\/mvp-of-champions-raphinha-completes-historic-comeback-of-barcelona-in-lisbon_310263_102.html","name":"The MVP of the Champions! Raphinha completes the historic comeback of Bar\u00e7a in Lisbon","isPartOf":{"@id":"https:\/\/www.fcbarcelonanoticias.com\/en\/#website"},"primaryImageOfPage":{"@id":"https:\/\/www.fcbarcelonanoticias.com\/en\/football-soccer\/champions-league\/mvp-of-champions-raphinha-completes-historic-comeback-of-barcelona-in-lisbon_310263_102.html#primaryimage"},"image":{"@id":"https:\/\/www.fcbarcelonanoticias.com\/en\/football-soccer\/champions-league\/mvp-of-champions-raphinha-completes-historic-comeback-of-barcelona-in-lisbon_310263_102.html#primaryimage"},"thumbnailUrl":"https:\/\/www.fcbarcelonanoticias.com\/en\/wp-content\/uploads\/sites\/2\/2025\/01\/raphinha-mvp-benfica-barcelona.jpeg","datePublished":"2025-01-21T22:46:00+00:00","dateModified":"2025-01-22T01:36:00+00:00","author":{"@id":"https:\/\/www.fcbarcelonanoticias.com\/en\/#\/schema\/person\/c2cd9f6fa1af5c0d0eccd0fefa575c88"},"description":"Raphinha led the historic comeback of FC Barcelona against Benfica (4-5) with a double that qualified the cul\u00e9s for the round of 16 of the Champions","breadcrumb":{"@id":"https:\/\/www.fcbarcelonanoticias.com\/en\/football-soccer\/champions-league\/mvp-of-champions-raphinha-completes-historic-comeback-of-barcelona-in-lisbon_310263_102.html#breadcrumb"},"inLanguage":"en-US","potentialAction":[{"@type":"ReadAction","target":["https:\/\/www.fcbarcelonanoticias.com\/en\/football-soccer\/champions-league\/mvp-of-champions-raphinha-completes-historic-comeback-of-barcelona-in-lisbon_310263_102.html"]}]},{"@type":"ImageObject","inLanguage":"en-US","@id":"https:\/\/www.fcbarcelonanoticias.com\/en\/football-soccer\/champions-league\/mvp-of-champions-raphinha-completes-historic-comeback-of-barcelona-in-lisbon_310263_102.html#primaryimage","url":"https:\/\/www.fcbarcelonanoticias.com\/en\/wp-content\/uploads\/sites\/2\/2025\/01\/raphinha-mvp-benfica-barcelona.jpeg","contentUrl":"https:\/\/www.fcbarcelonanoticias.com\/en\/wp-content\/uploads\/sites\/2\/2025\/01\/raphinha-mvp-benfica-barcelona.jpeg","width":1200,"height":675},{"@type":"BreadcrumbList","@id":"https:\/\/www.fcbarcelonanoticias.com\/en\/football-soccer\/champions-league\/mvp-of-champions-raphinha-completes-historic-comeback-of-barcelona-in-lisbon_310263_102.html#breadcrumb","itemListElement":[{"@type":"ListItem","position":1,"name":"Portada","item":"https:\/\/www.fcbarcelonanoticias.com\/en\/"},{"@type":"ListItem","position":2,"name":"The MVP of the Champions! Raphinha completes the historic comeback of Bar\u00e7a in Lisbon"}]},{"@type":"WebSite","@id":"https:\/\/www.fcbarcelonanoticias.com\/en\/#website","url":"https:\/\/www.fcbarcelonanoticias.com\/en\/","name":"EN - FC Barcelona Noticias","description":"","potentialAction":[{"@type":"SearchAction","target":{"@type":"EntryPoint","urlTemplate":"https:\/\/www.fcbarcelonanoticias.com\/en\/?s={search_term_string}"},"query-input":{"@type":"PropertyValueSpecification","valueRequired":true,"valueName":"search_term_string"}}],"inLanguage":"en-US"},{"@type":"Person","@id":"https:\/\/www.fcbarcelonanoticias.com\/en\/#\/schema\/person\/c2cd9f6fa1af5c0d0eccd0fefa575c88","name":"Andr\u00e9s Quiroz","image":{"@type":"ImageObject","inLanguage":"en-US","@id":"https:\/\/secure.gravatar.com\/avatar\/?s=96&d=mm&r=g","url":"https:\/\/secure.gravatar.com\/avatar\/?s=96&d=mm&r=g","contentUrl":"https:\/\/secure.gravatar.com\/avatar\/?s=96&d=mm&r=g","caption":"Andr\u00e9s Quiroz"},"description":"Licenciado en Periodismo por la Universidad de los Andes. Me encargo de analizar y compartir los contenidos m\u00e1s destacados de la\u00a0actualidad del F\u00fatbol Club Barcelona, Mercado de Fichajes y F\u00fatbol Internacional en FCBN. La informaci\u00f3n es poder, pero tambi\u00e9n conocimiento.","url":"https:\/\/www.fcbarcelonanoticias.com\/en\/fc-barcelona\/andres-quiroz_17_115.html"}]}},"_links":{"self":[{"href":"https:\/\/www.fcbarcelonanoticias.com\/en\/wp-json\/wp\/v2\/posts\/39021","targetHints":{"allow":["GET"]}}],"collection":[{"href":"https:\/\/www.fcbarcelonanoticias.com\/en\/wp-json\/wp\/v2\/posts"}],"about":[{"href":"https:\/\/www.fcbarcelonanoticias.com\/en\/wp-json\/wp\/v2\/types\/post"}],"author":[{"embeddable":true,"href":"https:\/\/www.fcbarcelonanoticias.com\/en\/wp-json\/wp\/v2\/users\/347"}],"replies":[{"embeddable":true,"href":"https:\/\/www.fcbarcelonanoticias.com\/en\/wp-json\/wp\/v2\/comments?post=39021"}],"version-history":[{"count":1,"href":"https:\/\/www.fcbarcelonanoticias.com\/en\/wp-json\/wp\/v2\/posts\/39021\/revisions"}],"predecessor-version":[{"id":112481,"href":"https:\/\/www.fcbarcelonanoticias.com\/en\/wp-json\/wp\/v2\/posts\/39021\/revisions\/112481"}],"wp:featuredmedia":[{"embeddable":true,"href":"https:\/\/www.fcbarcelonanoticias.com\/en\/wp-json\/wp\/v2\/media\/39022"}],"wp:attachment":[{"href":"https:\/\/www.fcbarcelonanoticias.com\/en\/wp-json\/wp\/v2\/media?parent=39021"}],"wp:term":[{"taxonomy":"category","embeddable":true,"href":"https:\/\/www.fcbarcelonanoticias.com\/en\/wp-json\/wp\/v2\/categories?post=39021"},{"taxonomy":"post_tag","embeddable":true,"href":"https:\/\/www.fcbarcelonanoticias.com\/en\/wp-json\/wp\/v2\/tags?post=39021"}],"curies":[{"name":"wp","href":"https:\/\/api.w.org\/{rel}","templated":true}]}}