{"id":39031,"date":"2024-11-29T23:22:00","date_gmt":"2024-11-29T22:22:00","guid":{"rendered":"https:\/\/weisetech.dev\/fc-barcelona-noticias\/en\/fc-barcelona-escoge-himno-su-125-aniversario-escut-pit_308967_102\/"},"modified":"2026-04-02T12:56:47","modified_gmt":"2026-04-02T10:56:47","slug":"fc-barcelona-escoge-himno-su-125-aniversario-escut-pit_308967_102","status":"publish","type":"post","link":"https:\/\/www.fcbarcelonanoticias.com\/en\/futbol-barca\/fc-barcelona-escoge-himno-su-125-aniversario-escut-pit_308967_102.html","title":{"rendered":"FC Barcelona chooses the anthem for its 125th anniversary: \u200b\u200b&#8217;L&#8217;escut al pit&#8217;"},"content":{"rendered":"<h2>&#8216;L&#8217;escut al pit&#8217; has won over the other two finalist proposals and has been chosen as the anthem for Bar\u00e7a&#8217;s 125th anniversary<\/h2>\n\n\r\n<div class=\"article-addons\">\r\n    <a href=\"https:\/\/www.fcbarcelonanoticias.com\/calendario-fcbarcelona.html\"\r\n       target=\"_self\"\r\n       title=\"Calendar of FC Barcelona\"\r\n       class=\"blue-gredient-btn\">\r\n       \r\n        Calendar of FC Barcelona    <\/a>\r\n<\/div>\n\n<p>On May 30, <strong>FC Barcelona<\/strong> held a competition among its members and fans to create an anthem to celebrate the club&#8217;s 125th anniversary. After a jury narrowed the list to three finalists, the Blaugrana members chose the song <strong>&#8216;L&#8217;escut al pit&#8217; <\/strong>as the theme to commemorate the 125th anniversary of the institution&#8217;s foundation.<\/p>\n<p>Written by <strong>Xavier Gonz\u00e0lez-Costa <\/strong>(lyrics), <strong>Carles Cases<\/strong> (music) and performed by the voices of the <strong>Orfe\u00f3 Catal\u00e0<\/strong> and the animation group <strong>Dracs 1991<\/strong>, the new Blaugrana anthem beat &#8216;Un sentiment&#8217; (N\u00faria Graham and Marc Ric\u00f3s) and &#8216;Del bressol a l&#8217;infinit&#8217; (Albert Guinovart and David Bricoll\u00e9), the other two finalist proposals, with 63% of the votes.<\/p>\n<p>This was announced by <strong>Bar\u00e7a <\/strong>at the gala held at the Gran Teatre del Liceu, <a title=\"FC Barcelona welcomes 'Cat', the club's new mascot\" href=\"..\/football-barca\/fc-barcelona-welcomes-cat-the-club-new-mascot_308966_102.html\" target=\"_self\" rel=\"follow\" data-external=\"0\" data-intl-links-en=\"https:\/\/www.fcbarcelonanoticias.com\/en\/football-barca\/fc-barcelona-welcomes-cat-the-club-new-mascot_308966_102.html\" data-intl-links-es=\"https:\/\/www.fcbarcelonanoticias.com\/futbol-barca\/fc-barcelona-da-bienvenida-cat-nueva-mascota-club_308966_102.html\">where the club&#8217;s new mascot, &#8216;Cat&#8217;, was also unveiled<\/a>. &#8216;L&#8217;escut al pit&#8217; will begin to resonate over the public address system at the Estadi Ol\u00edmpic Llu\u00eds Companys this coming Saturday against Las Palmas, and will be one of the club&#8217;s emblematic chants in the years to come.<\/p>\n<div class=\"article-video-wrapper\" data-ck-asset-wrapper=\"\">\n<div class=\"article-video\">\n<div><iframe loading=\"lazy\" src=\"https:\/\/www.youtube.com\/embed\/8GBaqRCc1uY?si=GYSZssK_7llrUPMT\" width=\"560\" height=\"315\" frameborder=\"0\" allowfullscreen=\"allowfullscreen\"><\/iframe><\/div>\n<\/div>\n<\/div>\n<h3>The lyrics of &#8216;L&#8217;escut al pit&#8217;<\/h3>\n<p>Som un sol crit<\/p>\n<p>El cor del camp<\/p>\n<p>Blaugrana el nostre amor<\/p>\n<p>Que mai ens ha faltat<\/p>\n<p>Som el cam\u00ed<\/p>\n<p>La llum d&#8217;un far<\/p>\n<p>Batalles que hem ven\u00e7ut<\/p>\n<p>Batalles que hem lliurat<\/p>\n<p>Hem caigut i ens hem al\u00e7at<\/p>\n<p>Mai han faltat les ganes d&#8217;aixecar-se<\/p>\n<p>Cridarem als quatre vents amb ll\u00e0grimes d&#8217;orgull que som del Bar\u00e7a. Bar\u00e7a<\/p>\n<p>Som un sol crit<\/p>\n<p>El tro seguint un llamp<\/p>\n<p>Els amors que hem perdut<\/p>\n<p>I els que hem trobat<\/p>\n<p>Som el desig<\/p>\n<p>Ansi\u00f3s per continuar<\/p>\n<p>Res em far\u00e0 patir<\/p>\n<p>Si em fas costat<\/p>\n<p>Hem caigut i ens hem al\u00e7at<\/p>\n<p>Mai han faltat l\u0435s ganes d&#8217;aixecar-se<\/p>\n<p>Cridar\u0435m als quatre vents amb ll\u00e0grimes d&#8217;orgull que som del Bar\u00e7a. Bar\u00e7a<\/p>\n<p>Porto l&#8217;escut al pit<\/p>\n<p>Em protegeix el cor<\/p>\n<p>Porto l&#8217;escut al pit<\/p>\n<p>El meu tresor<\/p>\n<p>Porto l&#8217;escut al pit<\/p>\n<p>Em protegeix el cor<\/p>\n<p>Porto l&#8217;escut al pit<\/p>\n<p>El meu tresor<\/p>\n<p>Porto l&#8217;escut al pit<\/p>\n<p>Em protegeix el cor<\/p>\n<p>Porto l&#8217;escut al pit<\/p>\n<p>El meu tresor<\/p>\n<p>Bar\u00e7a<\/p>","protected":false},"excerpt":{"rendered":"<p>&#8216;L&#8217;escut al pit&#8217; has won over the other two finalist proposals and has been chosen as the anthem for Bar\u00e7a&#8217;s 125th anniversary On May 30, FC Barcelona held a competition among its members and fans to create an anthem to celebrate the club&#8217;s 125th anniversary. After a jury narrowed the list to three finalists, the [&hellip;]<\/p>\n","protected":false},"author":358,"featured_media":39033,"comment_status":"closed","ping_status":"open","sticky":false,"template":"","format":"standard","meta":{"_acf_changed":false,"inline_featured_image":false,"_nextfly_llmd_date_locked":false,"footnotes":""},"categories":[111],"tags":[435,158],"class_list":["post-39031","post","type-post","status-publish","format-standard","has-post-thumbnail","hentry","category-fc-barcelona","tag-barca-futbol","tag-joan-laporta"],"acf":[],"yoast_head":"<!-- This site is optimized with the Yoast SEO plugin v27.3 - https:\/\/yoast.com\/product\/yoast-seo-wordpress\/ -->\n<title>FC Barcelona chooses the anthem for its 125th anniversary: \u200b\u200b&#039;L&#039;escut al pit&#039;<\/title>\n<meta name=\"description\" content=\"FCBarcelonaNoticias.com\" \/>\n<meta name=\"robots\" content=\"index, follow, max-snippet:-1, max-image-preview:large, max-video-preview:-1\" \/>\n<link rel=\"canonical\" href=\"https:\/\/www.fcbarcelonanoticias.com\/en\/futbol-barca\/fc-barcelona-escoge-himno-su-125-aniversario-escut-pit_308967_102.html\" \/>\n<meta property=\"og:locale\" content=\"en_US\" \/>\n<meta property=\"og:type\" content=\"article\" \/>\n<meta property=\"og:title\" content=\"FC Barcelona chooses the anthem for its 125th anniversary: \u200b\u200b&#039;L&#039;escut al pit&#039;\" \/>\n<meta property=\"og:description\" content=\"FCBarcelonaNoticias.com\" \/>\n<meta property=\"og:url\" content=\"https:\/\/www.fcbarcelonanoticias.com\/en\/futbol-barca\/fc-barcelona-escoge-himno-su-125-aniversario-escut-pit_308967_102.html\" \/>\n<meta property=\"og:site_name\" content=\"EN - FC Barcelona Noticias\" \/>\n<meta property=\"article:published_time\" content=\"2024-11-29T22:22:00+00:00\" \/>\n<meta property=\"article:modified_time\" content=\"2026-04-02T10:56:47+00:00\" \/>\n<meta property=\"og:image\" content=\"https:\/\/www.fcbarcelonanoticias.com\/en\/wp-content\/uploads\/sites\/2\/2024\/11\/whatsapp-image-2024-11-29-at-6-20-55-pm.jpeg\" \/>\n\t<meta property=\"og:image:width\" content=\"1200\" \/>\n\t<meta property=\"og:image:height\" content=\"675\" \/>\n\t<meta property=\"og:image:type\" content=\"image\/jpeg\" \/>\n<meta name=\"author\" content=\"Juan Pablo Berdugo\" \/>\n<meta name=\"twitter:card\" content=\"summary_large_image\" \/>\n<meta name=\"twitter:label1\" content=\"Written by\" \/>\n\t<meta name=\"twitter:data1\" content=\"Juan Pablo Berdugo\" \/>\n\t<meta name=\"twitter:label2\" content=\"Est. reading time\" \/>\n\t<meta name=\"twitter:data2\" content=\"2 minutes\" \/>\n<script type=\"application\/ld+json\" class=\"yoast-schema-graph\">{\"@context\":\"https:\\\/\\\/schema.org\",\"@graph\":[{\"@type\":\"Article\",\"@id\":\"https:\\\/\\\/www.fcbarcelonanoticias.com\\\/en\\\/futbol-barca\\\/fc-barcelona-escoge-himno-su-125-aniversario-escut-pit_308967_102.html#article\",\"isPartOf\":{\"@id\":\"https:\\\/\\\/www.fcbarcelonanoticias.com\\\/en\\\/futbol-barca\\\/fc-barcelona-escoge-himno-su-125-aniversario-escut-pit_308967_102.html\"},\"author\":{\"name\":\"Juan Pablo Berdugo\",\"@id\":\"https:\\\/\\\/www.fcbarcelonanoticias.com\\\/en\\\/#\\\/schema\\\/person\\\/88d756918a0a1ae9fa593b5edddd1815\"},\"headline\":\"FC Barcelona chooses the anthem for its 125th anniversary: \u200b\u200b&#8217;L&#8217;escut al pit&#8217;\",\"datePublished\":\"2024-11-29T22:22:00+00:00\",\"dateModified\":\"2026-04-02T10:56:47+00:00\",\"mainEntityOfPage\":{\"@id\":\"https:\\\/\\\/www.fcbarcelonanoticias.com\\\/en\\\/futbol-barca\\\/fc-barcelona-escoge-himno-su-125-aniversario-escut-pit_308967_102.html\"},\"wordCount\":408,\"image\":{\"@id\":\"https:\\\/\\\/www.fcbarcelonanoticias.com\\\/en\\\/futbol-barca\\\/fc-barcelona-escoge-himno-su-125-aniversario-escut-pit_308967_102.html#primaryimage\"},\"thumbnailUrl\":\"https:\\\/\\\/www.fcbarcelonanoticias.com\\\/en\\\/wp-content\\\/uploads\\\/sites\\\/2\\\/2024\\\/11\\\/whatsapp-image-2024-11-29-at-6-20-55-pm.jpeg\",\"keywords\":[\"barca-futbol\",\"Joan Laporta\"],\"articleSection\":[\"FC Barcelona\"],\"inLanguage\":\"en-US\"},{\"@type\":\"WebPage\",\"@id\":\"https:\\\/\\\/www.fcbarcelonanoticias.com\\\/en\\\/futbol-barca\\\/fc-barcelona-escoge-himno-su-125-aniversario-escut-pit_308967_102.html\",\"url\":\"https:\\\/\\\/www.fcbarcelonanoticias.com\\\/en\\\/futbol-barca\\\/fc-barcelona-escoge-himno-su-125-aniversario-escut-pit_308967_102.html\",\"name\":\"FC Barcelona chooses the anthem for its 125th anniversary: \u200b\u200b'L'escut al pit'\",\"isPartOf\":{\"@id\":\"https:\\\/\\\/www.fcbarcelonanoticias.com\\\/en\\\/#website\"},\"primaryImageOfPage\":{\"@id\":\"https:\\\/\\\/www.fcbarcelonanoticias.com\\\/en\\\/futbol-barca\\\/fc-barcelona-escoge-himno-su-125-aniversario-escut-pit_308967_102.html#primaryimage\"},\"image\":{\"@id\":\"https:\\\/\\\/www.fcbarcelonanoticias.com\\\/en\\\/futbol-barca\\\/fc-barcelona-escoge-himno-su-125-aniversario-escut-pit_308967_102.html#primaryimage\"},\"thumbnailUrl\":\"https:\\\/\\\/www.fcbarcelonanoticias.com\\\/en\\\/wp-content\\\/uploads\\\/sites\\\/2\\\/2024\\\/11\\\/whatsapp-image-2024-11-29-at-6-20-55-pm.jpeg\",\"datePublished\":\"2024-11-29T22:22:00+00:00\",\"dateModified\":\"2026-04-02T10:56:47+00:00\",\"author\":{\"@id\":\"https:\\\/\\\/www.fcbarcelonanoticias.com\\\/en\\\/#\\\/schema\\\/person\\\/88d756918a0a1ae9fa593b5edddd1815\"},\"description\":\"FCBarcelonaNoticias.com\",\"breadcrumb\":{\"@id\":\"https:\\\/\\\/www.fcbarcelonanoticias.com\\\/en\\\/futbol-barca\\\/fc-barcelona-escoge-himno-su-125-aniversario-escut-pit_308967_102.html#breadcrumb\"},\"inLanguage\":\"en-US\",\"potentialAction\":[{\"@type\":\"ReadAction\",\"target\":[\"https:\\\/\\\/www.fcbarcelonanoticias.com\\\/en\\\/futbol-barca\\\/fc-barcelona-escoge-himno-su-125-aniversario-escut-pit_308967_102.html\"]}]},{\"@type\":\"ImageObject\",\"inLanguage\":\"en-US\",\"@id\":\"https:\\\/\\\/www.fcbarcelonanoticias.com\\\/en\\\/futbol-barca\\\/fc-barcelona-escoge-himno-su-125-aniversario-escut-pit_308967_102.html#primaryimage\",\"url\":\"https:\\\/\\\/www.fcbarcelonanoticias.com\\\/en\\\/wp-content\\\/uploads\\\/sites\\\/2\\\/2024\\\/11\\\/whatsapp-image-2024-11-29-at-6-20-55-pm.jpeg\",\"contentUrl\":\"https:\\\/\\\/www.fcbarcelonanoticias.com\\\/en\\\/wp-content\\\/uploads\\\/sites\\\/2\\\/2024\\\/11\\\/whatsapp-image-2024-11-29-at-6-20-55-pm.jpeg\",\"width\":1200,\"height\":675},{\"@type\":\"BreadcrumbList\",\"@id\":\"https:\\\/\\\/www.fcbarcelonanoticias.com\\\/en\\\/futbol-barca\\\/fc-barcelona-escoge-himno-su-125-aniversario-escut-pit_308967_102.html#breadcrumb\",\"itemListElement\":[{\"@type\":\"ListItem\",\"position\":1,\"name\":\"Portada\",\"item\":\"https:\\\/\\\/www.fcbarcelonanoticias.com\\\/en\\\/\"},{\"@type\":\"ListItem\",\"position\":2,\"name\":\"FC Barcelona chooses the anthem for its 125th anniversary: \u200b\u200b&#8217;L&#8217;escut al pit&#8217;\"}]},{\"@type\":\"WebSite\",\"@id\":\"https:\\\/\\\/www.fcbarcelonanoticias.com\\\/en\\\/#website\",\"url\":\"https:\\\/\\\/www.fcbarcelonanoticias.com\\\/en\\\/\",\"name\":\"EN - FC Barcelona Noticias\",\"description\":\"\",\"potentialAction\":[{\"@type\":\"SearchAction\",\"target\":{\"@type\":\"EntryPoint\",\"urlTemplate\":\"https:\\\/\\\/www.fcbarcelonanoticias.com\\\/en\\\/?s={search_term_string}\"},\"query-input\":{\"@type\":\"PropertyValueSpecification\",\"valueRequired\":true,\"valueName\":\"search_term_string\"}}],\"inLanguage\":\"en-US\"},{\"@type\":\"Person\",\"@id\":\"https:\\\/\\\/www.fcbarcelonanoticias.com\\\/en\\\/#\\\/schema\\\/person\\\/88d756918a0a1ae9fa593b5edddd1815\",\"name\":\"Juan Pablo Berdugo\",\"image\":{\"@type\":\"ImageObject\",\"inLanguage\":\"en-US\",\"@id\":\"https:\\\/\\\/secure.gravatar.com\\\/avatar\\\/?s=96&d=mm&r=g\",\"url\":\"https:\\\/\\\/secure.gravatar.com\\\/avatar\\\/?s=96&d=mm&r=g\",\"contentUrl\":\"https:\\\/\\\/secure.gravatar.com\\\/avatar\\\/?s=96&d=mm&r=g\",\"caption\":\"Juan Pablo Berdugo\"},\"description\":\"Juan Pablo Berdugo es graduado en Periodismo. Colabora con FCBN como especialista en informaci\u00f3n del primer equipo del FC Barcelona, f\u00fatbol internacional y mercado de fichajes. Destaca por su enfoque anal\u00edtico, su rigor informativo y su capacidad para detectar tendencias emergentes en el f\u00fatbol global.\",\"url\":\"https:\\\/\\\/www.fcbarcelonanoticias.com\\\/en\\\/fc-barcelona\\\/juan-pablo-berdugo_18_115.html\"}]}<\/script>\n<!-- \/ Yoast SEO plugin. -->","yoast_head_json":{"title":"FC Barcelona chooses the anthem for its 125th anniversary: \u200b\u200b'L'escut al pit'","description":"FCBarcelonaNoticias.com","robots":{"index":"index","follow":"follow","max-snippet":"max-snippet:-1","max-image-preview":"max-image-preview:large","max-video-preview":"max-video-preview:-1"},"canonical":"https:\/\/www.fcbarcelonanoticias.com\/en\/futbol-barca\/fc-barcelona-escoge-himno-su-125-aniversario-escut-pit_308967_102.html","og_locale":"en_US","og_type":"article","og_title":"FC Barcelona chooses the anthem for its 125th anniversary: \u200b\u200b'L'escut al pit'","og_description":"FCBarcelonaNoticias.com","og_url":"https:\/\/www.fcbarcelonanoticias.com\/en\/futbol-barca\/fc-barcelona-escoge-himno-su-125-aniversario-escut-pit_308967_102.html","og_site_name":"EN - FC Barcelona Noticias","article_published_time":"2024-11-29T22:22:00+00:00","article_modified_time":"2026-04-02T10:56:47+00:00","og_image":[{"width":1200,"height":675,"url":"https:\/\/www.fcbarcelonanoticias.com\/en\/wp-content\/uploads\/sites\/2\/2024\/11\/whatsapp-image-2024-11-29-at-6-20-55-pm.jpeg","type":"image\/jpeg"}],"author":"Juan Pablo Berdugo","twitter_card":"summary_large_image","twitter_misc":{"Written by":"Juan Pablo Berdugo","Est. reading time":"2 minutes"},"schema":{"@context":"https:\/\/schema.org","@graph":[{"@type":"Article","@id":"https:\/\/www.fcbarcelonanoticias.com\/en\/futbol-barca\/fc-barcelona-escoge-himno-su-125-aniversario-escut-pit_308967_102.html#article","isPartOf":{"@id":"https:\/\/www.fcbarcelonanoticias.com\/en\/futbol-barca\/fc-barcelona-escoge-himno-su-125-aniversario-escut-pit_308967_102.html"},"author":{"name":"Juan Pablo Berdugo","@id":"https:\/\/www.fcbarcelonanoticias.com\/en\/#\/schema\/person\/88d756918a0a1ae9fa593b5edddd1815"},"headline":"FC Barcelona chooses the anthem for its 125th anniversary: \u200b\u200b&#8217;L&#8217;escut al pit&#8217;","datePublished":"2024-11-29T22:22:00+00:00","dateModified":"2026-04-02T10:56:47+00:00","mainEntityOfPage":{"@id":"https:\/\/www.fcbarcelonanoticias.com\/en\/futbol-barca\/fc-barcelona-escoge-himno-su-125-aniversario-escut-pit_308967_102.html"},"wordCount":408,"image":{"@id":"https:\/\/www.fcbarcelonanoticias.com\/en\/futbol-barca\/fc-barcelona-escoge-himno-su-125-aniversario-escut-pit_308967_102.html#primaryimage"},"thumbnailUrl":"https:\/\/www.fcbarcelonanoticias.com\/en\/wp-content\/uploads\/sites\/2\/2024\/11\/whatsapp-image-2024-11-29-at-6-20-55-pm.jpeg","keywords":["barca-futbol","Joan Laporta"],"articleSection":["FC Barcelona"],"inLanguage":"en-US"},{"@type":"WebPage","@id":"https:\/\/www.fcbarcelonanoticias.com\/en\/futbol-barca\/fc-barcelona-escoge-himno-su-125-aniversario-escut-pit_308967_102.html","url":"https:\/\/www.fcbarcelonanoticias.com\/en\/futbol-barca\/fc-barcelona-escoge-himno-su-125-aniversario-escut-pit_308967_102.html","name":"FC Barcelona chooses the anthem for its 125th anniversary: \u200b\u200b'L'escut al pit'","isPartOf":{"@id":"https:\/\/www.fcbarcelonanoticias.com\/en\/#website"},"primaryImageOfPage":{"@id":"https:\/\/www.fcbarcelonanoticias.com\/en\/futbol-barca\/fc-barcelona-escoge-himno-su-125-aniversario-escut-pit_308967_102.html#primaryimage"},"image":{"@id":"https:\/\/www.fcbarcelonanoticias.com\/en\/futbol-barca\/fc-barcelona-escoge-himno-su-125-aniversario-escut-pit_308967_102.html#primaryimage"},"thumbnailUrl":"https:\/\/www.fcbarcelonanoticias.com\/en\/wp-content\/uploads\/sites\/2\/2024\/11\/whatsapp-image-2024-11-29-at-6-20-55-pm.jpeg","datePublished":"2024-11-29T22:22:00+00:00","dateModified":"2026-04-02T10:56:47+00:00","author":{"@id":"https:\/\/www.fcbarcelonanoticias.com\/en\/#\/schema\/person\/88d756918a0a1ae9fa593b5edddd1815"},"description":"FCBarcelonaNoticias.com","breadcrumb":{"@id":"https:\/\/www.fcbarcelonanoticias.com\/en\/futbol-barca\/fc-barcelona-escoge-himno-su-125-aniversario-escut-pit_308967_102.html#breadcrumb"},"inLanguage":"en-US","potentialAction":[{"@type":"ReadAction","target":["https:\/\/www.fcbarcelonanoticias.com\/en\/futbol-barca\/fc-barcelona-escoge-himno-su-125-aniversario-escut-pit_308967_102.html"]}]},{"@type":"ImageObject","inLanguage":"en-US","@id":"https:\/\/www.fcbarcelonanoticias.com\/en\/futbol-barca\/fc-barcelona-escoge-himno-su-125-aniversario-escut-pit_308967_102.html#primaryimage","url":"https:\/\/www.fcbarcelonanoticias.com\/en\/wp-content\/uploads\/sites\/2\/2024\/11\/whatsapp-image-2024-11-29-at-6-20-55-pm.jpeg","contentUrl":"https:\/\/www.fcbarcelonanoticias.com\/en\/wp-content\/uploads\/sites\/2\/2024\/11\/whatsapp-image-2024-11-29-at-6-20-55-pm.jpeg","width":1200,"height":675},{"@type":"BreadcrumbList","@id":"https:\/\/www.fcbarcelonanoticias.com\/en\/futbol-barca\/fc-barcelona-escoge-himno-su-125-aniversario-escut-pit_308967_102.html#breadcrumb","itemListElement":[{"@type":"ListItem","position":1,"name":"Portada","item":"https:\/\/www.fcbarcelonanoticias.com\/en\/"},{"@type":"ListItem","position":2,"name":"FC Barcelona chooses the anthem for its 125th anniversary: \u200b\u200b&#8217;L&#8217;escut al pit&#8217;"}]},{"@type":"WebSite","@id":"https:\/\/www.fcbarcelonanoticias.com\/en\/#website","url":"https:\/\/www.fcbarcelonanoticias.com\/en\/","name":"EN - FC Barcelona Noticias","description":"","potentialAction":[{"@type":"SearchAction","target":{"@type":"EntryPoint","urlTemplate":"https:\/\/www.fcbarcelonanoticias.com\/en\/?s={search_term_string}"},"query-input":{"@type":"PropertyValueSpecification","valueRequired":true,"valueName":"search_term_string"}}],"inLanguage":"en-US"},{"@type":"Person","@id":"https:\/\/www.fcbarcelonanoticias.com\/en\/#\/schema\/person\/88d756918a0a1ae9fa593b5edddd1815","name":"Juan Pablo Berdugo","image":{"@type":"ImageObject","inLanguage":"en-US","@id":"https:\/\/secure.gravatar.com\/avatar\/?s=96&d=mm&r=g","url":"https:\/\/secure.gravatar.com\/avatar\/?s=96&d=mm&r=g","contentUrl":"https:\/\/secure.gravatar.com\/avatar\/?s=96&d=mm&r=g","caption":"Juan Pablo Berdugo"},"description":"Juan Pablo Berdugo es graduado en Periodismo. Colabora con FCBN como especialista en informaci\u00f3n del primer equipo del FC Barcelona, f\u00fatbol internacional y mercado de fichajes. Destaca por su enfoque anal\u00edtico, su rigor informativo y su capacidad para detectar tendencias emergentes en el f\u00fatbol global.","url":"https:\/\/www.fcbarcelonanoticias.com\/en\/fc-barcelona\/juan-pablo-berdugo_18_115.html"}]}},"_links":{"self":[{"href":"https:\/\/www.fcbarcelonanoticias.com\/en\/wp-json\/wp\/v2\/posts\/39031","targetHints":{"allow":["GET"]}}],"collection":[{"href":"https:\/\/www.fcbarcelonanoticias.com\/en\/wp-json\/wp\/v2\/posts"}],"about":[{"href":"https:\/\/www.fcbarcelonanoticias.com\/en\/wp-json\/wp\/v2\/types\/post"}],"author":[{"embeddable":true,"href":"https:\/\/www.fcbarcelonanoticias.com\/en\/wp-json\/wp\/v2\/users\/358"}],"replies":[{"embeddable":true,"href":"https:\/\/www.fcbarcelonanoticias.com\/en\/wp-json\/wp\/v2\/comments?post=39031"}],"version-history":[{"count":10,"href":"https:\/\/www.fcbarcelonanoticias.com\/en\/wp-json\/wp\/v2\/posts\/39031\/revisions"}],"predecessor-version":[{"id":163185,"href":"https:\/\/www.fcbarcelonanoticias.com\/en\/wp-json\/wp\/v2\/posts\/39031\/revisions\/163185"}],"wp:featuredmedia":[{"embeddable":true,"href":"https:\/\/www.fcbarcelonanoticias.com\/en\/wp-json\/wp\/v2\/media\/39033"}],"wp:attachment":[{"href":"https:\/\/www.fcbarcelonanoticias.com\/en\/wp-json\/wp\/v2\/media?parent=39031"}],"wp:term":[{"taxonomy":"category","embeddable":true,"href":"https:\/\/www.fcbarcelonanoticias.com\/en\/wp-json\/wp\/v2\/categories?post=39031"},{"taxonomy":"post_tag","embeddable":true,"href":"https:\/\/www.fcbarcelonanoticias.com\/en\/wp-json\/wp\/v2\/tags?post=39031"}],"curies":[{"name":"wp","href":"https:\/\/api.w.org\/{rel}","templated":true}]}}