{"id":39122,"date":"2024-08-12T20:13:00","date_gmt":"2024-08-12T18:13:00","guid":{"rendered":"https:\/\/weisetech.dev\/fc-barcelona-noticias\/en\/ballon-or-gold-best-memes-vinicius-real-madrid-sweep-social-networks_308250_102\/"},"modified":"2024-08-12T20:21:00","modified_gmt":"2024-08-12T18:21:00","slug":"concession-hara-fc-barcelona-with-fermin-lopez-his-brutal-season-closing_306396_102","status":"publish","type":"post","link":"https:\/\/www.fcbarcelonanoticias.com\/en\/football-soccer\/concession-hara-fc-barcelona-with-fermin-lopez-his-brutal-season-closing_306396_102.html","title":{"rendered":"The concession that FC Barcelona will make with Ferm\u00edn L\u00f3pez after his brutal closing of the season"},"content":{"rendered":"<h2 class=\"wp-block-heading\">FC Barcelona knows that Ferm\u00edn L\u00f3pez has marked a season in 2023\/24 both in the club and in the Spanish national team, which is why it has deemed it appropriate to make a small concession regarding his period of return to the fields with the cul\u00e9 jersey, extending your vacation a little longer<\/h2>  \r\n<div class=\"article-addons\">\r\n    <a href=\"https:\/\/www.fcbarcelonanoticias.com\/en\/calendar-fc-barcelona.html\"\r\n       target=\"_self\"\r\n       title=\"Calendar of FC Barcelona\"\r\n       class=\"blue-gredient-btn\">\r\n       \r\n        Calendar of FC Barcelona    <\/a>\r\n<\/div>   <p><strong>If there was a player who had an unforgettable 2023\/24 season, it was Ferm\u00edn L\u00f3pez<\/strong>. The player from Huelva, who had just arrived after being on loan at Linares during the 2022\/23 season, managed to earn a place in Xavi Hern\u00e1ndez&#8217;s sports planning, to the point that, through hard work, effort, and perhaps a bit of luck, he went from being a game-changer <strong>to becoming one of the key players in the tactical scheme of the one from Terrassa<\/strong>, ending this period with 11 goals and one assist in 43 matches played (1948&#8242;).<\/p>  <p>Now, as if that wasn&#8217;t enough, <strong>the one from El Campillo had the opportunity to be called up by the Spanish national team for the two major international competitions that took place recently<\/strong>. In the Euro Cup, where he had little presence, he only played 28 minutes in the 0-1 against Albania. However, with &#8216;La Rojita&#8217; in the Olympic Games in Paris, he knew how to cause &#8216;havoc&#8217;. His stats? Six goals and two assists in six matches, <a data-external=\"0\" href=\"https:\/\/www.fcbarcelonanoticias.com\/en\/football-soccer\/fermin-lopez-enters-history-football-gold-medal-mvp-record-goals_306317_102.html\" rel=\"follow\" target=\"_self\" title=\"Ferm\u00edn L\u00f3pez enters football history: Gold medal, MVP, and record goals\">being the &#8216;Pichichi&#8217; of Spain in the competition, setting a record and leaving &#8216;MVP&#8217; numbers<\/a>.<\/p>  <p>This is how the 2023\/24 season ended, with him and Alejandro Baena being the two players who can boast of saying that this summer <strong>they have both won the gold medal at the Olympic Games and the champion&#8217;s medal at the Euro Cup<\/strong>. An achievement that has obviously led the blaugrana team to &#8216;cherish&#8217; the &#8217;16&#8217; a bit more, who, as reported on FCBN, <a data-external=\"0\" href=\"https:\/\/www.fcbarcelonanoticias.com\/en\/fc-barcelona\/the-way-in-which-barca-will-recognise-the-season-and-the-spectacular-fermin-games_306331_102.html\" rel=\"follow\" target=\"_self\" title=\"Barcelona will reward Ferm\u00edn L\u00f3pez's 'great season' with a significant contract improvement\">could be on the verge of a necessary contractual and salary improvement<\/a>, in line with the remarkable form he is experiencing.<\/p>  <h2>The concession that FC Barcelona will make with Ferm\u00edn L\u00f3pez<\/h2>  <p>Furthermore, given the hectic pace of games he had in the 2023\/24 season, FC Barcelona has decided to make a concession with him. What is it? Instead of rejoining once the Games are over, as Pau Cubars\u00ed and Eric Garc\u00eda did, who are already integrated into Hansi Flick&#8217;s dynamics, <strong>he will be able to do so a week later, arguing that he needs some time to disconnect<\/strong>, just like his teammates did.<\/p>  <p>Even <strong>in the squad list for the Joan Gamper Trophy match against AS Monaco, he is not included in the squad numbers<\/strong>, in a match that serves as the perfect setting for the presentation of the squad for the 2024\/25 season. Now, what he is aiming for is to be ready for the start of LaLiga EA Sports, scheduled to take place for the blaugrana team on Saturday, August 17th at Mestalla against Valencia CF, a match where it will have to be considered whether he is prepared or if, on the contrary, Hansi Flick and his technical staff decide to be cautious and give the player from Huelva more rest.<\/p> ","protected":false},"excerpt":{"rendered":"<p>FC Barcelona knows that Ferm\u00edn L\u00f3pez has marked a season in 2023\/24 both in the club and in the Spanish national team, which is why it has deemed it appropriate to make a small concession regarding his period of return to the fields with the cul\u00e9 jersey, extending your vacation a little longer If there [&hellip;]<\/p>\n","protected":false},"author":355,"featured_media":39124,"comment_status":"closed","ping_status":"open","sticky":false,"template":"","format":"standard","meta":{"_acf_changed":false,"inline_featured_image":false,"_nextfly_llmd_date_locked":false,"footnotes":""},"categories":[452,109],"tags":[153,226,175],"class_list":["post-39122","post","type-post","status-publish","format-standard","has-post-thumbnail","hentry","category-football-2","category-football","tag-ballon-or","tag-memes","tag-viral"],"acf":[],"yoast_head":"<!-- This site is optimized with the Yoast SEO plugin v27.3 - https:\/\/yoast.com\/product\/yoast-seo-wordpress\/ -->\n<title>The concession that FC Barcelona will make with Ferm\u00edn L\u00f3pez after his brutal closing of the season<\/title>\n<meta name=\"description\" content=\"FC Barcelona knows that Ferm\u00edn L\u00f3pez has marked a season in 2023\/24 both in the club and in the Spanish national team, which is why it has deemed it appropriate to make a small concession regarding his period of return to the fields with the cul\u00e9 jersey, extending your vacation a little longer\" \/>\n<meta name=\"robots\" content=\"index, follow, max-snippet:-1, max-image-preview:large, max-video-preview:-1\" \/>\n<link rel=\"canonical\" href=\"https:\/\/www.fcbarcelonanoticias.com\/en\/football-soccer\/concession-hara-fc-barcelona-with-fermin-lopez-his-brutal-season-closing_306396_102.html\" \/>\n<meta property=\"og:locale\" content=\"en_US\" \/>\n<meta property=\"og:type\" content=\"article\" \/>\n<meta property=\"og:title\" content=\"The concession that FC Barcelona will make with Ferm\u00edn L\u00f3pez after his brutal closing of the season\" \/>\n<meta property=\"og:description\" content=\"FC Barcelona knows that Ferm\u00edn L\u00f3pez has marked a season in 2023\/24 both in the club and in the Spanish national team, which is why it has deemed it appropriate to make a small concession regarding his period of return to the fields with the cul\u00e9 jersey, extending your vacation a little longer\" \/>\n<meta property=\"og:url\" content=\"https:\/\/www.fcbarcelonanoticias.com\/en\/football-soccer\/concession-hara-fc-barcelona-with-fermin-lopez-his-brutal-season-closing_306396_102.html\" \/>\n<meta property=\"og:site_name\" content=\"EN - FC Barcelona Noticias\" \/>\n<meta property=\"article:published_time\" content=\"2024-08-12T18:13:00+00:00\" \/>\n<meta property=\"article:modified_time\" content=\"2024-08-12T18:21:00+00:00\" \/>\n<meta property=\"og:image\" content=\"https:\/\/www.fcbarcelonanoticias.com\/en\/wp-content\/uploads\/sites\/2\/2024\/08\/fermin-lopez-en-los-juegos-olimpicos-de-paris-2024-scaled.jpeg\" \/>\n\t<meta property=\"og:image:width\" content=\"2560\" \/>\n\t<meta property=\"og:image:height\" content=\"1441\" \/>\n\t<meta property=\"og:image:type\" content=\"image\/jpeg\" \/>\n<meta name=\"author\" content=\"Kevin G\u00f3mez\" \/>\n<meta name=\"twitter:card\" content=\"summary_large_image\" \/>\n<meta name=\"twitter:label1\" content=\"Written by\" \/>\n\t<meta name=\"twitter:data1\" content=\"Kevin G\u00f3mez\" \/>\n\t<meta name=\"twitter:label2\" content=\"Est. reading time\" \/>\n\t<meta name=\"twitter:data2\" content=\"3 minutes\" \/>\n<script type=\"application\/ld+json\" class=\"yoast-schema-graph\">{\"@context\":\"https:\\\/\\\/schema.org\",\"@graph\":[{\"@type\":\"Article\",\"@id\":\"https:\\\/\\\/www.fcbarcelonanoticias.com\\\/en\\\/football-soccer\\\/concession-hara-fc-barcelona-with-fermin-lopez-his-brutal-season-closing_306396_102.html#article\",\"isPartOf\":{\"@id\":\"https:\\\/\\\/www.fcbarcelonanoticias.com\\\/en\\\/football-soccer\\\/concession-hara-fc-barcelona-with-fermin-lopez-his-brutal-season-closing_306396_102.html\"},\"author\":{\"name\":\"Kevin G\u00f3mez\",\"@id\":\"https:\\\/\\\/www.fcbarcelonanoticias.com\\\/en\\\/#\\\/schema\\\/person\\\/991443f134df9a64c6874f96ff984c9d\"},\"headline\":\"The concession that FC Barcelona will make with Ferm\u00edn L\u00f3pez after his brutal closing of the season\",\"datePublished\":\"2024-08-12T18:13:00+00:00\",\"dateModified\":\"2024-08-12T18:21:00+00:00\",\"mainEntityOfPage\":{\"@id\":\"https:\\\/\\\/www.fcbarcelonanoticias.com\\\/en\\\/football-soccer\\\/concession-hara-fc-barcelona-with-fermin-lopez-his-brutal-season-closing_306396_102.html\"},\"wordCount\":537,\"image\":{\"@id\":\"https:\\\/\\\/www.fcbarcelonanoticias.com\\\/en\\\/football-soccer\\\/concession-hara-fc-barcelona-with-fermin-lopez-his-brutal-season-closing_306396_102.html#primaryimage\"},\"thumbnailUrl\":\"https:\\\/\\\/www.fcbarcelonanoticias.com\\\/en\\\/wp-content\\\/uploads\\\/sites\\\/2\\\/2024\\\/08\\\/fermin-lopez-en-los-juegos-olimpicos-de-paris-2024-scaled.jpeg\",\"keywords\":[\"Ballon d'Or\",\"Memes\",\"Viral\"],\"articleSection\":[\"Football\",\"Football\"],\"inLanguage\":\"en-US\"},{\"@type\":\"WebPage\",\"@id\":\"https:\\\/\\\/www.fcbarcelonanoticias.com\\\/en\\\/football-soccer\\\/concession-hara-fc-barcelona-with-fermin-lopez-his-brutal-season-closing_306396_102.html\",\"url\":\"https:\\\/\\\/www.fcbarcelonanoticias.com\\\/en\\\/football-soccer\\\/concession-hara-fc-barcelona-with-fermin-lopez-his-brutal-season-closing_306396_102.html\",\"name\":\"The concession that FC Barcelona will make with Ferm\u00edn L\u00f3pez after his brutal closing of the season\",\"isPartOf\":{\"@id\":\"https:\\\/\\\/www.fcbarcelonanoticias.com\\\/en\\\/#website\"},\"primaryImageOfPage\":{\"@id\":\"https:\\\/\\\/www.fcbarcelonanoticias.com\\\/en\\\/football-soccer\\\/concession-hara-fc-barcelona-with-fermin-lopez-his-brutal-season-closing_306396_102.html#primaryimage\"},\"image\":{\"@id\":\"https:\\\/\\\/www.fcbarcelonanoticias.com\\\/en\\\/football-soccer\\\/concession-hara-fc-barcelona-with-fermin-lopez-his-brutal-season-closing_306396_102.html#primaryimage\"},\"thumbnailUrl\":\"https:\\\/\\\/www.fcbarcelonanoticias.com\\\/en\\\/wp-content\\\/uploads\\\/sites\\\/2\\\/2024\\\/08\\\/fermin-lopez-en-los-juegos-olimpicos-de-paris-2024-scaled.jpeg\",\"datePublished\":\"2024-08-12T18:13:00+00:00\",\"dateModified\":\"2024-08-12T18:21:00+00:00\",\"author\":{\"@id\":\"https:\\\/\\\/www.fcbarcelonanoticias.com\\\/en\\\/#\\\/schema\\\/person\\\/991443f134df9a64c6874f96ff984c9d\"},\"description\":\"FC Barcelona knows that Ferm\u00edn L\u00f3pez has marked a season in 2023\\\/24 both in the club and in the Spanish national team, which is why it has deemed it appropriate to make a small concession regarding his period of return to the fields with the cul\u00e9 jersey, extending your vacation a little longer\",\"breadcrumb\":{\"@id\":\"https:\\\/\\\/www.fcbarcelonanoticias.com\\\/en\\\/football-soccer\\\/concession-hara-fc-barcelona-with-fermin-lopez-his-brutal-season-closing_306396_102.html#breadcrumb\"},\"inLanguage\":\"en-US\",\"potentialAction\":[{\"@type\":\"ReadAction\",\"target\":[\"https:\\\/\\\/www.fcbarcelonanoticias.com\\\/en\\\/football-soccer\\\/concession-hara-fc-barcelona-with-fermin-lopez-his-brutal-season-closing_306396_102.html\"]}]},{\"@type\":\"ImageObject\",\"inLanguage\":\"en-US\",\"@id\":\"https:\\\/\\\/www.fcbarcelonanoticias.com\\\/en\\\/football-soccer\\\/concession-hara-fc-barcelona-with-fermin-lopez-his-brutal-season-closing_306396_102.html#primaryimage\",\"url\":\"https:\\\/\\\/www.fcbarcelonanoticias.com\\\/en\\\/wp-content\\\/uploads\\\/sites\\\/2\\\/2024\\\/08\\\/fermin-lopez-en-los-juegos-olimpicos-de-paris-2024-scaled.jpeg\",\"contentUrl\":\"https:\\\/\\\/www.fcbarcelonanoticias.com\\\/en\\\/wp-content\\\/uploads\\\/sites\\\/2\\\/2024\\\/08\\\/fermin-lopez-en-los-juegos-olimpicos-de-paris-2024-scaled.jpeg\",\"width\":2560,\"height\":1441},{\"@type\":\"BreadcrumbList\",\"@id\":\"https:\\\/\\\/www.fcbarcelonanoticias.com\\\/en\\\/football-soccer\\\/concession-hara-fc-barcelona-with-fermin-lopez-his-brutal-season-closing_306396_102.html#breadcrumb\",\"itemListElement\":[{\"@type\":\"ListItem\",\"position\":1,\"name\":\"Portada\",\"item\":\"https:\\\/\\\/www.fcbarcelonanoticias.com\\\/en\\\/\"},{\"@type\":\"ListItem\",\"position\":2,\"name\":\"The concession that FC Barcelona will make with Ferm\u00edn L\u00f3pez after his brutal closing of the season\"}]},{\"@type\":\"WebSite\",\"@id\":\"https:\\\/\\\/www.fcbarcelonanoticias.com\\\/en\\\/#website\",\"url\":\"https:\\\/\\\/www.fcbarcelonanoticias.com\\\/en\\\/\",\"name\":\"EN - FC Barcelona Noticias\",\"description\":\"\",\"potentialAction\":[{\"@type\":\"SearchAction\",\"target\":{\"@type\":\"EntryPoint\",\"urlTemplate\":\"https:\\\/\\\/www.fcbarcelonanoticias.com\\\/en\\\/?s={search_term_string}\"},\"query-input\":{\"@type\":\"PropertyValueSpecification\",\"valueRequired\":true,\"valueName\":\"search_term_string\"}}],\"inLanguage\":\"en-US\"},{\"@type\":\"Person\",\"@id\":\"https:\\\/\\\/www.fcbarcelonanoticias.com\\\/en\\\/#\\\/schema\\\/person\\\/991443f134df9a64c6874f96ff984c9d\",\"name\":\"Kevin G\u00f3mez\",\"image\":{\"@type\":\"ImageObject\",\"inLanguage\":\"en-US\",\"@id\":\"https:\\\/\\\/secure.gravatar.com\\\/avatar\\\/?s=96&d=mm&r=g\",\"url\":\"https:\\\/\\\/secure.gravatar.com\\\/avatar\\\/?s=96&d=mm&r=g\",\"contentUrl\":\"https:\\\/\\\/secure.gravatar.com\\\/avatar\\\/?s=96&d=mm&r=g\",\"caption\":\"Kevin G\u00f3mez\"},\"description\":\"Licenciado\u00a0en Periodismo y Comunicaci\u00f3n Audiovisual. Redactor en FCBN responsable de cubrir toda\u00a0la informaci\u00f3n del FC Barcelona y las principales competiciones de\u00a0f\u00fatbol.\",\"url\":\"https:\\\/\\\/www.fcbarcelonanoticias.com\\\/en\\\/jugadores\\\/kevin-gomez_23_115.html\"}]}<\/script>\n<!-- \/ Yoast SEO plugin. -->","yoast_head_json":{"title":"The concession that FC Barcelona will make with Ferm\u00edn L\u00f3pez after his brutal closing of the season","description":"FC Barcelona knows that Ferm\u00edn L\u00f3pez has marked a season in 2023\/24 both in the club and in the Spanish national team, which is why it has deemed it appropriate to make a small concession regarding his period of return to the fields with the cul\u00e9 jersey, extending your vacation a little longer","robots":{"index":"index","follow":"follow","max-snippet":"max-snippet:-1","max-image-preview":"max-image-preview:large","max-video-preview":"max-video-preview:-1"},"canonical":"https:\/\/www.fcbarcelonanoticias.com\/en\/football-soccer\/concession-hara-fc-barcelona-with-fermin-lopez-his-brutal-season-closing_306396_102.html","og_locale":"en_US","og_type":"article","og_title":"The concession that FC Barcelona will make with Ferm\u00edn L\u00f3pez after his brutal closing of the season","og_description":"FC Barcelona knows that Ferm\u00edn L\u00f3pez has marked a season in 2023\/24 both in the club and in the Spanish national team, which is why it has deemed it appropriate to make a small concession regarding his period of return to the fields with the cul\u00e9 jersey, extending your vacation a little longer","og_url":"https:\/\/www.fcbarcelonanoticias.com\/en\/football-soccer\/concession-hara-fc-barcelona-with-fermin-lopez-his-brutal-season-closing_306396_102.html","og_site_name":"EN - FC Barcelona Noticias","article_published_time":"2024-08-12T18:13:00+00:00","article_modified_time":"2024-08-12T18:21:00+00:00","og_image":[{"width":2560,"height":1441,"url":"https:\/\/www.fcbarcelonanoticias.com\/en\/wp-content\/uploads\/sites\/2\/2024\/08\/fermin-lopez-en-los-juegos-olimpicos-de-paris-2024-scaled.jpeg","type":"image\/jpeg"}],"author":"Kevin G\u00f3mez","twitter_card":"summary_large_image","twitter_misc":{"Written by":"Kevin G\u00f3mez","Est. reading time":"3 minutes"},"schema":{"@context":"https:\/\/schema.org","@graph":[{"@type":"Article","@id":"https:\/\/www.fcbarcelonanoticias.com\/en\/football-soccer\/concession-hara-fc-barcelona-with-fermin-lopez-his-brutal-season-closing_306396_102.html#article","isPartOf":{"@id":"https:\/\/www.fcbarcelonanoticias.com\/en\/football-soccer\/concession-hara-fc-barcelona-with-fermin-lopez-his-brutal-season-closing_306396_102.html"},"author":{"name":"Kevin G\u00f3mez","@id":"https:\/\/www.fcbarcelonanoticias.com\/en\/#\/schema\/person\/991443f134df9a64c6874f96ff984c9d"},"headline":"The concession that FC Barcelona will make with Ferm\u00edn L\u00f3pez after his brutal closing of the season","datePublished":"2024-08-12T18:13:00+00:00","dateModified":"2024-08-12T18:21:00+00:00","mainEntityOfPage":{"@id":"https:\/\/www.fcbarcelonanoticias.com\/en\/football-soccer\/concession-hara-fc-barcelona-with-fermin-lopez-his-brutal-season-closing_306396_102.html"},"wordCount":537,"image":{"@id":"https:\/\/www.fcbarcelonanoticias.com\/en\/football-soccer\/concession-hara-fc-barcelona-with-fermin-lopez-his-brutal-season-closing_306396_102.html#primaryimage"},"thumbnailUrl":"https:\/\/www.fcbarcelonanoticias.com\/en\/wp-content\/uploads\/sites\/2\/2024\/08\/fermin-lopez-en-los-juegos-olimpicos-de-paris-2024-scaled.jpeg","keywords":["Ballon d'Or","Memes","Viral"],"articleSection":["Football","Football"],"inLanguage":"en-US"},{"@type":"WebPage","@id":"https:\/\/www.fcbarcelonanoticias.com\/en\/football-soccer\/concession-hara-fc-barcelona-with-fermin-lopez-his-brutal-season-closing_306396_102.html","url":"https:\/\/www.fcbarcelonanoticias.com\/en\/football-soccer\/concession-hara-fc-barcelona-with-fermin-lopez-his-brutal-season-closing_306396_102.html","name":"The concession that FC Barcelona will make with Ferm\u00edn L\u00f3pez after his brutal closing of the season","isPartOf":{"@id":"https:\/\/www.fcbarcelonanoticias.com\/en\/#website"},"primaryImageOfPage":{"@id":"https:\/\/www.fcbarcelonanoticias.com\/en\/football-soccer\/concession-hara-fc-barcelona-with-fermin-lopez-his-brutal-season-closing_306396_102.html#primaryimage"},"image":{"@id":"https:\/\/www.fcbarcelonanoticias.com\/en\/football-soccer\/concession-hara-fc-barcelona-with-fermin-lopez-his-brutal-season-closing_306396_102.html#primaryimage"},"thumbnailUrl":"https:\/\/www.fcbarcelonanoticias.com\/en\/wp-content\/uploads\/sites\/2\/2024\/08\/fermin-lopez-en-los-juegos-olimpicos-de-paris-2024-scaled.jpeg","datePublished":"2024-08-12T18:13:00+00:00","dateModified":"2024-08-12T18:21:00+00:00","author":{"@id":"https:\/\/www.fcbarcelonanoticias.com\/en\/#\/schema\/person\/991443f134df9a64c6874f96ff984c9d"},"description":"FC Barcelona knows that Ferm\u00edn L\u00f3pez has marked a season in 2023\/24 both in the club and in the Spanish national team, which is why it has deemed it appropriate to make a small concession regarding his period of return to the fields with the cul\u00e9 jersey, extending your vacation a little longer","breadcrumb":{"@id":"https:\/\/www.fcbarcelonanoticias.com\/en\/football-soccer\/concession-hara-fc-barcelona-with-fermin-lopez-his-brutal-season-closing_306396_102.html#breadcrumb"},"inLanguage":"en-US","potentialAction":[{"@type":"ReadAction","target":["https:\/\/www.fcbarcelonanoticias.com\/en\/football-soccer\/concession-hara-fc-barcelona-with-fermin-lopez-his-brutal-season-closing_306396_102.html"]}]},{"@type":"ImageObject","inLanguage":"en-US","@id":"https:\/\/www.fcbarcelonanoticias.com\/en\/football-soccer\/concession-hara-fc-barcelona-with-fermin-lopez-his-brutal-season-closing_306396_102.html#primaryimage","url":"https:\/\/www.fcbarcelonanoticias.com\/en\/wp-content\/uploads\/sites\/2\/2024\/08\/fermin-lopez-en-los-juegos-olimpicos-de-paris-2024-scaled.jpeg","contentUrl":"https:\/\/www.fcbarcelonanoticias.com\/en\/wp-content\/uploads\/sites\/2\/2024\/08\/fermin-lopez-en-los-juegos-olimpicos-de-paris-2024-scaled.jpeg","width":2560,"height":1441},{"@type":"BreadcrumbList","@id":"https:\/\/www.fcbarcelonanoticias.com\/en\/football-soccer\/concession-hara-fc-barcelona-with-fermin-lopez-his-brutal-season-closing_306396_102.html#breadcrumb","itemListElement":[{"@type":"ListItem","position":1,"name":"Portada","item":"https:\/\/www.fcbarcelonanoticias.com\/en\/"},{"@type":"ListItem","position":2,"name":"The concession that FC Barcelona will make with Ferm\u00edn L\u00f3pez after his brutal closing of the season"}]},{"@type":"WebSite","@id":"https:\/\/www.fcbarcelonanoticias.com\/en\/#website","url":"https:\/\/www.fcbarcelonanoticias.com\/en\/","name":"EN - FC Barcelona Noticias","description":"","potentialAction":[{"@type":"SearchAction","target":{"@type":"EntryPoint","urlTemplate":"https:\/\/www.fcbarcelonanoticias.com\/en\/?s={search_term_string}"},"query-input":{"@type":"PropertyValueSpecification","valueRequired":true,"valueName":"search_term_string"}}],"inLanguage":"en-US"},{"@type":"Person","@id":"https:\/\/www.fcbarcelonanoticias.com\/en\/#\/schema\/person\/991443f134df9a64c6874f96ff984c9d","name":"Kevin G\u00f3mez","image":{"@type":"ImageObject","inLanguage":"en-US","@id":"https:\/\/secure.gravatar.com\/avatar\/?s=96&d=mm&r=g","url":"https:\/\/secure.gravatar.com\/avatar\/?s=96&d=mm&r=g","contentUrl":"https:\/\/secure.gravatar.com\/avatar\/?s=96&d=mm&r=g","caption":"Kevin G\u00f3mez"},"description":"Licenciado\u00a0en Periodismo y Comunicaci\u00f3n Audiovisual. Redactor en FCBN responsable de cubrir toda\u00a0la informaci\u00f3n del FC Barcelona y las principales competiciones de\u00a0f\u00fatbol.","url":"https:\/\/www.fcbarcelonanoticias.com\/en\/jugadores\/kevin-gomez_23_115.html"}]}},"_links":{"self":[{"href":"https:\/\/www.fcbarcelonanoticias.com\/en\/wp-json\/wp\/v2\/posts\/39122","targetHints":{"allow":["GET"]}}],"collection":[{"href":"https:\/\/www.fcbarcelonanoticias.com\/en\/wp-json\/wp\/v2\/posts"}],"about":[{"href":"https:\/\/www.fcbarcelonanoticias.com\/en\/wp-json\/wp\/v2\/types\/post"}],"author":[{"embeddable":true,"href":"https:\/\/www.fcbarcelonanoticias.com\/en\/wp-json\/wp\/v2\/users\/355"}],"replies":[{"embeddable":true,"href":"https:\/\/www.fcbarcelonanoticias.com\/en\/wp-json\/wp\/v2\/comments?post=39122"}],"version-history":[{"count":1,"href":"https:\/\/www.fcbarcelonanoticias.com\/en\/wp-json\/wp\/v2\/posts\/39122\/revisions"}],"predecessor-version":[{"id":39123,"href":"https:\/\/www.fcbarcelonanoticias.com\/en\/wp-json\/wp\/v2\/posts\/39122\/revisions\/39123"}],"wp:featuredmedia":[{"embeddable":true,"href":"https:\/\/www.fcbarcelonanoticias.com\/en\/wp-json\/wp\/v2\/media\/39124"}],"wp:attachment":[{"href":"https:\/\/www.fcbarcelonanoticias.com\/en\/wp-json\/wp\/v2\/media?parent=39122"}],"wp:term":[{"taxonomy":"category","embeddable":true,"href":"https:\/\/www.fcbarcelonanoticias.com\/en\/wp-json\/wp\/v2\/categories?post=39122"},{"taxonomy":"post_tag","embeddable":true,"href":"https:\/\/www.fcbarcelonanoticias.com\/en\/wp-json\/wp\/v2\/tags?post=39122"}],"curies":[{"name":"wp","href":"https:\/\/api.w.org\/{rel}","templated":true}]}}