{"id":3915,"date":"2024-04-17T10:33:00","date_gmt":"2024-04-17T08:33:00","guid":{"rendered":"https:\/\/weisetech.dev\/fc-barcelona-noticias\/en\/the-consequences-that-ronald-araujo-could-have-to-face-for-gesture-of-robbery-after-being-sent-off_302705_102\/"},"modified":"2024-04-17T17:41:00","modified_gmt":"2024-04-17T15:41:00","slug":"the-consequences-that-ronald-araujo-could-have-to-face-for-gesture-of-robbery-after-being-sent-off_302705_102","status":"publish","type":"post","link":"https:\/\/www.fcbarcelonanoticias.com\/en\/champions-league\/the-consequences-that-ronald-araujo-could-have-to-face-for-gesture-of-robbery-after-being-sent-off_302705_102.html","title":{"rendered":"The consequences that Ara\u00fajo could have to face for a gesture of &#8216;robbery&#8217; after being sent off"},"content":{"rendered":"<h2 class=\"wp-block-heading\">Bar\u00e7a have missed out on a return to the Champions League semi-finals, but they also face losing Ronald Ara\u00fajo for more than one game after the centre-back received a red card against PSG and the subsequent gesture he made when leaving the field<\/h2>  \r\n<div class=\"article-addons\">\r\n    <a href=\"https:\/\/www.fcbarcelonanoticias.com\/en\/calendar-fc-barcelona.html\"\r\n       target=\"_self\"\r\n       title=\"Calendar of FC Barcelona\"\r\n       class=\"blue-gredient-btn\">\r\n       \r\n        Calendar of FC Barcelona    <\/a>\r\n<\/div>   <p><a data-external=\"0\" data-intl-links-en=\"https:\/\/www.fcbarcelonanoticias.com\/en\/champions-league\/xavis-crack-against-the-referee-for-his-performance-and-for-the-red-card-to-ronald-araujo_302688_102.html\" data-intl-links-es=\"https:\/\/www.fcbarcelonanoticias.com\/champions-league\/rajada-epoca-xavi-contra-arbitro-por-su-actuacion-por-roja-a-ronald-araujo_302688_102.html\" href=\"https:\/\/www.fcbarcelonanoticias.com\/en\/champions-league\/xavis-crack-against-the-referee-for-his-performance-and-for-the-red-card-to-ronald-araujo_302688_102.html\" rel=\"follow\" target=\"_self\" title=\"'Rajada' de \u00e9poca de Xavi contra el \u00e1rbitro por su actuaci\u00f3n y por la roja a&nbsp;Ronald&nbsp;Ara\u00fajo\">The referee of the party FC Barcelona-Paris Saint-Germain of this Tuesday, Istvan Kovacs<\/a>, had an important list of questionable decisions in the duel of turn of the quarter-finals of the Champions League, one that began when signalling a fault to the edge of the area cul\u00e9 that finish with a red for Ronald Ara\u00fajo. <strong><a data-external=\"0\" data-intl-links-en=\"https:\/\/www.fcbarcelonanoticias.com\/en\/champions-league\/fair-expulsion-araujo-went-to-the-street-and-insinuated-that-there-was-robbery-against_302680_102.html\" data-intl-links-es=\"https:\/\/www.fcbarcelonanoticias.com\/champions-league\/expulsion-justa-ronald-araujo-se-fue-calle-insinuo-hubo-robo-barca_302680_102.html\" href=\"https:\/\/www.fcbarcelonanoticias.com\/en\/champions-league\/fair-expulsion-araujo-went-to-the-street-and-insinuated-that-there-was-robbery-against_302680_102.html\" rel=\"follow\" target=\"_self\" title=\"\u00a1Expulsi\u00f3n de 'risa'! Ronald Ara\u00fajo se fue a la 'calle' e insinu\u00f3 que hubo 'robo' al Bar\u00e7a\">In that action<\/a>, Barcola received a balloon in long and Ara\u00fajo treated of the brake him, hitting very mildly with his forearm between the neck and the face of the forward of the PSG. <\/strong><\/p>  <p>The referee did not doubt and showed him the direct red card to the defence of the Bar\u00e7a, something that would unchain in the loss of the control of the party by part of the Barcelona group. Although the Uruguayan tried to leave him clear to the Romanian that had not hit of reckless way to the French, signalling him in several occasions that had been an action of shoulder against shoulder, had to abandon the field, <strong>although before it left a clear gesture of disagreement with the decision of the referee, something that could have some considerable consequences.<\/strong><\/p>  <h2>Ara\u00fajo Wanted to be clear with his opinion<\/h2>  <p>The charr\u00faa left of the lawn with a clear expression of incredulity, but besides accompanied it of a gesture with his right hand in which it left to see that it could have something that was not leaving right, or by the correct way, with the referee of the party. <strong>It go, that Ara\u00fajo understood that it was committing a theft with the Bar\u00e7a in that action, and in the eliminatory, by what in addition to losing the first party of the next Champions League, also could fall him an additional punishment.<\/strong><\/p>  <blockquote class=\"twitter-tweet\"> <p dir=\"ltr\" lang=\"es\">The reaction of Araujo.<a href=\"https:\/\/twitter.com\/en\/hashtag\/UCL?src=hash&amp;ref_src=twsrc%5Etfw\">#UCL<\/a> <a href=\"https:\/\/twitter.com\/en\/hashtag\/LaCasaDelF%C3%BAtbol?src=hash&amp;ref_src=twsrc%5Etfw\">#LaCasaDelF\u00fatbol<\/a> <a href=\"https:\/\/t.co\/en\/9STUIpJTNS\">https:\/\/t.co\/9stuipjtns<\/a> <a href=\"https:\/\/t.co\/en\/fECKOTQanT\">pic.twitter.com\/feckotqant<\/a><\/p> \u2014 Football in Movistar Plus+ (@MovistarFutbol) <a href=\"https:\/\/twitter.com\/en\/MovistarFutbol\/status\/1780319620496281888?ref_src=twsrc%5Etfw\">April 16, 2024<\/a> <\/blockquote> <h2>The Bar\u00e7a could lose to his best head office to compete in Europe<\/h2>  <p>The footballer of the Bar\u00e7a exposes like this to a possible file of discipline by part of the UEFA, that is used to to handle this type of situations with trying do exemplary procedures and avoid that they repeat similar moments, always leaving clear that his more important competition does not have to be put in doubt. <strong>To be like this, Ara\u00fajo could receive one or two additional parties for breaking some of the codes of behaviour of the European organism,<\/strong> something that would leave to the Barcelona club without his best defence for the first part of the next phase of groups, a data that could finish being a so much notable.<\/p> ","protected":false},"excerpt":{"rendered":"<p>Bar\u00e7a have missed out on a return to the Champions League semi-finals, but they also face losing Ronald Ara\u00fajo for more than one game after the centre-back received a red card against PSG and the subsequent gesture he made when leaving the field The referee of the party FC Barcelona-Paris Saint-Germain of this Tuesday, Istvan [&hellip;]<\/p>\n","protected":false},"author":345,"featured_media":2114,"comment_status":"closed","ping_status":"open","sticky":false,"template":"","format":"standard","meta":{"_acf_changed":false,"inline_featured_image":false,"_nextfly_llmd_date_locked":false,"footnotes":""},"categories":[112,447],"tags":[88,190,54,48],"class_list":["post-3915","post","type-post","status-publish","format-standard","has-post-thumbnail","hentry","category-champions-league","category-champions-league-2","tag-paris-saint-germain","tag-referees","tag-uefa","tag-xavi-hernandez"],"acf":[],"yoast_head":"<!-- This site is optimized with the Yoast SEO plugin v27.3 - https:\/\/yoast.com\/product\/yoast-seo-wordpress\/ -->\n<title>The consequences that Ronald Ara\u00fajo could have to face for a gesture of &#039;robbery&#039; after being sent off<\/title>\n<meta name=\"description\" content=\"Bar\u00e7a have missed out on a return to the Champions League semi-finals, but they also face losing Ronald Ara\u00fajo for more than one game after the centre-back received a red card against PSG and the subsequent gesture he made when leaving the field\" \/>\n<meta name=\"robots\" content=\"index, follow, max-snippet:-1, max-image-preview:large, max-video-preview:-1\" \/>\n<link rel=\"canonical\" href=\"https:\/\/www.fcbarcelonanoticias.com\/en\/champions-league\/the-consequences-that-ronald-araujo-could-have-to-face-for-gesture-of-robbery-after-being-sent-off_302705_102.html\" \/>\n<meta property=\"og:locale\" content=\"en_US\" \/>\n<meta property=\"og:type\" content=\"article\" \/>\n<meta property=\"og:title\" content=\"The consequences that Ronald Ara\u00fajo could have to face for a gesture of &#039;robbery&#039; after being sent off\" \/>\n<meta property=\"og:description\" content=\"Bar\u00e7a have missed out on a return to the Champions League semi-finals, but they also face losing Ronald Ara\u00fajo for more than one game after the centre-back received a red card against PSG and the subsequent gesture he made when leaving the field\" \/>\n<meta property=\"og:url\" content=\"https:\/\/www.fcbarcelonanoticias.com\/en\/champions-league\/the-consequences-that-ronald-araujo-could-have-to-face-for-gesture-of-robbery-after-being-sent-off_302705_102.html\" \/>\n<meta property=\"og:site_name\" content=\"EN - FC Barcelona Noticias\" \/>\n<meta property=\"article:published_time\" content=\"2024-04-17T08:33:00+00:00\" \/>\n<meta property=\"article:modified_time\" content=\"2024-04-17T15:41:00+00:00\" \/>\n<meta property=\"og:image\" content=\"https:\/\/www.fcbarcelonanoticias.com\/en\/wp-content\/uploads\/sites\/2\/2024\/04\/ronald-araujo-campo.jpeg\" \/>\n\t<meta property=\"og:image:width\" content=\"1300\" \/>\n\t<meta property=\"og:image:height\" content=\"737\" \/>\n\t<meta property=\"og:image:type\" content=\"image\/jpeg\" \/>\n<meta name=\"author\" content=\"Carlos Montenegro\" \/>\n<meta name=\"twitter:card\" content=\"summary_large_image\" \/>\n<meta name=\"twitter:label1\" content=\"Written by\" \/>\n\t<meta name=\"twitter:data1\" content=\"Carlos Montenegro\" \/>\n\t<meta name=\"twitter:label2\" content=\"Est. reading time\" \/>\n\t<meta name=\"twitter:data2\" content=\"2 minutes\" \/>\n<script type=\"application\/ld+json\" class=\"yoast-schema-graph\">{\"@context\":\"https:\\\/\\\/schema.org\",\"@graph\":[{\"@type\":\"Article\",\"@id\":\"https:\\\/\\\/www.fcbarcelonanoticias.com\\\/en\\\/champions-league\\\/the-consequences-that-ronald-araujo-could-have-to-face-for-gesture-of-robbery-after-being-sent-off_302705_102.html#article\",\"isPartOf\":{\"@id\":\"https:\\\/\\\/www.fcbarcelonanoticias.com\\\/en\\\/champions-league\\\/the-consequences-that-ronald-araujo-could-have-to-face-for-gesture-of-robbery-after-being-sent-off_302705_102.html\"},\"author\":{\"name\":\"Carlos Montenegro\",\"@id\":\"https:\\\/\\\/www.fcbarcelonanoticias.com\\\/en\\\/#\\\/schema\\\/person\\\/aa1d038709c262cb247e240f6b39bbf5\"},\"headline\":\"The consequences that Ara\u00fajo could have to face for a gesture of &#8216;robbery&#8217; after being sent off\",\"datePublished\":\"2024-04-17T08:33:00+00:00\",\"dateModified\":\"2024-04-17T15:41:00+00:00\",\"mainEntityOfPage\":{\"@id\":\"https:\\\/\\\/www.fcbarcelonanoticias.com\\\/en\\\/champions-league\\\/the-consequences-that-ronald-araujo-could-have-to-face-for-gesture-of-robbery-after-being-sent-off_302705_102.html\"},\"wordCount\":507,\"image\":{\"@id\":\"https:\\\/\\\/www.fcbarcelonanoticias.com\\\/en\\\/champions-league\\\/the-consequences-that-ronald-araujo-could-have-to-face-for-gesture-of-robbery-after-being-sent-off_302705_102.html#primaryimage\"},\"thumbnailUrl\":\"https:\\\/\\\/www.fcbarcelonanoticias.com\\\/en\\\/wp-content\\\/uploads\\\/sites\\\/2\\\/2024\\\/04\\\/ronald-araujo-campo.jpeg\",\"keywords\":[\"Paris Saint-Germain\",\"Referees\",\"UEFA\",\"Xavi Hern\u00e1ndez\"],\"articleSection\":[\"Champions League\",\"Champions League\"],\"inLanguage\":\"en-US\"},{\"@type\":\"WebPage\",\"@id\":\"https:\\\/\\\/www.fcbarcelonanoticias.com\\\/en\\\/champions-league\\\/the-consequences-that-ronald-araujo-could-have-to-face-for-gesture-of-robbery-after-being-sent-off_302705_102.html\",\"url\":\"https:\\\/\\\/www.fcbarcelonanoticias.com\\\/en\\\/champions-league\\\/the-consequences-that-ronald-araujo-could-have-to-face-for-gesture-of-robbery-after-being-sent-off_302705_102.html\",\"name\":\"The consequences that Ronald Ara\u00fajo could have to face for a gesture of 'robbery' after being sent off\",\"isPartOf\":{\"@id\":\"https:\\\/\\\/www.fcbarcelonanoticias.com\\\/en\\\/#website\"},\"primaryImageOfPage\":{\"@id\":\"https:\\\/\\\/www.fcbarcelonanoticias.com\\\/en\\\/champions-league\\\/the-consequences-that-ronald-araujo-could-have-to-face-for-gesture-of-robbery-after-being-sent-off_302705_102.html#primaryimage\"},\"image\":{\"@id\":\"https:\\\/\\\/www.fcbarcelonanoticias.com\\\/en\\\/champions-league\\\/the-consequences-that-ronald-araujo-could-have-to-face-for-gesture-of-robbery-after-being-sent-off_302705_102.html#primaryimage\"},\"thumbnailUrl\":\"https:\\\/\\\/www.fcbarcelonanoticias.com\\\/en\\\/wp-content\\\/uploads\\\/sites\\\/2\\\/2024\\\/04\\\/ronald-araujo-campo.jpeg\",\"datePublished\":\"2024-04-17T08:33:00+00:00\",\"dateModified\":\"2024-04-17T15:41:00+00:00\",\"author\":{\"@id\":\"https:\\\/\\\/www.fcbarcelonanoticias.com\\\/en\\\/#\\\/schema\\\/person\\\/aa1d038709c262cb247e240f6b39bbf5\"},\"description\":\"Bar\u00e7a have missed out on a return to the Champions League semi-finals, but they also face losing Ronald Ara\u00fajo for more than one game after the centre-back received a red card against PSG and the subsequent gesture he made when leaving the field\",\"breadcrumb\":{\"@id\":\"https:\\\/\\\/www.fcbarcelonanoticias.com\\\/en\\\/champions-league\\\/the-consequences-that-ronald-araujo-could-have-to-face-for-gesture-of-robbery-after-being-sent-off_302705_102.html#breadcrumb\"},\"inLanguage\":\"en-US\",\"potentialAction\":[{\"@type\":\"ReadAction\",\"target\":[\"https:\\\/\\\/www.fcbarcelonanoticias.com\\\/en\\\/champions-league\\\/the-consequences-that-ronald-araujo-could-have-to-face-for-gesture-of-robbery-after-being-sent-off_302705_102.html\"]}]},{\"@type\":\"ImageObject\",\"inLanguage\":\"en-US\",\"@id\":\"https:\\\/\\\/www.fcbarcelonanoticias.com\\\/en\\\/champions-league\\\/the-consequences-that-ronald-araujo-could-have-to-face-for-gesture-of-robbery-after-being-sent-off_302705_102.html#primaryimage\",\"url\":\"https:\\\/\\\/www.fcbarcelonanoticias.com\\\/en\\\/wp-content\\\/uploads\\\/sites\\\/2\\\/2024\\\/04\\\/ronald-araujo-campo.jpeg\",\"contentUrl\":\"https:\\\/\\\/www.fcbarcelonanoticias.com\\\/en\\\/wp-content\\\/uploads\\\/sites\\\/2\\\/2024\\\/04\\\/ronald-araujo-campo.jpeg\",\"width\":1300,\"height\":737},{\"@type\":\"BreadcrumbList\",\"@id\":\"https:\\\/\\\/www.fcbarcelonanoticias.com\\\/en\\\/champions-league\\\/the-consequences-that-ronald-araujo-could-have-to-face-for-gesture-of-robbery-after-being-sent-off_302705_102.html#breadcrumb\",\"itemListElement\":[{\"@type\":\"ListItem\",\"position\":1,\"name\":\"Portada\",\"item\":\"https:\\\/\\\/www.fcbarcelonanoticias.com\\\/en\\\/\"},{\"@type\":\"ListItem\",\"position\":2,\"name\":\"The consequences that Ara\u00fajo could have to face for a gesture of &#8216;robbery&#8217; after being sent off\"}]},{\"@type\":\"WebSite\",\"@id\":\"https:\\\/\\\/www.fcbarcelonanoticias.com\\\/en\\\/#website\",\"url\":\"https:\\\/\\\/www.fcbarcelonanoticias.com\\\/en\\\/\",\"name\":\"EN - FC Barcelona Noticias\",\"description\":\"\",\"potentialAction\":[{\"@type\":\"SearchAction\",\"target\":{\"@type\":\"EntryPoint\",\"urlTemplate\":\"https:\\\/\\\/www.fcbarcelonanoticias.com\\\/en\\\/?s={search_term_string}\"},\"query-input\":{\"@type\":\"PropertyValueSpecification\",\"valueRequired\":true,\"valueName\":\"search_term_string\"}}],\"inLanguage\":\"en-US\"},{\"@type\":\"Person\",\"@id\":\"https:\\\/\\\/www.fcbarcelonanoticias.com\\\/en\\\/#\\\/schema\\\/person\\\/aa1d038709c262cb247e240f6b39bbf5\",\"name\":\"Carlos Montenegro\",\"image\":{\"@type\":\"ImageObject\",\"inLanguage\":\"en-US\",\"@id\":\"https:\\\/\\\/secure.gravatar.com\\\/avatar\\\/?s=96&d=mm&r=g\",\"url\":\"https:\\\/\\\/secure.gravatar.com\\\/avatar\\\/?s=96&d=mm&r=g\",\"contentUrl\":\"https:\\\/\\\/secure.gravatar.com\\\/avatar\\\/?s=96&d=mm&r=g\",\"caption\":\"Carlos Montenegro\"},\"url\":\"https:\\\/\\\/www.fcbarcelonanoticias.com\\\/en\\\/carlos-montenegro_20_115.html\"}]}<\/script>\n<!-- \/ Yoast SEO plugin. -->","yoast_head_json":{"title":"The consequences that Ronald Ara\u00fajo could have to face for a gesture of 'robbery' after being sent off","description":"Bar\u00e7a have missed out on a return to the Champions League semi-finals, but they also face losing Ronald Ara\u00fajo for more than one game after the centre-back received a red card against PSG and the subsequent gesture he made when leaving the field","robots":{"index":"index","follow":"follow","max-snippet":"max-snippet:-1","max-image-preview":"max-image-preview:large","max-video-preview":"max-video-preview:-1"},"canonical":"https:\/\/www.fcbarcelonanoticias.com\/en\/champions-league\/the-consequences-that-ronald-araujo-could-have-to-face-for-gesture-of-robbery-after-being-sent-off_302705_102.html","og_locale":"en_US","og_type":"article","og_title":"The consequences that Ronald Ara\u00fajo could have to face for a gesture of 'robbery' after being sent off","og_description":"Bar\u00e7a have missed out on a return to the Champions League semi-finals, but they also face losing Ronald Ara\u00fajo for more than one game after the centre-back received a red card against PSG and the subsequent gesture he made when leaving the field","og_url":"https:\/\/www.fcbarcelonanoticias.com\/en\/champions-league\/the-consequences-that-ronald-araujo-could-have-to-face-for-gesture-of-robbery-after-being-sent-off_302705_102.html","og_site_name":"EN - FC Barcelona Noticias","article_published_time":"2024-04-17T08:33:00+00:00","article_modified_time":"2024-04-17T15:41:00+00:00","og_image":[{"width":1300,"height":737,"url":"https:\/\/www.fcbarcelonanoticias.com\/en\/wp-content\/uploads\/sites\/2\/2024\/04\/ronald-araujo-campo.jpeg","type":"image\/jpeg"}],"author":"Carlos Montenegro","twitter_card":"summary_large_image","twitter_misc":{"Written by":"Carlos Montenegro","Est. reading time":"2 minutes"},"schema":{"@context":"https:\/\/schema.org","@graph":[{"@type":"Article","@id":"https:\/\/www.fcbarcelonanoticias.com\/en\/champions-league\/the-consequences-that-ronald-araujo-could-have-to-face-for-gesture-of-robbery-after-being-sent-off_302705_102.html#article","isPartOf":{"@id":"https:\/\/www.fcbarcelonanoticias.com\/en\/champions-league\/the-consequences-that-ronald-araujo-could-have-to-face-for-gesture-of-robbery-after-being-sent-off_302705_102.html"},"author":{"name":"Carlos Montenegro","@id":"https:\/\/www.fcbarcelonanoticias.com\/en\/#\/schema\/person\/aa1d038709c262cb247e240f6b39bbf5"},"headline":"The consequences that Ara\u00fajo could have to face for a gesture of &#8216;robbery&#8217; after being sent off","datePublished":"2024-04-17T08:33:00+00:00","dateModified":"2024-04-17T15:41:00+00:00","mainEntityOfPage":{"@id":"https:\/\/www.fcbarcelonanoticias.com\/en\/champions-league\/the-consequences-that-ronald-araujo-could-have-to-face-for-gesture-of-robbery-after-being-sent-off_302705_102.html"},"wordCount":507,"image":{"@id":"https:\/\/www.fcbarcelonanoticias.com\/en\/champions-league\/the-consequences-that-ronald-araujo-could-have-to-face-for-gesture-of-robbery-after-being-sent-off_302705_102.html#primaryimage"},"thumbnailUrl":"https:\/\/www.fcbarcelonanoticias.com\/en\/wp-content\/uploads\/sites\/2\/2024\/04\/ronald-araujo-campo.jpeg","keywords":["Paris Saint-Germain","Referees","UEFA","Xavi Hern\u00e1ndez"],"articleSection":["Champions League","Champions League"],"inLanguage":"en-US"},{"@type":"WebPage","@id":"https:\/\/www.fcbarcelonanoticias.com\/en\/champions-league\/the-consequences-that-ronald-araujo-could-have-to-face-for-gesture-of-robbery-after-being-sent-off_302705_102.html","url":"https:\/\/www.fcbarcelonanoticias.com\/en\/champions-league\/the-consequences-that-ronald-araujo-could-have-to-face-for-gesture-of-robbery-after-being-sent-off_302705_102.html","name":"The consequences that Ronald Ara\u00fajo could have to face for a gesture of 'robbery' after being sent off","isPartOf":{"@id":"https:\/\/www.fcbarcelonanoticias.com\/en\/#website"},"primaryImageOfPage":{"@id":"https:\/\/www.fcbarcelonanoticias.com\/en\/champions-league\/the-consequences-that-ronald-araujo-could-have-to-face-for-gesture-of-robbery-after-being-sent-off_302705_102.html#primaryimage"},"image":{"@id":"https:\/\/www.fcbarcelonanoticias.com\/en\/champions-league\/the-consequences-that-ronald-araujo-could-have-to-face-for-gesture-of-robbery-after-being-sent-off_302705_102.html#primaryimage"},"thumbnailUrl":"https:\/\/www.fcbarcelonanoticias.com\/en\/wp-content\/uploads\/sites\/2\/2024\/04\/ronald-araujo-campo.jpeg","datePublished":"2024-04-17T08:33:00+00:00","dateModified":"2024-04-17T15:41:00+00:00","author":{"@id":"https:\/\/www.fcbarcelonanoticias.com\/en\/#\/schema\/person\/aa1d038709c262cb247e240f6b39bbf5"},"description":"Bar\u00e7a have missed out on a return to the Champions League semi-finals, but they also face losing Ronald Ara\u00fajo for more than one game after the centre-back received a red card against PSG and the subsequent gesture he made when leaving the field","breadcrumb":{"@id":"https:\/\/www.fcbarcelonanoticias.com\/en\/champions-league\/the-consequences-that-ronald-araujo-could-have-to-face-for-gesture-of-robbery-after-being-sent-off_302705_102.html#breadcrumb"},"inLanguage":"en-US","potentialAction":[{"@type":"ReadAction","target":["https:\/\/www.fcbarcelonanoticias.com\/en\/champions-league\/the-consequences-that-ronald-araujo-could-have-to-face-for-gesture-of-robbery-after-being-sent-off_302705_102.html"]}]},{"@type":"ImageObject","inLanguage":"en-US","@id":"https:\/\/www.fcbarcelonanoticias.com\/en\/champions-league\/the-consequences-that-ronald-araujo-could-have-to-face-for-gesture-of-robbery-after-being-sent-off_302705_102.html#primaryimage","url":"https:\/\/www.fcbarcelonanoticias.com\/en\/wp-content\/uploads\/sites\/2\/2024\/04\/ronald-araujo-campo.jpeg","contentUrl":"https:\/\/www.fcbarcelonanoticias.com\/en\/wp-content\/uploads\/sites\/2\/2024\/04\/ronald-araujo-campo.jpeg","width":1300,"height":737},{"@type":"BreadcrumbList","@id":"https:\/\/www.fcbarcelonanoticias.com\/en\/champions-league\/the-consequences-that-ronald-araujo-could-have-to-face-for-gesture-of-robbery-after-being-sent-off_302705_102.html#breadcrumb","itemListElement":[{"@type":"ListItem","position":1,"name":"Portada","item":"https:\/\/www.fcbarcelonanoticias.com\/en\/"},{"@type":"ListItem","position":2,"name":"The consequences that Ara\u00fajo could have to face for a gesture of &#8216;robbery&#8217; after being sent off"}]},{"@type":"WebSite","@id":"https:\/\/www.fcbarcelonanoticias.com\/en\/#website","url":"https:\/\/www.fcbarcelonanoticias.com\/en\/","name":"EN - FC Barcelona Noticias","description":"","potentialAction":[{"@type":"SearchAction","target":{"@type":"EntryPoint","urlTemplate":"https:\/\/www.fcbarcelonanoticias.com\/en\/?s={search_term_string}"},"query-input":{"@type":"PropertyValueSpecification","valueRequired":true,"valueName":"search_term_string"}}],"inLanguage":"en-US"},{"@type":"Person","@id":"https:\/\/www.fcbarcelonanoticias.com\/en\/#\/schema\/person\/aa1d038709c262cb247e240f6b39bbf5","name":"Carlos Montenegro","image":{"@type":"ImageObject","inLanguage":"en-US","@id":"https:\/\/secure.gravatar.com\/avatar\/?s=96&d=mm&r=g","url":"https:\/\/secure.gravatar.com\/avatar\/?s=96&d=mm&r=g","contentUrl":"https:\/\/secure.gravatar.com\/avatar\/?s=96&d=mm&r=g","caption":"Carlos Montenegro"},"url":"https:\/\/www.fcbarcelonanoticias.com\/en\/carlos-montenegro_20_115.html"}]}},"_links":{"self":[{"href":"https:\/\/www.fcbarcelonanoticias.com\/en\/wp-json\/wp\/v2\/posts\/3915","targetHints":{"allow":["GET"]}}],"collection":[{"href":"https:\/\/www.fcbarcelonanoticias.com\/en\/wp-json\/wp\/v2\/posts"}],"about":[{"href":"https:\/\/www.fcbarcelonanoticias.com\/en\/wp-json\/wp\/v2\/types\/post"}],"author":[{"embeddable":true,"href":"https:\/\/www.fcbarcelonanoticias.com\/en\/wp-json\/wp\/v2\/users\/345"}],"replies":[{"embeddable":true,"href":"https:\/\/www.fcbarcelonanoticias.com\/en\/wp-json\/wp\/v2\/comments?post=3915"}],"version-history":[{"count":1,"href":"https:\/\/www.fcbarcelonanoticias.com\/en\/wp-json\/wp\/v2\/posts\/3915\/revisions"}],"predecessor-version":[{"id":100866,"href":"https:\/\/www.fcbarcelonanoticias.com\/en\/wp-json\/wp\/v2\/posts\/3915\/revisions\/100866"}],"wp:featuredmedia":[{"embeddable":true,"href":"https:\/\/www.fcbarcelonanoticias.com\/en\/wp-json\/wp\/v2\/media\/2114"}],"wp:attachment":[{"href":"https:\/\/www.fcbarcelonanoticias.com\/en\/wp-json\/wp\/v2\/media?parent=3915"}],"wp:term":[{"taxonomy":"category","embeddable":true,"href":"https:\/\/www.fcbarcelonanoticias.com\/en\/wp-json\/wp\/v2\/categories?post=3915"},{"taxonomy":"post_tag","embeddable":true,"href":"https:\/\/www.fcbarcelonanoticias.com\/en\/wp-json\/wp\/v2\/tags?post=3915"}],"curies":[{"name":"wp","href":"https:\/\/api.w.org\/{rel}","templated":true}]}}