{"id":39180,"date":"2025-01-16T01:42:00","date_gmt":"2025-01-16T00:42:00","guid":{"rendered":"https:\/\/weisetech.dev\/fc-barcelona-noticias\/en\/ronald-araujo-great-match-and-warm-ovation-on-his-return-to-montjuic_310123_102\/"},"modified":"2025-01-16T08:11:00","modified_gmt":"2025-01-16T07:11:00","slug":"ronald-araujo-great-match-and-warm-ovation-on-his-return-to-montjuic_310123_102","status":"publish","type":"post","link":"https:\/\/www.fcbarcelonanoticias.com\/en\/football-soccer\/copa-del-rey\/ronald-araujo-great-match-and-warm-ovation-on-his-return-to-montjuic_310123_102.html","title":{"rendered":"Ronald Araujo, great match and a warm ovation on his return to Montju\u00efc"},"content":{"rendered":"<h2 class=\"wp-block-heading\">Ronald Araujo returned to Montju\u00efc on a special night for the FC Barcelona center-back. The &#8216;4&#8217; regained his starting position and the captain&#8217;s armband, receiving the affection of the Bar\u00e7a fans<\/h2>  \r\n<div class=\"article-addons\">\r\n    <a href=\"https:\/\/www.fcbarcelonanoticias.com\/calendar-fc-barcelona.html\"\r\n       target=\"_self\"\r\n       title=\"Calendar of FC Barcelona\"\r\n       class=\"blue-gredient-btn\">\r\n       \r\n        Calendar of FC Barcelona    <\/a>\r\n<\/div>   <p>FC Barcelona crushed Real Betis in the round of 16 of the Copa del Rey (5-1), <strong>a match where Ronald Araujo returned to the starting lineup in Montju\u00efc for the first time since April 29, 2024<\/strong>. The &#8216;4&#8217; had also been in the XI against Barbastro, while against Real Madrid, he played 62 minutes after the injury of I\u00f1igo Mart\u00ednez. On a day when his continuity at Bar\u00e7a was secured, the defender delivered a solid performance against the &#8216;verdiblanco&#8217; team.<\/p>  <p><a data-external=\"0\" data-intl-links-en=\"https:\/\/www.fcbarcelonanoticias.com\/en\/fc-barcelona\/ronald-araujo-offers-the-supercup-to-the-fc-barcelona-fans_310113_102.html\" data-intl-links-es=\"https:\/\/www.fcbarcelonanoticias.com\/fc-barcelona\/ronald-araujo-ofrece-supercopa-aficion-barcelona-pasillo-betis_310113_102.html\" href=\"https:\/\/www.fcbarcelonanoticias.com\/en\/fc-barcelona\/ronald-araujo-offers-the-supercup-to-the-fc-barcelona-fans_310113_102.html\" rel=\"follow\" target=\"_self\" title=\"Ronald Araujo offers the Supercup to the Barcelona fans and the Betis guard of honor\">Ronald received the first big ovation of the night when presenting the trophy of the Supercopa de Espa\u00f1a won on Sunday<\/a>. Afterwards, he had a first half with few scares, except for a missed one-on-one against Vitor Roque. In the second half, already with qualification to the quarter-finals secured, the &#8216;charr\u00faa&#8217; was substituted in the 64th minute for Eric Garc\u00eda, once again applauded by the entire blaugrana crowd.<\/p>  <p>In total, the captain completed 56 and 61 passes (91%), 9 of them in the final third. <strong>In defensive duties, he won 4 of 6 individual duels, losing only one ball and committing one foul<\/strong>. Additionally, he completed a clearance, without suffering any dribbles on a day when Betis attacked very little against Bar\u00e7a&#8217;s suffocating pressure in the opponent&#8217;s half.<\/p>  <div data-oembed-url=\"https:\/\/x.com\/FCBarcelona_es\/status\/1879659791540158552\"> <blockquote align=\"center\" class=\"twitter-tweet\" data-dnt=\"true\"> <p dir=\"ltr\" lang=\"en\">5\ufe0f\u20e3 FC Barcelona<br> 1\ufe0f\u20e3 Real Betis <a href=\"https:\/\/t.co\/en\/HA8zjOHtR3\">pic.twitter.com\/HA8zjOHtR3<\/a><\/p> \u2014 FC Barcelona (@FCBarcelona_es) <a href=\"https:\/\/twitter.com\/en\/FCBarcelona_es\/status\/1879659791540158552?ref_src=twsrc%5Etfw\">January 15, 2025<\/a> <\/blockquote>  <\/div>  <h3>Flick has no doubts: Araujo stays to fight for the starting position<\/h3>  <p>In the post-match press conference, Hansi Flick praised Araujo again, taking for granted his continuity and prominence in the second half of the season with Bar\u00e7a. <strong>&#8220;<a data-external=\"0\" data-intl-links-en=\"https:\/\/www.fcbarcelonanoticias.com\/en\/fc-barcelona\/ronald-araujo-stays-hansi-flick-confirms-his-continuity-at-barca_310120_102.html\" data-intl-links-es=\"https:\/\/www.fcbarcelonanoticias.com\/fc-barcelona\/ronald-araujo-se-queda-hansi-flick-confirma-su-continuidad-en-barca_310120_102.html\" href=\"https:\/\/www.fcbarcelonanoticias.com\/en\/fc-barcelona\/ronald-araujo-stays-hansi-flick-confirms-his-continuity-at-barca_310120_102.html\" rel=\"follow\" target=\"_self\" title=\"Ronald Ara\u00fajo stays: Hansi Flick confirms his continuity at Bar\u00e7a\">He has a contract, he is a player in the squad and of course he will continue<\/a>. I have never had any doubts about that. I am very happy that he can help us&#8221;<\/strong>, the Bar\u00e7a coach began saying about the captain.<\/p>  <p>In that sense, he valued being able to recover him at this point in the season, although he avoided &#8216;getting wet&#8217; about his long-term plans. <strong>&#8220;I don\u2019t know what the future holds. Today he had a great match. I value his work and what he transmits to the team very much. He is a special player&#8221;<\/strong>, Flick pointed out. The coach gave the Uruguayan international a rest thinking about the match on Saturday against Getafe. The &#8216;4&#8217; has a bad memory of his last visit to the Coliseo Alfonso P\u00e9rez, as he was sent off at the end for protesting a non-called handball penalty.<\/p> ","protected":false},"excerpt":{"rendered":"<p>Ronald Araujo returned to Montju\u00efc on a special night for the FC Barcelona center-back. The &#8216;4&#8217; regained his starting position and the captain&#8217;s armband, receiving the affection of the Bar\u00e7a fans FC Barcelona crushed Real Betis in the round of 16 of the Copa del Rey (5-1), a match where Ronald Araujo returned to the [&hellip;]<\/p>\n","protected":false},"author":347,"featured_media":39182,"comment_status":"closed","ping_status":"open","sticky":false,"template":"","format":"standard","meta":{"_acf_changed":false,"inline_featured_image":false,"_nextfly_llmd_date_locked":false,"footnotes":""},"categories":[118,446],"tags":[],"class_list":["post-39180","post","type-post","status-publish","format-standard","has-post-thumbnail","hentry","category-copa-del-rey","category-copa-del-rey-2"],"acf":[],"yoast_head":"<!-- This site is optimized with the Yoast SEO plugin v27.3 - https:\/\/yoast.com\/product\/yoast-seo-wordpress\/ -->\n<title>Ronald Araujo, great match and a warm ovation on his return to Montju\u00efc<\/title>\n<meta name=\"description\" content=\"Ronald Araujo returned to Montju\u00efc on a special night for the FC Barcelona center-back. The &#039;4&#039; regained his starting position and the captain&#039;s armband, receiving the affection of the Bar\u00e7a fans\" \/>\n<meta name=\"robots\" content=\"index, follow, max-snippet:-1, max-image-preview:large, max-video-preview:-1\" \/>\n<link rel=\"canonical\" href=\"https:\/\/www.fcbarcelonanoticias.com\/en\/football-soccer\/copa-del-rey\/ronald-araujo-great-match-and-warm-ovation-on-his-return-to-montjuic_310123_102.html\" \/>\n<meta property=\"og:locale\" content=\"en_US\" \/>\n<meta property=\"og:type\" content=\"article\" \/>\n<meta property=\"og:title\" content=\"Ronald Araujo, great match and a warm ovation on his return to Montju\u00efc\" \/>\n<meta property=\"og:description\" content=\"Ronald Araujo returned to Montju\u00efc on a special night for the FC Barcelona center-back. The &#039;4&#039; regained his starting position and the captain&#039;s armband, receiving the affection of the Bar\u00e7a fans\" \/>\n<meta property=\"og:url\" content=\"https:\/\/www.fcbarcelonanoticias.com\/en\/football-soccer\/copa-del-rey\/ronald-araujo-great-match-and-warm-ovation-on-his-return-to-montjuic_310123_102.html\" \/>\n<meta property=\"og:site_name\" content=\"EN - FC Barcelona Noticias\" \/>\n<meta property=\"article:published_time\" content=\"2025-01-16T00:42:00+00:00\" \/>\n<meta property=\"article:modified_time\" content=\"2025-01-16T07:11:00+00:00\" \/>\n<meta property=\"og:image\" content=\"https:\/\/www.fcbarcelonanoticias.com\/en\/wp-content\/uploads\/sites\/2\/2025\/01\/ronald-araujo-v-betis.jpeg\" \/>\n\t<meta property=\"og:image:width\" content=\"1200\" \/>\n\t<meta property=\"og:image:height\" content=\"675\" \/>\n\t<meta property=\"og:image:type\" content=\"image\/jpeg\" \/>\n<meta name=\"author\" content=\"Andr\u00e9s Quiroz\" \/>\n<meta name=\"twitter:card\" content=\"summary_large_image\" \/>\n<meta name=\"twitter:label1\" content=\"Written by\" \/>\n\t<meta name=\"twitter:data1\" content=\"Andr\u00e9s Quiroz\" \/>\n\t<meta name=\"twitter:label2\" content=\"Est. reading time\" \/>\n\t<meta name=\"twitter:data2\" content=\"2 minutes\" \/>\n<script type=\"application\/ld+json\" class=\"yoast-schema-graph\">{\"@context\":\"https:\\\/\\\/schema.org\",\"@graph\":[{\"@type\":\"Article\",\"@id\":\"https:\\\/\\\/www.fcbarcelonanoticias.com\\\/en\\\/football-soccer\\\/copa-del-rey\\\/ronald-araujo-great-match-and-warm-ovation-on-his-return-to-montjuic_310123_102.html#article\",\"isPartOf\":{\"@id\":\"https:\\\/\\\/www.fcbarcelonanoticias.com\\\/en\\\/football-soccer\\\/copa-del-rey\\\/ronald-araujo-great-match-and-warm-ovation-on-his-return-to-montjuic_310123_102.html\"},\"author\":{\"name\":\"Andr\u00e9s Quiroz\",\"@id\":\"https:\\\/\\\/www.fcbarcelonanoticias.com\\\/en\\\/#\\\/schema\\\/person\\\/c2cd9f6fa1af5c0d0eccd0fefa575c88\"},\"headline\":\"Ronald Araujo, great match and a warm ovation on his return to Montju\u00efc\",\"datePublished\":\"2025-01-16T00:42:00+00:00\",\"dateModified\":\"2025-01-16T07:11:00+00:00\",\"mainEntityOfPage\":{\"@id\":\"https:\\\/\\\/www.fcbarcelonanoticias.com\\\/en\\\/football-soccer\\\/copa-del-rey\\\/ronald-araujo-great-match-and-warm-ovation-on-his-return-to-montjuic_310123_102.html\"},\"wordCount\":455,\"image\":{\"@id\":\"https:\\\/\\\/www.fcbarcelonanoticias.com\\\/en\\\/football-soccer\\\/copa-del-rey\\\/ronald-araujo-great-match-and-warm-ovation-on-his-return-to-montjuic_310123_102.html#primaryimage\"},\"thumbnailUrl\":\"https:\\\/\\\/www.fcbarcelonanoticias.com\\\/en\\\/wp-content\\\/uploads\\\/sites\\\/2\\\/2025\\\/01\\\/ronald-araujo-v-betis.jpeg\",\"articleSection\":[\"Copa del Rey\",\"Copa del Rey\"],\"inLanguage\":\"en-US\"},{\"@type\":\"WebPage\",\"@id\":\"https:\\\/\\\/www.fcbarcelonanoticias.com\\\/en\\\/football-soccer\\\/copa-del-rey\\\/ronald-araujo-great-match-and-warm-ovation-on-his-return-to-montjuic_310123_102.html\",\"url\":\"https:\\\/\\\/www.fcbarcelonanoticias.com\\\/en\\\/football-soccer\\\/copa-del-rey\\\/ronald-araujo-great-match-and-warm-ovation-on-his-return-to-montjuic_310123_102.html\",\"name\":\"Ronald Araujo, great match and a warm ovation on his return to Montju\u00efc\",\"isPartOf\":{\"@id\":\"https:\\\/\\\/www.fcbarcelonanoticias.com\\\/en\\\/#website\"},\"primaryImageOfPage\":{\"@id\":\"https:\\\/\\\/www.fcbarcelonanoticias.com\\\/en\\\/football-soccer\\\/copa-del-rey\\\/ronald-araujo-great-match-and-warm-ovation-on-his-return-to-montjuic_310123_102.html#primaryimage\"},\"image\":{\"@id\":\"https:\\\/\\\/www.fcbarcelonanoticias.com\\\/en\\\/football-soccer\\\/copa-del-rey\\\/ronald-araujo-great-match-and-warm-ovation-on-his-return-to-montjuic_310123_102.html#primaryimage\"},\"thumbnailUrl\":\"https:\\\/\\\/www.fcbarcelonanoticias.com\\\/en\\\/wp-content\\\/uploads\\\/sites\\\/2\\\/2025\\\/01\\\/ronald-araujo-v-betis.jpeg\",\"datePublished\":\"2025-01-16T00:42:00+00:00\",\"dateModified\":\"2025-01-16T07:11:00+00:00\",\"author\":{\"@id\":\"https:\\\/\\\/www.fcbarcelonanoticias.com\\\/en\\\/#\\\/schema\\\/person\\\/c2cd9f6fa1af5c0d0eccd0fefa575c88\"},\"description\":\"Ronald Araujo returned to Montju\u00efc on a special night for the FC Barcelona center-back. The '4' regained his starting position and the captain's armband, receiving the affection of the Bar\u00e7a fans\",\"breadcrumb\":{\"@id\":\"https:\\\/\\\/www.fcbarcelonanoticias.com\\\/en\\\/football-soccer\\\/copa-del-rey\\\/ronald-araujo-great-match-and-warm-ovation-on-his-return-to-montjuic_310123_102.html#breadcrumb\"},\"inLanguage\":\"en-US\",\"potentialAction\":[{\"@type\":\"ReadAction\",\"target\":[\"https:\\\/\\\/www.fcbarcelonanoticias.com\\\/en\\\/football-soccer\\\/copa-del-rey\\\/ronald-araujo-great-match-and-warm-ovation-on-his-return-to-montjuic_310123_102.html\"]}]},{\"@type\":\"ImageObject\",\"inLanguage\":\"en-US\",\"@id\":\"https:\\\/\\\/www.fcbarcelonanoticias.com\\\/en\\\/football-soccer\\\/copa-del-rey\\\/ronald-araujo-great-match-and-warm-ovation-on-his-return-to-montjuic_310123_102.html#primaryimage\",\"url\":\"https:\\\/\\\/www.fcbarcelonanoticias.com\\\/en\\\/wp-content\\\/uploads\\\/sites\\\/2\\\/2025\\\/01\\\/ronald-araujo-v-betis.jpeg\",\"contentUrl\":\"https:\\\/\\\/www.fcbarcelonanoticias.com\\\/en\\\/wp-content\\\/uploads\\\/sites\\\/2\\\/2025\\\/01\\\/ronald-araujo-v-betis.jpeg\",\"width\":1200,\"height\":675},{\"@type\":\"BreadcrumbList\",\"@id\":\"https:\\\/\\\/www.fcbarcelonanoticias.com\\\/en\\\/football-soccer\\\/copa-del-rey\\\/ronald-araujo-great-match-and-warm-ovation-on-his-return-to-montjuic_310123_102.html#breadcrumb\",\"itemListElement\":[{\"@type\":\"ListItem\",\"position\":1,\"name\":\"Portada\",\"item\":\"https:\\\/\\\/www.fcbarcelonanoticias.com\\\/en\\\/\"},{\"@type\":\"ListItem\",\"position\":2,\"name\":\"Ronald Araujo, great match and a warm ovation on his return to Montju\u00efc\"}]},{\"@type\":\"WebSite\",\"@id\":\"https:\\\/\\\/www.fcbarcelonanoticias.com\\\/en\\\/#website\",\"url\":\"https:\\\/\\\/www.fcbarcelonanoticias.com\\\/en\\\/\",\"name\":\"EN - FC Barcelona Noticias\",\"description\":\"\",\"potentialAction\":[{\"@type\":\"SearchAction\",\"target\":{\"@type\":\"EntryPoint\",\"urlTemplate\":\"https:\\\/\\\/www.fcbarcelonanoticias.com\\\/en\\\/?s={search_term_string}\"},\"query-input\":{\"@type\":\"PropertyValueSpecification\",\"valueRequired\":true,\"valueName\":\"search_term_string\"}}],\"inLanguage\":\"en-US\"},{\"@type\":\"Person\",\"@id\":\"https:\\\/\\\/www.fcbarcelonanoticias.com\\\/en\\\/#\\\/schema\\\/person\\\/c2cd9f6fa1af5c0d0eccd0fefa575c88\",\"name\":\"Andr\u00e9s Quiroz\",\"image\":{\"@type\":\"ImageObject\",\"inLanguage\":\"en-US\",\"@id\":\"https:\\\/\\\/secure.gravatar.com\\\/avatar\\\/?s=96&d=mm&r=g\",\"url\":\"https:\\\/\\\/secure.gravatar.com\\\/avatar\\\/?s=96&d=mm&r=g\",\"contentUrl\":\"https:\\\/\\\/secure.gravatar.com\\\/avatar\\\/?s=96&d=mm&r=g\",\"caption\":\"Andr\u00e9s Quiroz\"},\"description\":\"Licenciado en Periodismo por la Universidad de los Andes. Me encargo de analizar y compartir los contenidos m\u00e1s destacados de la\u00a0actualidad del F\u00fatbol Club Barcelona, Mercado de Fichajes y F\u00fatbol Internacional en FCBN. La informaci\u00f3n es poder, pero tambi\u00e9n conocimiento.\",\"url\":\"https:\\\/\\\/www.fcbarcelonanoticias.com\\\/en\\\/fc-barcelona\\\/andres-quiroz_17_115.html\"}]}<\/script>\n<!-- \/ Yoast SEO plugin. -->","yoast_head_json":{"title":"Ronald Araujo, great match and a warm ovation on his return to Montju\u00efc","description":"Ronald Araujo returned to Montju\u00efc on a special night for the FC Barcelona center-back. The '4' regained his starting position and the captain's armband, receiving the affection of the Bar\u00e7a fans","robots":{"index":"index","follow":"follow","max-snippet":"max-snippet:-1","max-image-preview":"max-image-preview:large","max-video-preview":"max-video-preview:-1"},"canonical":"https:\/\/www.fcbarcelonanoticias.com\/en\/football-soccer\/copa-del-rey\/ronald-araujo-great-match-and-warm-ovation-on-his-return-to-montjuic_310123_102.html","og_locale":"en_US","og_type":"article","og_title":"Ronald Araujo, great match and a warm ovation on his return to Montju\u00efc","og_description":"Ronald Araujo returned to Montju\u00efc on a special night for the FC Barcelona center-back. The '4' regained his starting position and the captain's armband, receiving the affection of the Bar\u00e7a fans","og_url":"https:\/\/www.fcbarcelonanoticias.com\/en\/football-soccer\/copa-del-rey\/ronald-araujo-great-match-and-warm-ovation-on-his-return-to-montjuic_310123_102.html","og_site_name":"EN - FC Barcelona Noticias","article_published_time":"2025-01-16T00:42:00+00:00","article_modified_time":"2025-01-16T07:11:00+00:00","og_image":[{"width":1200,"height":675,"url":"https:\/\/www.fcbarcelonanoticias.com\/en\/wp-content\/uploads\/sites\/2\/2025\/01\/ronald-araujo-v-betis.jpeg","type":"image\/jpeg"}],"author":"Andr\u00e9s Quiroz","twitter_card":"summary_large_image","twitter_misc":{"Written by":"Andr\u00e9s Quiroz","Est. reading time":"2 minutes"},"schema":{"@context":"https:\/\/schema.org","@graph":[{"@type":"Article","@id":"https:\/\/www.fcbarcelonanoticias.com\/en\/football-soccer\/copa-del-rey\/ronald-araujo-great-match-and-warm-ovation-on-his-return-to-montjuic_310123_102.html#article","isPartOf":{"@id":"https:\/\/www.fcbarcelonanoticias.com\/en\/football-soccer\/copa-del-rey\/ronald-araujo-great-match-and-warm-ovation-on-his-return-to-montjuic_310123_102.html"},"author":{"name":"Andr\u00e9s Quiroz","@id":"https:\/\/www.fcbarcelonanoticias.com\/en\/#\/schema\/person\/c2cd9f6fa1af5c0d0eccd0fefa575c88"},"headline":"Ronald Araujo, great match and a warm ovation on his return to Montju\u00efc","datePublished":"2025-01-16T00:42:00+00:00","dateModified":"2025-01-16T07:11:00+00:00","mainEntityOfPage":{"@id":"https:\/\/www.fcbarcelonanoticias.com\/en\/football-soccer\/copa-del-rey\/ronald-araujo-great-match-and-warm-ovation-on-his-return-to-montjuic_310123_102.html"},"wordCount":455,"image":{"@id":"https:\/\/www.fcbarcelonanoticias.com\/en\/football-soccer\/copa-del-rey\/ronald-araujo-great-match-and-warm-ovation-on-his-return-to-montjuic_310123_102.html#primaryimage"},"thumbnailUrl":"https:\/\/www.fcbarcelonanoticias.com\/en\/wp-content\/uploads\/sites\/2\/2025\/01\/ronald-araujo-v-betis.jpeg","articleSection":["Copa del Rey","Copa del Rey"],"inLanguage":"en-US"},{"@type":"WebPage","@id":"https:\/\/www.fcbarcelonanoticias.com\/en\/football-soccer\/copa-del-rey\/ronald-araujo-great-match-and-warm-ovation-on-his-return-to-montjuic_310123_102.html","url":"https:\/\/www.fcbarcelonanoticias.com\/en\/football-soccer\/copa-del-rey\/ronald-araujo-great-match-and-warm-ovation-on-his-return-to-montjuic_310123_102.html","name":"Ronald Araujo, great match and a warm ovation on his return to Montju\u00efc","isPartOf":{"@id":"https:\/\/www.fcbarcelonanoticias.com\/en\/#website"},"primaryImageOfPage":{"@id":"https:\/\/www.fcbarcelonanoticias.com\/en\/football-soccer\/copa-del-rey\/ronald-araujo-great-match-and-warm-ovation-on-his-return-to-montjuic_310123_102.html#primaryimage"},"image":{"@id":"https:\/\/www.fcbarcelonanoticias.com\/en\/football-soccer\/copa-del-rey\/ronald-araujo-great-match-and-warm-ovation-on-his-return-to-montjuic_310123_102.html#primaryimage"},"thumbnailUrl":"https:\/\/www.fcbarcelonanoticias.com\/en\/wp-content\/uploads\/sites\/2\/2025\/01\/ronald-araujo-v-betis.jpeg","datePublished":"2025-01-16T00:42:00+00:00","dateModified":"2025-01-16T07:11:00+00:00","author":{"@id":"https:\/\/www.fcbarcelonanoticias.com\/en\/#\/schema\/person\/c2cd9f6fa1af5c0d0eccd0fefa575c88"},"description":"Ronald Araujo returned to Montju\u00efc on a special night for the FC Barcelona center-back. The '4' regained his starting position and the captain's armband, receiving the affection of the Bar\u00e7a fans","breadcrumb":{"@id":"https:\/\/www.fcbarcelonanoticias.com\/en\/football-soccer\/copa-del-rey\/ronald-araujo-great-match-and-warm-ovation-on-his-return-to-montjuic_310123_102.html#breadcrumb"},"inLanguage":"en-US","potentialAction":[{"@type":"ReadAction","target":["https:\/\/www.fcbarcelonanoticias.com\/en\/football-soccer\/copa-del-rey\/ronald-araujo-great-match-and-warm-ovation-on-his-return-to-montjuic_310123_102.html"]}]},{"@type":"ImageObject","inLanguage":"en-US","@id":"https:\/\/www.fcbarcelonanoticias.com\/en\/football-soccer\/copa-del-rey\/ronald-araujo-great-match-and-warm-ovation-on-his-return-to-montjuic_310123_102.html#primaryimage","url":"https:\/\/www.fcbarcelonanoticias.com\/en\/wp-content\/uploads\/sites\/2\/2025\/01\/ronald-araujo-v-betis.jpeg","contentUrl":"https:\/\/www.fcbarcelonanoticias.com\/en\/wp-content\/uploads\/sites\/2\/2025\/01\/ronald-araujo-v-betis.jpeg","width":1200,"height":675},{"@type":"BreadcrumbList","@id":"https:\/\/www.fcbarcelonanoticias.com\/en\/football-soccer\/copa-del-rey\/ronald-araujo-great-match-and-warm-ovation-on-his-return-to-montjuic_310123_102.html#breadcrumb","itemListElement":[{"@type":"ListItem","position":1,"name":"Portada","item":"https:\/\/www.fcbarcelonanoticias.com\/en\/"},{"@type":"ListItem","position":2,"name":"Ronald Araujo, great match and a warm ovation on his return to Montju\u00efc"}]},{"@type":"WebSite","@id":"https:\/\/www.fcbarcelonanoticias.com\/en\/#website","url":"https:\/\/www.fcbarcelonanoticias.com\/en\/","name":"EN - FC Barcelona Noticias","description":"","potentialAction":[{"@type":"SearchAction","target":{"@type":"EntryPoint","urlTemplate":"https:\/\/www.fcbarcelonanoticias.com\/en\/?s={search_term_string}"},"query-input":{"@type":"PropertyValueSpecification","valueRequired":true,"valueName":"search_term_string"}}],"inLanguage":"en-US"},{"@type":"Person","@id":"https:\/\/www.fcbarcelonanoticias.com\/en\/#\/schema\/person\/c2cd9f6fa1af5c0d0eccd0fefa575c88","name":"Andr\u00e9s Quiroz","image":{"@type":"ImageObject","inLanguage":"en-US","@id":"https:\/\/secure.gravatar.com\/avatar\/?s=96&d=mm&r=g","url":"https:\/\/secure.gravatar.com\/avatar\/?s=96&d=mm&r=g","contentUrl":"https:\/\/secure.gravatar.com\/avatar\/?s=96&d=mm&r=g","caption":"Andr\u00e9s Quiroz"},"description":"Licenciado en Periodismo por la Universidad de los Andes. Me encargo de analizar y compartir los contenidos m\u00e1s destacados de la\u00a0actualidad del F\u00fatbol Club Barcelona, Mercado de Fichajes y F\u00fatbol Internacional en FCBN. La informaci\u00f3n es poder, pero tambi\u00e9n conocimiento.","url":"https:\/\/www.fcbarcelonanoticias.com\/en\/fc-barcelona\/andres-quiroz_17_115.html"}]}},"_links":{"self":[{"href":"https:\/\/www.fcbarcelonanoticias.com\/en\/wp-json\/wp\/v2\/posts\/39180","targetHints":{"allow":["GET"]}}],"collection":[{"href":"https:\/\/www.fcbarcelonanoticias.com\/en\/wp-json\/wp\/v2\/posts"}],"about":[{"href":"https:\/\/www.fcbarcelonanoticias.com\/en\/wp-json\/wp\/v2\/types\/post"}],"author":[{"embeddable":true,"href":"https:\/\/www.fcbarcelonanoticias.com\/en\/wp-json\/wp\/v2\/users\/347"}],"replies":[{"embeddable":true,"href":"https:\/\/www.fcbarcelonanoticias.com\/en\/wp-json\/wp\/v2\/comments?post=39180"}],"version-history":[{"count":3,"href":"https:\/\/www.fcbarcelonanoticias.com\/en\/wp-json\/wp\/v2\/posts\/39180\/revisions"}],"predecessor-version":[{"id":39181,"href":"https:\/\/www.fcbarcelonanoticias.com\/en\/wp-json\/wp\/v2\/posts\/39180\/revisions\/39181"}],"wp:featuredmedia":[{"embeddable":true,"href":"https:\/\/www.fcbarcelonanoticias.com\/en\/wp-json\/wp\/v2\/media\/39182"}],"wp:attachment":[{"href":"https:\/\/www.fcbarcelonanoticias.com\/en\/wp-json\/wp\/v2\/media?parent=39180"}],"wp:term":[{"taxonomy":"category","embeddable":true,"href":"https:\/\/www.fcbarcelonanoticias.com\/en\/wp-json\/wp\/v2\/categories?post=39180"},{"taxonomy":"post_tag","embeddable":true,"href":"https:\/\/www.fcbarcelonanoticias.com\/en\/wp-json\/wp\/v2\/tags?post=39180"}],"curies":[{"name":"wp","href":"https:\/\/api.w.org\/{rel}","templated":true}]}}