{"id":39200,"date":"2024-11-19T11:19:00","date_gmt":"2024-11-19T10:19:00","guid":{"rendered":"https:\/\/weisetech.dev\/fc-barcelona-noticias\/en\/marc-casado-is-making-strides-in-dream-season-for-him_308709_102\/"},"modified":"2024-11-20T05:36:00","modified_gmt":"2024-11-20T04:36:00","slug":"marc-casado-is-making-strides-in-dream-season-for-him_308709_102","status":"publish","type":"post","link":"https:\/\/www.fcbarcelonanoticias.com\/en\/football-soccer\/fc-barcelona\/marc-casado-is-making-strides-in-dream-season-for-him_308709_102.html","title":{"rendered":"Marc Casad\u00f3 is making strides in a dream season for him"},"content":{"rendered":"<h2 class=\"wp-block-heading\">The 24\/25 season has been unbeatable for the young Casad\u00f3. He is an immovable piece in Hansi Flick&#8217;s Bar\u00e7a scheme and has started with the Spanish national team against Switzerland.<\/h2>  \r\n<div class=\"article-addons\">\r\n    <a href=\"https:\/\/www.fcbarcelonanoticias.com\/calendar-fc-barcelona.html\"\r\n       target=\"_self\"\r\n       title=\"Calendar of FC Barcelona\"\r\n       class=\"blue-gredient-btn\">\r\n       \r\n        Calendar of FC Barcelona    <\/a>\r\n<\/div>   <p>Marc Casad\u00f3 is having a very sweet moment. This season he is already a Bar\u00e7a first team player for all intents and purposes, but not only that, he is a <strong>fundamental player for the Bar\u00e7a team<\/strong>. The one from Sant Pere de Vilamajor is offering an incredible performance, something that has led him to be called up with the senior Spanish National Team and <strong>even play as a starter in one of the matches.<\/strong><\/p>  <h3><strong>Last season was not easy for Marc Casad\u00f3<\/strong><\/h3>  <p>&#8220;Many have told me that <strong>almost 50 [games] in the last two years<\/strong>. I played 4 games. I warmed up sometimes but not many. At the beginning of last season I had it worse; later I couldn&#8217;t play for the reserve team either. <strong>If I couldn&#8217;t to play with the first team, I wanted to play with the reserve team<\/strong>, and I did it at the end of the season; I wanted to play to continue learning and that has helped me a lot for now. At first Xavi told me that but then not so much,&#8221; he responded. the midfielder to a question about his calls without minutes&nbsp;during last season in an <a data-external=\"1\" href=\"https:\/\/www.cope.es\/en\/programas\/el-partidazo-de-cope\/noticias\/entrevista-juanma-castano-marc-casado-partidazo-cope-13-20241113_3045628.html\" rel=\"nofollow\" target=\"_blank\" title=\"interview with the COPE network.\">interview with the COPE network.<\/a><\/p>  <p>Despite the lack of opportunities with the first team, Marc did not give up. <strong>Captain and leader of Bar\u00e7a Atl\u00e8tic<\/strong>, he was one of the fundamental pieces in reaching the final of the co<a data-external=\"0\" data-intl-links-en=\"https:\/\/www.fcbarcelonanoticias.com\/en\/fc-barcelona\/goodbye-ascenso-bronco-cordoba-supera-barca-atletic-deja-ano-mas-en-1a-rfef-2-1_304800_102.html\" data-intl-links-es=\"https:\/\/www.fcbarcelonanoticias.com\/fc-barcelona\/adios-ascenso-bronco-cordoba-supera-barca-atletic-deja-ano-mas-en-1a-rfef-2-1_304800_102.html\" href=\"https:\/\/www.fcbarcelonanoticias.com\/en\/fc-barcelona\/goodbye-ascenso-bronco-cordoba-supera-barca-atletic-deja-ano-mas-en-1a-rfef-2-1_304800_102.html\" rel=\"follow\" target=\"_self\" title=\"Goodbye promotion! A 'bronco' C\u00f3rdoba beats Bar\u00e7a and leaves them in the 1st RFEF for another year\">Playoff for promotion to the Second Division.<\/a> Despite not getting the Bar\u00e7a reserve team to move up a category, he grew and learned a lot from Rafa M\u00e1rquez, who said the following about the youth squad: &#8220;<strong>Give me eleven Casad\u00f3s<\/strong>.&#8221;<\/p>  <h3>He didn&#8217;t convince Xavi, but he did convince Flick<\/h3>  <p>Hansi Flick detected the need to reinforce some areas of the field upon his arrival at Can Bar\u00e7a, among which was the center of the field. However, everything changed when he saw two young players from the reserve team train and play in preseason with the first team. They were <strong>Marc Bernal and Marc Casad\u00f3<\/strong>. Such was his interest in both that he opted for them as the starting double pivot in Mestalla, on the first day of LaLiga.<\/p>  <p>Unfortunately, Bernal&#8217;s progression was slowed by a <a data-external=\"0\" data-intl-links-en=\"https:\/\/www.fcbarcelonanoticias.com\/en\/fc-barcelona\/marc-bernal-surgery-already-has-date-all-the-details-of-his-time-in-the-operating-room_307145_102.html\" data-intl-links-es=\"https:\/\/www.fcbarcelonanoticias.com\/fc-barcelona\/operacion-marc-bernal-ya-tiene-fecha-todos-detalles-su-paso-por-quirofano_307145_102.html\" href=\"https:\/\/www.fcbarcelonanoticias.com\/en\/fc-barcelona\/marc-bernal-surgery-already-has-date-all-the-details-of-his-time-in-the-operating-room_307145_102.html\" rel=\"follow\" target=\"_self\" title=\"Marc Bernal's surgery already has a date: All the details of his time in the operating room\">serious injury<\/a>. He tore the <strong>anterior cruciate ligament and the external meniscus in his left knee <\/strong>against Rayo Vallecano on the third day of the domestic championship. For his part, Casad\u00f3 remained a key piece of the cul\u00e9 engine room.<\/p>  <p>Thus, the youth player accumulates 1,733 minutes spread over 15 games. He has only not played in two games. In his minutes on the field he has shown how complete he is as a footballer. He <strong>recovers an average of 3.66 balls per game and has already given 5 assists<\/strong>. It is a sign that, despite being a positional pivot, he is a true all-rounder.<\/p>  <h3>Called up and started with Spain<\/h3>  <p>Although during the national team break in October he was summoned by Santi Denia for the under-21 team, in November the call came from the senior team for Casad\u00f3. <strong>He played 20 minutes in the first match, against Denmark, due to an injury to Mart\u00edn Zubimendi. However, he started against Switzerland in the second game.&nbsp;<\/strong><\/p>  <p>Regarding his performance as a starter with Spain, he simply did his thing: <strong>91% pass accuracy, won 11 of 12 duels, was successful in two attempted dribbles and made 3 tackles<\/strong>. He was, in these last three sections, the best of the entire Spanish National Team.&nbsp;<\/p>  <p>It is clear that Marc Casad\u00f3 is a footballer who aims very high. He was somewhat obscured last season, but this season he is being one of the best midfielders in Europe. B<strong>ar\u00e7a has the pivot it needed so much at home.<\/strong><\/p> ","protected":false},"excerpt":{"rendered":"<p>The 24\/25 season has been unbeatable for the young Casad\u00f3. He is an immovable piece in Hansi Flick&#8217;s Bar\u00e7a scheme and has started with the Spanish national team against Switzerland. Marc Casad\u00f3 is having a very sweet moment. This season he is already a Bar\u00e7a first team player for all intents and purposes, but not [&hellip;]<\/p>\n","protected":false},"author":0,"featured_media":39201,"comment_status":"closed","ping_status":"open","sticky":false,"template":"","format":"standard","meta":{"_acf_changed":false,"inline_featured_image":false,"_nextfly_llmd_date_locked":false,"footnotes":""},"categories":[111],"tags":[91],"class_list":["post-39200","post","type-post","status-publish","format-standard","has-post-thumbnail","hentry","category-fc-barcelona","tag-national-teams"],"acf":[],"yoast_head":"<!-- This site is optimized with the Yoast SEO plugin v27.3 - https:\/\/yoast.com\/product\/yoast-seo-wordpress\/ -->\n<title>Marc Casad\u00f3 is making strides in a dream season for him<\/title>\n<meta name=\"description\" content=\"The 24\/25 season has been unbeatable for the young Casad\u00f3. He is an immovable piece in Hansi Flick&#039;s Bar\u00e7a scheme and has started with the Spanish national team against Switzerland.\" \/>\n<meta name=\"robots\" content=\"index, follow, max-snippet:-1, max-image-preview:large, max-video-preview:-1\" \/>\n<link rel=\"canonical\" href=\"https:\/\/www.fcbarcelonanoticias.com\/en\/football-soccer\/fc-barcelona\/marc-casado-is-making-strides-in-dream-season-for-him_308709_102.html\" \/>\n<meta property=\"og:locale\" content=\"en_US\" \/>\n<meta property=\"og:type\" content=\"article\" \/>\n<meta property=\"og:title\" content=\"Marc Casad\u00f3 is making strides in a dream season for him\" \/>\n<meta property=\"og:description\" content=\"The 24\/25 season has been unbeatable for the young Casad\u00f3. He is an immovable piece in Hansi Flick&#039;s Bar\u00e7a scheme and has started with the Spanish national team against Switzerland.\" \/>\n<meta property=\"og:url\" content=\"https:\/\/www.fcbarcelonanoticias.com\/en\/football-soccer\/fc-barcelona\/marc-casado-is-making-strides-in-dream-season-for-him_308709_102.html\" \/>\n<meta property=\"og:site_name\" content=\"EN - FC Barcelona Noticias\" \/>\n<meta property=\"article:published_time\" content=\"2024-11-19T10:19:00+00:00\" \/>\n<meta property=\"article:modified_time\" content=\"2024-11-20T04:36:00+00:00\" \/>\n<meta property=\"og:image\" content=\"https:\/\/www.fcbarcelonanoticias.com\/en\/wp-content\/uploads\/sites\/2\/2024\/11\/spain-v-switzerland-uefa-nations-league-2024-25-league-a-group-a4-scaled.jpeg\" \/>\n\t<meta property=\"og:image:width\" content=\"2560\" \/>\n\t<meta property=\"og:image:height\" content=\"1821\" \/>\n\t<meta property=\"og:image:type\" content=\"image\/jpeg\" \/>\n<meta name=\"twitter:card\" content=\"summary_large_image\" \/>\n<meta name=\"twitter:label1\" content=\"Est. reading time\" \/>\n\t<meta name=\"twitter:data1\" content=\"3 minutes\" \/>\n<script type=\"application\/ld+json\" class=\"yoast-schema-graph\">{\"@context\":\"https:\\\/\\\/schema.org\",\"@graph\":[{\"@type\":\"Article\",\"@id\":\"https:\\\/\\\/www.fcbarcelonanoticias.com\\\/en\\\/football-soccer\\\/fc-barcelona\\\/marc-casado-is-making-strides-in-dream-season-for-him_308709_102.html#article\",\"isPartOf\":{\"@id\":\"https:\\\/\\\/www.fcbarcelonanoticias.com\\\/en\\\/football-soccer\\\/fc-barcelona\\\/marc-casado-is-making-strides-in-dream-season-for-him_308709_102.html\"},\"author\":{\"name\":\"\",\"@id\":\"\"},\"headline\":\"Marc Casad\u00f3 is making strides in a dream season for him\",\"datePublished\":\"2024-11-19T10:19:00+00:00\",\"dateModified\":\"2024-11-20T04:36:00+00:00\",\"mainEntityOfPage\":{\"@id\":\"https:\\\/\\\/www.fcbarcelonanoticias.com\\\/en\\\/football-soccer\\\/fc-barcelona\\\/marc-casado-is-making-strides-in-dream-season-for-him_308709_102.html\"},\"wordCount\":671,\"image\":{\"@id\":\"https:\\\/\\\/www.fcbarcelonanoticias.com\\\/en\\\/football-soccer\\\/fc-barcelona\\\/marc-casado-is-making-strides-in-dream-season-for-him_308709_102.html#primaryimage\"},\"thumbnailUrl\":\"https:\\\/\\\/www.fcbarcelonanoticias.com\\\/en\\\/wp-content\\\/uploads\\\/sites\\\/2\\\/2024\\\/11\\\/spain-v-switzerland-uefa-nations-league-2024-25-league-a-group-a4-scaled.jpeg\",\"keywords\":[\"National Teams\"],\"articleSection\":[\"FC Barcelona\"],\"inLanguage\":\"en-US\"},{\"@type\":\"WebPage\",\"@id\":\"https:\\\/\\\/www.fcbarcelonanoticias.com\\\/en\\\/football-soccer\\\/fc-barcelona\\\/marc-casado-is-making-strides-in-dream-season-for-him_308709_102.html\",\"url\":\"https:\\\/\\\/www.fcbarcelonanoticias.com\\\/en\\\/football-soccer\\\/fc-barcelona\\\/marc-casado-is-making-strides-in-dream-season-for-him_308709_102.html\",\"name\":\"Marc Casad\u00f3 is making strides in a dream season for him\",\"isPartOf\":{\"@id\":\"https:\\\/\\\/www.fcbarcelonanoticias.com\\\/en\\\/#website\"},\"primaryImageOfPage\":{\"@id\":\"https:\\\/\\\/www.fcbarcelonanoticias.com\\\/en\\\/football-soccer\\\/fc-barcelona\\\/marc-casado-is-making-strides-in-dream-season-for-him_308709_102.html#primaryimage\"},\"image\":{\"@id\":\"https:\\\/\\\/www.fcbarcelonanoticias.com\\\/en\\\/football-soccer\\\/fc-barcelona\\\/marc-casado-is-making-strides-in-dream-season-for-him_308709_102.html#primaryimage\"},\"thumbnailUrl\":\"https:\\\/\\\/www.fcbarcelonanoticias.com\\\/en\\\/wp-content\\\/uploads\\\/sites\\\/2\\\/2024\\\/11\\\/spain-v-switzerland-uefa-nations-league-2024-25-league-a-group-a4-scaled.jpeg\",\"datePublished\":\"2024-11-19T10:19:00+00:00\",\"dateModified\":\"2024-11-20T04:36:00+00:00\",\"author\":{\"@id\":\"\"},\"description\":\"The 24\\\/25 season has been unbeatable for the young Casad\u00f3. He is an immovable piece in Hansi Flick's Bar\u00e7a scheme and has started with the Spanish national team against Switzerland.\",\"breadcrumb\":{\"@id\":\"https:\\\/\\\/www.fcbarcelonanoticias.com\\\/en\\\/football-soccer\\\/fc-barcelona\\\/marc-casado-is-making-strides-in-dream-season-for-him_308709_102.html#breadcrumb\"},\"inLanguage\":\"en-US\",\"potentialAction\":[{\"@type\":\"ReadAction\",\"target\":[\"https:\\\/\\\/www.fcbarcelonanoticias.com\\\/en\\\/football-soccer\\\/fc-barcelona\\\/marc-casado-is-making-strides-in-dream-season-for-him_308709_102.html\"]}]},{\"@type\":\"ImageObject\",\"inLanguage\":\"en-US\",\"@id\":\"https:\\\/\\\/www.fcbarcelonanoticias.com\\\/en\\\/football-soccer\\\/fc-barcelona\\\/marc-casado-is-making-strides-in-dream-season-for-him_308709_102.html#primaryimage\",\"url\":\"https:\\\/\\\/www.fcbarcelonanoticias.com\\\/en\\\/wp-content\\\/uploads\\\/sites\\\/2\\\/2024\\\/11\\\/spain-v-switzerland-uefa-nations-league-2024-25-league-a-group-a4-scaled.jpeg\",\"contentUrl\":\"https:\\\/\\\/www.fcbarcelonanoticias.com\\\/en\\\/wp-content\\\/uploads\\\/sites\\\/2\\\/2024\\\/11\\\/spain-v-switzerland-uefa-nations-league-2024-25-league-a-group-a4-scaled.jpeg\",\"width\":2560,\"height\":1821},{\"@type\":\"BreadcrumbList\",\"@id\":\"https:\\\/\\\/www.fcbarcelonanoticias.com\\\/en\\\/football-soccer\\\/fc-barcelona\\\/marc-casado-is-making-strides-in-dream-season-for-him_308709_102.html#breadcrumb\",\"itemListElement\":[{\"@type\":\"ListItem\",\"position\":1,\"name\":\"Portada\",\"item\":\"https:\\\/\\\/www.fcbarcelonanoticias.com\\\/en\\\/\"},{\"@type\":\"ListItem\",\"position\":2,\"name\":\"Marc Casad\u00f3 is making strides in a dream season for him\"}]},{\"@type\":\"WebSite\",\"@id\":\"https:\\\/\\\/www.fcbarcelonanoticias.com\\\/en\\\/#website\",\"url\":\"https:\\\/\\\/www.fcbarcelonanoticias.com\\\/en\\\/\",\"name\":\"EN - FC Barcelona Noticias\",\"description\":\"\",\"potentialAction\":[{\"@type\":\"SearchAction\",\"target\":{\"@type\":\"EntryPoint\",\"urlTemplate\":\"https:\\\/\\\/www.fcbarcelonanoticias.com\\\/en\\\/?s={search_term_string}\"},\"query-input\":{\"@type\":\"PropertyValueSpecification\",\"valueRequired\":true,\"valueName\":\"search_term_string\"}}],\"inLanguage\":\"en-US\"}]}<\/script>\n<!-- \/ Yoast SEO plugin. -->","yoast_head_json":{"title":"Marc Casad\u00f3 is making strides in a dream season for him","description":"The 24\/25 season has been unbeatable for the young Casad\u00f3. He is an immovable piece in Hansi Flick's Bar\u00e7a scheme and has started with the Spanish national team against Switzerland.","robots":{"index":"index","follow":"follow","max-snippet":"max-snippet:-1","max-image-preview":"max-image-preview:large","max-video-preview":"max-video-preview:-1"},"canonical":"https:\/\/www.fcbarcelonanoticias.com\/en\/football-soccer\/fc-barcelona\/marc-casado-is-making-strides-in-dream-season-for-him_308709_102.html","og_locale":"en_US","og_type":"article","og_title":"Marc Casad\u00f3 is making strides in a dream season for him","og_description":"The 24\/25 season has been unbeatable for the young Casad\u00f3. He is an immovable piece in Hansi Flick's Bar\u00e7a scheme and has started with the Spanish national team against Switzerland.","og_url":"https:\/\/www.fcbarcelonanoticias.com\/en\/football-soccer\/fc-barcelona\/marc-casado-is-making-strides-in-dream-season-for-him_308709_102.html","og_site_name":"EN - FC Barcelona Noticias","article_published_time":"2024-11-19T10:19:00+00:00","article_modified_time":"2024-11-20T04:36:00+00:00","og_image":[{"width":2560,"height":1821,"url":"https:\/\/www.fcbarcelonanoticias.com\/en\/wp-content\/uploads\/sites\/2\/2024\/11\/spain-v-switzerland-uefa-nations-league-2024-25-league-a-group-a4-scaled.jpeg","type":"image\/jpeg"}],"twitter_card":"summary_large_image","twitter_misc":{"Est. reading time":"3 minutes"},"schema":{"@context":"https:\/\/schema.org","@graph":[{"@type":"Article","@id":"https:\/\/www.fcbarcelonanoticias.com\/en\/football-soccer\/fc-barcelona\/marc-casado-is-making-strides-in-dream-season-for-him_308709_102.html#article","isPartOf":{"@id":"https:\/\/www.fcbarcelonanoticias.com\/en\/football-soccer\/fc-barcelona\/marc-casado-is-making-strides-in-dream-season-for-him_308709_102.html"},"author":{"name":"","@id":""},"headline":"Marc Casad\u00f3 is making strides in a dream season for him","datePublished":"2024-11-19T10:19:00+00:00","dateModified":"2024-11-20T04:36:00+00:00","mainEntityOfPage":{"@id":"https:\/\/www.fcbarcelonanoticias.com\/en\/football-soccer\/fc-barcelona\/marc-casado-is-making-strides-in-dream-season-for-him_308709_102.html"},"wordCount":671,"image":{"@id":"https:\/\/www.fcbarcelonanoticias.com\/en\/football-soccer\/fc-barcelona\/marc-casado-is-making-strides-in-dream-season-for-him_308709_102.html#primaryimage"},"thumbnailUrl":"https:\/\/www.fcbarcelonanoticias.com\/en\/wp-content\/uploads\/sites\/2\/2024\/11\/spain-v-switzerland-uefa-nations-league-2024-25-league-a-group-a4-scaled.jpeg","keywords":["National Teams"],"articleSection":["FC Barcelona"],"inLanguage":"en-US"},{"@type":"WebPage","@id":"https:\/\/www.fcbarcelonanoticias.com\/en\/football-soccer\/fc-barcelona\/marc-casado-is-making-strides-in-dream-season-for-him_308709_102.html","url":"https:\/\/www.fcbarcelonanoticias.com\/en\/football-soccer\/fc-barcelona\/marc-casado-is-making-strides-in-dream-season-for-him_308709_102.html","name":"Marc Casad\u00f3 is making strides in a dream season for him","isPartOf":{"@id":"https:\/\/www.fcbarcelonanoticias.com\/en\/#website"},"primaryImageOfPage":{"@id":"https:\/\/www.fcbarcelonanoticias.com\/en\/football-soccer\/fc-barcelona\/marc-casado-is-making-strides-in-dream-season-for-him_308709_102.html#primaryimage"},"image":{"@id":"https:\/\/www.fcbarcelonanoticias.com\/en\/football-soccer\/fc-barcelona\/marc-casado-is-making-strides-in-dream-season-for-him_308709_102.html#primaryimage"},"thumbnailUrl":"https:\/\/www.fcbarcelonanoticias.com\/en\/wp-content\/uploads\/sites\/2\/2024\/11\/spain-v-switzerland-uefa-nations-league-2024-25-league-a-group-a4-scaled.jpeg","datePublished":"2024-11-19T10:19:00+00:00","dateModified":"2024-11-20T04:36:00+00:00","author":{"@id":""},"description":"The 24\/25 season has been unbeatable for the young Casad\u00f3. He is an immovable piece in Hansi Flick's Bar\u00e7a scheme and has started with the Spanish national team against Switzerland.","breadcrumb":{"@id":"https:\/\/www.fcbarcelonanoticias.com\/en\/football-soccer\/fc-barcelona\/marc-casado-is-making-strides-in-dream-season-for-him_308709_102.html#breadcrumb"},"inLanguage":"en-US","potentialAction":[{"@type":"ReadAction","target":["https:\/\/www.fcbarcelonanoticias.com\/en\/football-soccer\/fc-barcelona\/marc-casado-is-making-strides-in-dream-season-for-him_308709_102.html"]}]},{"@type":"ImageObject","inLanguage":"en-US","@id":"https:\/\/www.fcbarcelonanoticias.com\/en\/football-soccer\/fc-barcelona\/marc-casado-is-making-strides-in-dream-season-for-him_308709_102.html#primaryimage","url":"https:\/\/www.fcbarcelonanoticias.com\/en\/wp-content\/uploads\/sites\/2\/2024\/11\/spain-v-switzerland-uefa-nations-league-2024-25-league-a-group-a4-scaled.jpeg","contentUrl":"https:\/\/www.fcbarcelonanoticias.com\/en\/wp-content\/uploads\/sites\/2\/2024\/11\/spain-v-switzerland-uefa-nations-league-2024-25-league-a-group-a4-scaled.jpeg","width":2560,"height":1821},{"@type":"BreadcrumbList","@id":"https:\/\/www.fcbarcelonanoticias.com\/en\/football-soccer\/fc-barcelona\/marc-casado-is-making-strides-in-dream-season-for-him_308709_102.html#breadcrumb","itemListElement":[{"@type":"ListItem","position":1,"name":"Portada","item":"https:\/\/www.fcbarcelonanoticias.com\/en\/"},{"@type":"ListItem","position":2,"name":"Marc Casad\u00f3 is making strides in a dream season for him"}]},{"@type":"WebSite","@id":"https:\/\/www.fcbarcelonanoticias.com\/en\/#website","url":"https:\/\/www.fcbarcelonanoticias.com\/en\/","name":"EN - FC Barcelona Noticias","description":"","potentialAction":[{"@type":"SearchAction","target":{"@type":"EntryPoint","urlTemplate":"https:\/\/www.fcbarcelonanoticias.com\/en\/?s={search_term_string}"},"query-input":{"@type":"PropertyValueSpecification","valueRequired":true,"valueName":"search_term_string"}}],"inLanguage":"en-US"}]}},"_links":{"self":[{"href":"https:\/\/www.fcbarcelonanoticias.com\/en\/wp-json\/wp\/v2\/posts\/39200","targetHints":{"allow":["GET"]}}],"collection":[{"href":"https:\/\/www.fcbarcelonanoticias.com\/en\/wp-json\/wp\/v2\/posts"}],"about":[{"href":"https:\/\/www.fcbarcelonanoticias.com\/en\/wp-json\/wp\/v2\/types\/post"}],"replies":[{"embeddable":true,"href":"https:\/\/www.fcbarcelonanoticias.com\/en\/wp-json\/wp\/v2\/comments?post=39200"}],"version-history":[{"count":1,"href":"https:\/\/www.fcbarcelonanoticias.com\/en\/wp-json\/wp\/v2\/posts\/39200\/revisions"}],"predecessor-version":[{"id":112616,"href":"https:\/\/www.fcbarcelonanoticias.com\/en\/wp-json\/wp\/v2\/posts\/39200\/revisions\/112616"}],"wp:featuredmedia":[{"embeddable":true,"href":"https:\/\/www.fcbarcelonanoticias.com\/en\/wp-json\/wp\/v2\/media\/39201"}],"wp:attachment":[{"href":"https:\/\/www.fcbarcelonanoticias.com\/en\/wp-json\/wp\/v2\/media?parent=39200"}],"wp:term":[{"taxonomy":"category","embeddable":true,"href":"https:\/\/www.fcbarcelonanoticias.com\/en\/wp-json\/wp\/v2\/categories?post=39200"},{"taxonomy":"post_tag","embeddable":true,"href":"https:\/\/www.fcbarcelonanoticias.com\/en\/wp-json\/wp\/v2\/tags?post=39200"}],"curies":[{"name":"wp","href":"https:\/\/api.w.org\/{rel}","templated":true}]}}