{"id":39260,"date":"2024-12-23T21:32:00","date_gmt":"2024-12-23T20:32:00","guid":{"rendered":"https:\/\/weisetech.dev\/fc-barcelona-noticias\/en\/marc-bernal-makes-strong-progress-here-how-his-recovery-is-going_309583_102\/"},"modified":"2024-12-23T21:33:00","modified_gmt":"2024-12-23T20:33:00","slug":"marc-bernal-makes-strong-progress-here-how-his-recovery-is-going_309583_102","status":"publish","type":"post","link":"https:\/\/www.fcbarcelonanoticias.com\/en\/football-soccer\/fc-barcelona\/marc-bernal-makes-strong-progress-here-how-his-recovery-is-going_309583_102.html","title":{"rendered":"Marc Bernal makes strong progress: here&#8217;s how his recovery is going"},"content":{"rendered":"<h2 class=\"wp-block-heading\">Bar\u00e7a has shared some images of Marc Bernal&#8217;s recovery work. The player is progressing positively, although there are still 8 months until his return<\/h2>  \r\n<div class=\"article-addons\">\r\n    <a href=\"https:\/\/www.fcbarcelonanoticias.com\/calendar-fc-barcelona.html\"\r\n       target=\"_self\"\r\n       title=\"Calendar of FC Barcelona\"\r\n       class=\"blue-gredient-btn\">\r\n       \r\n        Calendar of FC Barcelona    <\/a>\r\n<\/div>   <p>Next Friday, December 27, will mark four months since the fateful day when <strong>Marc Bernal<\/strong> collapsed on the pitch in Vallecas due to a rupture of the anterior cruciate ligament and external meniscus of his left knee. <a data-external=\"0\" data-intl-links-en=\"https:\/\/www.fcbarcelonanoticias.com\/en\/tags\/injured\" data-intl-links-es=\"https:\/\/www.fcbarcelonanoticias.com\/tags\/lesionados\" href=\"https:\/\/www.fcbarcelonanoticias.com\/en\/tags\/injured.html\" rel=\"follow\" target=\"_self\" title=\"Injured\">An injury that forced him to undergo surgery and made him say goodbye to the season just as it was beginning<\/a>.<\/p>  <p>The midfielder had earned the trust of <strong>Hansi Flick<\/strong> and was set to be the starting midfielder for the German&#8217;s team, but this physical setback has kept him sidelined for the last 4 months, and he still has 8 months to return to playing, although both the player and the club are working without rush and with great patience.<\/p>  <h3>Bernal makes strong progress in his recovery<\/h3>  <p>This has been shown by <strong>FC Barcelona<\/strong> through a video in which the player is seen training alongside the institution&#8217;s physiotherapists. The blue and garnet entity showcased <strong>Bernal<\/strong> doing strength and stretching exercises that demonstrate his positive progression.<\/p>  <p>At <strong>Can Bar\u00e7a<\/strong>, they trust that his physical and muscular strength will allow him to make a proper recovery, as he is one of the club&#8217;s greatest jewels for the future. However, the fans, along with <strong>Marc<\/strong> himself, are clear that caution is key in his rehabilitation, which is why his return to the first team&#8217;s training will be handled with utmost care.<\/p> ","protected":false},"excerpt":{"rendered":"<p>Bar\u00e7a has shared some images of Marc Bernal&#8217;s recovery work. The player is progressing positively, although there are still 8 months until his return Next Friday, December 27, will mark four months since the fateful day when Marc Bernal collapsed on the pitch in Vallecas due to a rupture of the anterior cruciate ligament and [&hellip;]<\/p>\n","protected":false},"author":358,"featured_media":39263,"comment_status":"closed","ping_status":"open","sticky":false,"template":"","format":"standard","meta":{"_acf_changed":false,"inline_featured_image":false,"_nextfly_llmd_date_locked":false,"footnotes":""},"categories":[111],"tags":[],"class_list":["post-39260","post","type-post","status-publish","format-standard","has-post-thumbnail","hentry","category-fc-barcelona"],"acf":[],"yoast_head":"<!-- This site is optimized with the Yoast SEO plugin v27.3 - https:\/\/yoast.com\/product\/yoast-seo-wordpress\/ -->\n<title>Marc Bernal makes strong progress: here&#039;s how his recovery is going<\/title>\n<meta name=\"description\" content=\"Bar\u00e7a has shared some images of Marc Bernal&#039;s recovery work. The player is progressing positively, although there are still 8 months until his return\" \/>\n<meta name=\"robots\" content=\"index, follow, max-snippet:-1, max-image-preview:large, max-video-preview:-1\" \/>\n<link rel=\"canonical\" href=\"https:\/\/www.fcbarcelonanoticias.com\/en\/football-soccer\/fc-barcelona\/marc-bernal-makes-strong-progress-here-how-his-recovery-is-going_309583_102.html\" \/>\n<meta property=\"og:locale\" content=\"en_US\" \/>\n<meta property=\"og:type\" content=\"article\" \/>\n<meta property=\"og:title\" content=\"Marc Bernal makes strong progress: here&#039;s how his recovery is going\" \/>\n<meta property=\"og:description\" content=\"Bar\u00e7a has shared some images of Marc Bernal&#039;s recovery work. The player is progressing positively, although there are still 8 months until his return\" \/>\n<meta property=\"og:url\" content=\"https:\/\/www.fcbarcelonanoticias.com\/en\/football-soccer\/fc-barcelona\/marc-bernal-makes-strong-progress-here-how-his-recovery-is-going_309583_102.html\" \/>\n<meta property=\"og:site_name\" content=\"EN - FC Barcelona Noticias\" \/>\n<meta property=\"article:published_time\" content=\"2024-12-23T20:32:00+00:00\" \/>\n<meta property=\"article:modified_time\" content=\"2024-12-23T20:33:00+00:00\" \/>\n<meta property=\"og:image\" content=\"https:\/\/www.fcbarcelonanoticias.com\/en\/wp-content\/uploads\/sites\/2\/2024\/12\/marc-bernal-barcelona-2-1-1.jpeg\" \/>\n\t<meta property=\"og:image:width\" content=\"1200\" \/>\n\t<meta property=\"og:image:height\" content=\"675\" \/>\n\t<meta property=\"og:image:type\" content=\"image\/jpeg\" \/>\n<meta name=\"author\" content=\"Juan Pablo Berdugo\" \/>\n<meta name=\"twitter:card\" content=\"summary_large_image\" \/>\n<meta name=\"twitter:label1\" content=\"Written by\" \/>\n\t<meta name=\"twitter:data1\" content=\"Juan Pablo Berdugo\" \/>\n\t<meta name=\"twitter:label2\" content=\"Est. reading time\" \/>\n\t<meta name=\"twitter:data2\" content=\"1 minute\" \/>\n<script type=\"application\/ld+json\" class=\"yoast-schema-graph\">{\"@context\":\"https:\\\/\\\/schema.org\",\"@graph\":[{\"@type\":\"Article\",\"@id\":\"https:\\\/\\\/www.fcbarcelonanoticias.com\\\/en\\\/football-soccer\\\/fc-barcelona\\\/marc-bernal-makes-strong-progress-here-how-his-recovery-is-going_309583_102.html#article\",\"isPartOf\":{\"@id\":\"https:\\\/\\\/www.fcbarcelonanoticias.com\\\/en\\\/football-soccer\\\/fc-barcelona\\\/marc-bernal-makes-strong-progress-here-how-his-recovery-is-going_309583_102.html\"},\"author\":{\"name\":\"Juan Pablo Berdugo\",\"@id\":\"https:\\\/\\\/www.fcbarcelonanoticias.com\\\/en\\\/#\\\/schema\\\/person\\\/88d756918a0a1ae9fa593b5edddd1815\"},\"headline\":\"Marc Bernal makes strong progress: here&#8217;s how his recovery is going\",\"datePublished\":\"2024-12-23T20:32:00+00:00\",\"dateModified\":\"2024-12-23T20:33:00+00:00\",\"mainEntityOfPage\":{\"@id\":\"https:\\\/\\\/www.fcbarcelonanoticias.com\\\/en\\\/football-soccer\\\/fc-barcelona\\\/marc-bernal-makes-strong-progress-here-how-his-recovery-is-going_309583_102.html\"},\"wordCount\":264,\"image\":{\"@id\":\"https:\\\/\\\/www.fcbarcelonanoticias.com\\\/en\\\/football-soccer\\\/fc-barcelona\\\/marc-bernal-makes-strong-progress-here-how-his-recovery-is-going_309583_102.html#primaryimage\"},\"thumbnailUrl\":\"https:\\\/\\\/www.fcbarcelonanoticias.com\\\/en\\\/wp-content\\\/uploads\\\/sites\\\/2\\\/2024\\\/12\\\/marc-bernal-barcelona-2-1-1.jpeg\",\"articleSection\":[\"FC Barcelona\"],\"inLanguage\":\"en-US\"},{\"@type\":\"WebPage\",\"@id\":\"https:\\\/\\\/www.fcbarcelonanoticias.com\\\/en\\\/football-soccer\\\/fc-barcelona\\\/marc-bernal-makes-strong-progress-here-how-his-recovery-is-going_309583_102.html\",\"url\":\"https:\\\/\\\/www.fcbarcelonanoticias.com\\\/en\\\/football-soccer\\\/fc-barcelona\\\/marc-bernal-makes-strong-progress-here-how-his-recovery-is-going_309583_102.html\",\"name\":\"Marc Bernal makes strong progress: here's how his recovery is going\",\"isPartOf\":{\"@id\":\"https:\\\/\\\/www.fcbarcelonanoticias.com\\\/en\\\/#website\"},\"primaryImageOfPage\":{\"@id\":\"https:\\\/\\\/www.fcbarcelonanoticias.com\\\/en\\\/football-soccer\\\/fc-barcelona\\\/marc-bernal-makes-strong-progress-here-how-his-recovery-is-going_309583_102.html#primaryimage\"},\"image\":{\"@id\":\"https:\\\/\\\/www.fcbarcelonanoticias.com\\\/en\\\/football-soccer\\\/fc-barcelona\\\/marc-bernal-makes-strong-progress-here-how-his-recovery-is-going_309583_102.html#primaryimage\"},\"thumbnailUrl\":\"https:\\\/\\\/www.fcbarcelonanoticias.com\\\/en\\\/wp-content\\\/uploads\\\/sites\\\/2\\\/2024\\\/12\\\/marc-bernal-barcelona-2-1-1.jpeg\",\"datePublished\":\"2024-12-23T20:32:00+00:00\",\"dateModified\":\"2024-12-23T20:33:00+00:00\",\"author\":{\"@id\":\"https:\\\/\\\/www.fcbarcelonanoticias.com\\\/en\\\/#\\\/schema\\\/person\\\/88d756918a0a1ae9fa593b5edddd1815\"},\"description\":\"Bar\u00e7a has shared some images of Marc Bernal's recovery work. The player is progressing positively, although there are still 8 months until his return\",\"breadcrumb\":{\"@id\":\"https:\\\/\\\/www.fcbarcelonanoticias.com\\\/en\\\/football-soccer\\\/fc-barcelona\\\/marc-bernal-makes-strong-progress-here-how-his-recovery-is-going_309583_102.html#breadcrumb\"},\"inLanguage\":\"en-US\",\"potentialAction\":[{\"@type\":\"ReadAction\",\"target\":[\"https:\\\/\\\/www.fcbarcelonanoticias.com\\\/en\\\/football-soccer\\\/fc-barcelona\\\/marc-bernal-makes-strong-progress-here-how-his-recovery-is-going_309583_102.html\"]}]},{\"@type\":\"ImageObject\",\"inLanguage\":\"en-US\",\"@id\":\"https:\\\/\\\/www.fcbarcelonanoticias.com\\\/en\\\/football-soccer\\\/fc-barcelona\\\/marc-bernal-makes-strong-progress-here-how-his-recovery-is-going_309583_102.html#primaryimage\",\"url\":\"https:\\\/\\\/www.fcbarcelonanoticias.com\\\/en\\\/wp-content\\\/uploads\\\/sites\\\/2\\\/2024\\\/12\\\/marc-bernal-barcelona-2-1-1.jpeg\",\"contentUrl\":\"https:\\\/\\\/www.fcbarcelonanoticias.com\\\/en\\\/wp-content\\\/uploads\\\/sites\\\/2\\\/2024\\\/12\\\/marc-bernal-barcelona-2-1-1.jpeg\",\"width\":1200,\"height\":675},{\"@type\":\"BreadcrumbList\",\"@id\":\"https:\\\/\\\/www.fcbarcelonanoticias.com\\\/en\\\/football-soccer\\\/fc-barcelona\\\/marc-bernal-makes-strong-progress-here-how-his-recovery-is-going_309583_102.html#breadcrumb\",\"itemListElement\":[{\"@type\":\"ListItem\",\"position\":1,\"name\":\"Portada\",\"item\":\"https:\\\/\\\/www.fcbarcelonanoticias.com\\\/en\\\/\"},{\"@type\":\"ListItem\",\"position\":2,\"name\":\"Marc Bernal makes strong progress: here&#8217;s how his recovery is going\"}]},{\"@type\":\"WebSite\",\"@id\":\"https:\\\/\\\/www.fcbarcelonanoticias.com\\\/en\\\/#website\",\"url\":\"https:\\\/\\\/www.fcbarcelonanoticias.com\\\/en\\\/\",\"name\":\"EN - FC Barcelona Noticias\",\"description\":\"\",\"potentialAction\":[{\"@type\":\"SearchAction\",\"target\":{\"@type\":\"EntryPoint\",\"urlTemplate\":\"https:\\\/\\\/www.fcbarcelonanoticias.com\\\/en\\\/?s={search_term_string}\"},\"query-input\":{\"@type\":\"PropertyValueSpecification\",\"valueRequired\":true,\"valueName\":\"search_term_string\"}}],\"inLanguage\":\"en-US\"},{\"@type\":\"Person\",\"@id\":\"https:\\\/\\\/www.fcbarcelonanoticias.com\\\/en\\\/#\\\/schema\\\/person\\\/88d756918a0a1ae9fa593b5edddd1815\",\"name\":\"Juan Pablo Berdugo\",\"image\":{\"@type\":\"ImageObject\",\"inLanguage\":\"en-US\",\"@id\":\"https:\\\/\\\/secure.gravatar.com\\\/avatar\\\/?s=96&d=mm&r=g\",\"url\":\"https:\\\/\\\/secure.gravatar.com\\\/avatar\\\/?s=96&d=mm&r=g\",\"contentUrl\":\"https:\\\/\\\/secure.gravatar.com\\\/avatar\\\/?s=96&d=mm&r=g\",\"caption\":\"Juan Pablo Berdugo\"},\"description\":\"Juan Pablo Berdugo es graduado en Periodismo. Colabora con FCBN como especialista en informaci\u00f3n del primer equipo del FC Barcelona, f\u00fatbol internacional y mercado de fichajes. Destaca por su enfoque anal\u00edtico, su rigor informativo y su capacidad para detectar tendencias emergentes en el f\u00fatbol global.\",\"url\":\"https:\\\/\\\/www.fcbarcelonanoticias.com\\\/en\\\/fc-barcelona\\\/juan-pablo-berdugo_18_115.html\"}]}<\/script>\n<!-- \/ Yoast SEO plugin. -->","yoast_head_json":{"title":"Marc Bernal makes strong progress: here's how his recovery is going","description":"Bar\u00e7a has shared some images of Marc Bernal's recovery work. The player is progressing positively, although there are still 8 months until his return","robots":{"index":"index","follow":"follow","max-snippet":"max-snippet:-1","max-image-preview":"max-image-preview:large","max-video-preview":"max-video-preview:-1"},"canonical":"https:\/\/www.fcbarcelonanoticias.com\/en\/football-soccer\/fc-barcelona\/marc-bernal-makes-strong-progress-here-how-his-recovery-is-going_309583_102.html","og_locale":"en_US","og_type":"article","og_title":"Marc Bernal makes strong progress: here's how his recovery is going","og_description":"Bar\u00e7a has shared some images of Marc Bernal's recovery work. The player is progressing positively, although there are still 8 months until his return","og_url":"https:\/\/www.fcbarcelonanoticias.com\/en\/football-soccer\/fc-barcelona\/marc-bernal-makes-strong-progress-here-how-his-recovery-is-going_309583_102.html","og_site_name":"EN - FC Barcelona Noticias","article_published_time":"2024-12-23T20:32:00+00:00","article_modified_time":"2024-12-23T20:33:00+00:00","og_image":[{"width":1200,"height":675,"url":"https:\/\/www.fcbarcelonanoticias.com\/en\/wp-content\/uploads\/sites\/2\/2024\/12\/marc-bernal-barcelona-2-1-1.jpeg","type":"image\/jpeg"}],"author":"Juan Pablo Berdugo","twitter_card":"summary_large_image","twitter_misc":{"Written by":"Juan Pablo Berdugo","Est. reading time":"1 minute"},"schema":{"@context":"https:\/\/schema.org","@graph":[{"@type":"Article","@id":"https:\/\/www.fcbarcelonanoticias.com\/en\/football-soccer\/fc-barcelona\/marc-bernal-makes-strong-progress-here-how-his-recovery-is-going_309583_102.html#article","isPartOf":{"@id":"https:\/\/www.fcbarcelonanoticias.com\/en\/football-soccer\/fc-barcelona\/marc-bernal-makes-strong-progress-here-how-his-recovery-is-going_309583_102.html"},"author":{"name":"Juan Pablo Berdugo","@id":"https:\/\/www.fcbarcelonanoticias.com\/en\/#\/schema\/person\/88d756918a0a1ae9fa593b5edddd1815"},"headline":"Marc Bernal makes strong progress: here&#8217;s how his recovery is going","datePublished":"2024-12-23T20:32:00+00:00","dateModified":"2024-12-23T20:33:00+00:00","mainEntityOfPage":{"@id":"https:\/\/www.fcbarcelonanoticias.com\/en\/football-soccer\/fc-barcelona\/marc-bernal-makes-strong-progress-here-how-his-recovery-is-going_309583_102.html"},"wordCount":264,"image":{"@id":"https:\/\/www.fcbarcelonanoticias.com\/en\/football-soccer\/fc-barcelona\/marc-bernal-makes-strong-progress-here-how-his-recovery-is-going_309583_102.html#primaryimage"},"thumbnailUrl":"https:\/\/www.fcbarcelonanoticias.com\/en\/wp-content\/uploads\/sites\/2\/2024\/12\/marc-bernal-barcelona-2-1-1.jpeg","articleSection":["FC Barcelona"],"inLanguage":"en-US"},{"@type":"WebPage","@id":"https:\/\/www.fcbarcelonanoticias.com\/en\/football-soccer\/fc-barcelona\/marc-bernal-makes-strong-progress-here-how-his-recovery-is-going_309583_102.html","url":"https:\/\/www.fcbarcelonanoticias.com\/en\/football-soccer\/fc-barcelona\/marc-bernal-makes-strong-progress-here-how-his-recovery-is-going_309583_102.html","name":"Marc Bernal makes strong progress: here's how his recovery is going","isPartOf":{"@id":"https:\/\/www.fcbarcelonanoticias.com\/en\/#website"},"primaryImageOfPage":{"@id":"https:\/\/www.fcbarcelonanoticias.com\/en\/football-soccer\/fc-barcelona\/marc-bernal-makes-strong-progress-here-how-his-recovery-is-going_309583_102.html#primaryimage"},"image":{"@id":"https:\/\/www.fcbarcelonanoticias.com\/en\/football-soccer\/fc-barcelona\/marc-bernal-makes-strong-progress-here-how-his-recovery-is-going_309583_102.html#primaryimage"},"thumbnailUrl":"https:\/\/www.fcbarcelonanoticias.com\/en\/wp-content\/uploads\/sites\/2\/2024\/12\/marc-bernal-barcelona-2-1-1.jpeg","datePublished":"2024-12-23T20:32:00+00:00","dateModified":"2024-12-23T20:33:00+00:00","author":{"@id":"https:\/\/www.fcbarcelonanoticias.com\/en\/#\/schema\/person\/88d756918a0a1ae9fa593b5edddd1815"},"description":"Bar\u00e7a has shared some images of Marc Bernal's recovery work. The player is progressing positively, although there are still 8 months until his return","breadcrumb":{"@id":"https:\/\/www.fcbarcelonanoticias.com\/en\/football-soccer\/fc-barcelona\/marc-bernal-makes-strong-progress-here-how-his-recovery-is-going_309583_102.html#breadcrumb"},"inLanguage":"en-US","potentialAction":[{"@type":"ReadAction","target":["https:\/\/www.fcbarcelonanoticias.com\/en\/football-soccer\/fc-barcelona\/marc-bernal-makes-strong-progress-here-how-his-recovery-is-going_309583_102.html"]}]},{"@type":"ImageObject","inLanguage":"en-US","@id":"https:\/\/www.fcbarcelonanoticias.com\/en\/football-soccer\/fc-barcelona\/marc-bernal-makes-strong-progress-here-how-his-recovery-is-going_309583_102.html#primaryimage","url":"https:\/\/www.fcbarcelonanoticias.com\/en\/wp-content\/uploads\/sites\/2\/2024\/12\/marc-bernal-barcelona-2-1-1.jpeg","contentUrl":"https:\/\/www.fcbarcelonanoticias.com\/en\/wp-content\/uploads\/sites\/2\/2024\/12\/marc-bernal-barcelona-2-1-1.jpeg","width":1200,"height":675},{"@type":"BreadcrumbList","@id":"https:\/\/www.fcbarcelonanoticias.com\/en\/football-soccer\/fc-barcelona\/marc-bernal-makes-strong-progress-here-how-his-recovery-is-going_309583_102.html#breadcrumb","itemListElement":[{"@type":"ListItem","position":1,"name":"Portada","item":"https:\/\/www.fcbarcelonanoticias.com\/en\/"},{"@type":"ListItem","position":2,"name":"Marc Bernal makes strong progress: here&#8217;s how his recovery is going"}]},{"@type":"WebSite","@id":"https:\/\/www.fcbarcelonanoticias.com\/en\/#website","url":"https:\/\/www.fcbarcelonanoticias.com\/en\/","name":"EN - FC Barcelona Noticias","description":"","potentialAction":[{"@type":"SearchAction","target":{"@type":"EntryPoint","urlTemplate":"https:\/\/www.fcbarcelonanoticias.com\/en\/?s={search_term_string}"},"query-input":{"@type":"PropertyValueSpecification","valueRequired":true,"valueName":"search_term_string"}}],"inLanguage":"en-US"},{"@type":"Person","@id":"https:\/\/www.fcbarcelonanoticias.com\/en\/#\/schema\/person\/88d756918a0a1ae9fa593b5edddd1815","name":"Juan Pablo Berdugo","image":{"@type":"ImageObject","inLanguage":"en-US","@id":"https:\/\/secure.gravatar.com\/avatar\/?s=96&d=mm&r=g","url":"https:\/\/secure.gravatar.com\/avatar\/?s=96&d=mm&r=g","contentUrl":"https:\/\/secure.gravatar.com\/avatar\/?s=96&d=mm&r=g","caption":"Juan Pablo Berdugo"},"description":"Juan Pablo Berdugo es graduado en Periodismo. Colabora con FCBN como especialista en informaci\u00f3n del primer equipo del FC Barcelona, f\u00fatbol internacional y mercado de fichajes. Destaca por su enfoque anal\u00edtico, su rigor informativo y su capacidad para detectar tendencias emergentes en el f\u00fatbol global.","url":"https:\/\/www.fcbarcelonanoticias.com\/en\/fc-barcelona\/juan-pablo-berdugo_18_115.html"}]}},"_links":{"self":[{"href":"https:\/\/www.fcbarcelonanoticias.com\/en\/wp-json\/wp\/v2\/posts\/39260","targetHints":{"allow":["GET"]}}],"collection":[{"href":"https:\/\/www.fcbarcelonanoticias.com\/en\/wp-json\/wp\/v2\/posts"}],"about":[{"href":"https:\/\/www.fcbarcelonanoticias.com\/en\/wp-json\/wp\/v2\/types\/post"}],"author":[{"embeddable":true,"href":"https:\/\/www.fcbarcelonanoticias.com\/en\/wp-json\/wp\/v2\/users\/358"}],"replies":[{"embeddable":true,"href":"https:\/\/www.fcbarcelonanoticias.com\/en\/wp-json\/wp\/v2\/comments?post=39260"}],"version-history":[{"count":1,"href":"https:\/\/www.fcbarcelonanoticias.com\/en\/wp-json\/wp\/v2\/posts\/39260\/revisions"}],"predecessor-version":[{"id":39261,"href":"https:\/\/www.fcbarcelonanoticias.com\/en\/wp-json\/wp\/v2\/posts\/39260\/revisions\/39261"}],"wp:featuredmedia":[{"embeddable":true,"href":"https:\/\/www.fcbarcelonanoticias.com\/en\/wp-json\/wp\/v2\/media\/39263"}],"wp:attachment":[{"href":"https:\/\/www.fcbarcelonanoticias.com\/en\/wp-json\/wp\/v2\/media?parent=39260"}],"wp:term":[{"taxonomy":"category","embeddable":true,"href":"https:\/\/www.fcbarcelonanoticias.com\/en\/wp-json\/wp\/v2\/categories?post=39260"},{"taxonomy":"post_tag","embeddable":true,"href":"https:\/\/www.fcbarcelonanoticias.com\/en\/wp-json\/wp\/v2\/tags?post=39260"}],"curies":[{"name":"wp","href":"https:\/\/api.w.org\/{rel}","templated":true}]}}