{"id":39353,"date":"2024-08-08T22:30:00","date_gmt":"2024-08-08T20:30:00","guid":{"rendered":"https:\/\/weisetech.dev\/fc-barcelona-noticias\/en\/hansi-flick-midfield-puzzle-for-the-24-25-season_306294_102\/"},"modified":"2024-08-08T23:41:00","modified_gmt":"2024-08-08T21:41:00","slug":"hansi-flick-midfield-puzzle-for-the-24-25-season_306294_102","status":"publish","type":"post","link":"https:\/\/www.fcbarcelonanoticias.com\/en\/football-soccer\/hansi-flick-midfield-puzzle-for-the-24-25-season_306294_102.html","title":{"rendered":"Hansi Flick&#8217;s midfield &#8216;puzzle&#8217; for the 24\/25 season"},"content":{"rendered":"<h2 class=\"wp-block-heading\">Hansi Flick would have ruled out the arrival of a midfielder given the number of options he has in the midfield. Up to 10 players can fight for a place in the German&#8217;s starting eleven, who has a nice &#8216;headache&#8217;<\/h2>  \r\n<div class=\"article-addons\">\r\n    <a href=\"https:\/\/www.fcbarcelonanoticias.com\/en\/calendar-fc-barcelona.html\"\r\n       target=\"_self\"\r\n       title=\"Calendar of FC Barcelona\"\r\n       class=\"blue-gredient-btn\">\r\n       \r\n        Calendar of FC Barcelona    <\/a>\r\n<\/div>   <p>After finishing the last match of the tour of the United States against AC Milan, Hansi Flick sent a strong message about the arrival of reinforcement for the FC Barcelona midfield. &#8220;<strong>We have several quality players in the midfield, some of them are injured now but they will return. I think we are well covered in that position<\/strong>,&#8221; were the words of the German, who seems to have come to the conclusion that he does not need to sign no cash in this area of \u200b\u200bthe field.<\/p>  <p>And the Bar\u00e7a coach has up to 11 alternatives for the midfield. Five midfielders who were already there last season (<strong>Frenkie de Jong, Gavi, Pedri, G\u00fcndogan and Ferm\u00edn<\/strong>, although the first three are injured), one who returns from loan (<strong>Pablo Torre<\/strong>), two who will most likely be promoted from the reserve team (<strong>Marc Casad\u00f3 and Marc Bernal<\/strong>) and the option of <strong>Andreas Christensen<\/strong> for the pivot. Furthermore, <strong>Dani Olmo<\/strong>, who can play both as an attacker and as an interior player, or <strong>Guille Fern\u00e1ndez<\/strong>, who will alternate between the youth team and the first team, can be solutions for the coach in the position.<\/p>  <p>In this way, the idea of \u200b\u200bhiring a pivot, which was one of the priorities at the beginning of the <a data-external=\"0\" data-intl-links-en=\"https:\/\/www.fcbarcelonanoticias.com\/en\/transfers\" data-intl-links-es=\"https:\/\/www.fcbarcelonanoticias.com\/fichajes\" href=\"https:\/\/www.fcbarcelonanoticias.com\/en\/fc-barcelona\/transfers.html\" rel=\"follow\" target=\"_self\" title=\"Transfers\">transfer market<\/a>, seems to have remained in the past. <strong>Hansi Flick is satisfied with the &#8216;weapons&#8217; he has at his disposal, even more so with the &#8216;irruption&#8217; of the duo made up of the &#8216;Marcs&#8217; and the good performance of Pablo Torre<\/strong>, so now his biggest concern has become how he will accommodate these pieces on the playing field.<\/p>  <p><strong>The core of Flick&#8217;s 4-2-3-1 is divided into two clear positions, the pivot and the playmaker<\/strong>. In contention, the German used Casad\u00f3, Bernal, G\u00fcndogan and Christensen during the preseason friendlies, in a double pivot in which the two youth players have been the ones who have enjoyed the most minutes. Once he has recovered all of his strength, Hansi can line up Frenkie de Jong and Gavi, and even Pedri or Ferm\u00edn, in this area, although the German&#8217;s plan with these players is unknown.<\/p>  <h2>The &#8217;10&#8217; debate<\/h2>  <p>On the other hand, several players will fight for the &#8217;10&#8217; position. Pablo Torre more than performed in the position against City and Real Madrid, while G\u00fcndogan did the same against Milan. In this area, <strong>Pedri, Ferm\u00edn, Gavi, and even Raphinha, are presented as alternatives for the Bar\u00e7a coach<\/strong>. However, <a data-external=\"0\" data-intl-links-en=\"https:\/\/www.fcbarcelonanoticias.com\/en\/transfers\/lace-total-6-positions-in-you-can-play-dani-olmo-in-a-boat_305650_102.html\" data-intl-links-es=\"https:\/\/www.fcbarcelonanoticias.com\/fichajes\/encaje-total-6-posiciones-en-podra-jugar-dani-olmo-en-barca_305650_102.html\" href=\"https:\/\/www.fcbarcelonanoticias.com\/en\/transfers\/lace-total-6-positions-in-you-can-play-dani-olmo-in-a-boat_305650_102.html\" rel=\"follow\" target=\"_self\" title=\"Total fit! The 6 positions in which Dani Olmo can play at Bar\u00e7a\">the arrival of Dani Olmo could &#8216;disrupt&#8217; Flick&#8217;s plans<\/a>, since this area is where the Egarense performs best. A nice &#8216;headache&#8217; for Flick.<\/p> ","protected":false},"excerpt":{"rendered":"<p>Hansi Flick would have ruled out the arrival of a midfielder given the number of options he has in the midfield. Up to 10 players can fight for a place in the German&#8217;s starting eleven, who has a nice &#8216;headache&#8217; After finishing the last match of the tour of the United States against AC Milan, [&hellip;]<\/p>\n","protected":false},"author":358,"featured_media":39354,"comment_status":"closed","ping_status":"open","sticky":false,"template":"","format":"standard","meta":{"_acf_changed":false,"inline_featured_image":false,"_nextfly_llmd_date_locked":false,"footnotes":""},"categories":[452,109],"tags":[201,87,170],"class_list":["post-39353","post","type-post","status-publish","format-standard","has-post-thumbnail","hentry","category-football-2","category-football","tag-lineups","tag-hansi-flick","tag-ilkay-gundogan"],"acf":[],"yoast_head":"<!-- This site is optimized with the Yoast SEO plugin v27.3 - https:\/\/yoast.com\/product\/yoast-seo-wordpress\/ -->\n<title>Hansi Flick&#039;s midfield &#039;puzzle&#039; for the 24\/25 season<\/title>\n<meta name=\"description\" content=\"Hansi Flick would have ruled out the arrival of a midfielder given the number of options he has in the midfield. Up to 10 players can fight for a place in the German&#039;s starting eleven, who has a nice &#039;headache&#039;\" \/>\n<meta name=\"robots\" content=\"index, follow, max-snippet:-1, max-image-preview:large, max-video-preview:-1\" \/>\n<link rel=\"canonical\" href=\"https:\/\/www.fcbarcelonanoticias.com\/en\/football-soccer\/hansi-flick-midfield-puzzle-for-the-24-25-season_306294_102.html\" \/>\n<meta property=\"og:locale\" content=\"en_US\" \/>\n<meta property=\"og:type\" content=\"article\" \/>\n<meta property=\"og:title\" content=\"Hansi Flick&#039;s midfield &#039;puzzle&#039; for the 24\/25 season\" \/>\n<meta property=\"og:description\" content=\"Hansi Flick would have ruled out the arrival of a midfielder given the number of options he has in the midfield. Up to 10 players can fight for a place in the German&#039;s starting eleven, who has a nice &#039;headache&#039;\" \/>\n<meta property=\"og:url\" content=\"https:\/\/www.fcbarcelonanoticias.com\/en\/football-soccer\/hansi-flick-midfield-puzzle-for-the-24-25-season_306294_102.html\" \/>\n<meta property=\"og:site_name\" content=\"EN - FC Barcelona Noticias\" \/>\n<meta property=\"article:published_time\" content=\"2024-08-08T20:30:00+00:00\" \/>\n<meta property=\"article:modified_time\" content=\"2024-08-08T21:41:00+00:00\" \/>\n<meta property=\"og:image\" content=\"https:\/\/www.fcbarcelonanoticias.com\/en\/wp-content\/uploads\/sites\/2\/2024\/08\/hansi-flick-lenglet.jpeg\" \/>\n\t<meta property=\"og:image:width\" content=\"1300\" \/>\n\t<meta property=\"og:image:height\" content=\"732\" \/>\n\t<meta property=\"og:image:type\" content=\"image\/jpeg\" \/>\n<meta name=\"author\" content=\"Juan Pablo Berdugo\" \/>\n<meta name=\"twitter:card\" content=\"summary_large_image\" \/>\n<meta name=\"twitter:label1\" content=\"Written by\" \/>\n\t<meta name=\"twitter:data1\" content=\"Juan Pablo Berdugo\" \/>\n\t<meta name=\"twitter:label2\" content=\"Est. reading time\" \/>\n\t<meta name=\"twitter:data2\" content=\"2 minutes\" \/>\n<script type=\"application\/ld+json\" class=\"yoast-schema-graph\">{\"@context\":\"https:\\\/\\\/schema.org\",\"@graph\":[{\"@type\":\"Article\",\"@id\":\"https:\\\/\\\/www.fcbarcelonanoticias.com\\\/en\\\/football-soccer\\\/hansi-flick-midfield-puzzle-for-the-24-25-season_306294_102.html#article\",\"isPartOf\":{\"@id\":\"https:\\\/\\\/www.fcbarcelonanoticias.com\\\/en\\\/football-soccer\\\/hansi-flick-midfield-puzzle-for-the-24-25-season_306294_102.html\"},\"author\":{\"name\":\"Juan Pablo Berdugo\",\"@id\":\"https:\\\/\\\/www.fcbarcelonanoticias.com\\\/en\\\/#\\\/schema\\\/person\\\/88d756918a0a1ae9fa593b5edddd1815\"},\"headline\":\"Hansi Flick&#8217;s midfield &#8216;puzzle&#8217; for the 24\\\/25 season\",\"datePublished\":\"2024-08-08T20:30:00+00:00\",\"dateModified\":\"2024-08-08T21:41:00+00:00\",\"mainEntityOfPage\":{\"@id\":\"https:\\\/\\\/www.fcbarcelonanoticias.com\\\/en\\\/football-soccer\\\/hansi-flick-midfield-puzzle-for-the-24-25-season_306294_102.html\"},\"wordCount\":489,\"image\":{\"@id\":\"https:\\\/\\\/www.fcbarcelonanoticias.com\\\/en\\\/football-soccer\\\/hansi-flick-midfield-puzzle-for-the-24-25-season_306294_102.html#primaryimage\"},\"thumbnailUrl\":\"https:\\\/\\\/www.fcbarcelonanoticias.com\\\/en\\\/wp-content\\\/uploads\\\/sites\\\/2\\\/2024\\\/08\\\/hansi-flick-lenglet.jpeg\",\"keywords\":[\"FC Barcelona Lineups\",\"Hansi Flick\",\"Ilkay G\u00fcndogan\"],\"articleSection\":[\"Football\",\"Football\"],\"inLanguage\":\"en-US\"},{\"@type\":\"WebPage\",\"@id\":\"https:\\\/\\\/www.fcbarcelonanoticias.com\\\/en\\\/football-soccer\\\/hansi-flick-midfield-puzzle-for-the-24-25-season_306294_102.html\",\"url\":\"https:\\\/\\\/www.fcbarcelonanoticias.com\\\/en\\\/football-soccer\\\/hansi-flick-midfield-puzzle-for-the-24-25-season_306294_102.html\",\"name\":\"Hansi Flick's midfield 'puzzle' for the 24\\\/25 season\",\"isPartOf\":{\"@id\":\"https:\\\/\\\/www.fcbarcelonanoticias.com\\\/en\\\/#website\"},\"primaryImageOfPage\":{\"@id\":\"https:\\\/\\\/www.fcbarcelonanoticias.com\\\/en\\\/football-soccer\\\/hansi-flick-midfield-puzzle-for-the-24-25-season_306294_102.html#primaryimage\"},\"image\":{\"@id\":\"https:\\\/\\\/www.fcbarcelonanoticias.com\\\/en\\\/football-soccer\\\/hansi-flick-midfield-puzzle-for-the-24-25-season_306294_102.html#primaryimage\"},\"thumbnailUrl\":\"https:\\\/\\\/www.fcbarcelonanoticias.com\\\/en\\\/wp-content\\\/uploads\\\/sites\\\/2\\\/2024\\\/08\\\/hansi-flick-lenglet.jpeg\",\"datePublished\":\"2024-08-08T20:30:00+00:00\",\"dateModified\":\"2024-08-08T21:41:00+00:00\",\"author\":{\"@id\":\"https:\\\/\\\/www.fcbarcelonanoticias.com\\\/en\\\/#\\\/schema\\\/person\\\/88d756918a0a1ae9fa593b5edddd1815\"},\"description\":\"Hansi Flick would have ruled out the arrival of a midfielder given the number of options he has in the midfield. Up to 10 players can fight for a place in the German's starting eleven, who has a nice 'headache'\",\"breadcrumb\":{\"@id\":\"https:\\\/\\\/www.fcbarcelonanoticias.com\\\/en\\\/football-soccer\\\/hansi-flick-midfield-puzzle-for-the-24-25-season_306294_102.html#breadcrumb\"},\"inLanguage\":\"en-US\",\"potentialAction\":[{\"@type\":\"ReadAction\",\"target\":[\"https:\\\/\\\/www.fcbarcelonanoticias.com\\\/en\\\/football-soccer\\\/hansi-flick-midfield-puzzle-for-the-24-25-season_306294_102.html\"]}]},{\"@type\":\"ImageObject\",\"inLanguage\":\"en-US\",\"@id\":\"https:\\\/\\\/www.fcbarcelonanoticias.com\\\/en\\\/football-soccer\\\/hansi-flick-midfield-puzzle-for-the-24-25-season_306294_102.html#primaryimage\",\"url\":\"https:\\\/\\\/www.fcbarcelonanoticias.com\\\/en\\\/wp-content\\\/uploads\\\/sites\\\/2\\\/2024\\\/08\\\/hansi-flick-lenglet.jpeg\",\"contentUrl\":\"https:\\\/\\\/www.fcbarcelonanoticias.com\\\/en\\\/wp-content\\\/uploads\\\/sites\\\/2\\\/2024\\\/08\\\/hansi-flick-lenglet.jpeg\",\"width\":1300,\"height\":732},{\"@type\":\"BreadcrumbList\",\"@id\":\"https:\\\/\\\/www.fcbarcelonanoticias.com\\\/en\\\/football-soccer\\\/hansi-flick-midfield-puzzle-for-the-24-25-season_306294_102.html#breadcrumb\",\"itemListElement\":[{\"@type\":\"ListItem\",\"position\":1,\"name\":\"Portada\",\"item\":\"https:\\\/\\\/www.fcbarcelonanoticias.com\\\/en\\\/\"},{\"@type\":\"ListItem\",\"position\":2,\"name\":\"Hansi Flick&#8217;s midfield &#8216;puzzle&#8217; for the 24\\\/25 season\"}]},{\"@type\":\"WebSite\",\"@id\":\"https:\\\/\\\/www.fcbarcelonanoticias.com\\\/en\\\/#website\",\"url\":\"https:\\\/\\\/www.fcbarcelonanoticias.com\\\/en\\\/\",\"name\":\"EN - FC Barcelona Noticias\",\"description\":\"\",\"potentialAction\":[{\"@type\":\"SearchAction\",\"target\":{\"@type\":\"EntryPoint\",\"urlTemplate\":\"https:\\\/\\\/www.fcbarcelonanoticias.com\\\/en\\\/?s={search_term_string}\"},\"query-input\":{\"@type\":\"PropertyValueSpecification\",\"valueRequired\":true,\"valueName\":\"search_term_string\"}}],\"inLanguage\":\"en-US\"},{\"@type\":\"Person\",\"@id\":\"https:\\\/\\\/www.fcbarcelonanoticias.com\\\/en\\\/#\\\/schema\\\/person\\\/88d756918a0a1ae9fa593b5edddd1815\",\"name\":\"Juan Pablo Berdugo\",\"image\":{\"@type\":\"ImageObject\",\"inLanguage\":\"en-US\",\"@id\":\"https:\\\/\\\/secure.gravatar.com\\\/avatar\\\/?s=96&d=mm&r=g\",\"url\":\"https:\\\/\\\/secure.gravatar.com\\\/avatar\\\/?s=96&d=mm&r=g\",\"contentUrl\":\"https:\\\/\\\/secure.gravatar.com\\\/avatar\\\/?s=96&d=mm&r=g\",\"caption\":\"Juan Pablo Berdugo\"},\"description\":\"Juan Pablo Berdugo es graduado en Periodismo. Colabora con FCBN como especialista en informaci\u00f3n del primer equipo del FC Barcelona, f\u00fatbol internacional y mercado de fichajes. Destaca por su enfoque anal\u00edtico, su rigor informativo y su capacidad para detectar tendencias emergentes en el f\u00fatbol global.\",\"url\":\"https:\\\/\\\/www.fcbarcelonanoticias.com\\\/en\\\/fc-barcelona\\\/juan-pablo-berdugo_18_115.html\"}]}<\/script>\n<!-- \/ Yoast SEO plugin. -->","yoast_head_json":{"title":"Hansi Flick's midfield 'puzzle' for the 24\/25 season","description":"Hansi Flick would have ruled out the arrival of a midfielder given the number of options he has in the midfield. Up to 10 players can fight for a place in the German's starting eleven, who has a nice 'headache'","robots":{"index":"index","follow":"follow","max-snippet":"max-snippet:-1","max-image-preview":"max-image-preview:large","max-video-preview":"max-video-preview:-1"},"canonical":"https:\/\/www.fcbarcelonanoticias.com\/en\/football-soccer\/hansi-flick-midfield-puzzle-for-the-24-25-season_306294_102.html","og_locale":"en_US","og_type":"article","og_title":"Hansi Flick's midfield 'puzzle' for the 24\/25 season","og_description":"Hansi Flick would have ruled out the arrival of a midfielder given the number of options he has in the midfield. Up to 10 players can fight for a place in the German's starting eleven, who has a nice 'headache'","og_url":"https:\/\/www.fcbarcelonanoticias.com\/en\/football-soccer\/hansi-flick-midfield-puzzle-for-the-24-25-season_306294_102.html","og_site_name":"EN - FC Barcelona Noticias","article_published_time":"2024-08-08T20:30:00+00:00","article_modified_time":"2024-08-08T21:41:00+00:00","og_image":[{"width":1300,"height":732,"url":"https:\/\/www.fcbarcelonanoticias.com\/en\/wp-content\/uploads\/sites\/2\/2024\/08\/hansi-flick-lenglet.jpeg","type":"image\/jpeg"}],"author":"Juan Pablo Berdugo","twitter_card":"summary_large_image","twitter_misc":{"Written by":"Juan Pablo Berdugo","Est. reading time":"2 minutes"},"schema":{"@context":"https:\/\/schema.org","@graph":[{"@type":"Article","@id":"https:\/\/www.fcbarcelonanoticias.com\/en\/football-soccer\/hansi-flick-midfield-puzzle-for-the-24-25-season_306294_102.html#article","isPartOf":{"@id":"https:\/\/www.fcbarcelonanoticias.com\/en\/football-soccer\/hansi-flick-midfield-puzzle-for-the-24-25-season_306294_102.html"},"author":{"name":"Juan Pablo Berdugo","@id":"https:\/\/www.fcbarcelonanoticias.com\/en\/#\/schema\/person\/88d756918a0a1ae9fa593b5edddd1815"},"headline":"Hansi Flick&#8217;s midfield &#8216;puzzle&#8217; for the 24\/25 season","datePublished":"2024-08-08T20:30:00+00:00","dateModified":"2024-08-08T21:41:00+00:00","mainEntityOfPage":{"@id":"https:\/\/www.fcbarcelonanoticias.com\/en\/football-soccer\/hansi-flick-midfield-puzzle-for-the-24-25-season_306294_102.html"},"wordCount":489,"image":{"@id":"https:\/\/www.fcbarcelonanoticias.com\/en\/football-soccer\/hansi-flick-midfield-puzzle-for-the-24-25-season_306294_102.html#primaryimage"},"thumbnailUrl":"https:\/\/www.fcbarcelonanoticias.com\/en\/wp-content\/uploads\/sites\/2\/2024\/08\/hansi-flick-lenglet.jpeg","keywords":["FC Barcelona Lineups","Hansi Flick","Ilkay G\u00fcndogan"],"articleSection":["Football","Football"],"inLanguage":"en-US"},{"@type":"WebPage","@id":"https:\/\/www.fcbarcelonanoticias.com\/en\/football-soccer\/hansi-flick-midfield-puzzle-for-the-24-25-season_306294_102.html","url":"https:\/\/www.fcbarcelonanoticias.com\/en\/football-soccer\/hansi-flick-midfield-puzzle-for-the-24-25-season_306294_102.html","name":"Hansi Flick's midfield 'puzzle' for the 24\/25 season","isPartOf":{"@id":"https:\/\/www.fcbarcelonanoticias.com\/en\/#website"},"primaryImageOfPage":{"@id":"https:\/\/www.fcbarcelonanoticias.com\/en\/football-soccer\/hansi-flick-midfield-puzzle-for-the-24-25-season_306294_102.html#primaryimage"},"image":{"@id":"https:\/\/www.fcbarcelonanoticias.com\/en\/football-soccer\/hansi-flick-midfield-puzzle-for-the-24-25-season_306294_102.html#primaryimage"},"thumbnailUrl":"https:\/\/www.fcbarcelonanoticias.com\/en\/wp-content\/uploads\/sites\/2\/2024\/08\/hansi-flick-lenglet.jpeg","datePublished":"2024-08-08T20:30:00+00:00","dateModified":"2024-08-08T21:41:00+00:00","author":{"@id":"https:\/\/www.fcbarcelonanoticias.com\/en\/#\/schema\/person\/88d756918a0a1ae9fa593b5edddd1815"},"description":"Hansi Flick would have ruled out the arrival of a midfielder given the number of options he has in the midfield. Up to 10 players can fight for a place in the German's starting eleven, who has a nice 'headache'","breadcrumb":{"@id":"https:\/\/www.fcbarcelonanoticias.com\/en\/football-soccer\/hansi-flick-midfield-puzzle-for-the-24-25-season_306294_102.html#breadcrumb"},"inLanguage":"en-US","potentialAction":[{"@type":"ReadAction","target":["https:\/\/www.fcbarcelonanoticias.com\/en\/football-soccer\/hansi-flick-midfield-puzzle-for-the-24-25-season_306294_102.html"]}]},{"@type":"ImageObject","inLanguage":"en-US","@id":"https:\/\/www.fcbarcelonanoticias.com\/en\/football-soccer\/hansi-flick-midfield-puzzle-for-the-24-25-season_306294_102.html#primaryimage","url":"https:\/\/www.fcbarcelonanoticias.com\/en\/wp-content\/uploads\/sites\/2\/2024\/08\/hansi-flick-lenglet.jpeg","contentUrl":"https:\/\/www.fcbarcelonanoticias.com\/en\/wp-content\/uploads\/sites\/2\/2024\/08\/hansi-flick-lenglet.jpeg","width":1300,"height":732},{"@type":"BreadcrumbList","@id":"https:\/\/www.fcbarcelonanoticias.com\/en\/football-soccer\/hansi-flick-midfield-puzzle-for-the-24-25-season_306294_102.html#breadcrumb","itemListElement":[{"@type":"ListItem","position":1,"name":"Portada","item":"https:\/\/www.fcbarcelonanoticias.com\/en\/"},{"@type":"ListItem","position":2,"name":"Hansi Flick&#8217;s midfield &#8216;puzzle&#8217; for the 24\/25 season"}]},{"@type":"WebSite","@id":"https:\/\/www.fcbarcelonanoticias.com\/en\/#website","url":"https:\/\/www.fcbarcelonanoticias.com\/en\/","name":"EN - FC Barcelona Noticias","description":"","potentialAction":[{"@type":"SearchAction","target":{"@type":"EntryPoint","urlTemplate":"https:\/\/www.fcbarcelonanoticias.com\/en\/?s={search_term_string}"},"query-input":{"@type":"PropertyValueSpecification","valueRequired":true,"valueName":"search_term_string"}}],"inLanguage":"en-US"},{"@type":"Person","@id":"https:\/\/www.fcbarcelonanoticias.com\/en\/#\/schema\/person\/88d756918a0a1ae9fa593b5edddd1815","name":"Juan Pablo Berdugo","image":{"@type":"ImageObject","inLanguage":"en-US","@id":"https:\/\/secure.gravatar.com\/avatar\/?s=96&d=mm&r=g","url":"https:\/\/secure.gravatar.com\/avatar\/?s=96&d=mm&r=g","contentUrl":"https:\/\/secure.gravatar.com\/avatar\/?s=96&d=mm&r=g","caption":"Juan Pablo Berdugo"},"description":"Juan Pablo Berdugo es graduado en Periodismo. Colabora con FCBN como especialista en informaci\u00f3n del primer equipo del FC Barcelona, f\u00fatbol internacional y mercado de fichajes. Destaca por su enfoque anal\u00edtico, su rigor informativo y su capacidad para detectar tendencias emergentes en el f\u00fatbol global.","url":"https:\/\/www.fcbarcelonanoticias.com\/en\/fc-barcelona\/juan-pablo-berdugo_18_115.html"}]}},"_links":{"self":[{"href":"https:\/\/www.fcbarcelonanoticias.com\/en\/wp-json\/wp\/v2\/posts\/39353","targetHints":{"allow":["GET"]}}],"collection":[{"href":"https:\/\/www.fcbarcelonanoticias.com\/en\/wp-json\/wp\/v2\/posts"}],"about":[{"href":"https:\/\/www.fcbarcelonanoticias.com\/en\/wp-json\/wp\/v2\/types\/post"}],"author":[{"embeddable":true,"href":"https:\/\/www.fcbarcelonanoticias.com\/en\/wp-json\/wp\/v2\/users\/358"}],"replies":[{"embeddable":true,"href":"https:\/\/www.fcbarcelonanoticias.com\/en\/wp-json\/wp\/v2\/comments?post=39353"}],"version-history":[{"count":1,"href":"https:\/\/www.fcbarcelonanoticias.com\/en\/wp-json\/wp\/v2\/posts\/39353\/revisions"}],"predecessor-version":[{"id":112794,"href":"https:\/\/www.fcbarcelonanoticias.com\/en\/wp-json\/wp\/v2\/posts\/39353\/revisions\/112794"}],"wp:featuredmedia":[{"embeddable":true,"href":"https:\/\/www.fcbarcelonanoticias.com\/en\/wp-json\/wp\/v2\/media\/39354"}],"wp:attachment":[{"href":"https:\/\/www.fcbarcelonanoticias.com\/en\/wp-json\/wp\/v2\/media?parent=39353"}],"wp:term":[{"taxonomy":"category","embeddable":true,"href":"https:\/\/www.fcbarcelonanoticias.com\/en\/wp-json\/wp\/v2\/categories?post=39353"},{"taxonomy":"post_tag","embeddable":true,"href":"https:\/\/www.fcbarcelonanoticias.com\/en\/wp-json\/wp\/v2\/tags?post=39353"}],"curies":[{"name":"wp","href":"https:\/\/api.w.org\/{rel}","templated":true}]}}