{"id":39370,"date":"2025-01-23T17:56:00","date_gmt":"2025-01-23T16:56:00","guid":{"rendered":"https:\/\/weisetech.dev\/fc-barcelona-noticias\/en\/league-classic-outside-of-spain-barca-madrid-could-have-an-alternative-venue-in-may_310325_102\/"},"modified":"2025-01-23T17:56:00","modified_gmt":"2025-01-23T16:56:00","slug":"league-classic-outside-of-spain-barca-madrid-could-have-an-alternative-venue-in-may_310325_102","status":"publish","type":"post","link":"https:\/\/www.fcbarcelonanoticias.com\/en\/football-soccer\/laliga\/league-classic-outside-of-spain-barca-madrid-could-have-an-alternative-venue-in-may_310325_102.html","title":{"rendered":"A League Classic outside of Spain? Bar\u00e7a-Madrid could have an alternative venue in May"},"content":{"rendered":"<h2 class=\"wp-block-heading\">The last League Classic of the 2024-25 season could take place outside of Spain. According to the program &#8216;Qu\u00e8 t&#8217;hi Jugues&#8217;, FC Barcelona does not rule out an alternative venue to face Real Madrid in May<\/h2>  \r\n<div class=\"article-addons\">\r\n    <a href=\"https:\/\/www.fcbarcelonanoticias.com\/en\/calendar-fc-barcelona.html\"\r\n       target=\"_self\"\r\n       title=\"Calendar of FC Barcelona\"\r\n       class=\"blue-gredient-btn\">\r\n       \r\n        Calendar of FC Barcelona    <\/a>\r\n<\/div>   <p><a data-external=\"0\" data-intl-links-en=\"https:\/\/www.fcbarcelonanoticias.com\/en\/fc-barcelona\/official-barcelona-confirms-date-it-will-leave-montjuic_310169_102.html\" data-intl-links-es=\"https:\/\/www.fcbarcelonanoticias.com\/fc-barcelona\/oficial-barcelona-confirma-fecha-abandonara-montjuic_310169_102.html\" href=\"https:\/\/www.fcbarcelonanoticias.com\/en\/fc-barcelona\/official-barcelona-confirms-date-it-will-leave-montjuic_310169_102.html\" rel=\"follow\" target=\"_self\" title=\"BOMB: FC Barcelona will return to Spotify Camp Nou against Real Madrid!\">FC Barcelona hopes to return to Spotify Camp Nou in May to play the last League Classic against Real Madrid<\/a>. However, the program &#8216;Qu\u00e8 t&#8217;hi Jugues&#8217; from the &#8216;SER&#8217; network leaked this Wednesday a &#8216;bombshell&#8217; about the &#8216;plan B&#8217; that the azulgrana team would be cooking up in case the Estadi is not ready for the end of the 2024-25 season. Although the works are progressing well, some doubt whether they will be able to reopen the cul\u00e9 temple before next summer.<\/p>  <p>In this sense, the cul\u00e9 plan would aim to play the Bar\u00e7a-Madrid match outside of Spain. With Montju\u00efc ruled out starting the last week of April due to several events from the Ajuntament, <strong>the club would seek an alternative venue in Europe for the last big home game of the season<\/strong>. As if it were a final, the Classic would have to move to a large stadium that guarantees both clubs a significant economic return.<\/p>  <p>The match scheduled for Sunday, May 11, is expected to be decisive in determining the League title, as only 3 matchdays will remain after the Classic. However, <a data-external=\"0\" data-intl-links-en=\"https:\/\/www.fcbarcelonanoticias.com\/en\/fc-barcelona\/new-date-for-returning-to-camp-nou-fc-barcelona-requests-an-extension-to-stay-in-montjuic_310060_102.html\" data-intl-links-es=\"https:\/\/www.fcbarcelonanoticias.com\/fc-barcelona\/nueva-fecha-vuelta-camp-nou-fc-barcelona-solicita-prorroga-seguir-en-montjuic_310060_102.html\" href=\"https:\/\/www.fcbarcelonanoticias.com\/en\/fc-barcelona\/new-date-for-returning-to-camp-nou-fc-barcelona-requests-an-extension-to-stay-in-montjuic_310060_102.html\" rel=\"follow\" target=\"_self\" title=\"New date to return to Camp Nou? Barcelona requests an extension to stay in Montju\u00efc\">Bar\u00e7a hopes to resolve its stay at Camp Nou for the last month of competition<\/a>, where Hansi Flick&#8217;s team could also play hypothetical Champions League semifinals in the first week of May.<\/p>  <h3>The RFEF would not prevent a Classic outside of Spain, but LaLiga&#8230;<\/h3>  <p>For now, Barcelona has not communicated this proposal to Real Madrid or the Federation or LaLiga. <strong>In the case of the RFEF, there would be no obstacle from their side<\/strong>, as other competitions (such as the Supercopa de Espa\u00f1a) have been held outside of Spain since 2019. LaLiga, on the other hand, could impose some hurdles, although Javier Tebas himself has been negotiating for several years the possibility of holding some matchdays of the tournament abroad.<\/p>  <p>&#8220;<strong>I don&#8217;t know when, but this time LaLiga will play official matches abroad; I think it could be in the 2025-26 season<\/strong>&#8220;, assured the president of the league in April 2024, during an interview for the portal &#8216;Expansi\u00f3n&#8217;. In principle, the competition would move to the United States to &#8220;boost the North American market, which is the second for LaLiga after Spain&#8221;. In the case of the May Classic, a venue within Europe would be preferred to avoid complicating travel too much.<\/p> ","protected":false},"excerpt":{"rendered":"<p>The last League Classic of the 2024-25 season could take place outside of Spain. According to the program &#8216;Qu\u00e8 t&#8217;hi Jugues&#8217;, FC Barcelona does not rule out an alternative venue to face Real Madrid in May FC Barcelona hopes to return to Spotify Camp Nou in May to play the last League Classic against Real [&hellip;]<\/p>\n","protected":false},"author":347,"featured_media":36422,"comment_status":"closed","ping_status":"open","sticky":false,"template":"","format":"standard","meta":{"_acf_changed":false,"inline_featured_image":false,"_nextfly_llmd_date_locked":false,"footnotes":""},"categories":[448,114],"tags":[],"class_list":["post-39370","post","type-post","status-publish","format-standard","has-post-thumbnail","hentry","category-laliga-2","category-laliga"],"acf":[],"yoast_head":"<!-- This site is optimized with the Yoast SEO plugin v27.3 - https:\/\/yoast.com\/product\/yoast-seo-wordpress\/ -->\n<title>A League Classic outside of Spain? Bar\u00e7a-Madrid could have an alternative venue in May<\/title>\n<meta name=\"description\" content=\"The last League Classic of the 2024-25 season could take place outside of Spain. According to the program &#039;Qu\u00e8 t&#039;hi Jugues&#039;, FC Barcelona does not rule out an alternative venue to face Real Madrid in May\" \/>\n<meta name=\"robots\" content=\"index, follow, max-snippet:-1, max-image-preview:large, max-video-preview:-1\" \/>\n<link rel=\"canonical\" href=\"https:\/\/www.fcbarcelonanoticias.com\/en\/football-soccer\/laliga\/league-classic-outside-of-spain-barca-madrid-could-have-an-alternative-venue-in-may_310325_102.html\" \/>\n<meta property=\"og:locale\" content=\"en_US\" \/>\n<meta property=\"og:type\" content=\"article\" \/>\n<meta property=\"og:title\" content=\"A League Classic outside of Spain? Bar\u00e7a-Madrid could have an alternative venue in May\" \/>\n<meta property=\"og:description\" content=\"The last League Classic of the 2024-25 season could take place outside of Spain. According to the program &#039;Qu\u00e8 t&#039;hi Jugues&#039;, FC Barcelona does not rule out an alternative venue to face Real Madrid in May\" \/>\n<meta property=\"og:url\" content=\"https:\/\/www.fcbarcelonanoticias.com\/en\/football-soccer\/laliga\/league-classic-outside-of-spain-barca-madrid-could-have-an-alternative-venue-in-may_310325_102.html\" \/>\n<meta property=\"og:site_name\" content=\"EN - FC Barcelona Noticias\" \/>\n<meta property=\"article:published_time\" content=\"2025-01-23T16:56:00+00:00\" \/>\n<meta property=\"og:image\" content=\"https:\/\/www.fcbarcelonanoticias.com\/en\/wp-content\/uploads\/sites\/2\/2026\/03\/raphinha-v-real-madrid.jpeg\" \/>\n\t<meta property=\"og:image:width\" content=\"1200\" \/>\n\t<meta property=\"og:image:height\" content=\"675\" \/>\n\t<meta property=\"og:image:type\" content=\"image\/jpeg\" \/>\n<meta name=\"author\" content=\"Andr\u00e9s Quiroz\" \/>\n<meta name=\"twitter:card\" content=\"summary_large_image\" \/>\n<meta name=\"twitter:label1\" content=\"Written by\" \/>\n\t<meta name=\"twitter:data1\" content=\"Andr\u00e9s Quiroz\" \/>\n\t<meta name=\"twitter:label2\" content=\"Est. reading time\" \/>\n\t<meta name=\"twitter:data2\" content=\"2 minutes\" \/>\n<script type=\"application\/ld+json\" class=\"yoast-schema-graph\">{\"@context\":\"https:\\\/\\\/schema.org\",\"@graph\":[{\"@type\":\"Article\",\"@id\":\"https:\\\/\\\/www.fcbarcelonanoticias.com\\\/en\\\/football-soccer\\\/laliga\\\/league-classic-outside-of-spain-barca-madrid-could-have-an-alternative-venue-in-may_310325_102.html#article\",\"isPartOf\":{\"@id\":\"https:\\\/\\\/www.fcbarcelonanoticias.com\\\/en\\\/football-soccer\\\/laliga\\\/league-classic-outside-of-spain-barca-madrid-could-have-an-alternative-venue-in-may_310325_102.html\"},\"author\":{\"name\":\"Andr\u00e9s Quiroz\",\"@id\":\"https:\\\/\\\/www.fcbarcelonanoticias.com\\\/en\\\/#\\\/schema\\\/person\\\/c2cd9f6fa1af5c0d0eccd0fefa575c88\"},\"headline\":\"A League Classic outside of Spain? Bar\u00e7a-Madrid could have an alternative venue in May\",\"datePublished\":\"2025-01-23T16:56:00+00:00\",\"mainEntityOfPage\":{\"@id\":\"https:\\\/\\\/www.fcbarcelonanoticias.com\\\/en\\\/football-soccer\\\/laliga\\\/league-classic-outside-of-spain-barca-madrid-could-have-an-alternative-venue-in-may_310325_102.html\"},\"wordCount\":442,\"image\":{\"@id\":\"https:\\\/\\\/www.fcbarcelonanoticias.com\\\/en\\\/football-soccer\\\/laliga\\\/league-classic-outside-of-spain-barca-madrid-could-have-an-alternative-venue-in-may_310325_102.html#primaryimage\"},\"thumbnailUrl\":\"https:\\\/\\\/www.fcbarcelonanoticias.com\\\/en\\\/wp-content\\\/uploads\\\/sites\\\/2\\\/2026\\\/03\\\/raphinha-v-real-madrid.jpeg\",\"articleSection\":[\"LaLiga\",\"LaLiga\"],\"inLanguage\":\"en-US\"},{\"@type\":\"WebPage\",\"@id\":\"https:\\\/\\\/www.fcbarcelonanoticias.com\\\/en\\\/football-soccer\\\/laliga\\\/league-classic-outside-of-spain-barca-madrid-could-have-an-alternative-venue-in-may_310325_102.html\",\"url\":\"https:\\\/\\\/www.fcbarcelonanoticias.com\\\/en\\\/football-soccer\\\/laliga\\\/league-classic-outside-of-spain-barca-madrid-could-have-an-alternative-venue-in-may_310325_102.html\",\"name\":\"A League Classic outside of Spain? Bar\u00e7a-Madrid could have an alternative venue in May\",\"isPartOf\":{\"@id\":\"https:\\\/\\\/www.fcbarcelonanoticias.com\\\/en\\\/#website\"},\"primaryImageOfPage\":{\"@id\":\"https:\\\/\\\/www.fcbarcelonanoticias.com\\\/en\\\/football-soccer\\\/laliga\\\/league-classic-outside-of-spain-barca-madrid-could-have-an-alternative-venue-in-may_310325_102.html#primaryimage\"},\"image\":{\"@id\":\"https:\\\/\\\/www.fcbarcelonanoticias.com\\\/en\\\/football-soccer\\\/laliga\\\/league-classic-outside-of-spain-barca-madrid-could-have-an-alternative-venue-in-may_310325_102.html#primaryimage\"},\"thumbnailUrl\":\"https:\\\/\\\/www.fcbarcelonanoticias.com\\\/en\\\/wp-content\\\/uploads\\\/sites\\\/2\\\/2026\\\/03\\\/raphinha-v-real-madrid.jpeg\",\"datePublished\":\"2025-01-23T16:56:00+00:00\",\"author\":{\"@id\":\"https:\\\/\\\/www.fcbarcelonanoticias.com\\\/en\\\/#\\\/schema\\\/person\\\/c2cd9f6fa1af5c0d0eccd0fefa575c88\"},\"description\":\"The last League Classic of the 2024-25 season could take place outside of Spain. According to the program 'Qu\u00e8 t'hi Jugues', FC Barcelona does not rule out an alternative venue to face Real Madrid in May\",\"breadcrumb\":{\"@id\":\"https:\\\/\\\/www.fcbarcelonanoticias.com\\\/en\\\/football-soccer\\\/laliga\\\/league-classic-outside-of-spain-barca-madrid-could-have-an-alternative-venue-in-may_310325_102.html#breadcrumb\"},\"inLanguage\":\"en-US\",\"potentialAction\":[{\"@type\":\"ReadAction\",\"target\":[\"https:\\\/\\\/www.fcbarcelonanoticias.com\\\/en\\\/football-soccer\\\/laliga\\\/league-classic-outside-of-spain-barca-madrid-could-have-an-alternative-venue-in-may_310325_102.html\"]}]},{\"@type\":\"ImageObject\",\"inLanguage\":\"en-US\",\"@id\":\"https:\\\/\\\/www.fcbarcelonanoticias.com\\\/en\\\/football-soccer\\\/laliga\\\/league-classic-outside-of-spain-barca-madrid-could-have-an-alternative-venue-in-may_310325_102.html#primaryimage\",\"url\":\"https:\\\/\\\/www.fcbarcelonanoticias.com\\\/en\\\/wp-content\\\/uploads\\\/sites\\\/2\\\/2026\\\/03\\\/raphinha-v-real-madrid.jpeg\",\"contentUrl\":\"https:\\\/\\\/www.fcbarcelonanoticias.com\\\/en\\\/wp-content\\\/uploads\\\/sites\\\/2\\\/2026\\\/03\\\/raphinha-v-real-madrid.jpeg\",\"width\":1200,\"height\":675},{\"@type\":\"BreadcrumbList\",\"@id\":\"https:\\\/\\\/www.fcbarcelonanoticias.com\\\/en\\\/football-soccer\\\/laliga\\\/league-classic-outside-of-spain-barca-madrid-could-have-an-alternative-venue-in-may_310325_102.html#breadcrumb\",\"itemListElement\":[{\"@type\":\"ListItem\",\"position\":1,\"name\":\"Portada\",\"item\":\"https:\\\/\\\/www.fcbarcelonanoticias.com\\\/en\\\/\"},{\"@type\":\"ListItem\",\"position\":2,\"name\":\"A League Classic outside of Spain? Bar\u00e7a-Madrid could have an alternative venue in May\"}]},{\"@type\":\"WebSite\",\"@id\":\"https:\\\/\\\/www.fcbarcelonanoticias.com\\\/en\\\/#website\",\"url\":\"https:\\\/\\\/www.fcbarcelonanoticias.com\\\/en\\\/\",\"name\":\"EN - FC Barcelona Noticias\",\"description\":\"\",\"potentialAction\":[{\"@type\":\"SearchAction\",\"target\":{\"@type\":\"EntryPoint\",\"urlTemplate\":\"https:\\\/\\\/www.fcbarcelonanoticias.com\\\/en\\\/?s={search_term_string}\"},\"query-input\":{\"@type\":\"PropertyValueSpecification\",\"valueRequired\":true,\"valueName\":\"search_term_string\"}}],\"inLanguage\":\"en-US\"},{\"@type\":\"Person\",\"@id\":\"https:\\\/\\\/www.fcbarcelonanoticias.com\\\/en\\\/#\\\/schema\\\/person\\\/c2cd9f6fa1af5c0d0eccd0fefa575c88\",\"name\":\"Andr\u00e9s Quiroz\",\"image\":{\"@type\":\"ImageObject\",\"inLanguage\":\"en-US\",\"@id\":\"https:\\\/\\\/secure.gravatar.com\\\/avatar\\\/?s=96&d=mm&r=g\",\"url\":\"https:\\\/\\\/secure.gravatar.com\\\/avatar\\\/?s=96&d=mm&r=g\",\"contentUrl\":\"https:\\\/\\\/secure.gravatar.com\\\/avatar\\\/?s=96&d=mm&r=g\",\"caption\":\"Andr\u00e9s Quiroz\"},\"description\":\"Licenciado en Periodismo por la Universidad de los Andes. Me encargo de analizar y compartir los contenidos m\u00e1s destacados de la\u00a0actualidad del F\u00fatbol Club Barcelona, Mercado de Fichajes y F\u00fatbol Internacional en FCBN. La informaci\u00f3n es poder, pero tambi\u00e9n conocimiento.\",\"url\":\"https:\\\/\\\/www.fcbarcelonanoticias.com\\\/en\\\/fc-barcelona\\\/andres-quiroz_17_115.html\"}]}<\/script>\n<!-- \/ Yoast SEO plugin. -->","yoast_head_json":{"title":"A League Classic outside of Spain? Bar\u00e7a-Madrid could have an alternative venue in May","description":"The last League Classic of the 2024-25 season could take place outside of Spain. According to the program 'Qu\u00e8 t'hi Jugues', FC Barcelona does not rule out an alternative venue to face Real Madrid in May","robots":{"index":"index","follow":"follow","max-snippet":"max-snippet:-1","max-image-preview":"max-image-preview:large","max-video-preview":"max-video-preview:-1"},"canonical":"https:\/\/www.fcbarcelonanoticias.com\/en\/football-soccer\/laliga\/league-classic-outside-of-spain-barca-madrid-could-have-an-alternative-venue-in-may_310325_102.html","og_locale":"en_US","og_type":"article","og_title":"A League Classic outside of Spain? Bar\u00e7a-Madrid could have an alternative venue in May","og_description":"The last League Classic of the 2024-25 season could take place outside of Spain. According to the program 'Qu\u00e8 t'hi Jugues', FC Barcelona does not rule out an alternative venue to face Real Madrid in May","og_url":"https:\/\/www.fcbarcelonanoticias.com\/en\/football-soccer\/laliga\/league-classic-outside-of-spain-barca-madrid-could-have-an-alternative-venue-in-may_310325_102.html","og_site_name":"EN - FC Barcelona Noticias","article_published_time":"2025-01-23T16:56:00+00:00","og_image":[{"width":1200,"height":675,"url":"https:\/\/www.fcbarcelonanoticias.com\/en\/wp-content\/uploads\/sites\/2\/2026\/03\/raphinha-v-real-madrid.jpeg","type":"image\/jpeg"}],"author":"Andr\u00e9s Quiroz","twitter_card":"summary_large_image","twitter_misc":{"Written by":"Andr\u00e9s Quiroz","Est. reading time":"2 minutes"},"schema":{"@context":"https:\/\/schema.org","@graph":[{"@type":"Article","@id":"https:\/\/www.fcbarcelonanoticias.com\/en\/football-soccer\/laliga\/league-classic-outside-of-spain-barca-madrid-could-have-an-alternative-venue-in-may_310325_102.html#article","isPartOf":{"@id":"https:\/\/www.fcbarcelonanoticias.com\/en\/football-soccer\/laliga\/league-classic-outside-of-spain-barca-madrid-could-have-an-alternative-venue-in-may_310325_102.html"},"author":{"name":"Andr\u00e9s Quiroz","@id":"https:\/\/www.fcbarcelonanoticias.com\/en\/#\/schema\/person\/c2cd9f6fa1af5c0d0eccd0fefa575c88"},"headline":"A League Classic outside of Spain? Bar\u00e7a-Madrid could have an alternative venue in May","datePublished":"2025-01-23T16:56:00+00:00","mainEntityOfPage":{"@id":"https:\/\/www.fcbarcelonanoticias.com\/en\/football-soccer\/laliga\/league-classic-outside-of-spain-barca-madrid-could-have-an-alternative-venue-in-may_310325_102.html"},"wordCount":442,"image":{"@id":"https:\/\/www.fcbarcelonanoticias.com\/en\/football-soccer\/laliga\/league-classic-outside-of-spain-barca-madrid-could-have-an-alternative-venue-in-may_310325_102.html#primaryimage"},"thumbnailUrl":"https:\/\/www.fcbarcelonanoticias.com\/en\/wp-content\/uploads\/sites\/2\/2026\/03\/raphinha-v-real-madrid.jpeg","articleSection":["LaLiga","LaLiga"],"inLanguage":"en-US"},{"@type":"WebPage","@id":"https:\/\/www.fcbarcelonanoticias.com\/en\/football-soccer\/laliga\/league-classic-outside-of-spain-barca-madrid-could-have-an-alternative-venue-in-may_310325_102.html","url":"https:\/\/www.fcbarcelonanoticias.com\/en\/football-soccer\/laliga\/league-classic-outside-of-spain-barca-madrid-could-have-an-alternative-venue-in-may_310325_102.html","name":"A League Classic outside of Spain? Bar\u00e7a-Madrid could have an alternative venue in May","isPartOf":{"@id":"https:\/\/www.fcbarcelonanoticias.com\/en\/#website"},"primaryImageOfPage":{"@id":"https:\/\/www.fcbarcelonanoticias.com\/en\/football-soccer\/laliga\/league-classic-outside-of-spain-barca-madrid-could-have-an-alternative-venue-in-may_310325_102.html#primaryimage"},"image":{"@id":"https:\/\/www.fcbarcelonanoticias.com\/en\/football-soccer\/laliga\/league-classic-outside-of-spain-barca-madrid-could-have-an-alternative-venue-in-may_310325_102.html#primaryimage"},"thumbnailUrl":"https:\/\/www.fcbarcelonanoticias.com\/en\/wp-content\/uploads\/sites\/2\/2026\/03\/raphinha-v-real-madrid.jpeg","datePublished":"2025-01-23T16:56:00+00:00","author":{"@id":"https:\/\/www.fcbarcelonanoticias.com\/en\/#\/schema\/person\/c2cd9f6fa1af5c0d0eccd0fefa575c88"},"description":"The last League Classic of the 2024-25 season could take place outside of Spain. According to the program 'Qu\u00e8 t'hi Jugues', FC Barcelona does not rule out an alternative venue to face Real Madrid in May","breadcrumb":{"@id":"https:\/\/www.fcbarcelonanoticias.com\/en\/football-soccer\/laliga\/league-classic-outside-of-spain-barca-madrid-could-have-an-alternative-venue-in-may_310325_102.html#breadcrumb"},"inLanguage":"en-US","potentialAction":[{"@type":"ReadAction","target":["https:\/\/www.fcbarcelonanoticias.com\/en\/football-soccer\/laliga\/league-classic-outside-of-spain-barca-madrid-could-have-an-alternative-venue-in-may_310325_102.html"]}]},{"@type":"ImageObject","inLanguage":"en-US","@id":"https:\/\/www.fcbarcelonanoticias.com\/en\/football-soccer\/laliga\/league-classic-outside-of-spain-barca-madrid-could-have-an-alternative-venue-in-may_310325_102.html#primaryimage","url":"https:\/\/www.fcbarcelonanoticias.com\/en\/wp-content\/uploads\/sites\/2\/2026\/03\/raphinha-v-real-madrid.jpeg","contentUrl":"https:\/\/www.fcbarcelonanoticias.com\/en\/wp-content\/uploads\/sites\/2\/2026\/03\/raphinha-v-real-madrid.jpeg","width":1200,"height":675},{"@type":"BreadcrumbList","@id":"https:\/\/www.fcbarcelonanoticias.com\/en\/football-soccer\/laliga\/league-classic-outside-of-spain-barca-madrid-could-have-an-alternative-venue-in-may_310325_102.html#breadcrumb","itemListElement":[{"@type":"ListItem","position":1,"name":"Portada","item":"https:\/\/www.fcbarcelonanoticias.com\/en\/"},{"@type":"ListItem","position":2,"name":"A League Classic outside of Spain? Bar\u00e7a-Madrid could have an alternative venue in May"}]},{"@type":"WebSite","@id":"https:\/\/www.fcbarcelonanoticias.com\/en\/#website","url":"https:\/\/www.fcbarcelonanoticias.com\/en\/","name":"EN - FC Barcelona Noticias","description":"","potentialAction":[{"@type":"SearchAction","target":{"@type":"EntryPoint","urlTemplate":"https:\/\/www.fcbarcelonanoticias.com\/en\/?s={search_term_string}"},"query-input":{"@type":"PropertyValueSpecification","valueRequired":true,"valueName":"search_term_string"}}],"inLanguage":"en-US"},{"@type":"Person","@id":"https:\/\/www.fcbarcelonanoticias.com\/en\/#\/schema\/person\/c2cd9f6fa1af5c0d0eccd0fefa575c88","name":"Andr\u00e9s Quiroz","image":{"@type":"ImageObject","inLanguage":"en-US","@id":"https:\/\/secure.gravatar.com\/avatar\/?s=96&d=mm&r=g","url":"https:\/\/secure.gravatar.com\/avatar\/?s=96&d=mm&r=g","contentUrl":"https:\/\/secure.gravatar.com\/avatar\/?s=96&d=mm&r=g","caption":"Andr\u00e9s Quiroz"},"description":"Licenciado en Periodismo por la Universidad de los Andes. Me encargo de analizar y compartir los contenidos m\u00e1s destacados de la\u00a0actualidad del F\u00fatbol Club Barcelona, Mercado de Fichajes y F\u00fatbol Internacional en FCBN. La informaci\u00f3n es poder, pero tambi\u00e9n conocimiento.","url":"https:\/\/www.fcbarcelonanoticias.com\/en\/fc-barcelona\/andres-quiroz_17_115.html"}]}},"_links":{"self":[{"href":"https:\/\/www.fcbarcelonanoticias.com\/en\/wp-json\/wp\/v2\/posts\/39370","targetHints":{"allow":["GET"]}}],"collection":[{"href":"https:\/\/www.fcbarcelonanoticias.com\/en\/wp-json\/wp\/v2\/posts"}],"about":[{"href":"https:\/\/www.fcbarcelonanoticias.com\/en\/wp-json\/wp\/v2\/types\/post"}],"author":[{"embeddable":true,"href":"https:\/\/www.fcbarcelonanoticias.com\/en\/wp-json\/wp\/v2\/users\/347"}],"replies":[{"embeddable":true,"href":"https:\/\/www.fcbarcelonanoticias.com\/en\/wp-json\/wp\/v2\/comments?post=39370"}],"version-history":[{"count":1,"href":"https:\/\/www.fcbarcelonanoticias.com\/en\/wp-json\/wp\/v2\/posts\/39370\/revisions"}],"predecessor-version":[{"id":112809,"href":"https:\/\/www.fcbarcelonanoticias.com\/en\/wp-json\/wp\/v2\/posts\/39370\/revisions\/112809"}],"wp:featuredmedia":[{"embeddable":true,"href":"https:\/\/www.fcbarcelonanoticias.com\/en\/wp-json\/wp\/v2\/media\/36422"}],"wp:attachment":[{"href":"https:\/\/www.fcbarcelonanoticias.com\/en\/wp-json\/wp\/v2\/media?parent=39370"}],"wp:term":[{"taxonomy":"category","embeddable":true,"href":"https:\/\/www.fcbarcelonanoticias.com\/en\/wp-json\/wp\/v2\/categories?post=39370"},{"taxonomy":"post_tag","embeddable":true,"href":"https:\/\/www.fcbarcelonanoticias.com\/en\/wp-json\/wp\/v2\/tags?post=39370"}],"curies":[{"name":"wp","href":"https:\/\/api.w.org\/{rel}","templated":true}]}}