{"id":39479,"date":"2024-11-13T22:10:00","date_gmt":"2024-11-13T21:10:00","guid":{"rendered":"https:\/\/weisetech.dev\/fc-barcelona-noticias\/en\/portrayed-former-real-madrid-coach-atiza-vinicius-for-attitude-field_308596_102\/"},"modified":"2024-11-14T03:15:00","modified_gmt":"2024-11-14T02:15:00","slug":"portrayed-former-real-madrid-coach-atiza-vinicius-for-attitude-field_308596_102","status":"publish","type":"post","link":"https:\/\/www.fcbarcelonanoticias.com\/en\/football-soccer\/portrayed-former-real-madrid-coach-atiza-vinicius-for-attitude-field_308596_102.html","title":{"rendered":"PICTURED: A former Real Madrid coach criticises Vinicius for his attitude on the pitch"},"content":{"rendered":"<h2 class=\"wp-block-heading\">Vinicius Jr. continues to find strong detractors in Brazil. The latest to criticize Real Madrid&#8217;s number 7 for his frequent provocations of rivals was Vanderlei Luxemburgo, former &#8216;merengue&#8217; coach<\/h2>  \r\n<div class=\"article-addons\">\r\n    <a href=\"https:\/\/www.fcbarcelonanoticias.com\/en\/calendar-fc-barcelona.html\"\r\n       target=\"_self\"\r\n       title=\"Calendar of FC Barcelona\"\r\n       class=\"blue-gredient-btn\">\r\n       \r\n        Calendar of FC Barcelona    <\/a>\r\n<\/div>   <p>Vinicius Jr.&#8217;s fight against racism continues to generate divided opinions in the world of football. <strong>The latest to speak out on the subject was Vanderlei Luxemburgo<\/strong>, a 72-year-old Brazilian coach with a brief stint at Real Madrid. Asked about the alleged racist persecution against Madrid&#8217;s &#8216;7&#8217;, the boss made it clear that he does not support his compatriot&#8217;s conduct on the pitch.<\/p>  <p><strong>&#8220;No, I don&#8217;t think so. He is the one who provokes it a lot by doing things he shouldn&#8217;t do,&#8221;<\/strong> began the experienced Brazilian coach, who was on the bench for almost two decades in 2005 (he managed 45 games, with 28 wins, 7 draws and 10 losses).<\/p>  <h3>Luxembourg is clear: Vinicius provokes his rivals<\/h3>  <p>In this regard, he recalled an incident during the semi-finals of the UEFA Champions League against Bayern Munich. <strong>&#8220;The opponent (Kimmich) politely returns the ball to him. And Vini throws it back to the ground. He&#8217;s making fun of the player!&#8221; <\/strong>said Luxemburgo about the episode in the match played on May 8 at the Santiago Bernab\u00e9u.<\/p>  <p>He also added: <strong>&#8220;Then there&#8217;s Modric, at the same club. The opponent puts the ball in his hands and he throws it in from the side. Vinicius provokes the situation,&#8221;<\/strong> he said about the episode in a match that ended with a comeback for Madrid at the last minute (2-1).<\/p>  <p><strong>The Brazilian striker returned to his country this week <\/strong>to play the matches against Venezuela (visitor) and Uruguay (home). Vini had missed the double round of South American qualifiers in October due to injury. Luxemburgo, in addition to Madrid, also had a brief stint with the Sele\u00e7ao between 1999 and 2000, where he won a title (the Copa Am\u00e9rica).<\/p> ","protected":false},"excerpt":{"rendered":"<p>Vinicius Jr. continues to find strong detractors in Brazil. The latest to criticize Real Madrid&#8217;s number 7 for his frequent provocations of rivals was Vanderlei Luxemburgo, former &#8216;merengue&#8217; coach Vinicius Jr.&#8217;s fight against racism continues to generate divided opinions in the world of football. The latest to speak out on the subject was Vanderlei Luxemburgo, [&hellip;]<\/p>\n","protected":false},"author":347,"featured_media":7630,"comment_status":"closed","ping_status":"open","sticky":false,"template":"","format":"standard","meta":{"_acf_changed":false,"inline_featured_image":false,"_nextfly_llmd_date_locked":false,"footnotes":""},"categories":[452,109],"tags":[177,175],"class_list":["post-39479","post","type-post","status-publish","format-standard","has-post-thumbnail","hentry","category-football-2","category-football","tag-florentino-perez","tag-viral"],"acf":[],"yoast_head":"<!-- This site is optimized with the Yoast SEO plugin v27.3 - https:\/\/yoast.com\/product\/yoast-seo-wordpress\/ -->\n<title>PICTURED: A former Real Madrid coach criticises Vinicius for his attitude on the pitch<\/title>\n<meta name=\"description\" content=\"Vinicius Jr. continues to find strong detractors in Brazil. The latest to criticize Real Madrid&#039;s number 7 for his frequent provocations of rivals was Vanderlei Luxemburgo, former &#039;merengue&#039; coach\" \/>\n<meta name=\"robots\" content=\"index, follow, max-snippet:-1, max-image-preview:large, max-video-preview:-1\" \/>\n<link rel=\"canonical\" href=\"https:\/\/www.fcbarcelonanoticias.com\/en\/football-soccer\/portrayed-former-real-madrid-coach-atiza-vinicius-for-attitude-field_308596_102.html\" \/>\n<meta property=\"og:locale\" content=\"en_US\" \/>\n<meta property=\"og:type\" content=\"article\" \/>\n<meta property=\"og:title\" content=\"PICTURED: A former Real Madrid coach criticises Vinicius for his attitude on the pitch\" \/>\n<meta property=\"og:description\" content=\"Vinicius Jr. continues to find strong detractors in Brazil. The latest to criticize Real Madrid&#039;s number 7 for his frequent provocations of rivals was Vanderlei Luxemburgo, former &#039;merengue&#039; coach\" \/>\n<meta property=\"og:url\" content=\"https:\/\/www.fcbarcelonanoticias.com\/en\/football-soccer\/portrayed-former-real-madrid-coach-atiza-vinicius-for-attitude-field_308596_102.html\" \/>\n<meta property=\"og:site_name\" content=\"EN - FC Barcelona Noticias\" \/>\n<meta property=\"article:published_time\" content=\"2024-11-13T21:10:00+00:00\" \/>\n<meta property=\"article:modified_time\" content=\"2024-11-14T02:15:00+00:00\" \/>\n<meta property=\"og:image\" content=\"https:\/\/www.fcbarcelonanoticias.com\/en\/wp-content\/uploads\/sites\/2\/2023\/05\/vinicius-jr-v-osasuna.jpeg\" \/>\n\t<meta property=\"og:image:width\" content=\"1300\" \/>\n\t<meta property=\"og:image:height\" content=\"732\" \/>\n\t<meta property=\"og:image:type\" content=\"image\/jpeg\" \/>\n<meta name=\"author\" content=\"Andr\u00e9s Quiroz\" \/>\n<meta name=\"twitter:card\" content=\"summary_large_image\" \/>\n<meta name=\"twitter:label1\" content=\"Written by\" \/>\n\t<meta name=\"twitter:data1\" content=\"Andr\u00e9s Quiroz\" \/>\n\t<meta name=\"twitter:label2\" content=\"Est. reading time\" \/>\n\t<meta name=\"twitter:data2\" content=\"2 minutes\" \/>\n<script type=\"application\/ld+json\" class=\"yoast-schema-graph\">{\"@context\":\"https:\\\/\\\/schema.org\",\"@graph\":[{\"@type\":\"Article\",\"@id\":\"https:\\\/\\\/www.fcbarcelonanoticias.com\\\/en\\\/football-soccer\\\/portrayed-former-real-madrid-coach-atiza-vinicius-for-attitude-field_308596_102.html#article\",\"isPartOf\":{\"@id\":\"https:\\\/\\\/www.fcbarcelonanoticias.com\\\/en\\\/football-soccer\\\/portrayed-former-real-madrid-coach-atiza-vinicius-for-attitude-field_308596_102.html\"},\"author\":{\"name\":\"Andr\u00e9s Quiroz\",\"@id\":\"https:\\\/\\\/www.fcbarcelonanoticias.com\\\/en\\\/#\\\/schema\\\/person\\\/c2cd9f6fa1af5c0d0eccd0fefa575c88\"},\"headline\":\"PICTURED: A former Real Madrid coach criticises Vinicius for his attitude on the pitch\",\"datePublished\":\"2024-11-13T21:10:00+00:00\",\"dateModified\":\"2024-11-14T02:15:00+00:00\",\"mainEntityOfPage\":{\"@id\":\"https:\\\/\\\/www.fcbarcelonanoticias.com\\\/en\\\/football-soccer\\\/portrayed-former-real-madrid-coach-atiza-vinicius-for-attitude-field_308596_102.html\"},\"wordCount\":327,\"image\":{\"@id\":\"https:\\\/\\\/www.fcbarcelonanoticias.com\\\/en\\\/football-soccer\\\/portrayed-former-real-madrid-coach-atiza-vinicius-for-attitude-field_308596_102.html#primaryimage\"},\"thumbnailUrl\":\"https:\\\/\\\/www.fcbarcelonanoticias.com\\\/en\\\/wp-content\\\/uploads\\\/sites\\\/2\\\/2023\\\/05\\\/vinicius-jr-v-osasuna.jpeg\",\"keywords\":[\"Florentino P\u00e9rez\",\"Viral\"],\"articleSection\":[\"Football\",\"Football\"],\"inLanguage\":\"en-US\"},{\"@type\":\"WebPage\",\"@id\":\"https:\\\/\\\/www.fcbarcelonanoticias.com\\\/en\\\/football-soccer\\\/portrayed-former-real-madrid-coach-atiza-vinicius-for-attitude-field_308596_102.html\",\"url\":\"https:\\\/\\\/www.fcbarcelonanoticias.com\\\/en\\\/football-soccer\\\/portrayed-former-real-madrid-coach-atiza-vinicius-for-attitude-field_308596_102.html\",\"name\":\"PICTURED: A former Real Madrid coach criticises Vinicius for his attitude on the pitch\",\"isPartOf\":{\"@id\":\"https:\\\/\\\/www.fcbarcelonanoticias.com\\\/en\\\/#website\"},\"primaryImageOfPage\":{\"@id\":\"https:\\\/\\\/www.fcbarcelonanoticias.com\\\/en\\\/football-soccer\\\/portrayed-former-real-madrid-coach-atiza-vinicius-for-attitude-field_308596_102.html#primaryimage\"},\"image\":{\"@id\":\"https:\\\/\\\/www.fcbarcelonanoticias.com\\\/en\\\/football-soccer\\\/portrayed-former-real-madrid-coach-atiza-vinicius-for-attitude-field_308596_102.html#primaryimage\"},\"thumbnailUrl\":\"https:\\\/\\\/www.fcbarcelonanoticias.com\\\/en\\\/wp-content\\\/uploads\\\/sites\\\/2\\\/2023\\\/05\\\/vinicius-jr-v-osasuna.jpeg\",\"datePublished\":\"2024-11-13T21:10:00+00:00\",\"dateModified\":\"2024-11-14T02:15:00+00:00\",\"author\":{\"@id\":\"https:\\\/\\\/www.fcbarcelonanoticias.com\\\/en\\\/#\\\/schema\\\/person\\\/c2cd9f6fa1af5c0d0eccd0fefa575c88\"},\"description\":\"Vinicius Jr. continues to find strong detractors in Brazil. The latest to criticize Real Madrid's number 7 for his frequent provocations of rivals was Vanderlei Luxemburgo, former 'merengue' coach\",\"breadcrumb\":{\"@id\":\"https:\\\/\\\/www.fcbarcelonanoticias.com\\\/en\\\/football-soccer\\\/portrayed-former-real-madrid-coach-atiza-vinicius-for-attitude-field_308596_102.html#breadcrumb\"},\"inLanguage\":\"en-US\",\"potentialAction\":[{\"@type\":\"ReadAction\",\"target\":[\"https:\\\/\\\/www.fcbarcelonanoticias.com\\\/en\\\/football-soccer\\\/portrayed-former-real-madrid-coach-atiza-vinicius-for-attitude-field_308596_102.html\"]}]},{\"@type\":\"ImageObject\",\"inLanguage\":\"en-US\",\"@id\":\"https:\\\/\\\/www.fcbarcelonanoticias.com\\\/en\\\/football-soccer\\\/portrayed-former-real-madrid-coach-atiza-vinicius-for-attitude-field_308596_102.html#primaryimage\",\"url\":\"https:\\\/\\\/www.fcbarcelonanoticias.com\\\/en\\\/wp-content\\\/uploads\\\/sites\\\/2\\\/2023\\\/05\\\/vinicius-jr-v-osasuna.jpeg\",\"contentUrl\":\"https:\\\/\\\/www.fcbarcelonanoticias.com\\\/en\\\/wp-content\\\/uploads\\\/sites\\\/2\\\/2023\\\/05\\\/vinicius-jr-v-osasuna.jpeg\",\"width\":1300,\"height\":732},{\"@type\":\"BreadcrumbList\",\"@id\":\"https:\\\/\\\/www.fcbarcelonanoticias.com\\\/en\\\/football-soccer\\\/portrayed-former-real-madrid-coach-atiza-vinicius-for-attitude-field_308596_102.html#breadcrumb\",\"itemListElement\":[{\"@type\":\"ListItem\",\"position\":1,\"name\":\"Portada\",\"item\":\"https:\\\/\\\/www.fcbarcelonanoticias.com\\\/en\\\/\"},{\"@type\":\"ListItem\",\"position\":2,\"name\":\"PICTURED: A former Real Madrid coach criticises Vinicius for his attitude on the pitch\"}]},{\"@type\":\"WebSite\",\"@id\":\"https:\\\/\\\/www.fcbarcelonanoticias.com\\\/en\\\/#website\",\"url\":\"https:\\\/\\\/www.fcbarcelonanoticias.com\\\/en\\\/\",\"name\":\"EN - FC Barcelona Noticias\",\"description\":\"\",\"potentialAction\":[{\"@type\":\"SearchAction\",\"target\":{\"@type\":\"EntryPoint\",\"urlTemplate\":\"https:\\\/\\\/www.fcbarcelonanoticias.com\\\/en\\\/?s={search_term_string}\"},\"query-input\":{\"@type\":\"PropertyValueSpecification\",\"valueRequired\":true,\"valueName\":\"search_term_string\"}}],\"inLanguage\":\"en-US\"},{\"@type\":\"Person\",\"@id\":\"https:\\\/\\\/www.fcbarcelonanoticias.com\\\/en\\\/#\\\/schema\\\/person\\\/c2cd9f6fa1af5c0d0eccd0fefa575c88\",\"name\":\"Andr\u00e9s Quiroz\",\"image\":{\"@type\":\"ImageObject\",\"inLanguage\":\"en-US\",\"@id\":\"https:\\\/\\\/secure.gravatar.com\\\/avatar\\\/?s=96&d=mm&r=g\",\"url\":\"https:\\\/\\\/secure.gravatar.com\\\/avatar\\\/?s=96&d=mm&r=g\",\"contentUrl\":\"https:\\\/\\\/secure.gravatar.com\\\/avatar\\\/?s=96&d=mm&r=g\",\"caption\":\"Andr\u00e9s Quiroz\"},\"description\":\"Licenciado en Periodismo por la Universidad de los Andes. Me encargo de analizar y compartir los contenidos m\u00e1s destacados de la\u00a0actualidad del F\u00fatbol Club Barcelona, Mercado de Fichajes y F\u00fatbol Internacional en FCBN. La informaci\u00f3n es poder, pero tambi\u00e9n conocimiento.\",\"url\":\"https:\\\/\\\/www.fcbarcelonanoticias.com\\\/en\\\/fc-barcelona\\\/andres-quiroz_17_115.html\"}]}<\/script>\n<!-- \/ Yoast SEO plugin. -->","yoast_head_json":{"title":"PICTURED: A former Real Madrid coach criticises Vinicius for his attitude on the pitch","description":"Vinicius Jr. continues to find strong detractors in Brazil. The latest to criticize Real Madrid's number 7 for his frequent provocations of rivals was Vanderlei Luxemburgo, former 'merengue' coach","robots":{"index":"index","follow":"follow","max-snippet":"max-snippet:-1","max-image-preview":"max-image-preview:large","max-video-preview":"max-video-preview:-1"},"canonical":"https:\/\/www.fcbarcelonanoticias.com\/en\/football-soccer\/portrayed-former-real-madrid-coach-atiza-vinicius-for-attitude-field_308596_102.html","og_locale":"en_US","og_type":"article","og_title":"PICTURED: A former Real Madrid coach criticises Vinicius for his attitude on the pitch","og_description":"Vinicius Jr. continues to find strong detractors in Brazil. The latest to criticize Real Madrid's number 7 for his frequent provocations of rivals was Vanderlei Luxemburgo, former 'merengue' coach","og_url":"https:\/\/www.fcbarcelonanoticias.com\/en\/football-soccer\/portrayed-former-real-madrid-coach-atiza-vinicius-for-attitude-field_308596_102.html","og_site_name":"EN - FC Barcelona Noticias","article_published_time":"2024-11-13T21:10:00+00:00","article_modified_time":"2024-11-14T02:15:00+00:00","og_image":[{"width":1300,"height":732,"url":"https:\/\/www.fcbarcelonanoticias.com\/en\/wp-content\/uploads\/sites\/2\/2023\/05\/vinicius-jr-v-osasuna.jpeg","type":"image\/jpeg"}],"author":"Andr\u00e9s Quiroz","twitter_card":"summary_large_image","twitter_misc":{"Written by":"Andr\u00e9s Quiroz","Est. reading time":"2 minutes"},"schema":{"@context":"https:\/\/schema.org","@graph":[{"@type":"Article","@id":"https:\/\/www.fcbarcelonanoticias.com\/en\/football-soccer\/portrayed-former-real-madrid-coach-atiza-vinicius-for-attitude-field_308596_102.html#article","isPartOf":{"@id":"https:\/\/www.fcbarcelonanoticias.com\/en\/football-soccer\/portrayed-former-real-madrid-coach-atiza-vinicius-for-attitude-field_308596_102.html"},"author":{"name":"Andr\u00e9s Quiroz","@id":"https:\/\/www.fcbarcelonanoticias.com\/en\/#\/schema\/person\/c2cd9f6fa1af5c0d0eccd0fefa575c88"},"headline":"PICTURED: A former Real Madrid coach criticises Vinicius for his attitude on the pitch","datePublished":"2024-11-13T21:10:00+00:00","dateModified":"2024-11-14T02:15:00+00:00","mainEntityOfPage":{"@id":"https:\/\/www.fcbarcelonanoticias.com\/en\/football-soccer\/portrayed-former-real-madrid-coach-atiza-vinicius-for-attitude-field_308596_102.html"},"wordCount":327,"image":{"@id":"https:\/\/www.fcbarcelonanoticias.com\/en\/football-soccer\/portrayed-former-real-madrid-coach-atiza-vinicius-for-attitude-field_308596_102.html#primaryimage"},"thumbnailUrl":"https:\/\/www.fcbarcelonanoticias.com\/en\/wp-content\/uploads\/sites\/2\/2023\/05\/vinicius-jr-v-osasuna.jpeg","keywords":["Florentino P\u00e9rez","Viral"],"articleSection":["Football","Football"],"inLanguage":"en-US"},{"@type":"WebPage","@id":"https:\/\/www.fcbarcelonanoticias.com\/en\/football-soccer\/portrayed-former-real-madrid-coach-atiza-vinicius-for-attitude-field_308596_102.html","url":"https:\/\/www.fcbarcelonanoticias.com\/en\/football-soccer\/portrayed-former-real-madrid-coach-atiza-vinicius-for-attitude-field_308596_102.html","name":"PICTURED: A former Real Madrid coach criticises Vinicius for his attitude on the pitch","isPartOf":{"@id":"https:\/\/www.fcbarcelonanoticias.com\/en\/#website"},"primaryImageOfPage":{"@id":"https:\/\/www.fcbarcelonanoticias.com\/en\/football-soccer\/portrayed-former-real-madrid-coach-atiza-vinicius-for-attitude-field_308596_102.html#primaryimage"},"image":{"@id":"https:\/\/www.fcbarcelonanoticias.com\/en\/football-soccer\/portrayed-former-real-madrid-coach-atiza-vinicius-for-attitude-field_308596_102.html#primaryimage"},"thumbnailUrl":"https:\/\/www.fcbarcelonanoticias.com\/en\/wp-content\/uploads\/sites\/2\/2023\/05\/vinicius-jr-v-osasuna.jpeg","datePublished":"2024-11-13T21:10:00+00:00","dateModified":"2024-11-14T02:15:00+00:00","author":{"@id":"https:\/\/www.fcbarcelonanoticias.com\/en\/#\/schema\/person\/c2cd9f6fa1af5c0d0eccd0fefa575c88"},"description":"Vinicius Jr. continues to find strong detractors in Brazil. The latest to criticize Real Madrid's number 7 for his frequent provocations of rivals was Vanderlei Luxemburgo, former 'merengue' coach","breadcrumb":{"@id":"https:\/\/www.fcbarcelonanoticias.com\/en\/football-soccer\/portrayed-former-real-madrid-coach-atiza-vinicius-for-attitude-field_308596_102.html#breadcrumb"},"inLanguage":"en-US","potentialAction":[{"@type":"ReadAction","target":["https:\/\/www.fcbarcelonanoticias.com\/en\/football-soccer\/portrayed-former-real-madrid-coach-atiza-vinicius-for-attitude-field_308596_102.html"]}]},{"@type":"ImageObject","inLanguage":"en-US","@id":"https:\/\/www.fcbarcelonanoticias.com\/en\/football-soccer\/portrayed-former-real-madrid-coach-atiza-vinicius-for-attitude-field_308596_102.html#primaryimage","url":"https:\/\/www.fcbarcelonanoticias.com\/en\/wp-content\/uploads\/sites\/2\/2023\/05\/vinicius-jr-v-osasuna.jpeg","contentUrl":"https:\/\/www.fcbarcelonanoticias.com\/en\/wp-content\/uploads\/sites\/2\/2023\/05\/vinicius-jr-v-osasuna.jpeg","width":1300,"height":732},{"@type":"BreadcrumbList","@id":"https:\/\/www.fcbarcelonanoticias.com\/en\/football-soccer\/portrayed-former-real-madrid-coach-atiza-vinicius-for-attitude-field_308596_102.html#breadcrumb","itemListElement":[{"@type":"ListItem","position":1,"name":"Portada","item":"https:\/\/www.fcbarcelonanoticias.com\/en\/"},{"@type":"ListItem","position":2,"name":"PICTURED: A former Real Madrid coach criticises Vinicius for his attitude on the pitch"}]},{"@type":"WebSite","@id":"https:\/\/www.fcbarcelonanoticias.com\/en\/#website","url":"https:\/\/www.fcbarcelonanoticias.com\/en\/","name":"EN - FC Barcelona Noticias","description":"","potentialAction":[{"@type":"SearchAction","target":{"@type":"EntryPoint","urlTemplate":"https:\/\/www.fcbarcelonanoticias.com\/en\/?s={search_term_string}"},"query-input":{"@type":"PropertyValueSpecification","valueRequired":true,"valueName":"search_term_string"}}],"inLanguage":"en-US"},{"@type":"Person","@id":"https:\/\/www.fcbarcelonanoticias.com\/en\/#\/schema\/person\/c2cd9f6fa1af5c0d0eccd0fefa575c88","name":"Andr\u00e9s Quiroz","image":{"@type":"ImageObject","inLanguage":"en-US","@id":"https:\/\/secure.gravatar.com\/avatar\/?s=96&d=mm&r=g","url":"https:\/\/secure.gravatar.com\/avatar\/?s=96&d=mm&r=g","contentUrl":"https:\/\/secure.gravatar.com\/avatar\/?s=96&d=mm&r=g","caption":"Andr\u00e9s Quiroz"},"description":"Licenciado en Periodismo por la Universidad de los Andes. Me encargo de analizar y compartir los contenidos m\u00e1s destacados de la\u00a0actualidad del F\u00fatbol Club Barcelona, Mercado de Fichajes y F\u00fatbol Internacional en FCBN. La informaci\u00f3n es poder, pero tambi\u00e9n conocimiento.","url":"https:\/\/www.fcbarcelonanoticias.com\/en\/fc-barcelona\/andres-quiroz_17_115.html"}]}},"_links":{"self":[{"href":"https:\/\/www.fcbarcelonanoticias.com\/en\/wp-json\/wp\/v2\/posts\/39479","targetHints":{"allow":["GET"]}}],"collection":[{"href":"https:\/\/www.fcbarcelonanoticias.com\/en\/wp-json\/wp\/v2\/posts"}],"about":[{"href":"https:\/\/www.fcbarcelonanoticias.com\/en\/wp-json\/wp\/v2\/types\/post"}],"author":[{"embeddable":true,"href":"https:\/\/www.fcbarcelonanoticias.com\/en\/wp-json\/wp\/v2\/users\/347"}],"replies":[{"embeddable":true,"href":"https:\/\/www.fcbarcelonanoticias.com\/en\/wp-json\/wp\/v2\/comments?post=39479"}],"version-history":[{"count":1,"href":"https:\/\/www.fcbarcelonanoticias.com\/en\/wp-json\/wp\/v2\/posts\/39479\/revisions"}],"predecessor-version":[{"id":112867,"href":"https:\/\/www.fcbarcelonanoticias.com\/en\/wp-json\/wp\/v2\/posts\/39479\/revisions\/112867"}],"wp:featuredmedia":[{"embeddable":true,"href":"https:\/\/www.fcbarcelonanoticias.com\/en\/wp-json\/wp\/v2\/media\/7630"}],"wp:attachment":[{"href":"https:\/\/www.fcbarcelonanoticias.com\/en\/wp-json\/wp\/v2\/media?parent=39479"}],"wp:term":[{"taxonomy":"category","embeddable":true,"href":"https:\/\/www.fcbarcelonanoticias.com\/en\/wp-json\/wp\/v2\/categories?post=39479"},{"taxonomy":"post_tag","embeddable":true,"href":"https:\/\/www.fcbarcelonanoticias.com\/en\/wp-json\/wp\/v2\/tags?post=39479"}],"curies":[{"name":"wp","href":"https:\/\/api.w.org\/{rel}","templated":true}]}}