{"id":39617,"date":"2024-10-27T19:39:00","date_gmt":"2024-10-27T18:39:00","guid":{"rendered":"https:\/\/weisetech.dev\/fc-barcelona-noticias\/en\/vinicius-jr-and-real-madrid-come-forward-after-racist-insults-at-the-bernabeu_308218_102\/"},"modified":"2024-10-27T19:39:00","modified_gmt":"2024-10-27T18:39:00","slug":"vinicius-jr-and-real-madrid-come-forward-after-racist-insults-at-the-bernabeu_308218_102","status":"publish","type":"post","link":"https:\/\/www.fcbarcelonanoticias.com\/en\/football-soccer\/vinicius-jr-and-real-madrid-come-forward-after-racist-insults-at-the-bernabeu_308218_102.html","title":{"rendered":"Vinicius Jr. and Real Madrid come forward after racist insults at the Bernab\u00e9u"},"content":{"rendered":"<h2 class=\"wp-block-heading\">Through their official media, Real Madrid and Vinicius Jr. have condemned the racist insults at the Bernab\u00e9u against Bar\u00e7a players during the Cl\u00e1sico<\/h2>  \r\n<div class=\"article-addons\">\r\n    <a href=\"https:\/\/www.fcbarcelonanoticias.com\/en\/calendar-fc-barcelona.html\"\r\n       target=\"_self\"\r\n       title=\"Calendar of FC Barcelona\"\r\n       class=\"blue-gredient-btn\">\r\n       \r\n        Calendar of FC Barcelona    <\/a>\r\n<\/div>   <p><strong>Lamine Yamal, Ansu Fati and Raphinha<\/strong> were victims of a regrettable and embarrassing incident at the Cl\u00e1sico on October 26. <a data-external=\"0\" data-intl-links-en=\"https:\/\/www.fcbarcelonanoticias.com\/en\/laliga\/laliga-stands-against-bernabeu-for-racist-insults-against-lamine-yamal-clasico_308208_102.html\" data-intl-links-es=\"https:\/\/www.fcbarcelonanoticias.com\/laliga\/laliga-se-planta-contra-bernabeu-por-insultos-racistas-contra-lamine-yamal-clasico_308208_102.html\" href=\"https:\/\/www.fcbarcelonanoticias.com\/en\/laliga\/laliga-stands-against-bernabeu-for-racist-insults-against-lamine-yamal-clasico_308208_102.html\" rel=\"follow\" target=\"_self\" title=\"LaLiga stands against the Bernab\u00e9u for racist insults against Lamine Yamal in the Cl\u00e1sico\">The FC Barcelona players were subjected to racist insults by a section of Real Madrid fans<\/a>, who dedicated degrading and disgusting insults to them such as &#8220;fucking black&#8221; or &#8220;fucking mena, go sell handkerchiefs at a traffic light.&#8221;<\/p>  <p>After <strong>LaLiga<\/strong> took a position and reported that it will send a formal complaint after these despicable events, <strong>Real Madrid and Vinicius Jr.<\/strong> have come out to speak out against the videos and the detestable shouts at the Bar\u00e7a players. Through his &#8216;X&#8217; account, the Real Madrid &#8216;7&#8217; called for the culprits to be punished.<\/p>  <blockquote> <p>&#8220;It is regrettable what happened yesterday at the Bernab\u00e9u with racist insults. There is no place for these criminals in our society. All my support to Lamine, Ansu and Raphinha. I know that Madrid and the police will do things to identify and punish the guilty!!&#8221;<\/p> <\/blockquote>  <blockquote class=\"twitter-tweet\"> <p dir=\"ltr\" lang=\"es\">Lamentable lo que ha pasado ayer en Bernab\u00e9u con insultos racistas. No hay espacio para estos criminosos en nuestra sociedad. Todo mi apoyo a Lamine, Ansu y Raphinha. Lo s\u00e9 que Madrid y la policia van hacer las cosas para identificar y punir los culpables!! <a href=\"https:\/\/t.co\/en\/pG2FXsMjDn\">https:\/\/t.co\/pG2FXsMjDn<\/a><\/p> \u2014 Vini Jr. (@vinijr) <a href=\"https:\/\/twitter.com\/en\/vinijr\/status\/1850590092210962703?ref_src=twsrc%5Etfw\">October 27, 2024<\/a> <\/blockquote> <h3>The forceful statement from Madrid<\/h3>  <p>For its part, the merengue entity has also issued a note regretting the insults suffered and communicating that they have joined the investigations of <strong>LaLiga <\/strong>to find the authors of these shouts and adopt the corresponding disciplinary measures.<\/p>  <p>&#8220;<strong>Real Madrid strongly condemns any type of behavior that implies racism, xenophobia or violence in football and in sport<\/strong>, and deeply regrets the insults that a few fans uttered last night in one of the corners of the stadium. Real Madrid has opened an investigation in order to locate and identify the authors of these regrettable and despicable insults, in order to adopt the pertinent disciplinary and judicial measures,&#8221; were the words of the club.<\/p>  <blockquote class=\"twitter-tweet\"> <p dir=\"ltr\" lang=\"pt\">Comunicado Oficial.<a href=\"https:\/\/twitter.com\/en\/hashtag\/RealMadrid?src=hash&amp;ref_src=twsrc%5Etfw\">#RealMadrid<\/a><\/p> \u2014 Real Madrid C.F. (@realmadrid) <a href=\"https:\/\/twitter.com\/en\/realmadrid\/status\/1850466686522032554?ref_src=twsrc%5Etfw\">October 27, 2024<\/a> <\/blockquote> ","protected":false},"excerpt":{"rendered":"<p>Through their official media, Real Madrid and Vinicius Jr. have condemned the racist insults at the Bernab\u00e9u against Bar\u00e7a players during the Cl\u00e1sico Lamine Yamal, Ansu Fati and Raphinha were victims of a regrettable and embarrassing incident at the Cl\u00e1sico on October 26. The FC Barcelona players were subjected to racist insults by a section [&hellip;]<\/p>\n","protected":false},"author":358,"featured_media":39618,"comment_status":"closed","ping_status":"open","sticky":false,"template":"","format":"standard","meta":{"_acf_changed":false,"inline_featured_image":false,"_nextfly_llmd_date_locked":false,"footnotes":""},"categories":[109,452],"tags":[53],"class_list":["post-39617","post","type-post","status-publish","format-standard","has-post-thumbnail","hentry","category-football","category-football-2","tag-el-clasico"],"acf":[],"yoast_head":"<!-- This site is optimized with the Yoast SEO plugin v27.3 - https:\/\/yoast.com\/product\/yoast-seo-wordpress\/ -->\n<title>Vinicius Jr. and Real Madrid come forward after racist insults at the Bernab\u00e9u<\/title>\n<meta name=\"description\" content=\"Through their official media, Real Madrid and Vinicius Jr. have condemned the racist insults at the Bernab\u00e9u against Bar\u00e7a players during the Cl\u00e1sico\" \/>\n<meta name=\"robots\" content=\"index, follow, max-snippet:-1, max-image-preview:large, max-video-preview:-1\" \/>\n<link rel=\"canonical\" href=\"https:\/\/www.fcbarcelonanoticias.com\/en\/football-soccer\/vinicius-jr-and-real-madrid-come-forward-after-racist-insults-at-the-bernabeu_308218_102.html\" \/>\n<meta property=\"og:locale\" content=\"en_US\" \/>\n<meta property=\"og:type\" content=\"article\" \/>\n<meta property=\"og:title\" content=\"Vinicius Jr. and Real Madrid come forward after racist insults at the Bernab\u00e9u\" \/>\n<meta property=\"og:description\" content=\"Through their official media, Real Madrid and Vinicius Jr. have condemned the racist insults at the Bernab\u00e9u against Bar\u00e7a players during the Cl\u00e1sico\" \/>\n<meta property=\"og:url\" content=\"https:\/\/www.fcbarcelonanoticias.com\/en\/football-soccer\/vinicius-jr-and-real-madrid-come-forward-after-racist-insults-at-the-bernabeu_308218_102.html\" \/>\n<meta property=\"og:site_name\" content=\"EN - FC Barcelona Noticias\" \/>\n<meta property=\"article:published_time\" content=\"2024-10-27T18:39:00+00:00\" \/>\n<meta property=\"og:image\" content=\"https:\/\/www.fcbarcelonanoticias.com\/en\/wp-content\/uploads\/sites\/2\/2024\/10\/vinicius-jr-clasico.jpeg\" \/>\n\t<meta property=\"og:image:width\" content=\"1250\" \/>\n\t<meta property=\"og:image:height\" content=\"730\" \/>\n\t<meta property=\"og:image:type\" content=\"image\/jpeg\" \/>\n<meta name=\"author\" content=\"Juan Pablo Berdugo\" \/>\n<meta name=\"twitter:card\" content=\"summary_large_image\" \/>\n<meta name=\"twitter:label1\" content=\"Written by\" \/>\n\t<meta name=\"twitter:data1\" content=\"Juan Pablo Berdugo\" \/>\n\t<meta name=\"twitter:label2\" content=\"Est. reading time\" \/>\n\t<meta name=\"twitter:data2\" content=\"2 minutes\" \/>\n<script type=\"application\/ld+json\" class=\"yoast-schema-graph\">{\"@context\":\"https:\\\/\\\/schema.org\",\"@graph\":[{\"@type\":\"Article\",\"@id\":\"https:\\\/\\\/www.fcbarcelonanoticias.com\\\/en\\\/football-soccer\\\/vinicius-jr-and-real-madrid-come-forward-after-racist-insults-at-the-bernabeu_308218_102.html#article\",\"isPartOf\":{\"@id\":\"https:\\\/\\\/www.fcbarcelonanoticias.com\\\/en\\\/football-soccer\\\/vinicius-jr-and-real-madrid-come-forward-after-racist-insults-at-the-bernabeu_308218_102.html\"},\"author\":{\"name\":\"Juan Pablo Berdugo\",\"@id\":\"https:\\\/\\\/www.fcbarcelonanoticias.com\\\/en\\\/#\\\/schema\\\/person\\\/88d756918a0a1ae9fa593b5edddd1815\"},\"headline\":\"Vinicius Jr. and Real Madrid come forward after racist insults at the Bernab\u00e9u\",\"datePublished\":\"2024-10-27T18:39:00+00:00\",\"mainEntityOfPage\":{\"@id\":\"https:\\\/\\\/www.fcbarcelonanoticias.com\\\/en\\\/football-soccer\\\/vinicius-jr-and-real-madrid-come-forward-after-racist-insults-at-the-bernabeu_308218_102.html\"},\"wordCount\":382,\"image\":{\"@id\":\"https:\\\/\\\/www.fcbarcelonanoticias.com\\\/en\\\/football-soccer\\\/vinicius-jr-and-real-madrid-come-forward-after-racist-insults-at-the-bernabeu_308218_102.html#primaryimage\"},\"thumbnailUrl\":\"https:\\\/\\\/www.fcbarcelonanoticias.com\\\/en\\\/wp-content\\\/uploads\\\/sites\\\/2\\\/2024\\\/10\\\/vinicius-jr-clasico.jpeg\",\"keywords\":[\"El Cl\u00e1sico\"],\"articleSection\":[\"Football\",\"Football\"],\"inLanguage\":\"en-US\"},{\"@type\":\"WebPage\",\"@id\":\"https:\\\/\\\/www.fcbarcelonanoticias.com\\\/en\\\/football-soccer\\\/vinicius-jr-and-real-madrid-come-forward-after-racist-insults-at-the-bernabeu_308218_102.html\",\"url\":\"https:\\\/\\\/www.fcbarcelonanoticias.com\\\/en\\\/football-soccer\\\/vinicius-jr-and-real-madrid-come-forward-after-racist-insults-at-the-bernabeu_308218_102.html\",\"name\":\"Vinicius Jr. and Real Madrid come forward after racist insults at the Bernab\u00e9u\",\"isPartOf\":{\"@id\":\"https:\\\/\\\/www.fcbarcelonanoticias.com\\\/en\\\/#website\"},\"primaryImageOfPage\":{\"@id\":\"https:\\\/\\\/www.fcbarcelonanoticias.com\\\/en\\\/football-soccer\\\/vinicius-jr-and-real-madrid-come-forward-after-racist-insults-at-the-bernabeu_308218_102.html#primaryimage\"},\"image\":{\"@id\":\"https:\\\/\\\/www.fcbarcelonanoticias.com\\\/en\\\/football-soccer\\\/vinicius-jr-and-real-madrid-come-forward-after-racist-insults-at-the-bernabeu_308218_102.html#primaryimage\"},\"thumbnailUrl\":\"https:\\\/\\\/www.fcbarcelonanoticias.com\\\/en\\\/wp-content\\\/uploads\\\/sites\\\/2\\\/2024\\\/10\\\/vinicius-jr-clasico.jpeg\",\"datePublished\":\"2024-10-27T18:39:00+00:00\",\"author\":{\"@id\":\"https:\\\/\\\/www.fcbarcelonanoticias.com\\\/en\\\/#\\\/schema\\\/person\\\/88d756918a0a1ae9fa593b5edddd1815\"},\"description\":\"Through their official media, Real Madrid and Vinicius Jr. have condemned the racist insults at the Bernab\u00e9u against Bar\u00e7a players during the Cl\u00e1sico\",\"breadcrumb\":{\"@id\":\"https:\\\/\\\/www.fcbarcelonanoticias.com\\\/en\\\/football-soccer\\\/vinicius-jr-and-real-madrid-come-forward-after-racist-insults-at-the-bernabeu_308218_102.html#breadcrumb\"},\"inLanguage\":\"en-US\",\"potentialAction\":[{\"@type\":\"ReadAction\",\"target\":[\"https:\\\/\\\/www.fcbarcelonanoticias.com\\\/en\\\/football-soccer\\\/vinicius-jr-and-real-madrid-come-forward-after-racist-insults-at-the-bernabeu_308218_102.html\"]}]},{\"@type\":\"ImageObject\",\"inLanguage\":\"en-US\",\"@id\":\"https:\\\/\\\/www.fcbarcelonanoticias.com\\\/en\\\/football-soccer\\\/vinicius-jr-and-real-madrid-come-forward-after-racist-insults-at-the-bernabeu_308218_102.html#primaryimage\",\"url\":\"https:\\\/\\\/www.fcbarcelonanoticias.com\\\/en\\\/wp-content\\\/uploads\\\/sites\\\/2\\\/2024\\\/10\\\/vinicius-jr-clasico.jpeg\",\"contentUrl\":\"https:\\\/\\\/www.fcbarcelonanoticias.com\\\/en\\\/wp-content\\\/uploads\\\/sites\\\/2\\\/2024\\\/10\\\/vinicius-jr-clasico.jpeg\",\"width\":1250,\"height\":730},{\"@type\":\"BreadcrumbList\",\"@id\":\"https:\\\/\\\/www.fcbarcelonanoticias.com\\\/en\\\/football-soccer\\\/vinicius-jr-and-real-madrid-come-forward-after-racist-insults-at-the-bernabeu_308218_102.html#breadcrumb\",\"itemListElement\":[{\"@type\":\"ListItem\",\"position\":1,\"name\":\"Portada\",\"item\":\"https:\\\/\\\/www.fcbarcelonanoticias.com\\\/en\\\/\"},{\"@type\":\"ListItem\",\"position\":2,\"name\":\"Vinicius Jr. and Real Madrid come forward after racist insults at the Bernab\u00e9u\"}]},{\"@type\":\"WebSite\",\"@id\":\"https:\\\/\\\/www.fcbarcelonanoticias.com\\\/en\\\/#website\",\"url\":\"https:\\\/\\\/www.fcbarcelonanoticias.com\\\/en\\\/\",\"name\":\"EN - FC Barcelona Noticias\",\"description\":\"\",\"potentialAction\":[{\"@type\":\"SearchAction\",\"target\":{\"@type\":\"EntryPoint\",\"urlTemplate\":\"https:\\\/\\\/www.fcbarcelonanoticias.com\\\/en\\\/?s={search_term_string}\"},\"query-input\":{\"@type\":\"PropertyValueSpecification\",\"valueRequired\":true,\"valueName\":\"search_term_string\"}}],\"inLanguage\":\"en-US\"},{\"@type\":\"Person\",\"@id\":\"https:\\\/\\\/www.fcbarcelonanoticias.com\\\/en\\\/#\\\/schema\\\/person\\\/88d756918a0a1ae9fa593b5edddd1815\",\"name\":\"Juan Pablo Berdugo\",\"image\":{\"@type\":\"ImageObject\",\"inLanguage\":\"en-US\",\"@id\":\"https:\\\/\\\/secure.gravatar.com\\\/avatar\\\/?s=96&d=mm&r=g\",\"url\":\"https:\\\/\\\/secure.gravatar.com\\\/avatar\\\/?s=96&d=mm&r=g\",\"contentUrl\":\"https:\\\/\\\/secure.gravatar.com\\\/avatar\\\/?s=96&d=mm&r=g\",\"caption\":\"Juan Pablo Berdugo\"},\"description\":\"Juan Pablo Berdugo es graduado en Periodismo. Colabora con FCBN como especialista en informaci\u00f3n del primer equipo del FC Barcelona, f\u00fatbol internacional y mercado de fichajes. Destaca por su enfoque anal\u00edtico, su rigor informativo y su capacidad para detectar tendencias emergentes en el f\u00fatbol global.\",\"url\":\"https:\\\/\\\/www.fcbarcelonanoticias.com\\\/en\\\/fc-barcelona\\\/juan-pablo-berdugo_18_115.html\"}]}<\/script>\n<!-- \/ Yoast SEO plugin. -->","yoast_head_json":{"title":"Vinicius Jr. and Real Madrid come forward after racist insults at the Bernab\u00e9u","description":"Through their official media, Real Madrid and Vinicius Jr. have condemned the racist insults at the Bernab\u00e9u against Bar\u00e7a players during the Cl\u00e1sico","robots":{"index":"index","follow":"follow","max-snippet":"max-snippet:-1","max-image-preview":"max-image-preview:large","max-video-preview":"max-video-preview:-1"},"canonical":"https:\/\/www.fcbarcelonanoticias.com\/en\/football-soccer\/vinicius-jr-and-real-madrid-come-forward-after-racist-insults-at-the-bernabeu_308218_102.html","og_locale":"en_US","og_type":"article","og_title":"Vinicius Jr. and Real Madrid come forward after racist insults at the Bernab\u00e9u","og_description":"Through their official media, Real Madrid and Vinicius Jr. have condemned the racist insults at the Bernab\u00e9u against Bar\u00e7a players during the Cl\u00e1sico","og_url":"https:\/\/www.fcbarcelonanoticias.com\/en\/football-soccer\/vinicius-jr-and-real-madrid-come-forward-after-racist-insults-at-the-bernabeu_308218_102.html","og_site_name":"EN - FC Barcelona Noticias","article_published_time":"2024-10-27T18:39:00+00:00","og_image":[{"width":1250,"height":730,"url":"https:\/\/www.fcbarcelonanoticias.com\/en\/wp-content\/uploads\/sites\/2\/2024\/10\/vinicius-jr-clasico.jpeg","type":"image\/jpeg"}],"author":"Juan Pablo Berdugo","twitter_card":"summary_large_image","twitter_misc":{"Written by":"Juan Pablo Berdugo","Est. reading time":"2 minutes"},"schema":{"@context":"https:\/\/schema.org","@graph":[{"@type":"Article","@id":"https:\/\/www.fcbarcelonanoticias.com\/en\/football-soccer\/vinicius-jr-and-real-madrid-come-forward-after-racist-insults-at-the-bernabeu_308218_102.html#article","isPartOf":{"@id":"https:\/\/www.fcbarcelonanoticias.com\/en\/football-soccer\/vinicius-jr-and-real-madrid-come-forward-after-racist-insults-at-the-bernabeu_308218_102.html"},"author":{"name":"Juan Pablo Berdugo","@id":"https:\/\/www.fcbarcelonanoticias.com\/en\/#\/schema\/person\/88d756918a0a1ae9fa593b5edddd1815"},"headline":"Vinicius Jr. and Real Madrid come forward after racist insults at the Bernab\u00e9u","datePublished":"2024-10-27T18:39:00+00:00","mainEntityOfPage":{"@id":"https:\/\/www.fcbarcelonanoticias.com\/en\/football-soccer\/vinicius-jr-and-real-madrid-come-forward-after-racist-insults-at-the-bernabeu_308218_102.html"},"wordCount":382,"image":{"@id":"https:\/\/www.fcbarcelonanoticias.com\/en\/football-soccer\/vinicius-jr-and-real-madrid-come-forward-after-racist-insults-at-the-bernabeu_308218_102.html#primaryimage"},"thumbnailUrl":"https:\/\/www.fcbarcelonanoticias.com\/en\/wp-content\/uploads\/sites\/2\/2024\/10\/vinicius-jr-clasico.jpeg","keywords":["El Cl\u00e1sico"],"articleSection":["Football","Football"],"inLanguage":"en-US"},{"@type":"WebPage","@id":"https:\/\/www.fcbarcelonanoticias.com\/en\/football-soccer\/vinicius-jr-and-real-madrid-come-forward-after-racist-insults-at-the-bernabeu_308218_102.html","url":"https:\/\/www.fcbarcelonanoticias.com\/en\/football-soccer\/vinicius-jr-and-real-madrid-come-forward-after-racist-insults-at-the-bernabeu_308218_102.html","name":"Vinicius Jr. and Real Madrid come forward after racist insults at the Bernab\u00e9u","isPartOf":{"@id":"https:\/\/www.fcbarcelonanoticias.com\/en\/#website"},"primaryImageOfPage":{"@id":"https:\/\/www.fcbarcelonanoticias.com\/en\/football-soccer\/vinicius-jr-and-real-madrid-come-forward-after-racist-insults-at-the-bernabeu_308218_102.html#primaryimage"},"image":{"@id":"https:\/\/www.fcbarcelonanoticias.com\/en\/football-soccer\/vinicius-jr-and-real-madrid-come-forward-after-racist-insults-at-the-bernabeu_308218_102.html#primaryimage"},"thumbnailUrl":"https:\/\/www.fcbarcelonanoticias.com\/en\/wp-content\/uploads\/sites\/2\/2024\/10\/vinicius-jr-clasico.jpeg","datePublished":"2024-10-27T18:39:00+00:00","author":{"@id":"https:\/\/www.fcbarcelonanoticias.com\/en\/#\/schema\/person\/88d756918a0a1ae9fa593b5edddd1815"},"description":"Through their official media, Real Madrid and Vinicius Jr. have condemned the racist insults at the Bernab\u00e9u against Bar\u00e7a players during the Cl\u00e1sico","breadcrumb":{"@id":"https:\/\/www.fcbarcelonanoticias.com\/en\/football-soccer\/vinicius-jr-and-real-madrid-come-forward-after-racist-insults-at-the-bernabeu_308218_102.html#breadcrumb"},"inLanguage":"en-US","potentialAction":[{"@type":"ReadAction","target":["https:\/\/www.fcbarcelonanoticias.com\/en\/football-soccer\/vinicius-jr-and-real-madrid-come-forward-after-racist-insults-at-the-bernabeu_308218_102.html"]}]},{"@type":"ImageObject","inLanguage":"en-US","@id":"https:\/\/www.fcbarcelonanoticias.com\/en\/football-soccer\/vinicius-jr-and-real-madrid-come-forward-after-racist-insults-at-the-bernabeu_308218_102.html#primaryimage","url":"https:\/\/www.fcbarcelonanoticias.com\/en\/wp-content\/uploads\/sites\/2\/2024\/10\/vinicius-jr-clasico.jpeg","contentUrl":"https:\/\/www.fcbarcelonanoticias.com\/en\/wp-content\/uploads\/sites\/2\/2024\/10\/vinicius-jr-clasico.jpeg","width":1250,"height":730},{"@type":"BreadcrumbList","@id":"https:\/\/www.fcbarcelonanoticias.com\/en\/football-soccer\/vinicius-jr-and-real-madrid-come-forward-after-racist-insults-at-the-bernabeu_308218_102.html#breadcrumb","itemListElement":[{"@type":"ListItem","position":1,"name":"Portada","item":"https:\/\/www.fcbarcelonanoticias.com\/en\/"},{"@type":"ListItem","position":2,"name":"Vinicius Jr. and Real Madrid come forward after racist insults at the Bernab\u00e9u"}]},{"@type":"WebSite","@id":"https:\/\/www.fcbarcelonanoticias.com\/en\/#website","url":"https:\/\/www.fcbarcelonanoticias.com\/en\/","name":"EN - FC Barcelona Noticias","description":"","potentialAction":[{"@type":"SearchAction","target":{"@type":"EntryPoint","urlTemplate":"https:\/\/www.fcbarcelonanoticias.com\/en\/?s={search_term_string}"},"query-input":{"@type":"PropertyValueSpecification","valueRequired":true,"valueName":"search_term_string"}}],"inLanguage":"en-US"},{"@type":"Person","@id":"https:\/\/www.fcbarcelonanoticias.com\/en\/#\/schema\/person\/88d756918a0a1ae9fa593b5edddd1815","name":"Juan Pablo Berdugo","image":{"@type":"ImageObject","inLanguage":"en-US","@id":"https:\/\/secure.gravatar.com\/avatar\/?s=96&d=mm&r=g","url":"https:\/\/secure.gravatar.com\/avatar\/?s=96&d=mm&r=g","contentUrl":"https:\/\/secure.gravatar.com\/avatar\/?s=96&d=mm&r=g","caption":"Juan Pablo Berdugo"},"description":"Juan Pablo Berdugo es graduado en Periodismo. Colabora con FCBN como especialista en informaci\u00f3n del primer equipo del FC Barcelona, f\u00fatbol internacional y mercado de fichajes. Destaca por su enfoque anal\u00edtico, su rigor informativo y su capacidad para detectar tendencias emergentes en el f\u00fatbol global.","url":"https:\/\/www.fcbarcelonanoticias.com\/en\/fc-barcelona\/juan-pablo-berdugo_18_115.html"}]}},"_links":{"self":[{"href":"https:\/\/www.fcbarcelonanoticias.com\/en\/wp-json\/wp\/v2\/posts\/39617","targetHints":{"allow":["GET"]}}],"collection":[{"href":"https:\/\/www.fcbarcelonanoticias.com\/en\/wp-json\/wp\/v2\/posts"}],"about":[{"href":"https:\/\/www.fcbarcelonanoticias.com\/en\/wp-json\/wp\/v2\/types\/post"}],"author":[{"embeddable":true,"href":"https:\/\/www.fcbarcelonanoticias.com\/en\/wp-json\/wp\/v2\/users\/358"}],"replies":[{"embeddable":true,"href":"https:\/\/www.fcbarcelonanoticias.com\/en\/wp-json\/wp\/v2\/comments?post=39617"}],"version-history":[{"count":1,"href":"https:\/\/www.fcbarcelonanoticias.com\/en\/wp-json\/wp\/v2\/posts\/39617\/revisions"}],"predecessor-version":[{"id":112970,"href":"https:\/\/www.fcbarcelonanoticias.com\/en\/wp-json\/wp\/v2\/posts\/39617\/revisions\/112970"}],"wp:featuredmedia":[{"embeddable":true,"href":"https:\/\/www.fcbarcelonanoticias.com\/en\/wp-json\/wp\/v2\/media\/39618"}],"wp:attachment":[{"href":"https:\/\/www.fcbarcelonanoticias.com\/en\/wp-json\/wp\/v2\/media?parent=39617"}],"wp:term":[{"taxonomy":"category","embeddable":true,"href":"https:\/\/www.fcbarcelonanoticias.com\/en\/wp-json\/wp\/v2\/categories?post=39617"},{"taxonomy":"post_tag","embeddable":true,"href":"https:\/\/www.fcbarcelonanoticias.com\/en\/wp-json\/wp\/v2\/tags?post=39617"}],"curies":[{"name":"wp","href":"https:\/\/api.w.org\/{rel}","templated":true}]}}