{"id":39640,"date":"2024-09-07T20:25:00","date_gmt":"2024-09-07T18:25:00","guid":{"rendered":"https:\/\/weisetech.dev\/fc-barcelona-noticias\/en\/alarm-barcelona-dani-olmo-duda-switzerland-spain-by-coup_307122_102\/"},"modified":"2024-09-08T04:46:00","modified_gmt":"2024-09-08T02:46:00","slug":"alarm-barcelona-dani-olmo-duda-switzerland-spain-by-coup_307122_102","status":"publish","type":"post","link":"https:\/\/www.fcbarcelonanoticias.com\/en\/football\/alarm-barcelona-dani-olmo-duda-switzerland-spain-by-coup_307122_102.html","title":{"rendered":"Alarm in Bar\u00e7a! Dani Olmo, doubtful for Switzerland-Spain due to a blow"},"content":{"rendered":"<h2 class=\"wp-block-heading\">Luis de la Fuente set off alarm bells at FC Barcelona this Saturday after confirming the absence of Dani Olmo in the last training session with La Roja due to muscle discomfort. The one from Terrassa aims to be out against Switzerland this Sunday<\/h2>  \r\n<div class=\"article-addons\">\r\n    <a href=\"https:\/\/www.fcbarcelonanoticias.com\/en\/calendar-fc-barcelona.html\"\r\n       target=\"_self\"\r\n       title=\"Calendar of FC Barcelona\"\r\n       class=\"blue-gredient-btn\">\r\n       \r\n        Calendar of FC Barcelona    <\/a>\r\n<\/div>   <p>The &#8216;FIFA virus&#8217; could cost FC Barcelona its second loss of the international break in September with Dani Olmo. <strong>This Saturday, the midfielder did not train with Spain in the run-up to the match against Switzerland in Geneva (20:45 CEST)<\/strong> and, as happened with Ferm\u00edn L\u00f3pez (with the U-21), he could return injured to Catalonia. The one from El Campillo will be out for three weeks due to a problem in his left thigh, while the one from Terrassa has discomfort in his right leg.<\/p>  <p>Luis de la Fuente himself confirmed the physical problems of the Bar\u00e7a &#8217;20&#8217; in the press conference prior to the clash against the Helvetians. <strong>&#8220;Dani Olmo, as you will see now, is not going to train. He received a blow the other day and we don&#8217;t know how he will feel tomorrow,&#8221;<\/strong> commented the Spanish team. The Catalan player was replaced in the 82nd minute against Serbia (0-0), leaving with pain that has prevented him from training normally in recent hours.<\/p>  <h2>The possible loss of Dani Olmo, a serious threat for Bar\u00e7a<\/h2>  <p>For the midfielder, <strong>the duel played in Belgrade was the third of the season after seeing minutes with Bar\u00e7a against Rayo (45&#8242;) and Valladolid (83&#8242;)<\/strong>, two games in which he left very good feelings, scoring a couple of goals. In that sense, the cul\u00e9 fear is tremendous in the face of the complex schedule that awaits the team after the break. Hansi Flick&#8217;s team will play 7 games in 3 weeks, 5 of them away from home. At the moment, Dani is being a transcendental factor in the German coach&#8217;s scheme, helping to unleash the cul\u00e9&#8217;s offensive power in just a couple of appearances. Therefore, his possible loss for the duel against Girona (next Sunday) would be a sensitive blow for the cul\u00e9s.<\/p>  <p>Despite the physical discomfort, the man from Terrassa was seen smiling when he arrived in the capital of Switzerland, beyond his possible absence on matchday 2 of the Nations League. <strong>There are also doubts about the presence of Lamine Yamal, who played the 90 minutes against the Serbians <\/strong>despite having finished the Bar\u00e7a-Valladolid match with gestures of pain last Saturday. Without a doubt, the national team break can become a very serious problem for the cul\u00e9s, especially considering that in October and November there will also be international matches.<\/p> ","protected":false},"excerpt":{"rendered":"<p>Luis de la Fuente set off alarm bells at FC Barcelona this Saturday after confirming the absence of Dani Olmo in the last training session with La Roja due to muscle discomfort. The one from Terrassa aims to be out against Switzerland this Sunday The &#8216;FIFA virus&#8217; could cost FC Barcelona its second loss of [&hellip;]<\/p>\n","protected":false},"author":347,"featured_media":39641,"comment_status":"closed","ping_status":"open","sticky":false,"template":"","format":"standard","meta":{"_acf_changed":false,"inline_featured_image":false,"_nextfly_llmd_date_locked":false,"footnotes":""},"categories":[109,452],"tags":[136,91,140],"class_list":["post-39640","post","type-post","status-publish","format-standard","has-post-thumbnail","hentry","category-football","category-football-2","tag-injured","tag-national-teams","tag-uefa-nations-league"],"acf":[],"yoast_head":"<!-- This site is optimized with the Yoast SEO plugin v27.3 - https:\/\/yoast.com\/product\/yoast-seo-wordpress\/ -->\n<title>Alarm in Bar\u00e7a! Dani Olmo, doubtful for Switzerland-Spain due to a blow<\/title>\n<meta name=\"description\" content=\"Luis de la Fuente set off alarm bells at FC Barcelona this Saturday after confirming the absence of Dani Olmo in the last training session with La Roja due to muscle discomfort. The one from Terrassa aims to be out against Switzerland this Sunday\" \/>\n<meta name=\"robots\" content=\"index, follow, max-snippet:-1, max-image-preview:large, max-video-preview:-1\" \/>\n<link rel=\"canonical\" href=\"https:\/\/www.fcbarcelonanoticias.com\/en\/football\/alarm-barcelona-dani-olmo-duda-switzerland-spain-by-coup_307122_102.html\" \/>\n<meta property=\"og:locale\" content=\"en_US\" \/>\n<meta property=\"og:type\" content=\"article\" \/>\n<meta property=\"og:title\" content=\"Alarm in Bar\u00e7a! Dani Olmo, doubtful for Switzerland-Spain due to a blow\" \/>\n<meta property=\"og:description\" content=\"Luis de la Fuente set off alarm bells at FC Barcelona this Saturday after confirming the absence of Dani Olmo in the last training session with La Roja due to muscle discomfort. The one from Terrassa aims to be out against Switzerland this Sunday\" \/>\n<meta property=\"og:url\" content=\"https:\/\/www.fcbarcelonanoticias.com\/en\/football\/alarm-barcelona-dani-olmo-duda-switzerland-spain-by-coup_307122_102.html\" \/>\n<meta property=\"og:site_name\" content=\"EN - FC Barcelona Noticias\" \/>\n<meta property=\"article:published_time\" content=\"2024-09-07T18:25:00+00:00\" \/>\n<meta property=\"article:modified_time\" content=\"2024-09-08T02:46:00+00:00\" \/>\n<meta property=\"og:image\" content=\"https:\/\/www.fcbarcelonanoticias.com\/en\/wp-content\/uploads\/sites\/2\/2024\/09\/dani-olmo-v-serbia.jpeg\" \/>\n\t<meta property=\"og:image:width\" content=\"1250\" \/>\n\t<meta property=\"og:image:height\" content=\"750\" \/>\n\t<meta property=\"og:image:type\" content=\"image\/jpeg\" \/>\n<meta name=\"author\" content=\"Andr\u00e9s Quiroz\" \/>\n<meta name=\"twitter:card\" content=\"summary_large_image\" \/>\n<meta name=\"twitter:label1\" content=\"Written by\" \/>\n\t<meta name=\"twitter:data1\" content=\"Andr\u00e9s Quiroz\" \/>\n\t<meta name=\"twitter:label2\" content=\"Est. reading time\" \/>\n\t<meta name=\"twitter:data2\" content=\"2 minutes\" \/>\n<script type=\"application\/ld+json\" class=\"yoast-schema-graph\">{\"@context\":\"https:\\\/\\\/schema.org\",\"@graph\":[{\"@type\":\"Article\",\"@id\":\"https:\\\/\\\/www.fcbarcelonanoticias.com\\\/en\\\/football\\\/alarm-barcelona-dani-olmo-duda-switzerland-spain-by-coup_307122_102.html#article\",\"isPartOf\":{\"@id\":\"https:\\\/\\\/www.fcbarcelonanoticias.com\\\/en\\\/football\\\/alarm-barcelona-dani-olmo-duda-switzerland-spain-by-coup_307122_102.html\"},\"author\":{\"name\":\"Andr\u00e9s Quiroz\",\"@id\":\"https:\\\/\\\/www.fcbarcelonanoticias.com\\\/en\\\/#\\\/schema\\\/person\\\/c2cd9f6fa1af5c0d0eccd0fefa575c88\"},\"headline\":\"Alarm in Bar\u00e7a! Dani Olmo, doubtful for Switzerland-Spain due to a blow\",\"datePublished\":\"2024-09-07T18:25:00+00:00\",\"dateModified\":\"2024-09-08T02:46:00+00:00\",\"mainEntityOfPage\":{\"@id\":\"https:\\\/\\\/www.fcbarcelonanoticias.com\\\/en\\\/football\\\/alarm-barcelona-dani-olmo-duda-switzerland-spain-by-coup_307122_102.html\"},\"wordCount\":449,\"image\":{\"@id\":\"https:\\\/\\\/www.fcbarcelonanoticias.com\\\/en\\\/football\\\/alarm-barcelona-dani-olmo-duda-switzerland-spain-by-coup_307122_102.html#primaryimage\"},\"thumbnailUrl\":\"https:\\\/\\\/www.fcbarcelonanoticias.com\\\/en\\\/wp-content\\\/uploads\\\/sites\\\/2\\\/2024\\\/09\\\/dani-olmo-v-serbia.jpeg\",\"keywords\":[\"injured\",\"National Teams\",\"UEFA Nations League\"],\"articleSection\":[\"Football\",\"Football\"],\"inLanguage\":\"en-US\"},{\"@type\":\"WebPage\",\"@id\":\"https:\\\/\\\/www.fcbarcelonanoticias.com\\\/en\\\/football\\\/alarm-barcelona-dani-olmo-duda-switzerland-spain-by-coup_307122_102.html\",\"url\":\"https:\\\/\\\/www.fcbarcelonanoticias.com\\\/en\\\/football\\\/alarm-barcelona-dani-olmo-duda-switzerland-spain-by-coup_307122_102.html\",\"name\":\"Alarm in Bar\u00e7a! Dani Olmo, doubtful for Switzerland-Spain due to a blow\",\"isPartOf\":{\"@id\":\"https:\\\/\\\/www.fcbarcelonanoticias.com\\\/en\\\/#website\"},\"primaryImageOfPage\":{\"@id\":\"https:\\\/\\\/www.fcbarcelonanoticias.com\\\/en\\\/football\\\/alarm-barcelona-dani-olmo-duda-switzerland-spain-by-coup_307122_102.html#primaryimage\"},\"image\":{\"@id\":\"https:\\\/\\\/www.fcbarcelonanoticias.com\\\/en\\\/football\\\/alarm-barcelona-dani-olmo-duda-switzerland-spain-by-coup_307122_102.html#primaryimage\"},\"thumbnailUrl\":\"https:\\\/\\\/www.fcbarcelonanoticias.com\\\/en\\\/wp-content\\\/uploads\\\/sites\\\/2\\\/2024\\\/09\\\/dani-olmo-v-serbia.jpeg\",\"datePublished\":\"2024-09-07T18:25:00+00:00\",\"dateModified\":\"2024-09-08T02:46:00+00:00\",\"author\":{\"@id\":\"https:\\\/\\\/www.fcbarcelonanoticias.com\\\/en\\\/#\\\/schema\\\/person\\\/c2cd9f6fa1af5c0d0eccd0fefa575c88\"},\"description\":\"Luis de la Fuente set off alarm bells at FC Barcelona this Saturday after confirming the absence of Dani Olmo in the last training session with La Roja due to muscle discomfort. The one from Terrassa aims to be out against Switzerland this Sunday\",\"breadcrumb\":{\"@id\":\"https:\\\/\\\/www.fcbarcelonanoticias.com\\\/en\\\/football\\\/alarm-barcelona-dani-olmo-duda-switzerland-spain-by-coup_307122_102.html#breadcrumb\"},\"inLanguage\":\"en-US\",\"potentialAction\":[{\"@type\":\"ReadAction\",\"target\":[\"https:\\\/\\\/www.fcbarcelonanoticias.com\\\/en\\\/football\\\/alarm-barcelona-dani-olmo-duda-switzerland-spain-by-coup_307122_102.html\"]}]},{\"@type\":\"ImageObject\",\"inLanguage\":\"en-US\",\"@id\":\"https:\\\/\\\/www.fcbarcelonanoticias.com\\\/en\\\/football\\\/alarm-barcelona-dani-olmo-duda-switzerland-spain-by-coup_307122_102.html#primaryimage\",\"url\":\"https:\\\/\\\/www.fcbarcelonanoticias.com\\\/en\\\/wp-content\\\/uploads\\\/sites\\\/2\\\/2024\\\/09\\\/dani-olmo-v-serbia.jpeg\",\"contentUrl\":\"https:\\\/\\\/www.fcbarcelonanoticias.com\\\/en\\\/wp-content\\\/uploads\\\/sites\\\/2\\\/2024\\\/09\\\/dani-olmo-v-serbia.jpeg\",\"width\":1250,\"height\":750},{\"@type\":\"BreadcrumbList\",\"@id\":\"https:\\\/\\\/www.fcbarcelonanoticias.com\\\/en\\\/football\\\/alarm-barcelona-dani-olmo-duda-switzerland-spain-by-coup_307122_102.html#breadcrumb\",\"itemListElement\":[{\"@type\":\"ListItem\",\"position\":1,\"name\":\"Portada\",\"item\":\"https:\\\/\\\/www.fcbarcelonanoticias.com\\\/en\\\/\"},{\"@type\":\"ListItem\",\"position\":2,\"name\":\"Alarm in Bar\u00e7a! Dani Olmo, doubtful for Switzerland-Spain due to a blow\"}]},{\"@type\":\"WebSite\",\"@id\":\"https:\\\/\\\/www.fcbarcelonanoticias.com\\\/en\\\/#website\",\"url\":\"https:\\\/\\\/www.fcbarcelonanoticias.com\\\/en\\\/\",\"name\":\"EN - FC Barcelona Noticias\",\"description\":\"\",\"potentialAction\":[{\"@type\":\"SearchAction\",\"target\":{\"@type\":\"EntryPoint\",\"urlTemplate\":\"https:\\\/\\\/www.fcbarcelonanoticias.com\\\/en\\\/?s={search_term_string}\"},\"query-input\":{\"@type\":\"PropertyValueSpecification\",\"valueRequired\":true,\"valueName\":\"search_term_string\"}}],\"inLanguage\":\"en-US\"},{\"@type\":\"Person\",\"@id\":\"https:\\\/\\\/www.fcbarcelonanoticias.com\\\/en\\\/#\\\/schema\\\/person\\\/c2cd9f6fa1af5c0d0eccd0fefa575c88\",\"name\":\"Andr\u00e9s Quiroz\",\"image\":{\"@type\":\"ImageObject\",\"inLanguage\":\"en-US\",\"@id\":\"https:\\\/\\\/secure.gravatar.com\\\/avatar\\\/?s=96&d=mm&r=g\",\"url\":\"https:\\\/\\\/secure.gravatar.com\\\/avatar\\\/?s=96&d=mm&r=g\",\"contentUrl\":\"https:\\\/\\\/secure.gravatar.com\\\/avatar\\\/?s=96&d=mm&r=g\",\"caption\":\"Andr\u00e9s Quiroz\"},\"description\":\"Licenciado en Periodismo por la Universidad de los Andes. Me encargo de analizar y compartir los contenidos m\u00e1s destacados de la\u00a0actualidad del F\u00fatbol Club Barcelona, Mercado de Fichajes y F\u00fatbol Internacional en FCBN. La informaci\u00f3n es poder, pero tambi\u00e9n conocimiento.\",\"url\":\"https:\\\/\\\/www.fcbarcelonanoticias.com\\\/en\\\/fc-barcelona\\\/andres-quiroz_17_115.html\"}]}<\/script>\n<!-- \/ Yoast SEO plugin. -->","yoast_head_json":{"title":"Alarm in Bar\u00e7a! Dani Olmo, doubtful for Switzerland-Spain due to a blow","description":"Luis de la Fuente set off alarm bells at FC Barcelona this Saturday after confirming the absence of Dani Olmo in the last training session with La Roja due to muscle discomfort. The one from Terrassa aims to be out against Switzerland this Sunday","robots":{"index":"index","follow":"follow","max-snippet":"max-snippet:-1","max-image-preview":"max-image-preview:large","max-video-preview":"max-video-preview:-1"},"canonical":"https:\/\/www.fcbarcelonanoticias.com\/en\/football\/alarm-barcelona-dani-olmo-duda-switzerland-spain-by-coup_307122_102.html","og_locale":"en_US","og_type":"article","og_title":"Alarm in Bar\u00e7a! Dani Olmo, doubtful for Switzerland-Spain due to a blow","og_description":"Luis de la Fuente set off alarm bells at FC Barcelona this Saturday after confirming the absence of Dani Olmo in the last training session with La Roja due to muscle discomfort. The one from Terrassa aims to be out against Switzerland this Sunday","og_url":"https:\/\/www.fcbarcelonanoticias.com\/en\/football\/alarm-barcelona-dani-olmo-duda-switzerland-spain-by-coup_307122_102.html","og_site_name":"EN - FC Barcelona Noticias","article_published_time":"2024-09-07T18:25:00+00:00","article_modified_time":"2024-09-08T02:46:00+00:00","og_image":[{"width":1250,"height":750,"url":"https:\/\/www.fcbarcelonanoticias.com\/en\/wp-content\/uploads\/sites\/2\/2024\/09\/dani-olmo-v-serbia.jpeg","type":"image\/jpeg"}],"author":"Andr\u00e9s Quiroz","twitter_card":"summary_large_image","twitter_misc":{"Written by":"Andr\u00e9s Quiroz","Est. reading time":"2 minutes"},"schema":{"@context":"https:\/\/schema.org","@graph":[{"@type":"Article","@id":"https:\/\/www.fcbarcelonanoticias.com\/en\/football\/alarm-barcelona-dani-olmo-duda-switzerland-spain-by-coup_307122_102.html#article","isPartOf":{"@id":"https:\/\/www.fcbarcelonanoticias.com\/en\/football\/alarm-barcelona-dani-olmo-duda-switzerland-spain-by-coup_307122_102.html"},"author":{"name":"Andr\u00e9s Quiroz","@id":"https:\/\/www.fcbarcelonanoticias.com\/en\/#\/schema\/person\/c2cd9f6fa1af5c0d0eccd0fefa575c88"},"headline":"Alarm in Bar\u00e7a! Dani Olmo, doubtful for Switzerland-Spain due to a blow","datePublished":"2024-09-07T18:25:00+00:00","dateModified":"2024-09-08T02:46:00+00:00","mainEntityOfPage":{"@id":"https:\/\/www.fcbarcelonanoticias.com\/en\/football\/alarm-barcelona-dani-olmo-duda-switzerland-spain-by-coup_307122_102.html"},"wordCount":449,"image":{"@id":"https:\/\/www.fcbarcelonanoticias.com\/en\/football\/alarm-barcelona-dani-olmo-duda-switzerland-spain-by-coup_307122_102.html#primaryimage"},"thumbnailUrl":"https:\/\/www.fcbarcelonanoticias.com\/en\/wp-content\/uploads\/sites\/2\/2024\/09\/dani-olmo-v-serbia.jpeg","keywords":["injured","National Teams","UEFA Nations League"],"articleSection":["Football","Football"],"inLanguage":"en-US"},{"@type":"WebPage","@id":"https:\/\/www.fcbarcelonanoticias.com\/en\/football\/alarm-barcelona-dani-olmo-duda-switzerland-spain-by-coup_307122_102.html","url":"https:\/\/www.fcbarcelonanoticias.com\/en\/football\/alarm-barcelona-dani-olmo-duda-switzerland-spain-by-coup_307122_102.html","name":"Alarm in Bar\u00e7a! Dani Olmo, doubtful for Switzerland-Spain due to a blow","isPartOf":{"@id":"https:\/\/www.fcbarcelonanoticias.com\/en\/#website"},"primaryImageOfPage":{"@id":"https:\/\/www.fcbarcelonanoticias.com\/en\/football\/alarm-barcelona-dani-olmo-duda-switzerland-spain-by-coup_307122_102.html#primaryimage"},"image":{"@id":"https:\/\/www.fcbarcelonanoticias.com\/en\/football\/alarm-barcelona-dani-olmo-duda-switzerland-spain-by-coup_307122_102.html#primaryimage"},"thumbnailUrl":"https:\/\/www.fcbarcelonanoticias.com\/en\/wp-content\/uploads\/sites\/2\/2024\/09\/dani-olmo-v-serbia.jpeg","datePublished":"2024-09-07T18:25:00+00:00","dateModified":"2024-09-08T02:46:00+00:00","author":{"@id":"https:\/\/www.fcbarcelonanoticias.com\/en\/#\/schema\/person\/c2cd9f6fa1af5c0d0eccd0fefa575c88"},"description":"Luis de la Fuente set off alarm bells at FC Barcelona this Saturday after confirming the absence of Dani Olmo in the last training session with La Roja due to muscle discomfort. The one from Terrassa aims to be out against Switzerland this Sunday","breadcrumb":{"@id":"https:\/\/www.fcbarcelonanoticias.com\/en\/football\/alarm-barcelona-dani-olmo-duda-switzerland-spain-by-coup_307122_102.html#breadcrumb"},"inLanguage":"en-US","potentialAction":[{"@type":"ReadAction","target":["https:\/\/www.fcbarcelonanoticias.com\/en\/football\/alarm-barcelona-dani-olmo-duda-switzerland-spain-by-coup_307122_102.html"]}]},{"@type":"ImageObject","inLanguage":"en-US","@id":"https:\/\/www.fcbarcelonanoticias.com\/en\/football\/alarm-barcelona-dani-olmo-duda-switzerland-spain-by-coup_307122_102.html#primaryimage","url":"https:\/\/www.fcbarcelonanoticias.com\/en\/wp-content\/uploads\/sites\/2\/2024\/09\/dani-olmo-v-serbia.jpeg","contentUrl":"https:\/\/www.fcbarcelonanoticias.com\/en\/wp-content\/uploads\/sites\/2\/2024\/09\/dani-olmo-v-serbia.jpeg","width":1250,"height":750},{"@type":"BreadcrumbList","@id":"https:\/\/www.fcbarcelonanoticias.com\/en\/football\/alarm-barcelona-dani-olmo-duda-switzerland-spain-by-coup_307122_102.html#breadcrumb","itemListElement":[{"@type":"ListItem","position":1,"name":"Portada","item":"https:\/\/www.fcbarcelonanoticias.com\/en\/"},{"@type":"ListItem","position":2,"name":"Alarm in Bar\u00e7a! Dani Olmo, doubtful for Switzerland-Spain due to a blow"}]},{"@type":"WebSite","@id":"https:\/\/www.fcbarcelonanoticias.com\/en\/#website","url":"https:\/\/www.fcbarcelonanoticias.com\/en\/","name":"EN - FC Barcelona Noticias","description":"","potentialAction":[{"@type":"SearchAction","target":{"@type":"EntryPoint","urlTemplate":"https:\/\/www.fcbarcelonanoticias.com\/en\/?s={search_term_string}"},"query-input":{"@type":"PropertyValueSpecification","valueRequired":true,"valueName":"search_term_string"}}],"inLanguage":"en-US"},{"@type":"Person","@id":"https:\/\/www.fcbarcelonanoticias.com\/en\/#\/schema\/person\/c2cd9f6fa1af5c0d0eccd0fefa575c88","name":"Andr\u00e9s Quiroz","image":{"@type":"ImageObject","inLanguage":"en-US","@id":"https:\/\/secure.gravatar.com\/avatar\/?s=96&d=mm&r=g","url":"https:\/\/secure.gravatar.com\/avatar\/?s=96&d=mm&r=g","contentUrl":"https:\/\/secure.gravatar.com\/avatar\/?s=96&d=mm&r=g","caption":"Andr\u00e9s Quiroz"},"description":"Licenciado en Periodismo por la Universidad de los Andes. Me encargo de analizar y compartir los contenidos m\u00e1s destacados de la\u00a0actualidad del F\u00fatbol Club Barcelona, Mercado de Fichajes y F\u00fatbol Internacional en FCBN. La informaci\u00f3n es poder, pero tambi\u00e9n conocimiento.","url":"https:\/\/www.fcbarcelonanoticias.com\/en\/fc-barcelona\/andres-quiroz_17_115.html"}]}},"_links":{"self":[{"href":"https:\/\/www.fcbarcelonanoticias.com\/en\/wp-json\/wp\/v2\/posts\/39640","targetHints":{"allow":["GET"]}}],"collection":[{"href":"https:\/\/www.fcbarcelonanoticias.com\/en\/wp-json\/wp\/v2\/posts"}],"about":[{"href":"https:\/\/www.fcbarcelonanoticias.com\/en\/wp-json\/wp\/v2\/types\/post"}],"author":[{"embeddable":true,"href":"https:\/\/www.fcbarcelonanoticias.com\/en\/wp-json\/wp\/v2\/users\/347"}],"replies":[{"embeddable":true,"href":"https:\/\/www.fcbarcelonanoticias.com\/en\/wp-json\/wp\/v2\/comments?post=39640"}],"version-history":[{"count":1,"href":"https:\/\/www.fcbarcelonanoticias.com\/en\/wp-json\/wp\/v2\/posts\/39640\/revisions"}],"predecessor-version":[{"id":110788,"href":"https:\/\/www.fcbarcelonanoticias.com\/en\/wp-json\/wp\/v2\/posts\/39640\/revisions\/110788"}],"wp:featuredmedia":[{"embeddable":true,"href":"https:\/\/www.fcbarcelonanoticias.com\/en\/wp-json\/wp\/v2\/media\/39641"}],"wp:attachment":[{"href":"https:\/\/www.fcbarcelonanoticias.com\/en\/wp-json\/wp\/v2\/media?parent=39640"}],"wp:term":[{"taxonomy":"category","embeddable":true,"href":"https:\/\/www.fcbarcelonanoticias.com\/en\/wp-json\/wp\/v2\/categories?post=39640"},{"taxonomy":"post_tag","embeddable":true,"href":"https:\/\/www.fcbarcelonanoticias.com\/en\/wp-json\/wp\/v2\/tags?post=39640"}],"curies":[{"name":"wp","href":"https:\/\/api.w.org\/{rel}","templated":true}]}}