{"id":39797,"date":"2025-03-31T23:37:00","date_gmt":"2025-03-31T21:37:00","guid":{"rendered":"https:\/\/weisetech.dev\/fc-barcelona-noticias\/en\/big-news-lamine-yamal-reveals-his-team-in-the-kings-league_311877_102\/"},"modified":"2025-04-01T14:43:00","modified_gmt":"2025-04-01T12:43:00","slug":"big-news-lamine-yamal-reveals-his-team-in-the-kings-league_311877_102","status":"publish","type":"post","link":"https:\/\/www.fcbarcelonanoticias.com\/en\/football\/big-news-lamine-yamal-reveals-his-team-in-the-kings-league_311877_102.html","title":{"rendered":"Big News! Lamine Yamal reveals his team in the Kings League"},"content":{"rendered":"<h2 class=\"wp-block-heading\">Officially, Lamine Yamal is part of the Kings League. The Bar\u00e7a star will join Gerard Piqu\u00e9&#8217;s competition with the La Capital FC project<\/h2>  \r\n<div class=\"article-addons\">\r\n    <a href=\"https:\/\/www.fcbarcelonanoticias.com\/en\/calendar-fc-barcelona.html\"\r\n       target=\"_self\"\r\n       title=\"Calendar of FC Barcelona\"\r\n       class=\"blue-gredient-btn\">\r\n       \r\n        Calendar of FC Barcelona    <\/a>\r\n<\/div>   <p>The impact of <strong><a data-external=\"0\" data-intl-links-en=\"https:\/\/www.fcbarcelonanoticias.com\/en\/tags\/lamine-yamal\" data-intl-links-es=\"https:\/\/www.fcbarcelonanoticias.com\/tags\/lamine-yamal\" href=\"https:\/\/www.fcbarcelonanoticias.com\/en\/player\/lamine-yamal.html\" rel=\"follow\" target=\"_self\" title=\"Lamine Yamal\">Lamine Yamal<\/a><\/strong> transcends the playing fields. The star of <strong>FC Barcelona<\/strong> begins to export his brand and has now taken another step in his career. This Monday afternoon, <strong>the &#8217;19&#8217; cul\u00e9 officially joined the Kings League with his team &#8216;La Capital FC&#8217;<\/strong>, which will not only debut in the Spanish edition of the competition but will also have a direct ticket to the Kings World Cup Nations thanks to a &#8216;wild card&#8217;.<\/p>  <p>&#8220;<strong>We call it<\/strong>&nbsp;<strong>La Capital, because that\u2019s what we call our neighborhood, the most important place for us<\/strong>&#8220;, explained the footballer in the official announcement, honoring Rocafonda, the neighborhood in Matar\u00f3 where he kicked a ball for the first time and which, besides being present in his daily life, will be the inspiration for this project that is born with a clear message of identity.<\/p>  <p>The team will wear pink, a color that, according to Lamine himself, &#8220;looks good&#8221;. The try-outs to select the players who will defend Lamine&#8217;s team&#8217;s jersey will take place on May 1 in Rocafonda, <strong>and the recruitment process will be led by Yamal himself<\/strong>, along with his cousin Moha and his friend Souhaib.<\/p>  <h2>Lamine Yamal&#8217;s brand continues to gain weight<\/h2>  <p>The Bar\u00e7a winger will be accompanied by the popular Argentine streamer Lautaro Del Campo, better known as &#8216;La Cobra&#8217;, whom Lamine discovered thanks to social media. &nbsp;<strong>&#8220;I found him on TikTok telling things to the Madrid fans&#8221;<\/strong>, the footballer commented with laughter.<\/p>  <div data-oembed-url=\"https:\/\/twitter.com\/_KingsWorld\/status\/1906804048356921854?ref_src=twsrc%5Etfw%7Ctwcamp%5Etweetembed%7Ctwterm%5E1906804048356921854%7Ctwgr%5E%7Ctwcon%5Es1_&amp;ref_url=https%3A%2F%2Fwww.sport.es%2Fes%2Fnoticias%2Fbarca%2Flamine-yamal-anuncia-nuevo-equipo-115898798\"> <blockquote align=\"center\" class=\"twitter-tweet\" data-dnt=\"true\"> <p dir=\"ltr\" lang=\"en\">THE ONE AND ONLY. <a href=\"https:\/\/twitter.com\/en\/LaCapitalCF_?ref_src=twsrc%5Etfw\">@LaCapitalCF_<\/a> and Lamine, see you in France 2025. Brand new wildcard \ud83d\udd25<a href=\"https:\/\/twitter.com\/en\/hashtag\/KingsWorldCupClubs?src=hash&amp;ref_src=twsrc%5Etfw\">#KingsWorldCupClubs<\/a> <a href=\"https:\/\/t.co\/en\/MoKeGuOth9\">pic.twitter.com\/MoKeGuOth9<\/a><\/p> \u2014 Kings League World (@_KingsWorld) <a href=\"https:\/\/twitter.com\/en\/_KingsWorld\/status\/1906804048356921854?ref_src=twsrc%5Etfw\">March 31, 2025<\/a> <\/blockquote>  <\/div>  <p>With this project, <strong>Yamal <\/strong>not only demonstrates his connection to his roots but also joins a competition that is gaining more prominence every day. The <strong>Kings League<\/strong> is starting a new stage that promises excitement, and <strong>La Capital FC<\/strong> is set to be one of the main protagonists of this chapter.<\/p> ","protected":false},"excerpt":{"rendered":"<p>Officially, Lamine Yamal is part of the Kings League. The Bar\u00e7a star will join Gerard Piqu\u00e9&#8217;s competition with the La Capital FC project The impact of Lamine Yamal transcends the playing fields. The star of FC Barcelona begins to export his brand and has now taken another step in his career. This Monday afternoon, the [&hellip;]<\/p>\n","protected":false},"author":358,"featured_media":39800,"comment_status":"closed","ping_status":"open","sticky":false,"template":"","format":"standard","meta":{"_acf_changed":false,"inline_featured_image":false,"_nextfly_llmd_date_locked":false,"footnotes":""},"categories":[452,109],"tags":[363],"class_list":["post-39797","post","type-post","status-publish","format-standard","has-post-thumbnail","hentry","category-football-2","category-football","tag-kings-league"],"acf":[],"yoast_head":"<!-- This site is optimized with the Yoast SEO plugin v27.3 - https:\/\/yoast.com\/product\/yoast-seo-wordpress\/ -->\n<title>Big News! Lamine Yamal reveals his team in the Kings League<\/title>\n<meta name=\"description\" content=\"Officially, Lamine Yamal is part of the Kings League. The Bar\u00e7a star will join Gerard Piqu\u00e9&#039;s competition with the La Capital FC project\" \/>\n<meta name=\"robots\" content=\"index, follow, max-snippet:-1, max-image-preview:large, max-video-preview:-1\" \/>\n<link rel=\"canonical\" href=\"https:\/\/www.fcbarcelonanoticias.com\/en\/football\/big-news-lamine-yamal-reveals-his-team-in-the-kings-league_311877_102.html\" \/>\n<meta property=\"og:locale\" content=\"en_US\" \/>\n<meta property=\"og:type\" content=\"article\" \/>\n<meta property=\"og:title\" content=\"Big News! Lamine Yamal reveals his team in the Kings League\" \/>\n<meta property=\"og:description\" content=\"Officially, Lamine Yamal is part of the Kings League. The Bar\u00e7a star will join Gerard Piqu\u00e9&#039;s competition with the La Capital FC project\" \/>\n<meta property=\"og:url\" content=\"https:\/\/www.fcbarcelonanoticias.com\/en\/football\/big-news-lamine-yamal-reveals-his-team-in-the-kings-league_311877_102.html\" \/>\n<meta property=\"og:site_name\" content=\"EN - FC Barcelona Noticias\" \/>\n<meta property=\"article:published_time\" content=\"2025-03-31T21:37:00+00:00\" \/>\n<meta property=\"article:modified_time\" content=\"2025-04-01T12:43:00+00:00\" \/>\n<meta property=\"og:image\" content=\"https:\/\/www.fcbarcelonanoticias.com\/en\/wp-content\/uploads\/sites\/2\/2025\/03\/lamine-yamal-kings-leasgue-1.webp\" \/>\n\t<meta property=\"og:image:width\" content=\"1200\" \/>\n\t<meta property=\"og:image:height\" content=\"675\" \/>\n\t<meta property=\"og:image:type\" content=\"image\/webp\" \/>\n<meta name=\"author\" content=\"Juan Pablo Berdugo\" \/>\n<meta name=\"twitter:card\" content=\"summary_large_image\" \/>\n<meta name=\"twitter:label1\" content=\"Written by\" \/>\n\t<meta name=\"twitter:data1\" content=\"Juan Pablo Berdugo\" \/>\n\t<meta name=\"twitter:label2\" content=\"Est. reading time\" \/>\n\t<meta name=\"twitter:data2\" content=\"2 minutes\" \/>\n<script type=\"application\/ld+json\" class=\"yoast-schema-graph\">{\"@context\":\"https:\\\/\\\/schema.org\",\"@graph\":[{\"@type\":\"Article\",\"@id\":\"https:\\\/\\\/www.fcbarcelonanoticias.com\\\/en\\\/football\\\/big-news-lamine-yamal-reveals-his-team-in-the-kings-league_311877_102.html#article\",\"isPartOf\":{\"@id\":\"https:\\\/\\\/www.fcbarcelonanoticias.com\\\/en\\\/football\\\/big-news-lamine-yamal-reveals-his-team-in-the-kings-league_311877_102.html\"},\"author\":{\"name\":\"Juan Pablo Berdugo\",\"@id\":\"https:\\\/\\\/www.fcbarcelonanoticias.com\\\/en\\\/#\\\/schema\\\/person\\\/88d756918a0a1ae9fa593b5edddd1815\"},\"headline\":\"Big News! Lamine Yamal reveals his team in the Kings League\",\"datePublished\":\"2025-03-31T21:37:00+00:00\",\"dateModified\":\"2025-04-01T12:43:00+00:00\",\"mainEntityOfPage\":{\"@id\":\"https:\\\/\\\/www.fcbarcelonanoticias.com\\\/en\\\/football\\\/big-news-lamine-yamal-reveals-his-team-in-the-kings-league_311877_102.html\"},\"wordCount\":358,\"image\":{\"@id\":\"https:\\\/\\\/www.fcbarcelonanoticias.com\\\/en\\\/football\\\/big-news-lamine-yamal-reveals-his-team-in-the-kings-league_311877_102.html#primaryimage\"},\"thumbnailUrl\":\"https:\\\/\\\/www.fcbarcelonanoticias.com\\\/en\\\/wp-content\\\/uploads\\\/sites\\\/2\\\/2025\\\/03\\\/lamine-yamal-kings-leasgue-1.webp\",\"keywords\":[\"Kings League\"],\"articleSection\":[\"Football\",\"Football\"],\"inLanguage\":\"en-US\"},{\"@type\":\"WebPage\",\"@id\":\"https:\\\/\\\/www.fcbarcelonanoticias.com\\\/en\\\/football\\\/big-news-lamine-yamal-reveals-his-team-in-the-kings-league_311877_102.html\",\"url\":\"https:\\\/\\\/www.fcbarcelonanoticias.com\\\/en\\\/football\\\/big-news-lamine-yamal-reveals-his-team-in-the-kings-league_311877_102.html\",\"name\":\"Big News! Lamine Yamal reveals his team in the Kings League\",\"isPartOf\":{\"@id\":\"https:\\\/\\\/www.fcbarcelonanoticias.com\\\/en\\\/#website\"},\"primaryImageOfPage\":{\"@id\":\"https:\\\/\\\/www.fcbarcelonanoticias.com\\\/en\\\/football\\\/big-news-lamine-yamal-reveals-his-team-in-the-kings-league_311877_102.html#primaryimage\"},\"image\":{\"@id\":\"https:\\\/\\\/www.fcbarcelonanoticias.com\\\/en\\\/football\\\/big-news-lamine-yamal-reveals-his-team-in-the-kings-league_311877_102.html#primaryimage\"},\"thumbnailUrl\":\"https:\\\/\\\/www.fcbarcelonanoticias.com\\\/en\\\/wp-content\\\/uploads\\\/sites\\\/2\\\/2025\\\/03\\\/lamine-yamal-kings-leasgue-1.webp\",\"datePublished\":\"2025-03-31T21:37:00+00:00\",\"dateModified\":\"2025-04-01T12:43:00+00:00\",\"author\":{\"@id\":\"https:\\\/\\\/www.fcbarcelonanoticias.com\\\/en\\\/#\\\/schema\\\/person\\\/88d756918a0a1ae9fa593b5edddd1815\"},\"description\":\"Officially, Lamine Yamal is part of the Kings League. The Bar\u00e7a star will join Gerard Piqu\u00e9's competition with the La Capital FC project\",\"breadcrumb\":{\"@id\":\"https:\\\/\\\/www.fcbarcelonanoticias.com\\\/en\\\/football\\\/big-news-lamine-yamal-reveals-his-team-in-the-kings-league_311877_102.html#breadcrumb\"},\"inLanguage\":\"en-US\",\"potentialAction\":[{\"@type\":\"ReadAction\",\"target\":[\"https:\\\/\\\/www.fcbarcelonanoticias.com\\\/en\\\/football\\\/big-news-lamine-yamal-reveals-his-team-in-the-kings-league_311877_102.html\"]}]},{\"@type\":\"ImageObject\",\"inLanguage\":\"en-US\",\"@id\":\"https:\\\/\\\/www.fcbarcelonanoticias.com\\\/en\\\/football\\\/big-news-lamine-yamal-reveals-his-team-in-the-kings-league_311877_102.html#primaryimage\",\"url\":\"https:\\\/\\\/www.fcbarcelonanoticias.com\\\/en\\\/wp-content\\\/uploads\\\/sites\\\/2\\\/2025\\\/03\\\/lamine-yamal-kings-leasgue-1.webp\",\"contentUrl\":\"https:\\\/\\\/www.fcbarcelonanoticias.com\\\/en\\\/wp-content\\\/uploads\\\/sites\\\/2\\\/2025\\\/03\\\/lamine-yamal-kings-leasgue-1.webp\",\"width\":1200,\"height\":675},{\"@type\":\"BreadcrumbList\",\"@id\":\"https:\\\/\\\/www.fcbarcelonanoticias.com\\\/en\\\/football\\\/big-news-lamine-yamal-reveals-his-team-in-the-kings-league_311877_102.html#breadcrumb\",\"itemListElement\":[{\"@type\":\"ListItem\",\"position\":1,\"name\":\"Portada\",\"item\":\"https:\\\/\\\/www.fcbarcelonanoticias.com\\\/en\\\/\"},{\"@type\":\"ListItem\",\"position\":2,\"name\":\"Big News! Lamine Yamal reveals his team in the Kings League\"}]},{\"@type\":\"WebSite\",\"@id\":\"https:\\\/\\\/www.fcbarcelonanoticias.com\\\/en\\\/#website\",\"url\":\"https:\\\/\\\/www.fcbarcelonanoticias.com\\\/en\\\/\",\"name\":\"EN - FC Barcelona Noticias\",\"description\":\"\",\"potentialAction\":[{\"@type\":\"SearchAction\",\"target\":{\"@type\":\"EntryPoint\",\"urlTemplate\":\"https:\\\/\\\/www.fcbarcelonanoticias.com\\\/en\\\/?s={search_term_string}\"},\"query-input\":{\"@type\":\"PropertyValueSpecification\",\"valueRequired\":true,\"valueName\":\"search_term_string\"}}],\"inLanguage\":\"en-US\"},{\"@type\":\"Person\",\"@id\":\"https:\\\/\\\/www.fcbarcelonanoticias.com\\\/en\\\/#\\\/schema\\\/person\\\/88d756918a0a1ae9fa593b5edddd1815\",\"name\":\"Juan Pablo Berdugo\",\"image\":{\"@type\":\"ImageObject\",\"inLanguage\":\"en-US\",\"@id\":\"https:\\\/\\\/secure.gravatar.com\\\/avatar\\\/?s=96&d=mm&r=g\",\"url\":\"https:\\\/\\\/secure.gravatar.com\\\/avatar\\\/?s=96&d=mm&r=g\",\"contentUrl\":\"https:\\\/\\\/secure.gravatar.com\\\/avatar\\\/?s=96&d=mm&r=g\",\"caption\":\"Juan Pablo Berdugo\"},\"description\":\"Juan Pablo Berdugo es graduado en Periodismo. Colabora con FCBN como especialista en informaci\u00f3n del primer equipo del FC Barcelona, f\u00fatbol internacional y mercado de fichajes. Destaca por su enfoque anal\u00edtico, su rigor informativo y su capacidad para detectar tendencias emergentes en el f\u00fatbol global.\",\"url\":\"https:\\\/\\\/www.fcbarcelonanoticias.com\\\/en\\\/fc-barcelona\\\/juan-pablo-berdugo_18_115.html\"}]}<\/script>\n<!-- \/ Yoast SEO plugin. -->","yoast_head_json":{"title":"Big News! Lamine Yamal reveals his team in the Kings League","description":"Officially, Lamine Yamal is part of the Kings League. The Bar\u00e7a star will join Gerard Piqu\u00e9's competition with the La Capital FC project","robots":{"index":"index","follow":"follow","max-snippet":"max-snippet:-1","max-image-preview":"max-image-preview:large","max-video-preview":"max-video-preview:-1"},"canonical":"https:\/\/www.fcbarcelonanoticias.com\/en\/football\/big-news-lamine-yamal-reveals-his-team-in-the-kings-league_311877_102.html","og_locale":"en_US","og_type":"article","og_title":"Big News! Lamine Yamal reveals his team in the Kings League","og_description":"Officially, Lamine Yamal is part of the Kings League. The Bar\u00e7a star will join Gerard Piqu\u00e9's competition with the La Capital FC project","og_url":"https:\/\/www.fcbarcelonanoticias.com\/en\/football\/big-news-lamine-yamal-reveals-his-team-in-the-kings-league_311877_102.html","og_site_name":"EN - FC Barcelona Noticias","article_published_time":"2025-03-31T21:37:00+00:00","article_modified_time":"2025-04-01T12:43:00+00:00","og_image":[{"width":1200,"height":675,"url":"https:\/\/www.fcbarcelonanoticias.com\/en\/wp-content\/uploads\/sites\/2\/2025\/03\/lamine-yamal-kings-leasgue-1.webp","type":"image\/webp"}],"author":"Juan Pablo Berdugo","twitter_card":"summary_large_image","twitter_misc":{"Written by":"Juan Pablo Berdugo","Est. reading time":"2 minutes"},"schema":{"@context":"https:\/\/schema.org","@graph":[{"@type":"Article","@id":"https:\/\/www.fcbarcelonanoticias.com\/en\/football\/big-news-lamine-yamal-reveals-his-team-in-the-kings-league_311877_102.html#article","isPartOf":{"@id":"https:\/\/www.fcbarcelonanoticias.com\/en\/football\/big-news-lamine-yamal-reveals-his-team-in-the-kings-league_311877_102.html"},"author":{"name":"Juan Pablo Berdugo","@id":"https:\/\/www.fcbarcelonanoticias.com\/en\/#\/schema\/person\/88d756918a0a1ae9fa593b5edddd1815"},"headline":"Big News! Lamine Yamal reveals his team in the Kings League","datePublished":"2025-03-31T21:37:00+00:00","dateModified":"2025-04-01T12:43:00+00:00","mainEntityOfPage":{"@id":"https:\/\/www.fcbarcelonanoticias.com\/en\/football\/big-news-lamine-yamal-reveals-his-team-in-the-kings-league_311877_102.html"},"wordCount":358,"image":{"@id":"https:\/\/www.fcbarcelonanoticias.com\/en\/football\/big-news-lamine-yamal-reveals-his-team-in-the-kings-league_311877_102.html#primaryimage"},"thumbnailUrl":"https:\/\/www.fcbarcelonanoticias.com\/en\/wp-content\/uploads\/sites\/2\/2025\/03\/lamine-yamal-kings-leasgue-1.webp","keywords":["Kings League"],"articleSection":["Football","Football"],"inLanguage":"en-US"},{"@type":"WebPage","@id":"https:\/\/www.fcbarcelonanoticias.com\/en\/football\/big-news-lamine-yamal-reveals-his-team-in-the-kings-league_311877_102.html","url":"https:\/\/www.fcbarcelonanoticias.com\/en\/football\/big-news-lamine-yamal-reveals-his-team-in-the-kings-league_311877_102.html","name":"Big News! Lamine Yamal reveals his team in the Kings League","isPartOf":{"@id":"https:\/\/www.fcbarcelonanoticias.com\/en\/#website"},"primaryImageOfPage":{"@id":"https:\/\/www.fcbarcelonanoticias.com\/en\/football\/big-news-lamine-yamal-reveals-his-team-in-the-kings-league_311877_102.html#primaryimage"},"image":{"@id":"https:\/\/www.fcbarcelonanoticias.com\/en\/football\/big-news-lamine-yamal-reveals-his-team-in-the-kings-league_311877_102.html#primaryimage"},"thumbnailUrl":"https:\/\/www.fcbarcelonanoticias.com\/en\/wp-content\/uploads\/sites\/2\/2025\/03\/lamine-yamal-kings-leasgue-1.webp","datePublished":"2025-03-31T21:37:00+00:00","dateModified":"2025-04-01T12:43:00+00:00","author":{"@id":"https:\/\/www.fcbarcelonanoticias.com\/en\/#\/schema\/person\/88d756918a0a1ae9fa593b5edddd1815"},"description":"Officially, Lamine Yamal is part of the Kings League. The Bar\u00e7a star will join Gerard Piqu\u00e9's competition with the La Capital FC project","breadcrumb":{"@id":"https:\/\/www.fcbarcelonanoticias.com\/en\/football\/big-news-lamine-yamal-reveals-his-team-in-the-kings-league_311877_102.html#breadcrumb"},"inLanguage":"en-US","potentialAction":[{"@type":"ReadAction","target":["https:\/\/www.fcbarcelonanoticias.com\/en\/football\/big-news-lamine-yamal-reveals-his-team-in-the-kings-league_311877_102.html"]}]},{"@type":"ImageObject","inLanguage":"en-US","@id":"https:\/\/www.fcbarcelonanoticias.com\/en\/football\/big-news-lamine-yamal-reveals-his-team-in-the-kings-league_311877_102.html#primaryimage","url":"https:\/\/www.fcbarcelonanoticias.com\/en\/wp-content\/uploads\/sites\/2\/2025\/03\/lamine-yamal-kings-leasgue-1.webp","contentUrl":"https:\/\/www.fcbarcelonanoticias.com\/en\/wp-content\/uploads\/sites\/2\/2025\/03\/lamine-yamal-kings-leasgue-1.webp","width":1200,"height":675},{"@type":"BreadcrumbList","@id":"https:\/\/www.fcbarcelonanoticias.com\/en\/football\/big-news-lamine-yamal-reveals-his-team-in-the-kings-league_311877_102.html#breadcrumb","itemListElement":[{"@type":"ListItem","position":1,"name":"Portada","item":"https:\/\/www.fcbarcelonanoticias.com\/en\/"},{"@type":"ListItem","position":2,"name":"Big News! Lamine Yamal reveals his team in the Kings League"}]},{"@type":"WebSite","@id":"https:\/\/www.fcbarcelonanoticias.com\/en\/#website","url":"https:\/\/www.fcbarcelonanoticias.com\/en\/","name":"EN - FC Barcelona Noticias","description":"","potentialAction":[{"@type":"SearchAction","target":{"@type":"EntryPoint","urlTemplate":"https:\/\/www.fcbarcelonanoticias.com\/en\/?s={search_term_string}"},"query-input":{"@type":"PropertyValueSpecification","valueRequired":true,"valueName":"search_term_string"}}],"inLanguage":"en-US"},{"@type":"Person","@id":"https:\/\/www.fcbarcelonanoticias.com\/en\/#\/schema\/person\/88d756918a0a1ae9fa593b5edddd1815","name":"Juan Pablo Berdugo","image":{"@type":"ImageObject","inLanguage":"en-US","@id":"https:\/\/secure.gravatar.com\/avatar\/?s=96&d=mm&r=g","url":"https:\/\/secure.gravatar.com\/avatar\/?s=96&d=mm&r=g","contentUrl":"https:\/\/secure.gravatar.com\/avatar\/?s=96&d=mm&r=g","caption":"Juan Pablo Berdugo"},"description":"Juan Pablo Berdugo es graduado en Periodismo. Colabora con FCBN como especialista en informaci\u00f3n del primer equipo del FC Barcelona, f\u00fatbol internacional y mercado de fichajes. Destaca por su enfoque anal\u00edtico, su rigor informativo y su capacidad para detectar tendencias emergentes en el f\u00fatbol global.","url":"https:\/\/www.fcbarcelonanoticias.com\/en\/fc-barcelona\/juan-pablo-berdugo_18_115.html"}]}},"_links":{"self":[{"href":"https:\/\/www.fcbarcelonanoticias.com\/en\/wp-json\/wp\/v2\/posts\/39797","targetHints":{"allow":["GET"]}}],"collection":[{"href":"https:\/\/www.fcbarcelonanoticias.com\/en\/wp-json\/wp\/v2\/posts"}],"about":[{"href":"https:\/\/www.fcbarcelonanoticias.com\/en\/wp-json\/wp\/v2\/types\/post"}],"author":[{"embeddable":true,"href":"https:\/\/www.fcbarcelonanoticias.com\/en\/wp-json\/wp\/v2\/users\/358"}],"replies":[{"embeddable":true,"href":"https:\/\/www.fcbarcelonanoticias.com\/en\/wp-json\/wp\/v2\/comments?post=39797"}],"version-history":[{"count":3,"href":"https:\/\/www.fcbarcelonanoticias.com\/en\/wp-json\/wp\/v2\/posts\/39797\/revisions"}],"predecessor-version":[{"id":39798,"href":"https:\/\/www.fcbarcelonanoticias.com\/en\/wp-json\/wp\/v2\/posts\/39797\/revisions\/39798"}],"wp:featuredmedia":[{"embeddable":true,"href":"https:\/\/www.fcbarcelonanoticias.com\/en\/wp-json\/wp\/v2\/media\/39800"}],"wp:attachment":[{"href":"https:\/\/www.fcbarcelonanoticias.com\/en\/wp-json\/wp\/v2\/media?parent=39797"}],"wp:term":[{"taxonomy":"category","embeddable":true,"href":"https:\/\/www.fcbarcelonanoticias.com\/en\/wp-json\/wp\/v2\/categories?post=39797"},{"taxonomy":"post_tag","embeddable":true,"href":"https:\/\/www.fcbarcelonanoticias.com\/en\/wp-json\/wp\/v2\/tags?post=39797"}],"curies":[{"name":"wp","href":"https:\/\/api.w.org\/{rel}","templated":true}]}}