{"id":39805,"date":"2024-12-18T02:35:00","date_gmt":"2024-12-18T01:35:00","guid":{"rendered":"https:\/\/weisetech.dev\/fc-barcelona-noticias\/en\/big-news-the-super-league-changes-its-face-to-convince-fifa-and-uefa_309426_102\/"},"modified":"2024-12-18T05:27:00","modified_gmt":"2024-12-18T04:27:00","slug":"big-news-the-super-league-changes-its-face-to-convince-fifa-and-uefa_309426_102","status":"publish","type":"post","link":"https:\/\/www.fcbarcelonanoticias.com\/en\/football\/big-news-the-super-league-changes-its-face-to-convince-fifa-and-uefa_309426_102.html","title":{"rendered":"Big News! The Super League Changes Its Face to Convince FIFA and UEFA"},"content":{"rendered":"<h2 class=\"wp-block-heading\">The Super League reinvents itself with a new format that promises greater inclusion and balance to gain the approval of the highest football bodies<\/h2>  \r\n<div class=\"article-addons\">\r\n    <a href=\"https:\/\/www.fcbarcelonanoticias.com\/en\/calendar-fc-barcelona.html\"\r\n       target=\"_self\"\r\n       title=\"Calendar of FC Barcelona\"\r\n       class=\"blue-gredient-btn\">\r\n       \r\n        Calendar of FC Barcelona    <\/a>\r\n<\/div>   <p><a data-external=\"0\" data-intl-links-en=\"https:\/\/www.fcbarcelonanoticias.com\/en\/football-soccer\" data-intl-links-es=\"https:\/\/www.fcbarcelonanoticias.com\/futbol\" href=\"https:\/\/www.fcbarcelonanoticias.com\/en\/football-soccer\" rel=\"follow\" target=\"_self\" title=\"Football\">The Super League has been forced to change its face to convince FIFA and UEFA<\/a>.&nbsp;A22 Sports Management issued a statement last Tuesday announcing that they had sent a new proposal to the highest football bodies to obtain official recognition of their new club championships.<\/p>  <p>Among its innovative suggestions, A22 revealed the creation of the platform &#8216;<strong>Unify<\/strong>&#8216;, a streaming service that will broadcast all matches of its competitions live, which will be aired for free or through one of the premium packages that the project will implement, which in its goal to demonstrate the importance of this platform in the league,<strong> has been renamed &#8216;Unify League&#8217;<\/strong>.<\/p>  <p>However, the <strong>Unify League<\/strong> still does not have a launch date, as when asked about when the competition would be revealed, the General Director of A22,&nbsp;<strong>Bernd Reichart<\/strong>, stated that it would be&nbsp;&#8220;very ambitious&#8221; to think that the project&nbsp;could start&nbsp;from the 2025\/26 season.<\/p>  <h3>The New Format of the Unify League<\/h3>  <p>In addition to changing its name, the format of the Unify League has also been revolutionized. The men&#8217;s category will have four leagues, which will be divided into&nbsp;<strong>Star<\/strong>&nbsp;and&nbsp;<strong>Gold<\/strong>, both with 16 clubs divided into two groups of eight, and&nbsp;<strong>Blue&nbsp;<\/strong>and&nbsp;<strong>Union<\/strong>, which will have<strong>&nbsp;<\/strong>32 clubs distributed in groups of eight.<\/p>  <p>In total,&nbsp;<strong>96 teams&nbsp;from 55 different countries<\/strong>, which will qualify annually based on their results in their domestic leagues.&nbsp;Each club will play 14 matches, 7 at home and 7 away.&nbsp;The top four teams from each group of the Star and Gold Leagues will advance to the quarter-finals in a two-legged tie, while in the Blue and Union, the top two from each group will proceed. The semi-final and final will be played as a single match at a neutral venue.<\/p>  <p>Finally, the <strong>women&#8217;s Unify League<\/strong> will have two leagues, <strong>Star <\/strong>and <strong>Gold<\/strong>, each with 32 clubs from 52 countries. They will consist of two groups of eight per league, and the knockout round will maintain the same format as the men&#8217;s category.<\/p> ","protected":false},"excerpt":{"rendered":"<p>The Super League reinvents itself with a new format that promises greater inclusion and balance to gain the approval of the highest football bodies The Super League has been forced to change its face to convince FIFA and UEFA.&nbsp;A22 Sports Management issued a statement last Tuesday announcing that they had sent a new proposal to [&hellip;]<\/p>\n","protected":false},"author":358,"featured_media":39807,"comment_status":"closed","ping_status":"open","sticky":false,"template":"","format":"standard","meta":{"_acf_changed":false,"inline_featured_image":false,"_nextfly_llmd_date_locked":false,"footnotes":""},"categories":[452,109],"tags":[162,264,54],"class_list":["post-39805","post","type-post","status-publish","format-standard","has-post-thumbnail","hentry","category-football-2","category-football","tag-fifa","tag-super-league","tag-uefa"],"acf":[],"yoast_head":"<!-- This site is optimized with the Yoast SEO plugin v27.3 - https:\/\/yoast.com\/product\/yoast-seo-wordpress\/ -->\n<title>Big News! The Super League Changes Its Face to Convince FIFA and UEFA<\/title>\n<meta name=\"description\" content=\"The Super League reinvents itself with a new format that promises greater inclusion and balance to gain the approval of the highest football bodies\" \/>\n<meta name=\"robots\" content=\"index, follow, max-snippet:-1, max-image-preview:large, max-video-preview:-1\" \/>\n<link rel=\"canonical\" href=\"https:\/\/www.fcbarcelonanoticias.com\/en\/football\/big-news-the-super-league-changes-its-face-to-convince-fifa-and-uefa_309426_102.html\" \/>\n<meta property=\"og:locale\" content=\"en_US\" \/>\n<meta property=\"og:type\" content=\"article\" \/>\n<meta property=\"og:title\" content=\"Big News! The Super League Changes Its Face to Convince FIFA and UEFA\" \/>\n<meta property=\"og:description\" content=\"The Super League reinvents itself with a new format that promises greater inclusion and balance to gain the approval of the highest football bodies\" \/>\n<meta property=\"og:url\" content=\"https:\/\/www.fcbarcelonanoticias.com\/en\/football\/big-news-the-super-league-changes-its-face-to-convince-fifa-and-uefa_309426_102.html\" \/>\n<meta property=\"og:site_name\" content=\"EN - FC Barcelona Noticias\" \/>\n<meta property=\"article:published_time\" content=\"2024-12-18T01:35:00+00:00\" \/>\n<meta property=\"article:modified_time\" content=\"2024-12-18T04:27:00+00:00\" \/>\n<meta property=\"og:image\" content=\"https:\/\/www.fcbarcelonanoticias.com\/en\/wp-content\/uploads\/sites\/2\/2024\/12\/gianni-infantino-ceferin-2-scaled.jpeg\" \/>\n\t<meta property=\"og:image:width\" content=\"2560\" \/>\n\t<meta property=\"og:image:height\" content=\"1707\" \/>\n\t<meta property=\"og:image:type\" content=\"image\/jpeg\" \/>\n<meta name=\"author\" content=\"Juan Pablo Berdugo\" \/>\n<meta name=\"twitter:card\" content=\"summary_large_image\" \/>\n<meta name=\"twitter:label1\" content=\"Written by\" \/>\n\t<meta name=\"twitter:data1\" content=\"Juan Pablo Berdugo\" \/>\n\t<meta name=\"twitter:label2\" content=\"Est. reading time\" \/>\n\t<meta name=\"twitter:data2\" content=\"2 minutes\" \/>\n<script type=\"application\/ld+json\" class=\"yoast-schema-graph\">{\"@context\":\"https:\\\/\\\/schema.org\",\"@graph\":[{\"@type\":\"Article\",\"@id\":\"https:\\\/\\\/www.fcbarcelonanoticias.com\\\/en\\\/football\\\/big-news-the-super-league-changes-its-face-to-convince-fifa-and-uefa_309426_102.html#article\",\"isPartOf\":{\"@id\":\"https:\\\/\\\/www.fcbarcelonanoticias.com\\\/en\\\/football\\\/big-news-the-super-league-changes-its-face-to-convince-fifa-and-uefa_309426_102.html\"},\"author\":{\"name\":\"Juan Pablo Berdugo\",\"@id\":\"https:\\\/\\\/www.fcbarcelonanoticias.com\\\/en\\\/#\\\/schema\\\/person\\\/88d756918a0a1ae9fa593b5edddd1815\"},\"headline\":\"Big News! The Super League Changes Its Face to Convince FIFA and UEFA\",\"datePublished\":\"2024-12-18T01:35:00+00:00\",\"dateModified\":\"2024-12-18T04:27:00+00:00\",\"mainEntityOfPage\":{\"@id\":\"https:\\\/\\\/www.fcbarcelonanoticias.com\\\/en\\\/football\\\/big-news-the-super-league-changes-its-face-to-convince-fifa-and-uefa_309426_102.html\"},\"wordCount\":385,\"image\":{\"@id\":\"https:\\\/\\\/www.fcbarcelonanoticias.com\\\/en\\\/football\\\/big-news-the-super-league-changes-its-face-to-convince-fifa-and-uefa_309426_102.html#primaryimage\"},\"thumbnailUrl\":\"https:\\\/\\\/www.fcbarcelonanoticias.com\\\/en\\\/wp-content\\\/uploads\\\/sites\\\/2\\\/2024\\\/12\\\/gianni-infantino-ceferin-2-scaled.jpeg\",\"keywords\":[\"FIFA\",\"Super League\",\"UEFA\"],\"articleSection\":[\"Football\",\"Football\"],\"inLanguage\":\"en-US\"},{\"@type\":\"WebPage\",\"@id\":\"https:\\\/\\\/www.fcbarcelonanoticias.com\\\/en\\\/football\\\/big-news-the-super-league-changes-its-face-to-convince-fifa-and-uefa_309426_102.html\",\"url\":\"https:\\\/\\\/www.fcbarcelonanoticias.com\\\/en\\\/football\\\/big-news-the-super-league-changes-its-face-to-convince-fifa-and-uefa_309426_102.html\",\"name\":\"Big News! The Super League Changes Its Face to Convince FIFA and UEFA\",\"isPartOf\":{\"@id\":\"https:\\\/\\\/www.fcbarcelonanoticias.com\\\/en\\\/#website\"},\"primaryImageOfPage\":{\"@id\":\"https:\\\/\\\/www.fcbarcelonanoticias.com\\\/en\\\/football\\\/big-news-the-super-league-changes-its-face-to-convince-fifa-and-uefa_309426_102.html#primaryimage\"},\"image\":{\"@id\":\"https:\\\/\\\/www.fcbarcelonanoticias.com\\\/en\\\/football\\\/big-news-the-super-league-changes-its-face-to-convince-fifa-and-uefa_309426_102.html#primaryimage\"},\"thumbnailUrl\":\"https:\\\/\\\/www.fcbarcelonanoticias.com\\\/en\\\/wp-content\\\/uploads\\\/sites\\\/2\\\/2024\\\/12\\\/gianni-infantino-ceferin-2-scaled.jpeg\",\"datePublished\":\"2024-12-18T01:35:00+00:00\",\"dateModified\":\"2024-12-18T04:27:00+00:00\",\"author\":{\"@id\":\"https:\\\/\\\/www.fcbarcelonanoticias.com\\\/en\\\/#\\\/schema\\\/person\\\/88d756918a0a1ae9fa593b5edddd1815\"},\"description\":\"The Super League reinvents itself with a new format that promises greater inclusion and balance to gain the approval of the highest football bodies\",\"breadcrumb\":{\"@id\":\"https:\\\/\\\/www.fcbarcelonanoticias.com\\\/en\\\/football\\\/big-news-the-super-league-changes-its-face-to-convince-fifa-and-uefa_309426_102.html#breadcrumb\"},\"inLanguage\":\"en-US\",\"potentialAction\":[{\"@type\":\"ReadAction\",\"target\":[\"https:\\\/\\\/www.fcbarcelonanoticias.com\\\/en\\\/football\\\/big-news-the-super-league-changes-its-face-to-convince-fifa-and-uefa_309426_102.html\"]}]},{\"@type\":\"ImageObject\",\"inLanguage\":\"en-US\",\"@id\":\"https:\\\/\\\/www.fcbarcelonanoticias.com\\\/en\\\/football\\\/big-news-the-super-league-changes-its-face-to-convince-fifa-and-uefa_309426_102.html#primaryimage\",\"url\":\"https:\\\/\\\/www.fcbarcelonanoticias.com\\\/en\\\/wp-content\\\/uploads\\\/sites\\\/2\\\/2024\\\/12\\\/gianni-infantino-ceferin-2-scaled.jpeg\",\"contentUrl\":\"https:\\\/\\\/www.fcbarcelonanoticias.com\\\/en\\\/wp-content\\\/uploads\\\/sites\\\/2\\\/2024\\\/12\\\/gianni-infantino-ceferin-2-scaled.jpeg\",\"width\":2560,\"height\":1707},{\"@type\":\"BreadcrumbList\",\"@id\":\"https:\\\/\\\/www.fcbarcelonanoticias.com\\\/en\\\/football\\\/big-news-the-super-league-changes-its-face-to-convince-fifa-and-uefa_309426_102.html#breadcrumb\",\"itemListElement\":[{\"@type\":\"ListItem\",\"position\":1,\"name\":\"Portada\",\"item\":\"https:\\\/\\\/www.fcbarcelonanoticias.com\\\/en\\\/\"},{\"@type\":\"ListItem\",\"position\":2,\"name\":\"Big News! The Super League Changes Its Face to Convince FIFA and UEFA\"}]},{\"@type\":\"WebSite\",\"@id\":\"https:\\\/\\\/www.fcbarcelonanoticias.com\\\/en\\\/#website\",\"url\":\"https:\\\/\\\/www.fcbarcelonanoticias.com\\\/en\\\/\",\"name\":\"EN - FC Barcelona Noticias\",\"description\":\"\",\"potentialAction\":[{\"@type\":\"SearchAction\",\"target\":{\"@type\":\"EntryPoint\",\"urlTemplate\":\"https:\\\/\\\/www.fcbarcelonanoticias.com\\\/en\\\/?s={search_term_string}\"},\"query-input\":{\"@type\":\"PropertyValueSpecification\",\"valueRequired\":true,\"valueName\":\"search_term_string\"}}],\"inLanguage\":\"en-US\"},{\"@type\":\"Person\",\"@id\":\"https:\\\/\\\/www.fcbarcelonanoticias.com\\\/en\\\/#\\\/schema\\\/person\\\/88d756918a0a1ae9fa593b5edddd1815\",\"name\":\"Juan Pablo Berdugo\",\"image\":{\"@type\":\"ImageObject\",\"inLanguage\":\"en-US\",\"@id\":\"https:\\\/\\\/secure.gravatar.com\\\/avatar\\\/?s=96&d=mm&r=g\",\"url\":\"https:\\\/\\\/secure.gravatar.com\\\/avatar\\\/?s=96&d=mm&r=g\",\"contentUrl\":\"https:\\\/\\\/secure.gravatar.com\\\/avatar\\\/?s=96&d=mm&r=g\",\"caption\":\"Juan Pablo Berdugo\"},\"description\":\"Juan Pablo Berdugo es graduado en Periodismo. Colabora con FCBN como especialista en informaci\u00f3n del primer equipo del FC Barcelona, f\u00fatbol internacional y mercado de fichajes. Destaca por su enfoque anal\u00edtico, su rigor informativo y su capacidad para detectar tendencias emergentes en el f\u00fatbol global.\",\"url\":\"https:\\\/\\\/www.fcbarcelonanoticias.com\\\/en\\\/fc-barcelona\\\/juan-pablo-berdugo_18_115.html\"}]}<\/script>\n<!-- \/ Yoast SEO plugin. -->","yoast_head_json":{"title":"Big News! The Super League Changes Its Face to Convince FIFA and UEFA","description":"The Super League reinvents itself with a new format that promises greater inclusion and balance to gain the approval of the highest football bodies","robots":{"index":"index","follow":"follow","max-snippet":"max-snippet:-1","max-image-preview":"max-image-preview:large","max-video-preview":"max-video-preview:-1"},"canonical":"https:\/\/www.fcbarcelonanoticias.com\/en\/football\/big-news-the-super-league-changes-its-face-to-convince-fifa-and-uefa_309426_102.html","og_locale":"en_US","og_type":"article","og_title":"Big News! The Super League Changes Its Face to Convince FIFA and UEFA","og_description":"The Super League reinvents itself with a new format that promises greater inclusion and balance to gain the approval of the highest football bodies","og_url":"https:\/\/www.fcbarcelonanoticias.com\/en\/football\/big-news-the-super-league-changes-its-face-to-convince-fifa-and-uefa_309426_102.html","og_site_name":"EN - FC Barcelona Noticias","article_published_time":"2024-12-18T01:35:00+00:00","article_modified_time":"2024-12-18T04:27:00+00:00","og_image":[{"width":2560,"height":1707,"url":"https:\/\/www.fcbarcelonanoticias.com\/en\/wp-content\/uploads\/sites\/2\/2024\/12\/gianni-infantino-ceferin-2-scaled.jpeg","type":"image\/jpeg"}],"author":"Juan Pablo Berdugo","twitter_card":"summary_large_image","twitter_misc":{"Written by":"Juan Pablo Berdugo","Est. reading time":"2 minutes"},"schema":{"@context":"https:\/\/schema.org","@graph":[{"@type":"Article","@id":"https:\/\/www.fcbarcelonanoticias.com\/en\/football\/big-news-the-super-league-changes-its-face-to-convince-fifa-and-uefa_309426_102.html#article","isPartOf":{"@id":"https:\/\/www.fcbarcelonanoticias.com\/en\/football\/big-news-the-super-league-changes-its-face-to-convince-fifa-and-uefa_309426_102.html"},"author":{"name":"Juan Pablo Berdugo","@id":"https:\/\/www.fcbarcelonanoticias.com\/en\/#\/schema\/person\/88d756918a0a1ae9fa593b5edddd1815"},"headline":"Big News! The Super League Changes Its Face to Convince FIFA and UEFA","datePublished":"2024-12-18T01:35:00+00:00","dateModified":"2024-12-18T04:27:00+00:00","mainEntityOfPage":{"@id":"https:\/\/www.fcbarcelonanoticias.com\/en\/football\/big-news-the-super-league-changes-its-face-to-convince-fifa-and-uefa_309426_102.html"},"wordCount":385,"image":{"@id":"https:\/\/www.fcbarcelonanoticias.com\/en\/football\/big-news-the-super-league-changes-its-face-to-convince-fifa-and-uefa_309426_102.html#primaryimage"},"thumbnailUrl":"https:\/\/www.fcbarcelonanoticias.com\/en\/wp-content\/uploads\/sites\/2\/2024\/12\/gianni-infantino-ceferin-2-scaled.jpeg","keywords":["FIFA","Super League","UEFA"],"articleSection":["Football","Football"],"inLanguage":"en-US"},{"@type":"WebPage","@id":"https:\/\/www.fcbarcelonanoticias.com\/en\/football\/big-news-the-super-league-changes-its-face-to-convince-fifa-and-uefa_309426_102.html","url":"https:\/\/www.fcbarcelonanoticias.com\/en\/football\/big-news-the-super-league-changes-its-face-to-convince-fifa-and-uefa_309426_102.html","name":"Big News! The Super League Changes Its Face to Convince FIFA and UEFA","isPartOf":{"@id":"https:\/\/www.fcbarcelonanoticias.com\/en\/#website"},"primaryImageOfPage":{"@id":"https:\/\/www.fcbarcelonanoticias.com\/en\/football\/big-news-the-super-league-changes-its-face-to-convince-fifa-and-uefa_309426_102.html#primaryimage"},"image":{"@id":"https:\/\/www.fcbarcelonanoticias.com\/en\/football\/big-news-the-super-league-changes-its-face-to-convince-fifa-and-uefa_309426_102.html#primaryimage"},"thumbnailUrl":"https:\/\/www.fcbarcelonanoticias.com\/en\/wp-content\/uploads\/sites\/2\/2024\/12\/gianni-infantino-ceferin-2-scaled.jpeg","datePublished":"2024-12-18T01:35:00+00:00","dateModified":"2024-12-18T04:27:00+00:00","author":{"@id":"https:\/\/www.fcbarcelonanoticias.com\/en\/#\/schema\/person\/88d756918a0a1ae9fa593b5edddd1815"},"description":"The Super League reinvents itself with a new format that promises greater inclusion and balance to gain the approval of the highest football bodies","breadcrumb":{"@id":"https:\/\/www.fcbarcelonanoticias.com\/en\/football\/big-news-the-super-league-changes-its-face-to-convince-fifa-and-uefa_309426_102.html#breadcrumb"},"inLanguage":"en-US","potentialAction":[{"@type":"ReadAction","target":["https:\/\/www.fcbarcelonanoticias.com\/en\/football\/big-news-the-super-league-changes-its-face-to-convince-fifa-and-uefa_309426_102.html"]}]},{"@type":"ImageObject","inLanguage":"en-US","@id":"https:\/\/www.fcbarcelonanoticias.com\/en\/football\/big-news-the-super-league-changes-its-face-to-convince-fifa-and-uefa_309426_102.html#primaryimage","url":"https:\/\/www.fcbarcelonanoticias.com\/en\/wp-content\/uploads\/sites\/2\/2024\/12\/gianni-infantino-ceferin-2-scaled.jpeg","contentUrl":"https:\/\/www.fcbarcelonanoticias.com\/en\/wp-content\/uploads\/sites\/2\/2024\/12\/gianni-infantino-ceferin-2-scaled.jpeg","width":2560,"height":1707},{"@type":"BreadcrumbList","@id":"https:\/\/www.fcbarcelonanoticias.com\/en\/football\/big-news-the-super-league-changes-its-face-to-convince-fifa-and-uefa_309426_102.html#breadcrumb","itemListElement":[{"@type":"ListItem","position":1,"name":"Portada","item":"https:\/\/www.fcbarcelonanoticias.com\/en\/"},{"@type":"ListItem","position":2,"name":"Big News! The Super League Changes Its Face to Convince FIFA and UEFA"}]},{"@type":"WebSite","@id":"https:\/\/www.fcbarcelonanoticias.com\/en\/#website","url":"https:\/\/www.fcbarcelonanoticias.com\/en\/","name":"EN - FC Barcelona Noticias","description":"","potentialAction":[{"@type":"SearchAction","target":{"@type":"EntryPoint","urlTemplate":"https:\/\/www.fcbarcelonanoticias.com\/en\/?s={search_term_string}"},"query-input":{"@type":"PropertyValueSpecification","valueRequired":true,"valueName":"search_term_string"}}],"inLanguage":"en-US"},{"@type":"Person","@id":"https:\/\/www.fcbarcelonanoticias.com\/en\/#\/schema\/person\/88d756918a0a1ae9fa593b5edddd1815","name":"Juan Pablo Berdugo","image":{"@type":"ImageObject","inLanguage":"en-US","@id":"https:\/\/secure.gravatar.com\/avatar\/?s=96&d=mm&r=g","url":"https:\/\/secure.gravatar.com\/avatar\/?s=96&d=mm&r=g","contentUrl":"https:\/\/secure.gravatar.com\/avatar\/?s=96&d=mm&r=g","caption":"Juan Pablo Berdugo"},"description":"Juan Pablo Berdugo es graduado en Periodismo. Colabora con FCBN como especialista en informaci\u00f3n del primer equipo del FC Barcelona, f\u00fatbol internacional y mercado de fichajes. Destaca por su enfoque anal\u00edtico, su rigor informativo y su capacidad para detectar tendencias emergentes en el f\u00fatbol global.","url":"https:\/\/www.fcbarcelonanoticias.com\/en\/fc-barcelona\/juan-pablo-berdugo_18_115.html"}]}},"_links":{"self":[{"href":"https:\/\/www.fcbarcelonanoticias.com\/en\/wp-json\/wp\/v2\/posts\/39805","targetHints":{"allow":["GET"]}}],"collection":[{"href":"https:\/\/www.fcbarcelonanoticias.com\/en\/wp-json\/wp\/v2\/posts"}],"about":[{"href":"https:\/\/www.fcbarcelonanoticias.com\/en\/wp-json\/wp\/v2\/types\/post"}],"author":[{"embeddable":true,"href":"https:\/\/www.fcbarcelonanoticias.com\/en\/wp-json\/wp\/v2\/users\/358"}],"replies":[{"embeddable":true,"href":"https:\/\/www.fcbarcelonanoticias.com\/en\/wp-json\/wp\/v2\/comments?post=39805"}],"version-history":[{"count":1,"href":"https:\/\/www.fcbarcelonanoticias.com\/en\/wp-json\/wp\/v2\/posts\/39805\/revisions"}],"predecessor-version":[{"id":39806,"href":"https:\/\/www.fcbarcelonanoticias.com\/en\/wp-json\/wp\/v2\/posts\/39805\/revisions\/39806"}],"wp:featuredmedia":[{"embeddable":true,"href":"https:\/\/www.fcbarcelonanoticias.com\/en\/wp-json\/wp\/v2\/media\/39807"}],"wp:attachment":[{"href":"https:\/\/www.fcbarcelonanoticias.com\/en\/wp-json\/wp\/v2\/media?parent=39805"}],"wp:term":[{"taxonomy":"category","embeddable":true,"href":"https:\/\/www.fcbarcelonanoticias.com\/en\/wp-json\/wp\/v2\/categories?post=39805"},{"taxonomy":"post_tag","embeddable":true,"href":"https:\/\/www.fcbarcelonanoticias.com\/en\/wp-json\/wp\/v2\/tags?post=39805"}],"curies":[{"name":"wp","href":"https:\/\/api.w.org\/{rel}","templated":true}]}}