{"id":39809,"date":"2025-06-28T22:39:00","date_gmt":"2025-06-28T20:39:00","guid":{"rendered":"https:\/\/weisetech.dev\/fc-barcelona-noticias\/en\/bombshell-in-poland-will-lewandowski-return-in-september_313286_102\/"},"modified":"2026-04-16T09:38:31","modified_gmt":"2026-04-16T07:38:31","slug":"bombshell-in-poland-will-lewandowski-return-in-september_313286_102","status":"publish","type":"post","link":"https:\/\/www.fcbarcelonanoticias.com\/en\/football\/bombshell-in-poland-will-lewandowski-return-in-september_313286_102.html","title":{"rendered":"A bombshell in Poland! Will Lewandowski return in September?"},"content":{"rendered":"<h2 class=\"wp-block-heading\">A bombshell in Poland! Will Lewandowski return in September?<\/h2>  \r\n<div class=\"article-addons\">\r\n    <a href=\"https:\/\/www.fcbarcelonanoticias.com\/en\/calendar-fc-barcelona.html\"\r\n       target=\"_self\"\r\n       title=\"Calendar of FC Barcelona\"\r\n       class=\"blue-gredient-btn\">\r\n       \r\n        Calendar of FC Barcelona    <\/a>\r\n<\/div>   <p><a data-external=\"0\" data-intl-links-en=\"https:\/\/www.fcbarcelonanoticias.com\/en\/tags\/robert-lewandowski\" data-intl-links-es=\"https:\/\/www.fcbarcelonanoticias.com\/tags\/robert-lewandowski\" href=\"https:\/\/www.fcbarcelonanoticias.com\/en\/player\/robert-lewandowski.html\" rel=\"follow\" target=\"_self\" title=\"Robert Lewandowski - latest news of Bar\u00e7a's '9'\">Robert Lewandowski<\/a> has not yet defined his future with the Polish national team. Although the <a data-external=\"0\" data-intl-links-en=\"https:\/\/www.fcbarcelonanoticias.com\/en\/fc-barcelona\" data-intl-links-es=\"https:\/\/www.fcbarcelonanoticias.com\/fc-barcelona\" href=\"https:\/\/www.fcbarcelonanoticias.com\/en\/football-soccer\/fc-barcelona.html\" rel=\"follow\" target=\"_self\" title=\"FC Barcelona\">FC Barcelona<\/a> forward declined to return with his national team after the controversy arising from his absence (by personal decision) from the FIFA date in June, in his country they are confident in the return of the forward in the double round of qualifiers scheduled for September.<\/p>  <p>According to the local newspaper &#8216;Przeglad Sportowy Onet&#8217;, the president of the Polish federation, Cezary Kulesza, would have opted for <strong>the return of Jerzy Brzeczek to the Polish bench<\/strong>.<\/p>  <p>The 54-year-old coach led Poland between 2018 and 2021 and, although his relationship with Lewandowski had several frictions, <strong>the federation is confident in the coach&#8217;s ability to convince the goalscorer<\/strong> to return.<\/p>  <h2>Lewandowski, willing to smooth things over with Poland<\/h2>  <p><strong><a data-external=\"0\" data-intl-links-en=\"https:\/\/www.fcbarcelonanoticias.com\/en\/football\/lewandowski-will-not-continue-in-poland-while-probierz-is-still-there_312995_102.html\" data-intl-links-es=\"https:\/\/www.fcbarcelonanoticias.com\/futbol\/bombazo-lewandowski-adios-polonia-conflicto-entrenador_312995_102.html\" href=\"https:\/\/www.fcbarcelonanoticias.com\/en\/football\/lewandowski-will-not-continue-in-poland-while-probierz-is-still-there_312995_102.html\" rel=\"follow\" target=\"_self\" title=\"BOMBSHELL: Robert Lewandowski announces his farewell to Poland and reveals the reason\">&#8216;Lewy&#8217; stated that he felt &#8220;betrayed&#8221; and &#8220;hurt&#8221;<\/a> with the former coach Michal Probierz<\/strong> due to the controversy arising from his absence in the matches against Moldova (1-0 victory, friendly) and Finland (2-1 defeat in qualifiers), the latter result being decisive for the dismissal of the Polish coach.<\/p>  <p>Well, the departure of Probierz would be key for the return of the &#8216;killer&#8217; to his national team. <strong>Robert is the all-time top scorer of Poland with 85 goals in 158 matches<\/strong> and should regain the captaincy if he finally returns for the matches against the Netherlands and Finland, both corresponding to the World Cup qualifier.<\/p>  <p><strong>The matches scheduled for September 4 and 7<\/strong> will be played in the first international break of 2025\/26. Just after, Bar\u00e7a plans to return to the Spotify Camp Nou in the middle of the month, either for matchday 4 or 5 of LaLiga or for the debut in the UEFA Champions League on September 16, 17 or 18.<\/p>  <div class=\"cke-element cke-element--102\"><section class=\"c-related-article\"><figure class=\"c-image__fig\"><a href=\"https:\/\/www.fcbarcelonanoticias.com\/fc-barcelona\/camp-nou-barca-quiere-jugar-gamper-con-maxima-capacidad-posible_313246_102.html\" title=\"CAMP NOU: Bar\u00e7a wants to play at the Gamper Stadium with the maximum possible capacity\" class=\"c-image__imglink\"><picture><img decoding=\"async\" src=\"https:\/\/www.fcbarcelonanoticias.com\/wp-content\/uploads\/sites\/2\/2025\/07\/fcbn-3f976c02fe63d80a2242e391b06098a6.jpeg\" alt=\"CAMP NOU: Bar\u00e7a wants to play at the Gamper Stadium with the maximum possible capacity\" title=\"CAMP NOU: Bar\u00e7a wants to play at the Gamper Stadium with the maximum possible capacity\" class=\"c-image__img\" width=\"1200\" height=\"675\" loading=\"lazy\"><\/picture><\/a>     <\/figure><div class=\"c-related-article__wrapper\">         <p class=\"c-related-article__avantitle\">Related<\/p>         <h4 class=\"c-related-article__title\">             <a href=\"https:\/\/www.fcbarcelonanoticias.com\/fc-barcelona\/camp-nou-barca-quiere-jugar-gamper-con-maxima-capacidad-posible_313246_102.html\" title=\"CAMP NOU: Bar\u00e7a wants to play the Gamper with the maximum possible capacity\" class=\"c-related-article__link\">                 CAMP NOU: Bar\u00e7a wants to play the Gamper with the maximum possible capacity             <\/a>         <\/h4>     <\/div> <\/section><\/div>  <h2>The World Cup, Robert Lewandowski&#8217;s main objective<\/h2>  <p>In that sense, <strong>the &#8216;azulgrana&#8217; team would logically feel more calm if Lewandowski does not travel with his national team<\/strong>. However, the club respects the position of each of its internationals and, in the case of the &#8216;9&#8217;, it is logically understood that he seeks to smooth things over with the press and the dressing room of the national team, thinking about qualifying for his last World Cup.<\/p>  <p>Robert will turn 37 in August, but <strong>he remains in top physical condition and dreams of playing in his third World Cup<\/strong>. Between 2018 and 2022, &#8216;Lewy&#8217; played 7 World Cup matches in which he has 2 goals and 1 assist. In Russia he was eliminated in the group stage and, in Qatar, he reached the round of 16.<\/p>  <p>For the experienced forward, this would be his last major continental tournament, since he would be approaching 40 years old for the 2028 European Championship. After the World Cup in Central America, <strong>everything points to the &#8216;9&#8217; leaving Bar\u00e7a with a free transfer<\/strong>, probably to play in Arabia.<\/p>  <div class=\"cke-element cke-element--102\"><section class=\"c-related-article\"><figure class=\"c-image__fig\"><a href=\"https:\/\/www.fcbarcelonanoticias.com\/fichajes\/arabia-vuelve-carga-por-lewandowski-fc-barcelona-atento_313179_102.html\" title=\"Saudi Arabia returns to the charge for Lewandowski: Bar\u00e7a is alert\" class=\"c-image__imglink\"><picture><img decoding=\"async\" src=\"https:\/\/www.fcbarcelonanoticias.com\/wp-content\/uploads\/sites\/2\/2025\/06\/fcbn-44d011930dadb3303f3a09e53ac587f1.jpeg\" alt=\"Saudi Arabia returns to the charge for Lewandowski: Bar\u00e7a is alert\" title=\"Saudi Arabia returns to the charge for Lewandowski: Bar\u00e7a is alert\" class=\"c-image__img\" width=\"1200\" height=\"675\" loading=\"lazy\"><\/picture><\/a>     <\/figure><div class=\"c-related-article__wrapper\">         <p class=\"c-related-article__avantitle\">Related<\/p>         <h4 class=\"c-related-article__title\">             <a href=\"https:\/\/www.fcbarcelonanoticias.com\/fichajes\/arabia-vuelve-carga-por-lewandowski-fc-barcelona-atento_313179_102.html\" title=\"Saudi Arabia returns to charge for Lewandowski: Bar\u00e7a alerts\" class=\"c-related-article__link\">                 Saudi Arabia returns to charge for Lewandowski: Bar\u00e7a alerts             <\/a>         <\/h4>     <\/div> <\/section><\/div>  <p><strong><u>FOLLOW US ON OUR SOCIAL NETWORKS:<\/u><\/strong><\/p>  <ol> <li> <strong>INSTAGRAM:&nbsp;<\/strong><a data-external=\"1\" href=\"https:\/\/www.instagram.com\/en\/fcbarcelonanoticias_com?utm_source=ig_web_button_share_sheet&amp;igsh=M2ZxMGZmeGhsbGd3\" rel=\"nofollow\" target=\"_blank\" title=\"@fcbarcelonanoticias_com\">@fcbarcelonanoticias_com<\/a> <\/li> \t<li> <strong>X (TWITTER):&nbsp;<\/strong><a data-external=\"1\" href=\"https:\/\/x.com\/en\/FCBNOTICIAS\" rel=\"nofollow\" target=\"_blank\" title=\"@FCBNOTICIAS\">@FCBNOTICIAS<\/a> <\/li> \t<li> <strong>THREADS:&nbsp;<\/strong><a data-external=\"1\" href=\"https:\/\/www.threads.com\/en\/@fcbarcelonanoticias_com\" rel=\"nofollow\" target=\"_blank\" title=\"@fcbarcelonanoticias_com\">@fcbarcelonanoticias_com<\/a> <\/li> <\/ol> ","protected":false},"excerpt":{"rendered":"<p>A bombshell in Poland! Will Lewandowski return in September? Robert Lewandowski has not yet defined his future with the Polish national team. Although the FC Barcelona forward declined to return with his national team after the controversy arising from his absence (by personal decision) from the FIFA date in June, in his country they are [&hellip;]<\/p>\n","protected":false},"author":347,"featured_media":260,"comment_status":"closed","ping_status":"open","sticky":false,"template":"","format":"standard","meta":{"_acf_changed":false,"inline_featured_image":false,"_nextfly_llmd_date_locked":false,"footnotes":""},"categories":[452,109],"tags":[91,152,462],"class_list":["post-39809","post","type-post","status-publish","format-standard","has-post-thumbnail","hentry","category-football-2","category-football","tag-national-teams","tag-robert-lewandowski","tag-robert-lewandowski-2"],"acf":[],"yoast_head":"<!-- This site is optimized with the Yoast SEO plugin v27.3 - https:\/\/yoast.com\/product\/yoast-seo-wordpress\/ -->\n<title>A bombshell in Poland! Will Lewandowski return in September?<\/title>\n<meta name=\"description\" content=\"The arrival of Jerzy Brzeczek to the bench of the Polish national team could convince Lewandowski to return to his national team. Find out why!\" \/>\n<meta name=\"robots\" content=\"index, follow, max-snippet:-1, max-image-preview:large, max-video-preview:-1\" \/>\n<link rel=\"canonical\" href=\"https:\/\/www.fcbarcelonanoticias.com\/en\/football\/bombshell-in-poland-will-lewandowski-return-in-september_313286_102.html\" \/>\n<meta property=\"og:locale\" content=\"en_US\" \/>\n<meta property=\"og:type\" content=\"article\" \/>\n<meta property=\"og:title\" content=\"A bombshell in Poland! Will Lewandowski return in September?\" \/>\n<meta property=\"og:description\" content=\"The arrival of Jerzy Brzeczek to the bench of the Polish national team could convince Lewandowski to return to his national team. Find out why!\" \/>\n<meta property=\"og:url\" content=\"https:\/\/www.fcbarcelonanoticias.com\/en\/football\/bombshell-in-poland-will-lewandowski-return-in-september_313286_102.html\" \/>\n<meta property=\"og:site_name\" content=\"EN - FC Barcelona Noticias\" \/>\n<meta property=\"article:published_time\" content=\"2025-06-28T20:39:00+00:00\" \/>\n<meta property=\"article:modified_time\" content=\"2026-04-16T07:38:31+00:00\" \/>\n<meta property=\"og:image\" content=\"https:\/\/www.fcbarcelonanoticias.com\/en\/wp-content\/uploads\/sites\/2\/2024\/09\/robert-lewandowski-polonia.jpeg\" \/>\n\t<meta property=\"og:image:width\" content=\"1300\" \/>\n\t<meta property=\"og:image:height\" content=\"732\" \/>\n\t<meta property=\"og:image:type\" content=\"image\/jpeg\" \/>\n<meta name=\"author\" content=\"Andr\u00e9s Quiroz\" \/>\n<meta name=\"twitter:card\" content=\"summary_large_image\" \/>\n<meta name=\"twitter:label1\" content=\"Written by\" \/>\n\t<meta name=\"twitter:data1\" content=\"Andr\u00e9s Quiroz\" \/>\n\t<meta name=\"twitter:label2\" content=\"Est. reading time\" \/>\n\t<meta name=\"twitter:data2\" content=\"3 minutes\" \/>\n<script type=\"application\/ld+json\" class=\"yoast-schema-graph\">{\"@context\":\"https:\\\/\\\/schema.org\",\"@graph\":[{\"@type\":\"Article\",\"@id\":\"https:\\\/\\\/www.fcbarcelonanoticias.com\\\/en\\\/football\\\/bombshell-in-poland-will-lewandowski-return-in-september_313286_102.html#article\",\"isPartOf\":{\"@id\":\"https:\\\/\\\/www.fcbarcelonanoticias.com\\\/en\\\/football\\\/bombshell-in-poland-will-lewandowski-return-in-september_313286_102.html\"},\"author\":{\"name\":\"Andr\u00e9s Quiroz\",\"@id\":\"https:\\\/\\\/www.fcbarcelonanoticias.com\\\/en\\\/#\\\/schema\\\/person\\\/c2cd9f6fa1af5c0d0eccd0fefa575c88\"},\"headline\":\"A bombshell in Poland! Will Lewandowski return in September?\",\"datePublished\":\"2025-06-28T20:39:00+00:00\",\"dateModified\":\"2026-04-16T07:38:31+00:00\",\"mainEntityOfPage\":{\"@id\":\"https:\\\/\\\/www.fcbarcelonanoticias.com\\\/en\\\/football\\\/bombshell-in-poland-will-lewandowski-return-in-september_313286_102.html\"},\"wordCount\":518,\"image\":{\"@id\":\"https:\\\/\\\/www.fcbarcelonanoticias.com\\\/en\\\/football\\\/bombshell-in-poland-will-lewandowski-return-in-september_313286_102.html#primaryimage\"},\"thumbnailUrl\":\"https:\\\/\\\/www.fcbarcelonanoticias.com\\\/en\\\/wp-content\\\/uploads\\\/sites\\\/2\\\/2024\\\/09\\\/robert-lewandowski-polonia.jpeg\",\"keywords\":[\"National Teams\",\"Robert Lewandowski\",\"Robert Lewandowski\"],\"articleSection\":[\"Football\",\"Football\"],\"inLanguage\":\"en-US\"},{\"@type\":\"WebPage\",\"@id\":\"https:\\\/\\\/www.fcbarcelonanoticias.com\\\/en\\\/football\\\/bombshell-in-poland-will-lewandowski-return-in-september_313286_102.html\",\"url\":\"https:\\\/\\\/www.fcbarcelonanoticias.com\\\/en\\\/football\\\/bombshell-in-poland-will-lewandowski-return-in-september_313286_102.html\",\"name\":\"A bombshell in Poland! Will Lewandowski return in September?\",\"isPartOf\":{\"@id\":\"https:\\\/\\\/www.fcbarcelonanoticias.com\\\/en\\\/#website\"},\"primaryImageOfPage\":{\"@id\":\"https:\\\/\\\/www.fcbarcelonanoticias.com\\\/en\\\/football\\\/bombshell-in-poland-will-lewandowski-return-in-september_313286_102.html#primaryimage\"},\"image\":{\"@id\":\"https:\\\/\\\/www.fcbarcelonanoticias.com\\\/en\\\/football\\\/bombshell-in-poland-will-lewandowski-return-in-september_313286_102.html#primaryimage\"},\"thumbnailUrl\":\"https:\\\/\\\/www.fcbarcelonanoticias.com\\\/en\\\/wp-content\\\/uploads\\\/sites\\\/2\\\/2024\\\/09\\\/robert-lewandowski-polonia.jpeg\",\"datePublished\":\"2025-06-28T20:39:00+00:00\",\"dateModified\":\"2026-04-16T07:38:31+00:00\",\"author\":{\"@id\":\"https:\\\/\\\/www.fcbarcelonanoticias.com\\\/en\\\/#\\\/schema\\\/person\\\/c2cd9f6fa1af5c0d0eccd0fefa575c88\"},\"description\":\"The arrival of Jerzy Brzeczek to the bench of the Polish national team could convince Lewandowski to return to his national team. Find out why!\",\"breadcrumb\":{\"@id\":\"https:\\\/\\\/www.fcbarcelonanoticias.com\\\/en\\\/football\\\/bombshell-in-poland-will-lewandowski-return-in-september_313286_102.html#breadcrumb\"},\"inLanguage\":\"en-US\",\"potentialAction\":[{\"@type\":\"ReadAction\",\"target\":[\"https:\\\/\\\/www.fcbarcelonanoticias.com\\\/en\\\/football\\\/bombshell-in-poland-will-lewandowski-return-in-september_313286_102.html\"]}]},{\"@type\":\"ImageObject\",\"inLanguage\":\"en-US\",\"@id\":\"https:\\\/\\\/www.fcbarcelonanoticias.com\\\/en\\\/football\\\/bombshell-in-poland-will-lewandowski-return-in-september_313286_102.html#primaryimage\",\"url\":\"https:\\\/\\\/www.fcbarcelonanoticias.com\\\/en\\\/wp-content\\\/uploads\\\/sites\\\/2\\\/2024\\\/09\\\/robert-lewandowski-polonia.jpeg\",\"contentUrl\":\"https:\\\/\\\/www.fcbarcelonanoticias.com\\\/en\\\/wp-content\\\/uploads\\\/sites\\\/2\\\/2024\\\/09\\\/robert-lewandowski-polonia.jpeg\",\"width\":1300,\"height\":732},{\"@type\":\"BreadcrumbList\",\"@id\":\"https:\\\/\\\/www.fcbarcelonanoticias.com\\\/en\\\/football\\\/bombshell-in-poland-will-lewandowski-return-in-september_313286_102.html#breadcrumb\",\"itemListElement\":[{\"@type\":\"ListItem\",\"position\":1,\"name\":\"Portada\",\"item\":\"https:\\\/\\\/www.fcbarcelonanoticias.com\\\/en\\\/\"},{\"@type\":\"ListItem\",\"position\":2,\"name\":\"A bombshell in Poland! Will Lewandowski return in September?\"}]},{\"@type\":\"WebSite\",\"@id\":\"https:\\\/\\\/www.fcbarcelonanoticias.com\\\/en\\\/#website\",\"url\":\"https:\\\/\\\/www.fcbarcelonanoticias.com\\\/en\\\/\",\"name\":\"EN - FC Barcelona Noticias\",\"description\":\"\",\"potentialAction\":[{\"@type\":\"SearchAction\",\"target\":{\"@type\":\"EntryPoint\",\"urlTemplate\":\"https:\\\/\\\/www.fcbarcelonanoticias.com\\\/en\\\/?s={search_term_string}\"},\"query-input\":{\"@type\":\"PropertyValueSpecification\",\"valueRequired\":true,\"valueName\":\"search_term_string\"}}],\"inLanguage\":\"en-US\"},{\"@type\":\"Person\",\"@id\":\"https:\\\/\\\/www.fcbarcelonanoticias.com\\\/en\\\/#\\\/schema\\\/person\\\/c2cd9f6fa1af5c0d0eccd0fefa575c88\",\"name\":\"Andr\u00e9s Quiroz\",\"image\":{\"@type\":\"ImageObject\",\"inLanguage\":\"en-US\",\"@id\":\"https:\\\/\\\/secure.gravatar.com\\\/avatar\\\/?s=96&d=mm&r=g\",\"url\":\"https:\\\/\\\/secure.gravatar.com\\\/avatar\\\/?s=96&d=mm&r=g\",\"contentUrl\":\"https:\\\/\\\/secure.gravatar.com\\\/avatar\\\/?s=96&d=mm&r=g\",\"caption\":\"Andr\u00e9s Quiroz\"},\"description\":\"Licenciado en Periodismo por la Universidad de los Andes. Me encargo de analizar y compartir los contenidos m\u00e1s destacados de la\u00a0actualidad del F\u00fatbol Club Barcelona, Mercado de Fichajes y F\u00fatbol Internacional en FCBN. La informaci\u00f3n es poder, pero tambi\u00e9n conocimiento.\",\"url\":\"https:\\\/\\\/www.fcbarcelonanoticias.com\\\/en\\\/fc-barcelona\\\/andres-quiroz_17_115.html\"}]}<\/script>\n<!-- \/ Yoast SEO plugin. -->","yoast_head_json":{"title":"A bombshell in Poland! Will Lewandowski return in September?","description":"The arrival of Jerzy Brzeczek to the bench of the Polish national team could convince Lewandowski to return to his national team. Find out why!","robots":{"index":"index","follow":"follow","max-snippet":"max-snippet:-1","max-image-preview":"max-image-preview:large","max-video-preview":"max-video-preview:-1"},"canonical":"https:\/\/www.fcbarcelonanoticias.com\/en\/football\/bombshell-in-poland-will-lewandowski-return-in-september_313286_102.html","og_locale":"en_US","og_type":"article","og_title":"A bombshell in Poland! Will Lewandowski return in September?","og_description":"The arrival of Jerzy Brzeczek to the bench of the Polish national team could convince Lewandowski to return to his national team. Find out why!","og_url":"https:\/\/www.fcbarcelonanoticias.com\/en\/football\/bombshell-in-poland-will-lewandowski-return-in-september_313286_102.html","og_site_name":"EN - FC Barcelona Noticias","article_published_time":"2025-06-28T20:39:00+00:00","article_modified_time":"2026-04-16T07:38:31+00:00","og_image":[{"width":1300,"height":732,"url":"https:\/\/www.fcbarcelonanoticias.com\/en\/wp-content\/uploads\/sites\/2\/2024\/09\/robert-lewandowski-polonia.jpeg","type":"image\/jpeg"}],"author":"Andr\u00e9s Quiroz","twitter_card":"summary_large_image","twitter_misc":{"Written by":"Andr\u00e9s Quiroz","Est. reading time":"3 minutes"},"schema":{"@context":"https:\/\/schema.org","@graph":[{"@type":"Article","@id":"https:\/\/www.fcbarcelonanoticias.com\/en\/football\/bombshell-in-poland-will-lewandowski-return-in-september_313286_102.html#article","isPartOf":{"@id":"https:\/\/www.fcbarcelonanoticias.com\/en\/football\/bombshell-in-poland-will-lewandowski-return-in-september_313286_102.html"},"author":{"name":"Andr\u00e9s Quiroz","@id":"https:\/\/www.fcbarcelonanoticias.com\/en\/#\/schema\/person\/c2cd9f6fa1af5c0d0eccd0fefa575c88"},"headline":"A bombshell in Poland! Will Lewandowski return in September?","datePublished":"2025-06-28T20:39:00+00:00","dateModified":"2026-04-16T07:38:31+00:00","mainEntityOfPage":{"@id":"https:\/\/www.fcbarcelonanoticias.com\/en\/football\/bombshell-in-poland-will-lewandowski-return-in-september_313286_102.html"},"wordCount":518,"image":{"@id":"https:\/\/www.fcbarcelonanoticias.com\/en\/football\/bombshell-in-poland-will-lewandowski-return-in-september_313286_102.html#primaryimage"},"thumbnailUrl":"https:\/\/www.fcbarcelonanoticias.com\/en\/wp-content\/uploads\/sites\/2\/2024\/09\/robert-lewandowski-polonia.jpeg","keywords":["National Teams","Robert Lewandowski","Robert Lewandowski"],"articleSection":["Football","Football"],"inLanguage":"en-US"},{"@type":"WebPage","@id":"https:\/\/www.fcbarcelonanoticias.com\/en\/football\/bombshell-in-poland-will-lewandowski-return-in-september_313286_102.html","url":"https:\/\/www.fcbarcelonanoticias.com\/en\/football\/bombshell-in-poland-will-lewandowski-return-in-september_313286_102.html","name":"A bombshell in Poland! Will Lewandowski return in September?","isPartOf":{"@id":"https:\/\/www.fcbarcelonanoticias.com\/en\/#website"},"primaryImageOfPage":{"@id":"https:\/\/www.fcbarcelonanoticias.com\/en\/football\/bombshell-in-poland-will-lewandowski-return-in-september_313286_102.html#primaryimage"},"image":{"@id":"https:\/\/www.fcbarcelonanoticias.com\/en\/football\/bombshell-in-poland-will-lewandowski-return-in-september_313286_102.html#primaryimage"},"thumbnailUrl":"https:\/\/www.fcbarcelonanoticias.com\/en\/wp-content\/uploads\/sites\/2\/2024\/09\/robert-lewandowski-polonia.jpeg","datePublished":"2025-06-28T20:39:00+00:00","dateModified":"2026-04-16T07:38:31+00:00","author":{"@id":"https:\/\/www.fcbarcelonanoticias.com\/en\/#\/schema\/person\/c2cd9f6fa1af5c0d0eccd0fefa575c88"},"description":"The arrival of Jerzy Brzeczek to the bench of the Polish national team could convince Lewandowski to return to his national team. Find out why!","breadcrumb":{"@id":"https:\/\/www.fcbarcelonanoticias.com\/en\/football\/bombshell-in-poland-will-lewandowski-return-in-september_313286_102.html#breadcrumb"},"inLanguage":"en-US","potentialAction":[{"@type":"ReadAction","target":["https:\/\/www.fcbarcelonanoticias.com\/en\/football\/bombshell-in-poland-will-lewandowski-return-in-september_313286_102.html"]}]},{"@type":"ImageObject","inLanguage":"en-US","@id":"https:\/\/www.fcbarcelonanoticias.com\/en\/football\/bombshell-in-poland-will-lewandowski-return-in-september_313286_102.html#primaryimage","url":"https:\/\/www.fcbarcelonanoticias.com\/en\/wp-content\/uploads\/sites\/2\/2024\/09\/robert-lewandowski-polonia.jpeg","contentUrl":"https:\/\/www.fcbarcelonanoticias.com\/en\/wp-content\/uploads\/sites\/2\/2024\/09\/robert-lewandowski-polonia.jpeg","width":1300,"height":732},{"@type":"BreadcrumbList","@id":"https:\/\/www.fcbarcelonanoticias.com\/en\/football\/bombshell-in-poland-will-lewandowski-return-in-september_313286_102.html#breadcrumb","itemListElement":[{"@type":"ListItem","position":1,"name":"Portada","item":"https:\/\/www.fcbarcelonanoticias.com\/en\/"},{"@type":"ListItem","position":2,"name":"A bombshell in Poland! Will Lewandowski return in September?"}]},{"@type":"WebSite","@id":"https:\/\/www.fcbarcelonanoticias.com\/en\/#website","url":"https:\/\/www.fcbarcelonanoticias.com\/en\/","name":"EN - FC Barcelona Noticias","description":"","potentialAction":[{"@type":"SearchAction","target":{"@type":"EntryPoint","urlTemplate":"https:\/\/www.fcbarcelonanoticias.com\/en\/?s={search_term_string}"},"query-input":{"@type":"PropertyValueSpecification","valueRequired":true,"valueName":"search_term_string"}}],"inLanguage":"en-US"},{"@type":"Person","@id":"https:\/\/www.fcbarcelonanoticias.com\/en\/#\/schema\/person\/c2cd9f6fa1af5c0d0eccd0fefa575c88","name":"Andr\u00e9s Quiroz","image":{"@type":"ImageObject","inLanguage":"en-US","@id":"https:\/\/secure.gravatar.com\/avatar\/?s=96&d=mm&r=g","url":"https:\/\/secure.gravatar.com\/avatar\/?s=96&d=mm&r=g","contentUrl":"https:\/\/secure.gravatar.com\/avatar\/?s=96&d=mm&r=g","caption":"Andr\u00e9s Quiroz"},"description":"Licenciado en Periodismo por la Universidad de los Andes. Me encargo de analizar y compartir los contenidos m\u00e1s destacados de la\u00a0actualidad del F\u00fatbol Club Barcelona, Mercado de Fichajes y F\u00fatbol Internacional en FCBN. La informaci\u00f3n es poder, pero tambi\u00e9n conocimiento.","url":"https:\/\/www.fcbarcelonanoticias.com\/en\/fc-barcelona\/andres-quiroz_17_115.html"}]}},"_links":{"self":[{"href":"https:\/\/www.fcbarcelonanoticias.com\/en\/wp-json\/wp\/v2\/posts\/39809","targetHints":{"allow":["GET"]}}],"collection":[{"href":"https:\/\/www.fcbarcelonanoticias.com\/en\/wp-json\/wp\/v2\/posts"}],"about":[{"href":"https:\/\/www.fcbarcelonanoticias.com\/en\/wp-json\/wp\/v2\/types\/post"}],"author":[{"embeddable":true,"href":"https:\/\/www.fcbarcelonanoticias.com\/en\/wp-json\/wp\/v2\/users\/347"}],"replies":[{"embeddable":true,"href":"https:\/\/www.fcbarcelonanoticias.com\/en\/wp-json\/wp\/v2\/comments?post=39809"}],"version-history":[{"count":6,"href":"https:\/\/www.fcbarcelonanoticias.com\/en\/wp-json\/wp\/v2\/posts\/39809\/revisions"}],"predecessor-version":[{"id":177771,"href":"https:\/\/www.fcbarcelonanoticias.com\/en\/wp-json\/wp\/v2\/posts\/39809\/revisions\/177771"}],"wp:featuredmedia":[{"embeddable":true,"href":"https:\/\/www.fcbarcelonanoticias.com\/en\/wp-json\/wp\/v2\/media\/260"}],"wp:attachment":[{"href":"https:\/\/www.fcbarcelonanoticias.com\/en\/wp-json\/wp\/v2\/media?parent=39809"}],"wp:term":[{"taxonomy":"category","embeddable":true,"href":"https:\/\/www.fcbarcelonanoticias.com\/en\/wp-json\/wp\/v2\/categories?post=39809"},{"taxonomy":"post_tag","embeddable":true,"href":"https:\/\/www.fcbarcelonanoticias.com\/en\/wp-json\/wp\/v2\/tags?post=39809"}],"curies":[{"name":"wp","href":"https:\/\/api.w.org\/{rel}","templated":true}]}}