{"id":3983,"date":"2017-02-15T00:12:00","date_gmt":"2017-02-14T23:12:00","guid":{"rendered":"https:\/\/weisetech.dev\/fc-barcelona-noticias\/en\/i-gave-maria-celebrated-like-a-poseso-the-doublet-to-the-barca_197039_102\/"},"modified":"2017-02-15T16:07:00","modified_gmt":"2017-02-15T15:07:00","slug":"i-gave-maria-celebrated-like-a-poseso-the-doublet-to-the-barca_197039_102","status":"publish","type":"post","link":"https:\/\/www.fcbarcelonanoticias.com\/en\/champions-league\/i-gave-maria-celebrated-like-a-poseso-the-doublet-to-the-barca_197039_102.html","title":{"rendered":"I gave Mar\u00eda celebrated like a poseso the &#8220;doublet&#8221; to the Bar\u00e7a"},"content":{"rendered":"<h2 class=\"wp-block-heading\">\u00c1ngel Gave Mar\u00eda cuaj\u00f3 a spectacular party against the FC Barcelona, with two golazos that serve him to recover the absolute confidence of the bloated of Paris Saint-Germain and also of the trainer, Unai Emery. The Argentinian maddened of joy<\/h2>  \r\n<div class=\"article-addons\">\r\n    <a href=\"https:\/\/www.fcbarcelonanoticias.com\/en\/calendar-fc-barcelona.html\"\r\n       target=\"_self\"\r\n       title=\"Calendar of FC Barcelona\"\r\n       class=\"blue-gredient-btn\">\r\n       \r\n        Calendar of FC Barcelona    <\/a>\r\n<\/div>   <p>The prodigious attacker Argentinian of Paris Saint-Germain, <strong>\u00c1ngel Gave Mar\u00eda<\/strong>, celebrated like a poseso<strong> the two golazos lumbered with to the FC Barcelona<\/strong> in the gone <a href=\"https:\/\/www.fcbarcelonanoticias.com\/entradas\/entradas-fc-barcelona-vs-paris-saint-germain-champions_196040_102.html\"><strong>of eighth of final of the UEFA Champions League 2016-17<\/strong><\/a>. And it was not for less. The two targets transformed in front of the cul\u00e9s, in the most important party of the season for the PSG, serve to &#8220;resurrect&#8221; to Gave Mar\u00eda first of all the world.<\/p> <p><strong>The fans of Paris Saint-Germain has happened to criticise him to idolise him<\/strong> in hardly some days, whereas the goals and the performance, in general lines, an faith also to Unai Emery that it did the correct planting him like titling in front of the Barcelona in the Park of The Princes.<\/p> <p>It was one of the first substituted of the PSG, is true, but this was more by a physical question that by another thing<strong>. \u00c1ngel Gave Mar\u00eda was without place to doubts the big local protagonist<\/strong> in <a href=\"https:\/\/www.fcbarcelonanoticias.com\/en\/fc-barcelona\/debacle-total-del-barca-en-paris-que-le-aleja-de-la-champions_197021_102.html\"><strong>the goleada to the FC Barcelona<\/strong><\/a>, opening the tin with a direct fault and annotating the 3-0 with a portentoso shot from out of the area that went in by the square, without that it served of at all the pulled of Ter Stegen.<\/p> <h2>I gave Mar\u00eda, goleador strengthened against the Bar\u00e7a<\/h2> <p>With the two goals,<strong> Gave Mar\u00eda already has marked four targets to the FC Barcelona<\/strong>, explaining the two that marked him in 2012 and 2014 when it still was player of the Real Madrid, in the Supercopa of Spain 2012 and the final of the Glass of the King of 2014.<\/p> <p>As it could not be of another way, this Tuesday celebrated with a big euphoria the goals annotated, visibly sonriente and forming the traditional gesture of the heart. In fact, <strong>it could not choose better occasion that the Valentine&#8217;s day<\/strong>.<\/p> <h2><a href=\"https:\/\/www.fcbarcelonanoticias.com\/fc-barcelona\/video-resumen-psg-4-fc-barcelona-0-champions-ida-1-8_197020_102.html\">Video summary: the goals and better played of the PSG-Bar\u00e7a (4-0)<\/a><\/h2> ","protected":false},"excerpt":{"rendered":"<p>\u00c1ngel Gave Mar\u00eda cuaj\u00f3 a spectacular party against the FC Barcelona, with two golazos that serve him to recover the absolute confidence of the bloated of Paris Saint-Germain and also of the trainer, Unai Emery. The Argentinian maddened of joy The prodigious attacker Argentinian of Paris Saint-Germain, \u00c1ngel Gave Mar\u00eda, celebrated like a poseso the [&hellip;]<\/p>\n","protected":false},"author":366,"featured_media":2252,"comment_status":"closed","ping_status":"open","sticky":false,"template":"","format":"standard","meta":{"_acf_changed":false,"inline_featured_image":false,"_nextfly_llmd_date_locked":false,"footnotes":""},"categories":[112,447],"tags":[88],"class_list":["post-3983","post","type-post","status-publish","format-standard","has-post-thumbnail","hentry","category-champions-league","category-champions-league-2","tag-paris-saint-germain"],"acf":[],"yoast_head":"<!-- This site is optimized with the Yoast SEO plugin v27.3 - https:\/\/yoast.com\/product\/yoast-seo-wordpress\/ -->\n<title>I gave Mar\u00eda celebrated like a poseso the &quot;doublet&quot; to the Bar\u00e7a<\/title>\n<meta name=\"description\" content=\"\u00c1ngel Gave Mar\u00eda cuaj\u00f3 a spectacular party against the FC Barcelona, with two golazos that serve him to recover the absolute confidence of the...\" \/>\n<meta name=\"robots\" content=\"index, follow, max-snippet:-1, max-image-preview:large, max-video-preview:-1\" \/>\n<link rel=\"canonical\" href=\"https:\/\/www.fcbarcelonanoticias.com\/en\/champions-league\/i-gave-maria-celebrated-like-a-poseso-the-doublet-to-the-barca_197039_102.html\" \/>\n<meta property=\"og:locale\" content=\"en_US\" \/>\n<meta property=\"og:type\" content=\"article\" \/>\n<meta property=\"og:title\" content=\"I gave Mar\u00eda celebrated like a poseso the &quot;doublet&quot; to the Bar\u00e7a\" \/>\n<meta property=\"og:description\" content=\"\u00c1ngel Gave Mar\u00eda cuaj\u00f3 a spectacular party against the FC Barcelona, with two golazos that serve him to recover the absolute confidence of the...\" \/>\n<meta property=\"og:url\" content=\"https:\/\/www.fcbarcelonanoticias.com\/en\/champions-league\/i-gave-maria-celebrated-like-a-poseso-the-doublet-to-the-barca_197039_102.html\" \/>\n<meta property=\"og:site_name\" content=\"EN - FC Barcelona Noticias\" \/>\n<meta property=\"article:published_time\" content=\"2017-02-14T23:12:00+00:00\" \/>\n<meta property=\"article:modified_time\" content=\"2017-02-15T15:07:00+00:00\" \/>\n<meta property=\"og:image\" content=\"https:\/\/www.fcbarcelonanoticias.com\/en\/wp-content\/uploads\/sites\/2\/2017\/02\/di-maria-210326.jpeg\" \/>\n\t<meta property=\"og:image:width\" content=\"761\" \/>\n\t<meta property=\"og:image:height\" content=\"428\" \/>\n\t<meta property=\"og:image:type\" content=\"image\/jpeg\" \/>\n<meta name=\"author\" content=\"Carlos Dom\u00ednguez\" \/>\n<meta name=\"twitter:card\" content=\"summary_large_image\" \/>\n<meta name=\"twitter:label1\" content=\"Written by\" \/>\n\t<meta name=\"twitter:data1\" content=\"Carlos Dom\u00ednguez\" \/>\n\t<meta name=\"twitter:label2\" content=\"Est. reading time\" \/>\n\t<meta name=\"twitter:data2\" content=\"2 minutes\" \/>\n<script type=\"application\/ld+json\" class=\"yoast-schema-graph\">{\"@context\":\"https:\\\/\\\/schema.org\",\"@graph\":[{\"@type\":\"Article\",\"@id\":\"https:\\\/\\\/www.fcbarcelonanoticias.com\\\/en\\\/champions-league\\\/i-gave-maria-celebrated-like-a-poseso-the-doublet-to-the-barca_197039_102.html#article\",\"isPartOf\":{\"@id\":\"https:\\\/\\\/www.fcbarcelonanoticias.com\\\/en\\\/champions-league\\\/i-gave-maria-celebrated-like-a-poseso-the-doublet-to-the-barca_197039_102.html\"},\"author\":{\"name\":\"Carlos Dom\u00ednguez\",\"@id\":\"https:\\\/\\\/www.fcbarcelonanoticias.com\\\/en\\\/#\\\/schema\\\/person\\\/888e29b17b79c70d1c617d8a7bc9b8c6\"},\"headline\":\"I gave Mar\u00eda celebrated like a poseso the &#8220;doublet&#8221; to the Bar\u00e7a\",\"datePublished\":\"2017-02-14T23:12:00+00:00\",\"dateModified\":\"2017-02-15T15:07:00+00:00\",\"mainEntityOfPage\":{\"@id\":\"https:\\\/\\\/www.fcbarcelonanoticias.com\\\/en\\\/champions-league\\\/i-gave-maria-celebrated-like-a-poseso-the-doublet-to-the-barca_197039_102.html\"},\"wordCount\":376,\"image\":{\"@id\":\"https:\\\/\\\/www.fcbarcelonanoticias.com\\\/en\\\/champions-league\\\/i-gave-maria-celebrated-like-a-poseso-the-doublet-to-the-barca_197039_102.html#primaryimage\"},\"thumbnailUrl\":\"https:\\\/\\\/www.fcbarcelonanoticias.com\\\/en\\\/wp-content\\\/uploads\\\/sites\\\/2\\\/2017\\\/02\\\/di-maria-210326.jpeg\",\"keywords\":[\"Paris Saint-Germain\"],\"articleSection\":[\"Champions League\",\"Champions League\"],\"inLanguage\":\"en-US\"},{\"@type\":\"WebPage\",\"@id\":\"https:\\\/\\\/www.fcbarcelonanoticias.com\\\/en\\\/champions-league\\\/i-gave-maria-celebrated-like-a-poseso-the-doublet-to-the-barca_197039_102.html\",\"url\":\"https:\\\/\\\/www.fcbarcelonanoticias.com\\\/en\\\/champions-league\\\/i-gave-maria-celebrated-like-a-poseso-the-doublet-to-the-barca_197039_102.html\",\"name\":\"I gave Mar\u00eda celebrated like a poseso the \\\"doublet\\\" to the Bar\u00e7a\",\"isPartOf\":{\"@id\":\"https:\\\/\\\/www.fcbarcelonanoticias.com\\\/en\\\/#website\"},\"primaryImageOfPage\":{\"@id\":\"https:\\\/\\\/www.fcbarcelonanoticias.com\\\/en\\\/champions-league\\\/i-gave-maria-celebrated-like-a-poseso-the-doublet-to-the-barca_197039_102.html#primaryimage\"},\"image\":{\"@id\":\"https:\\\/\\\/www.fcbarcelonanoticias.com\\\/en\\\/champions-league\\\/i-gave-maria-celebrated-like-a-poseso-the-doublet-to-the-barca_197039_102.html#primaryimage\"},\"thumbnailUrl\":\"https:\\\/\\\/www.fcbarcelonanoticias.com\\\/en\\\/wp-content\\\/uploads\\\/sites\\\/2\\\/2017\\\/02\\\/di-maria-210326.jpeg\",\"datePublished\":\"2017-02-14T23:12:00+00:00\",\"dateModified\":\"2017-02-15T15:07:00+00:00\",\"author\":{\"@id\":\"https:\\\/\\\/www.fcbarcelonanoticias.com\\\/en\\\/#\\\/schema\\\/person\\\/888e29b17b79c70d1c617d8a7bc9b8c6\"},\"description\":\"\u00c1ngel Gave Mar\u00eda cuaj\u00f3 a spectacular party against the FC Barcelona, with two golazos that serve him to recover the absolute confidence of the...\",\"breadcrumb\":{\"@id\":\"https:\\\/\\\/www.fcbarcelonanoticias.com\\\/en\\\/champions-league\\\/i-gave-maria-celebrated-like-a-poseso-the-doublet-to-the-barca_197039_102.html#breadcrumb\"},\"inLanguage\":\"en-US\",\"potentialAction\":[{\"@type\":\"ReadAction\",\"target\":[\"https:\\\/\\\/www.fcbarcelonanoticias.com\\\/en\\\/champions-league\\\/i-gave-maria-celebrated-like-a-poseso-the-doublet-to-the-barca_197039_102.html\"]}]},{\"@type\":\"ImageObject\",\"inLanguage\":\"en-US\",\"@id\":\"https:\\\/\\\/www.fcbarcelonanoticias.com\\\/en\\\/champions-league\\\/i-gave-maria-celebrated-like-a-poseso-the-doublet-to-the-barca_197039_102.html#primaryimage\",\"url\":\"https:\\\/\\\/www.fcbarcelonanoticias.com\\\/en\\\/wp-content\\\/uploads\\\/sites\\\/2\\\/2017\\\/02\\\/di-maria-210326.jpeg\",\"contentUrl\":\"https:\\\/\\\/www.fcbarcelonanoticias.com\\\/en\\\/wp-content\\\/uploads\\\/sites\\\/2\\\/2017\\\/02\\\/di-maria-210326.jpeg\",\"width\":761,\"height\":428},{\"@type\":\"BreadcrumbList\",\"@id\":\"https:\\\/\\\/www.fcbarcelonanoticias.com\\\/en\\\/champions-league\\\/i-gave-maria-celebrated-like-a-poseso-the-doublet-to-the-barca_197039_102.html#breadcrumb\",\"itemListElement\":[{\"@type\":\"ListItem\",\"position\":1,\"name\":\"Portada\",\"item\":\"https:\\\/\\\/www.fcbarcelonanoticias.com\\\/en\\\/\"},{\"@type\":\"ListItem\",\"position\":2,\"name\":\"I gave Mar\u00eda celebrated like a poseso the &#8220;doublet&#8221; to the Bar\u00e7a\"}]},{\"@type\":\"WebSite\",\"@id\":\"https:\\\/\\\/www.fcbarcelonanoticias.com\\\/en\\\/#website\",\"url\":\"https:\\\/\\\/www.fcbarcelonanoticias.com\\\/en\\\/\",\"name\":\"EN - FC Barcelona Noticias\",\"description\":\"\",\"potentialAction\":[{\"@type\":\"SearchAction\",\"target\":{\"@type\":\"EntryPoint\",\"urlTemplate\":\"https:\\\/\\\/www.fcbarcelonanoticias.com\\\/en\\\/?s={search_term_string}\"},\"query-input\":{\"@type\":\"PropertyValueSpecification\",\"valueRequired\":true,\"valueName\":\"search_term_string\"}}],\"inLanguage\":\"en-US\"},{\"@type\":\"Person\",\"@id\":\"https:\\\/\\\/www.fcbarcelonanoticias.com\\\/en\\\/#\\\/schema\\\/person\\\/888e29b17b79c70d1c617d8a7bc9b8c6\",\"name\":\"Carlos Dom\u00ednguez\",\"image\":{\"@type\":\"ImageObject\",\"inLanguage\":\"en-US\",\"@id\":\"https:\\\/\\\/secure.gravatar.com\\\/avatar\\\/?s=96&d=mm&r=g\",\"url\":\"https:\\\/\\\/secure.gravatar.com\\\/avatar\\\/?s=96&d=mm&r=g\",\"contentUrl\":\"https:\\\/\\\/secure.gravatar.com\\\/avatar\\\/?s=96&d=mm&r=g\",\"caption\":\"Carlos Dom\u00ednguez\"},\"url\":\"https:\\\/\\\/www.fcbarcelonanoticias.com\\\/en\\\/carlos-dominguez_2_115.html\"}]}<\/script>\n<!-- \/ Yoast SEO plugin. -->","yoast_head_json":{"title":"I gave Mar\u00eda celebrated like a poseso the \"doublet\" to the Bar\u00e7a","description":"\u00c1ngel Gave Mar\u00eda cuaj\u00f3 a spectacular party against the FC Barcelona, with two golazos that serve him to recover the absolute confidence of the...","robots":{"index":"index","follow":"follow","max-snippet":"max-snippet:-1","max-image-preview":"max-image-preview:large","max-video-preview":"max-video-preview:-1"},"canonical":"https:\/\/www.fcbarcelonanoticias.com\/en\/champions-league\/i-gave-maria-celebrated-like-a-poseso-the-doublet-to-the-barca_197039_102.html","og_locale":"en_US","og_type":"article","og_title":"I gave Mar\u00eda celebrated like a poseso the \"doublet\" to the Bar\u00e7a","og_description":"\u00c1ngel Gave Mar\u00eda cuaj\u00f3 a spectacular party against the FC Barcelona, with two golazos that serve him to recover the absolute confidence of the...","og_url":"https:\/\/www.fcbarcelonanoticias.com\/en\/champions-league\/i-gave-maria-celebrated-like-a-poseso-the-doublet-to-the-barca_197039_102.html","og_site_name":"EN - FC Barcelona Noticias","article_published_time":"2017-02-14T23:12:00+00:00","article_modified_time":"2017-02-15T15:07:00+00:00","og_image":[{"width":761,"height":428,"url":"https:\/\/www.fcbarcelonanoticias.com\/en\/wp-content\/uploads\/sites\/2\/2017\/02\/di-maria-210326.jpeg","type":"image\/jpeg"}],"author":"Carlos Dom\u00ednguez","twitter_card":"summary_large_image","twitter_misc":{"Written by":"Carlos Dom\u00ednguez","Est. reading time":"2 minutes"},"schema":{"@context":"https:\/\/schema.org","@graph":[{"@type":"Article","@id":"https:\/\/www.fcbarcelonanoticias.com\/en\/champions-league\/i-gave-maria-celebrated-like-a-poseso-the-doublet-to-the-barca_197039_102.html#article","isPartOf":{"@id":"https:\/\/www.fcbarcelonanoticias.com\/en\/champions-league\/i-gave-maria-celebrated-like-a-poseso-the-doublet-to-the-barca_197039_102.html"},"author":{"name":"Carlos Dom\u00ednguez","@id":"https:\/\/www.fcbarcelonanoticias.com\/en\/#\/schema\/person\/888e29b17b79c70d1c617d8a7bc9b8c6"},"headline":"I gave Mar\u00eda celebrated like a poseso the &#8220;doublet&#8221; to the Bar\u00e7a","datePublished":"2017-02-14T23:12:00+00:00","dateModified":"2017-02-15T15:07:00+00:00","mainEntityOfPage":{"@id":"https:\/\/www.fcbarcelonanoticias.com\/en\/champions-league\/i-gave-maria-celebrated-like-a-poseso-the-doublet-to-the-barca_197039_102.html"},"wordCount":376,"image":{"@id":"https:\/\/www.fcbarcelonanoticias.com\/en\/champions-league\/i-gave-maria-celebrated-like-a-poseso-the-doublet-to-the-barca_197039_102.html#primaryimage"},"thumbnailUrl":"https:\/\/www.fcbarcelonanoticias.com\/en\/wp-content\/uploads\/sites\/2\/2017\/02\/di-maria-210326.jpeg","keywords":["Paris Saint-Germain"],"articleSection":["Champions League","Champions League"],"inLanguage":"en-US"},{"@type":"WebPage","@id":"https:\/\/www.fcbarcelonanoticias.com\/en\/champions-league\/i-gave-maria-celebrated-like-a-poseso-the-doublet-to-the-barca_197039_102.html","url":"https:\/\/www.fcbarcelonanoticias.com\/en\/champions-league\/i-gave-maria-celebrated-like-a-poseso-the-doublet-to-the-barca_197039_102.html","name":"I gave Mar\u00eda celebrated like a poseso the \"doublet\" to the Bar\u00e7a","isPartOf":{"@id":"https:\/\/www.fcbarcelonanoticias.com\/en\/#website"},"primaryImageOfPage":{"@id":"https:\/\/www.fcbarcelonanoticias.com\/en\/champions-league\/i-gave-maria-celebrated-like-a-poseso-the-doublet-to-the-barca_197039_102.html#primaryimage"},"image":{"@id":"https:\/\/www.fcbarcelonanoticias.com\/en\/champions-league\/i-gave-maria-celebrated-like-a-poseso-the-doublet-to-the-barca_197039_102.html#primaryimage"},"thumbnailUrl":"https:\/\/www.fcbarcelonanoticias.com\/en\/wp-content\/uploads\/sites\/2\/2017\/02\/di-maria-210326.jpeg","datePublished":"2017-02-14T23:12:00+00:00","dateModified":"2017-02-15T15:07:00+00:00","author":{"@id":"https:\/\/www.fcbarcelonanoticias.com\/en\/#\/schema\/person\/888e29b17b79c70d1c617d8a7bc9b8c6"},"description":"\u00c1ngel Gave Mar\u00eda cuaj\u00f3 a spectacular party against the FC Barcelona, with two golazos that serve him to recover the absolute confidence of the...","breadcrumb":{"@id":"https:\/\/www.fcbarcelonanoticias.com\/en\/champions-league\/i-gave-maria-celebrated-like-a-poseso-the-doublet-to-the-barca_197039_102.html#breadcrumb"},"inLanguage":"en-US","potentialAction":[{"@type":"ReadAction","target":["https:\/\/www.fcbarcelonanoticias.com\/en\/champions-league\/i-gave-maria-celebrated-like-a-poseso-the-doublet-to-the-barca_197039_102.html"]}]},{"@type":"ImageObject","inLanguage":"en-US","@id":"https:\/\/www.fcbarcelonanoticias.com\/en\/champions-league\/i-gave-maria-celebrated-like-a-poseso-the-doublet-to-the-barca_197039_102.html#primaryimage","url":"https:\/\/www.fcbarcelonanoticias.com\/en\/wp-content\/uploads\/sites\/2\/2017\/02\/di-maria-210326.jpeg","contentUrl":"https:\/\/www.fcbarcelonanoticias.com\/en\/wp-content\/uploads\/sites\/2\/2017\/02\/di-maria-210326.jpeg","width":761,"height":428},{"@type":"BreadcrumbList","@id":"https:\/\/www.fcbarcelonanoticias.com\/en\/champions-league\/i-gave-maria-celebrated-like-a-poseso-the-doublet-to-the-barca_197039_102.html#breadcrumb","itemListElement":[{"@type":"ListItem","position":1,"name":"Portada","item":"https:\/\/www.fcbarcelonanoticias.com\/en\/"},{"@type":"ListItem","position":2,"name":"I gave Mar\u00eda celebrated like a poseso the &#8220;doublet&#8221; to the Bar\u00e7a"}]},{"@type":"WebSite","@id":"https:\/\/www.fcbarcelonanoticias.com\/en\/#website","url":"https:\/\/www.fcbarcelonanoticias.com\/en\/","name":"EN - FC Barcelona Noticias","description":"","potentialAction":[{"@type":"SearchAction","target":{"@type":"EntryPoint","urlTemplate":"https:\/\/www.fcbarcelonanoticias.com\/en\/?s={search_term_string}"},"query-input":{"@type":"PropertyValueSpecification","valueRequired":true,"valueName":"search_term_string"}}],"inLanguage":"en-US"},{"@type":"Person","@id":"https:\/\/www.fcbarcelonanoticias.com\/en\/#\/schema\/person\/888e29b17b79c70d1c617d8a7bc9b8c6","name":"Carlos Dom\u00ednguez","image":{"@type":"ImageObject","inLanguage":"en-US","@id":"https:\/\/secure.gravatar.com\/avatar\/?s=96&d=mm&r=g","url":"https:\/\/secure.gravatar.com\/avatar\/?s=96&d=mm&r=g","contentUrl":"https:\/\/secure.gravatar.com\/avatar\/?s=96&d=mm&r=g","caption":"Carlos Dom\u00ednguez"},"url":"https:\/\/www.fcbarcelonanoticias.com\/en\/carlos-dominguez_2_115.html"}]}},"_links":{"self":[{"href":"https:\/\/www.fcbarcelonanoticias.com\/en\/wp-json\/wp\/v2\/posts\/3983","targetHints":{"allow":["GET"]}}],"collection":[{"href":"https:\/\/www.fcbarcelonanoticias.com\/en\/wp-json\/wp\/v2\/posts"}],"about":[{"href":"https:\/\/www.fcbarcelonanoticias.com\/en\/wp-json\/wp\/v2\/types\/post"}],"author":[{"embeddable":true,"href":"https:\/\/www.fcbarcelonanoticias.com\/en\/wp-json\/wp\/v2\/users\/366"}],"replies":[{"embeddable":true,"href":"https:\/\/www.fcbarcelonanoticias.com\/en\/wp-json\/wp\/v2\/comments?post=3983"}],"version-history":[{"count":1,"href":"https:\/\/www.fcbarcelonanoticias.com\/en\/wp-json\/wp\/v2\/posts\/3983\/revisions"}],"predecessor-version":[{"id":100954,"href":"https:\/\/www.fcbarcelonanoticias.com\/en\/wp-json\/wp\/v2\/posts\/3983\/revisions\/100954"}],"wp:featuredmedia":[{"embeddable":true,"href":"https:\/\/www.fcbarcelonanoticias.com\/en\/wp-json\/wp\/v2\/media\/2252"}],"wp:attachment":[{"href":"https:\/\/www.fcbarcelonanoticias.com\/en\/wp-json\/wp\/v2\/media?parent=3983"}],"wp:term":[{"taxonomy":"category","embeddable":true,"href":"https:\/\/www.fcbarcelonanoticias.com\/en\/wp-json\/wp\/v2\/categories?post=3983"},{"taxonomy":"post_tag","embeddable":true,"href":"https:\/\/www.fcbarcelonanoticias.com\/en\/wp-json\/wp\/v2\/tags?post=3983"}],"curies":[{"name":"wp","href":"https:\/\/api.w.org\/{rel}","templated":true}]}}