{"id":39851,"date":"2024-09-08T01:41:00","date_gmt":"2024-09-07T23:41:00","guid":{"rendered":"https:\/\/weisetech.dev\/fc-barcelona-noticias\/en\/bombshell-kings-league-announces-star-signing-of-lamine-yamal_307129_102\/"},"modified":"2024-09-08T12:39:00","modified_gmt":"2024-09-08T10:39:00","slug":"bombshell-kings-league-announces-star-signing-of-lamine-yamal_307129_102","status":"publish","type":"post","link":"https:\/\/www.fcbarcelonanoticias.com\/en\/football\/bombshell-kings-league-announces-star-signing-of-lamine-yamal_307129_102.html","title":{"rendered":"BOMBSHELL! Kings League announces star signing of Lamine Yamal"},"content":{"rendered":"<h2 class=\"wp-block-heading\">Lamine Yamal starts new projects outside of Bar\u00e7a. The Bar\u00e7a star has signed up for the Kings League, a project of Gerard Piqu\u00e9 who has announced him as the star signing for the new season<\/h2>  \r\n<div class=\"article-addons\">\r\n    <a href=\"https:\/\/www.fcbarcelonanoticias.com\/en\/calendar-fc-barcelona.html\"\r\n       target=\"_self\"\r\n       title=\"Calendar of FC Barcelona\"\r\n       class=\"blue-gredient-btn\">\r\n       \r\n        Calendar of FC Barcelona    <\/a>\r\n<\/div>   <p>The Kings League has dropped an unexpected bombshell by announcing <a data-external=\"0\" data-intl-links-en=\"https:\/\/www.fcbarcelonanoticias.com\/en\/tags\/lamine-yamal\" data-intl-links-es=\"https:\/\/www.fcbarcelonanoticias.com\/tags\/lamine-yamal\" href=\"https:\/\/www.fcbarcelonanoticias.com\/en\/player\/lamine-yamal.html\" rel=\"follow\" target=\"_self\" title=\"Lamine Yamal\">Lamine Yamal as a star signing for the new season<\/a>. Gerard Piqu\u00e9&#8217;s project is preparing to return with everything after the post-World Cup break, which took place in Mexico and was won by Porcinos FC, a team owned by one of the most famous streamers in the world, Ibai Llanos. <strong>Through a video published on all its official media, the competition revealed the FC Barcelona star as a new addition to the tournament<\/strong>.<\/p>  <p><strong>Although it is still unknown what role the Rocafonda native will have in the league<\/strong>, which will be detailed in the coming days, his arrival in the universe of alternative football is a big surprise for fans of the championship. The image of the player is beginning to gain strength outside the playing fields after his &#8216;breakthrough&#8217; last season, and his &#8216;signing&#8217; for the tournament created by the former Bar\u00e7a defender is further proof of this.<\/p>  <h2>Lamine joins a cast of stars<\/h2>  <p>The announcement of Lamine&#8217;s arrival includes him in a select group of great active footballers who have been linked to the Kings League. <strong>Neymar Jr. sponsored a team in the World Cup<\/strong>, while players such as <strong>James Rodr\u00edguez<\/strong> and <strong>&#8216;Chicharito&#8217; Hern\u00e1ndez<\/strong> did the same in America. In addition, former world-class stars such as <strong>Ibrahimovic, Casillas, &#8216;Kun&#8217; Ag\u00fcero, Ronaldinho, Hazard, Totti, Pirlo<\/strong>, among others, have also participated in the competition.<\/p>  <p><strong>A Real Madrid star also joined the league<\/strong><\/p>  <p>In addition to Yamal, in the video published by the competition numerous personalities were seen such as the influencer Jake Paul or the singer Maria Becerra, <strong>but one of the most notable presences was that of Vinicius Jr.<\/strong> The Real Madrid star did not want to lose track of the Bar\u00e7a &#8216;jewel&#8217; and joined the Kings World Cup, an event that will take place next year. Like Lamine, the Brazilian&#8217;s role in the project is also not defined, so, for now, we will have to keep an eye on the news that will surely be announced in the coming days on the eve of the start of the league, <strong>which kicks off on September 15 at the Cupra Arena<\/strong>.<\/p>  <div class=\"article-video-wrapper\" data-ck-asset-wrapper=\"\"> <div class=\"article-video\"> <div><\/div> <\/div> <\/div> ","protected":false},"excerpt":{"rendered":"<p>Lamine Yamal starts new projects outside of Bar\u00e7a. The Bar\u00e7a star has signed up for the Kings League, a project of Gerard Piqu\u00e9 who has announced him as the star signing for the new season The Kings League has dropped an unexpected bombshell by announcing Lamine Yamal as a star signing for the new season. [&hellip;]<\/p>\n","protected":false},"author":358,"featured_media":39853,"comment_status":"closed","ping_status":"open","sticky":false,"template":"","format":"standard","meta":{"_acf_changed":false,"inline_featured_image":false,"_nextfly_llmd_date_locked":false,"footnotes":""},"categories":[109,452],"tags":[163,363],"class_list":["post-39851","post","type-post","status-publish","format-standard","has-post-thumbnail","hentry","category-football","category-football-2","tag-gerard-pique","tag-kings-league"],"acf":[],"yoast_head":"<!-- This site is optimized with the Yoast SEO plugin v27.3 - https:\/\/yoast.com\/product\/yoast-seo-wordpress\/ -->\n<title>BOMBSHELL! Kings League announces star signing of Lamine Yamal<\/title>\n<meta name=\"description\" content=\"Lamine Yamal starts new projects outside of Bar\u00e7a. The Bar\u00e7a star has signed up for the Kings League, a project of Gerard Piqu\u00e9 who has announced him as the star signing for the new season\" \/>\n<meta name=\"robots\" content=\"index, follow, max-snippet:-1, max-image-preview:large, max-video-preview:-1\" \/>\n<link rel=\"canonical\" href=\"https:\/\/www.fcbarcelonanoticias.com\/en\/football\/bombshell-kings-league-announces-star-signing-of-lamine-yamal_307129_102.html\" \/>\n<meta property=\"og:locale\" content=\"en_US\" \/>\n<meta property=\"og:type\" content=\"article\" \/>\n<meta property=\"og:title\" content=\"BOMBSHELL! Kings League announces star signing of Lamine Yamal\" \/>\n<meta property=\"og:description\" content=\"Lamine Yamal starts new projects outside of Bar\u00e7a. The Bar\u00e7a star has signed up for the Kings League, a project of Gerard Piqu\u00e9 who has announced him as the star signing for the new season\" \/>\n<meta property=\"og:url\" content=\"https:\/\/www.fcbarcelonanoticias.com\/en\/football\/bombshell-kings-league-announces-star-signing-of-lamine-yamal_307129_102.html\" \/>\n<meta property=\"og:site_name\" content=\"EN - FC Barcelona Noticias\" \/>\n<meta property=\"article:published_time\" content=\"2024-09-07T23:41:00+00:00\" \/>\n<meta property=\"article:modified_time\" content=\"2024-09-08T10:39:00+00:00\" \/>\n<meta property=\"og:image\" content=\"https:\/\/www.fcbarcelonanoticias.com\/en\/wp-content\/uploads\/sites\/2\/2024\/09\/lamine-yamal-en-la-previa-del-barca-valencia.jpeg\" \/>\n\t<meta property=\"og:image:width\" content=\"1250\" \/>\n\t<meta property=\"og:image:height\" content=\"750\" \/>\n\t<meta property=\"og:image:type\" content=\"image\/jpeg\" \/>\n<meta name=\"author\" content=\"Juan Pablo Berdugo\" \/>\n<meta name=\"twitter:card\" content=\"summary_large_image\" \/>\n<meta name=\"twitter:label1\" content=\"Written by\" \/>\n\t<meta name=\"twitter:data1\" content=\"Juan Pablo Berdugo\" \/>\n\t<meta name=\"twitter:label2\" content=\"Est. reading time\" \/>\n\t<meta name=\"twitter:data2\" content=\"2 minutes\" \/>\n<script type=\"application\/ld+json\" class=\"yoast-schema-graph\">{\"@context\":\"https:\\\/\\\/schema.org\",\"@graph\":[{\"@type\":\"Article\",\"@id\":\"https:\\\/\\\/www.fcbarcelonanoticias.com\\\/en\\\/football\\\/bombshell-kings-league-announces-star-signing-of-lamine-yamal_307129_102.html#article\",\"isPartOf\":{\"@id\":\"https:\\\/\\\/www.fcbarcelonanoticias.com\\\/en\\\/football\\\/bombshell-kings-league-announces-star-signing-of-lamine-yamal_307129_102.html\"},\"author\":{\"name\":\"Juan Pablo Berdugo\",\"@id\":\"https:\\\/\\\/www.fcbarcelonanoticias.com\\\/en\\\/#\\\/schema\\\/person\\\/88d756918a0a1ae9fa593b5edddd1815\"},\"headline\":\"BOMBSHELL! Kings League announces star signing of Lamine Yamal\",\"datePublished\":\"2024-09-07T23:41:00+00:00\",\"dateModified\":\"2024-09-08T10:39:00+00:00\",\"mainEntityOfPage\":{\"@id\":\"https:\\\/\\\/www.fcbarcelonanoticias.com\\\/en\\\/football\\\/bombshell-kings-league-announces-star-signing-of-lamine-yamal_307129_102.html\"},\"wordCount\":414,\"image\":{\"@id\":\"https:\\\/\\\/www.fcbarcelonanoticias.com\\\/en\\\/football\\\/bombshell-kings-league-announces-star-signing-of-lamine-yamal_307129_102.html#primaryimage\"},\"thumbnailUrl\":\"https:\\\/\\\/www.fcbarcelonanoticias.com\\\/en\\\/wp-content\\\/uploads\\\/sites\\\/2\\\/2024\\\/09\\\/lamine-yamal-en-la-previa-del-barca-valencia.jpeg\",\"keywords\":[\"Gerard Piqu\u00e9\",\"Kings League\"],\"articleSection\":[\"Football\",\"Football\"],\"inLanguage\":\"en-US\"},{\"@type\":\"WebPage\",\"@id\":\"https:\\\/\\\/www.fcbarcelonanoticias.com\\\/en\\\/football\\\/bombshell-kings-league-announces-star-signing-of-lamine-yamal_307129_102.html\",\"url\":\"https:\\\/\\\/www.fcbarcelonanoticias.com\\\/en\\\/football\\\/bombshell-kings-league-announces-star-signing-of-lamine-yamal_307129_102.html\",\"name\":\"BOMBSHELL! Kings League announces star signing of Lamine Yamal\",\"isPartOf\":{\"@id\":\"https:\\\/\\\/www.fcbarcelonanoticias.com\\\/en\\\/#website\"},\"primaryImageOfPage\":{\"@id\":\"https:\\\/\\\/www.fcbarcelonanoticias.com\\\/en\\\/football\\\/bombshell-kings-league-announces-star-signing-of-lamine-yamal_307129_102.html#primaryimage\"},\"image\":{\"@id\":\"https:\\\/\\\/www.fcbarcelonanoticias.com\\\/en\\\/football\\\/bombshell-kings-league-announces-star-signing-of-lamine-yamal_307129_102.html#primaryimage\"},\"thumbnailUrl\":\"https:\\\/\\\/www.fcbarcelonanoticias.com\\\/en\\\/wp-content\\\/uploads\\\/sites\\\/2\\\/2024\\\/09\\\/lamine-yamal-en-la-previa-del-barca-valencia.jpeg\",\"datePublished\":\"2024-09-07T23:41:00+00:00\",\"dateModified\":\"2024-09-08T10:39:00+00:00\",\"author\":{\"@id\":\"https:\\\/\\\/www.fcbarcelonanoticias.com\\\/en\\\/#\\\/schema\\\/person\\\/88d756918a0a1ae9fa593b5edddd1815\"},\"description\":\"Lamine Yamal starts new projects outside of Bar\u00e7a. The Bar\u00e7a star has signed up for the Kings League, a project of Gerard Piqu\u00e9 who has announced him as the star signing for the new season\",\"breadcrumb\":{\"@id\":\"https:\\\/\\\/www.fcbarcelonanoticias.com\\\/en\\\/football\\\/bombshell-kings-league-announces-star-signing-of-lamine-yamal_307129_102.html#breadcrumb\"},\"inLanguage\":\"en-US\",\"potentialAction\":[{\"@type\":\"ReadAction\",\"target\":[\"https:\\\/\\\/www.fcbarcelonanoticias.com\\\/en\\\/football\\\/bombshell-kings-league-announces-star-signing-of-lamine-yamal_307129_102.html\"]}]},{\"@type\":\"ImageObject\",\"inLanguage\":\"en-US\",\"@id\":\"https:\\\/\\\/www.fcbarcelonanoticias.com\\\/en\\\/football\\\/bombshell-kings-league-announces-star-signing-of-lamine-yamal_307129_102.html#primaryimage\",\"url\":\"https:\\\/\\\/www.fcbarcelonanoticias.com\\\/en\\\/wp-content\\\/uploads\\\/sites\\\/2\\\/2024\\\/09\\\/lamine-yamal-en-la-previa-del-barca-valencia.jpeg\",\"contentUrl\":\"https:\\\/\\\/www.fcbarcelonanoticias.com\\\/en\\\/wp-content\\\/uploads\\\/sites\\\/2\\\/2024\\\/09\\\/lamine-yamal-en-la-previa-del-barca-valencia.jpeg\",\"width\":1250,\"height\":750},{\"@type\":\"BreadcrumbList\",\"@id\":\"https:\\\/\\\/www.fcbarcelonanoticias.com\\\/en\\\/football\\\/bombshell-kings-league-announces-star-signing-of-lamine-yamal_307129_102.html#breadcrumb\",\"itemListElement\":[{\"@type\":\"ListItem\",\"position\":1,\"name\":\"Portada\",\"item\":\"https:\\\/\\\/www.fcbarcelonanoticias.com\\\/en\\\/\"},{\"@type\":\"ListItem\",\"position\":2,\"name\":\"BOMBSHELL! Kings League announces star signing of Lamine Yamal\"}]},{\"@type\":\"WebSite\",\"@id\":\"https:\\\/\\\/www.fcbarcelonanoticias.com\\\/en\\\/#website\",\"url\":\"https:\\\/\\\/www.fcbarcelonanoticias.com\\\/en\\\/\",\"name\":\"EN - FC Barcelona Noticias\",\"description\":\"\",\"potentialAction\":[{\"@type\":\"SearchAction\",\"target\":{\"@type\":\"EntryPoint\",\"urlTemplate\":\"https:\\\/\\\/www.fcbarcelonanoticias.com\\\/en\\\/?s={search_term_string}\"},\"query-input\":{\"@type\":\"PropertyValueSpecification\",\"valueRequired\":true,\"valueName\":\"search_term_string\"}}],\"inLanguage\":\"en-US\"},{\"@type\":\"Person\",\"@id\":\"https:\\\/\\\/www.fcbarcelonanoticias.com\\\/en\\\/#\\\/schema\\\/person\\\/88d756918a0a1ae9fa593b5edddd1815\",\"name\":\"Juan Pablo Berdugo\",\"image\":{\"@type\":\"ImageObject\",\"inLanguage\":\"en-US\",\"@id\":\"https:\\\/\\\/secure.gravatar.com\\\/avatar\\\/?s=96&d=mm&r=g\",\"url\":\"https:\\\/\\\/secure.gravatar.com\\\/avatar\\\/?s=96&d=mm&r=g\",\"contentUrl\":\"https:\\\/\\\/secure.gravatar.com\\\/avatar\\\/?s=96&d=mm&r=g\",\"caption\":\"Juan Pablo Berdugo\"},\"description\":\"Juan Pablo Berdugo es graduado en Periodismo. Colabora con FCBN como especialista en informaci\u00f3n del primer equipo del FC Barcelona, f\u00fatbol internacional y mercado de fichajes. Destaca por su enfoque anal\u00edtico, su rigor informativo y su capacidad para detectar tendencias emergentes en el f\u00fatbol global.\",\"url\":\"https:\\\/\\\/www.fcbarcelonanoticias.com\\\/en\\\/fc-barcelona\\\/juan-pablo-berdugo_18_115.html\"}]}<\/script>\n<!-- \/ Yoast SEO plugin. -->","yoast_head_json":{"title":"BOMBSHELL! Kings League announces star signing of Lamine Yamal","description":"Lamine Yamal starts new projects outside of Bar\u00e7a. The Bar\u00e7a star has signed up for the Kings League, a project of Gerard Piqu\u00e9 who has announced him as the star signing for the new season","robots":{"index":"index","follow":"follow","max-snippet":"max-snippet:-1","max-image-preview":"max-image-preview:large","max-video-preview":"max-video-preview:-1"},"canonical":"https:\/\/www.fcbarcelonanoticias.com\/en\/football\/bombshell-kings-league-announces-star-signing-of-lamine-yamal_307129_102.html","og_locale":"en_US","og_type":"article","og_title":"BOMBSHELL! Kings League announces star signing of Lamine Yamal","og_description":"Lamine Yamal starts new projects outside of Bar\u00e7a. The Bar\u00e7a star has signed up for the Kings League, a project of Gerard Piqu\u00e9 who has announced him as the star signing for the new season","og_url":"https:\/\/www.fcbarcelonanoticias.com\/en\/football\/bombshell-kings-league-announces-star-signing-of-lamine-yamal_307129_102.html","og_site_name":"EN - FC Barcelona Noticias","article_published_time":"2024-09-07T23:41:00+00:00","article_modified_time":"2024-09-08T10:39:00+00:00","og_image":[{"width":1250,"height":750,"url":"https:\/\/www.fcbarcelonanoticias.com\/en\/wp-content\/uploads\/sites\/2\/2024\/09\/lamine-yamal-en-la-previa-del-barca-valencia.jpeg","type":"image\/jpeg"}],"author":"Juan Pablo Berdugo","twitter_card":"summary_large_image","twitter_misc":{"Written by":"Juan Pablo Berdugo","Est. reading time":"2 minutes"},"schema":{"@context":"https:\/\/schema.org","@graph":[{"@type":"Article","@id":"https:\/\/www.fcbarcelonanoticias.com\/en\/football\/bombshell-kings-league-announces-star-signing-of-lamine-yamal_307129_102.html#article","isPartOf":{"@id":"https:\/\/www.fcbarcelonanoticias.com\/en\/football\/bombshell-kings-league-announces-star-signing-of-lamine-yamal_307129_102.html"},"author":{"name":"Juan Pablo Berdugo","@id":"https:\/\/www.fcbarcelonanoticias.com\/en\/#\/schema\/person\/88d756918a0a1ae9fa593b5edddd1815"},"headline":"BOMBSHELL! Kings League announces star signing of Lamine Yamal","datePublished":"2024-09-07T23:41:00+00:00","dateModified":"2024-09-08T10:39:00+00:00","mainEntityOfPage":{"@id":"https:\/\/www.fcbarcelonanoticias.com\/en\/football\/bombshell-kings-league-announces-star-signing-of-lamine-yamal_307129_102.html"},"wordCount":414,"image":{"@id":"https:\/\/www.fcbarcelonanoticias.com\/en\/football\/bombshell-kings-league-announces-star-signing-of-lamine-yamal_307129_102.html#primaryimage"},"thumbnailUrl":"https:\/\/www.fcbarcelonanoticias.com\/en\/wp-content\/uploads\/sites\/2\/2024\/09\/lamine-yamal-en-la-previa-del-barca-valencia.jpeg","keywords":["Gerard Piqu\u00e9","Kings League"],"articleSection":["Football","Football"],"inLanguage":"en-US"},{"@type":"WebPage","@id":"https:\/\/www.fcbarcelonanoticias.com\/en\/football\/bombshell-kings-league-announces-star-signing-of-lamine-yamal_307129_102.html","url":"https:\/\/www.fcbarcelonanoticias.com\/en\/football\/bombshell-kings-league-announces-star-signing-of-lamine-yamal_307129_102.html","name":"BOMBSHELL! Kings League announces star signing of Lamine Yamal","isPartOf":{"@id":"https:\/\/www.fcbarcelonanoticias.com\/en\/#website"},"primaryImageOfPage":{"@id":"https:\/\/www.fcbarcelonanoticias.com\/en\/football\/bombshell-kings-league-announces-star-signing-of-lamine-yamal_307129_102.html#primaryimage"},"image":{"@id":"https:\/\/www.fcbarcelonanoticias.com\/en\/football\/bombshell-kings-league-announces-star-signing-of-lamine-yamal_307129_102.html#primaryimage"},"thumbnailUrl":"https:\/\/www.fcbarcelonanoticias.com\/en\/wp-content\/uploads\/sites\/2\/2024\/09\/lamine-yamal-en-la-previa-del-barca-valencia.jpeg","datePublished":"2024-09-07T23:41:00+00:00","dateModified":"2024-09-08T10:39:00+00:00","author":{"@id":"https:\/\/www.fcbarcelonanoticias.com\/en\/#\/schema\/person\/88d756918a0a1ae9fa593b5edddd1815"},"description":"Lamine Yamal starts new projects outside of Bar\u00e7a. The Bar\u00e7a star has signed up for the Kings League, a project of Gerard Piqu\u00e9 who has announced him as the star signing for the new season","breadcrumb":{"@id":"https:\/\/www.fcbarcelonanoticias.com\/en\/football\/bombshell-kings-league-announces-star-signing-of-lamine-yamal_307129_102.html#breadcrumb"},"inLanguage":"en-US","potentialAction":[{"@type":"ReadAction","target":["https:\/\/www.fcbarcelonanoticias.com\/en\/football\/bombshell-kings-league-announces-star-signing-of-lamine-yamal_307129_102.html"]}]},{"@type":"ImageObject","inLanguage":"en-US","@id":"https:\/\/www.fcbarcelonanoticias.com\/en\/football\/bombshell-kings-league-announces-star-signing-of-lamine-yamal_307129_102.html#primaryimage","url":"https:\/\/www.fcbarcelonanoticias.com\/en\/wp-content\/uploads\/sites\/2\/2024\/09\/lamine-yamal-en-la-previa-del-barca-valencia.jpeg","contentUrl":"https:\/\/www.fcbarcelonanoticias.com\/en\/wp-content\/uploads\/sites\/2\/2024\/09\/lamine-yamal-en-la-previa-del-barca-valencia.jpeg","width":1250,"height":750},{"@type":"BreadcrumbList","@id":"https:\/\/www.fcbarcelonanoticias.com\/en\/football\/bombshell-kings-league-announces-star-signing-of-lamine-yamal_307129_102.html#breadcrumb","itemListElement":[{"@type":"ListItem","position":1,"name":"Portada","item":"https:\/\/www.fcbarcelonanoticias.com\/en\/"},{"@type":"ListItem","position":2,"name":"BOMBSHELL! Kings League announces star signing of Lamine Yamal"}]},{"@type":"WebSite","@id":"https:\/\/www.fcbarcelonanoticias.com\/en\/#website","url":"https:\/\/www.fcbarcelonanoticias.com\/en\/","name":"EN - FC Barcelona Noticias","description":"","potentialAction":[{"@type":"SearchAction","target":{"@type":"EntryPoint","urlTemplate":"https:\/\/www.fcbarcelonanoticias.com\/en\/?s={search_term_string}"},"query-input":{"@type":"PropertyValueSpecification","valueRequired":true,"valueName":"search_term_string"}}],"inLanguage":"en-US"},{"@type":"Person","@id":"https:\/\/www.fcbarcelonanoticias.com\/en\/#\/schema\/person\/88d756918a0a1ae9fa593b5edddd1815","name":"Juan Pablo Berdugo","image":{"@type":"ImageObject","inLanguage":"en-US","@id":"https:\/\/secure.gravatar.com\/avatar\/?s=96&d=mm&r=g","url":"https:\/\/secure.gravatar.com\/avatar\/?s=96&d=mm&r=g","contentUrl":"https:\/\/secure.gravatar.com\/avatar\/?s=96&d=mm&r=g","caption":"Juan Pablo Berdugo"},"description":"Juan Pablo Berdugo es graduado en Periodismo. Colabora con FCBN como especialista en informaci\u00f3n del primer equipo del FC Barcelona, f\u00fatbol internacional y mercado de fichajes. Destaca por su enfoque anal\u00edtico, su rigor informativo y su capacidad para detectar tendencias emergentes en el f\u00fatbol global.","url":"https:\/\/www.fcbarcelonanoticias.com\/en\/fc-barcelona\/juan-pablo-berdugo_18_115.html"}]}},"_links":{"self":[{"href":"https:\/\/www.fcbarcelonanoticias.com\/en\/wp-json\/wp\/v2\/posts\/39851","targetHints":{"allow":["GET"]}}],"collection":[{"href":"https:\/\/www.fcbarcelonanoticias.com\/en\/wp-json\/wp\/v2\/posts"}],"about":[{"href":"https:\/\/www.fcbarcelonanoticias.com\/en\/wp-json\/wp\/v2\/types\/post"}],"author":[{"embeddable":true,"href":"https:\/\/www.fcbarcelonanoticias.com\/en\/wp-json\/wp\/v2\/users\/358"}],"replies":[{"embeddable":true,"href":"https:\/\/www.fcbarcelonanoticias.com\/en\/wp-json\/wp\/v2\/comments?post=39851"}],"version-history":[{"count":1,"href":"https:\/\/www.fcbarcelonanoticias.com\/en\/wp-json\/wp\/v2\/posts\/39851\/revisions"}],"predecessor-version":[{"id":110941,"href":"https:\/\/www.fcbarcelonanoticias.com\/en\/wp-json\/wp\/v2\/posts\/39851\/revisions\/110941"}],"wp:featuredmedia":[{"embeddable":true,"href":"https:\/\/www.fcbarcelonanoticias.com\/en\/wp-json\/wp\/v2\/media\/39853"}],"wp:attachment":[{"href":"https:\/\/www.fcbarcelonanoticias.com\/en\/wp-json\/wp\/v2\/media?parent=39851"}],"wp:term":[{"taxonomy":"category","embeddable":true,"href":"https:\/\/www.fcbarcelonanoticias.com\/en\/wp-json\/wp\/v2\/categories?post=39851"},{"taxonomy":"post_tag","embeddable":true,"href":"https:\/\/www.fcbarcelonanoticias.com\/en\/wp-json\/wp\/v2\/tags?post=39851"}],"curies":[{"name":"wp","href":"https:\/\/api.w.org\/{rel}","templated":true}]}}