{"id":3998,"date":"2022-09-26T23:45:00","date_gmt":"2022-09-26T21:45:00","guid":{"rendered":"https:\/\/weisetech.dev\/fc-barcelona-noticias\/en\/deulofeu-signals-to-his-favourite-for-the-inter-barca_284791_102\/"},"modified":"2022-09-26T23:45:00","modified_gmt":"2022-09-26T21:45:00","slug":"deulofeu-signals-to-his-favourite-for-the-inter-barca_284791_102","status":"publish","type":"post","link":"https:\/\/www.fcbarcelonanoticias.com\/en\/champions-league\/deulofeu-signals-to-his-favourite-for-the-inter-barca_284791_102.html","title":{"rendered":"Deulofeu points to his favorite for the Inter-Bar\u00e7a"},"content":{"rendered":"<h2 class=\"wp-block-heading\">Gerard Deulofeu is having a great start to the season with Udinese. One week before the clash between FC Barcelona and Inter Milan for matchday 3 of the Champions League, the cul\u00e9 youth squad is confident that Xavi Hern\u00e1ndez&#8217;s men will triumph at San Siro<\/h2>  \r\n<div class=\"article-addons\">\r\n    <a href=\"https:\/\/www.fcbarcelonanoticias.com\/en\/calendar-fc-barcelona.html\"\r\n       target=\"_self\"\r\n       title=\"Calendar of FC Barcelona\"\r\n       class=\"blue-gredient-btn\">\r\n       \r\n        Calendar of FC Barcelona    <\/a>\r\n<\/div>   <p><strong>The <a data-external=\"0\" data-intl-links-en=\"https:\/\/www.fcbarcelonanoticias.com\/en\/fcbn-tv\/novelties-in-the-barca-araujo-bernardo-silva-gerard-hammered-the-classical_284786_102.html\" data-intl-links-es=\"https:\/\/www.fcbarcelonanoticias.com\/fcbn-tv\/novedades-en-barcelona-araujo-bernardo-silva-gerard-pique-clasico_284786_102.html\" href=\"https:\/\/www.fcbarcelonanoticias.com\/en\/fcbn-tv\/novelties-in-the-barca-araujo-bernardo-silva-gerard-hammered-the-classical_284786_102.html\" rel=\"follow\" target=\"_self\" title=\"\u00a1Novedades en el Bar\u00e7a! Ara\u00fajo, Bernardo Silva, Gerard Piqu\u00e9, el Cl\u00e1sico...\">FC Barcelona<\/a> entrentar\u00e1 to the Inter of Milan the next week in Italy<\/strong> in the first of the two parties in front of the &#8216;neroazzurros&#8217;, six key points so that the ones of Xavi Hern\u00e1ndez direct his classification to the eighth of final of the Champions League.<strong> For Gerard Deulofeu, the two crashes will be very complicated for the Bar\u00e7a, but trusts that his ex club will be able to take out a good result<\/strong> so much in Saint Siro as in Catalonia.<\/p>  <p><strong>&#8220;The Inter is a ready and rocky team. If has a result in that it is comfortable and puts by in front, leaves very few spaces and is difficult to arrive to his goal<\/strong>. Now, when has a result against and has to go to by the party, begins to leave spaces. I felt me more comfortable in the second part that in the first and with spaces could take advantage of more his weaknesses&#8221;, said the ex player cul\u00e9 in an interview for &#8216;Sportive World&#8217;.<\/p>  <p><strong>Deulofeu Added two assistances in the triumph of the Udinese in front of the Inter (3-1) the past 18 September<\/strong>, last party for the ones of Simone Inzaghi before the stop FIFA. Nicol\u00f3 Barella Advanced to the &#8216;neroazzurros&#8217; beginning the party, but an autogol of Mila Skriniar equalised the party and<strong> the venues gave it gone back in the second part with so many of the esloveno Jaka Bijol and the Turkish Tolgay Arslan<\/strong>, both served by Gerard that adds 1 so much and 6 assistances in 8 parties (679 minutes) in what it goes of season.<\/p>  <p>In this sense, the player of 28 years is convinced that<strong> &#8220;the <a data-external=\"0\" data-intl-links-en=\"https:\/\/www.fcbarcelonanoticias.com\/en\/fc-barcelona\/what-happened-with-the-jewel-english-to-which-the-barca-wanted-to-fichar-in-2006_284788_102.html\" data-intl-links-es=\"https:\/\/www.fcbarcelonanoticias.com\/fc-barcelona\/que-paso-con-joya-inglesa-barcelona-quiso-fichar-en-2006_284788_102.html\" href=\"https:\/\/www.fcbarcelonanoticias.com\/en\/fc-barcelona\/what-happened-with-the-jewel-english-to-which-the-barca-wanted-to-fichar-in-2006_284788_102.html\" rel=\"follow\" target=\"_self\" title=\"\u00bfQu\u00e9 pas\u00f3 con la 'joya' inglesa a la que el Bar\u00e7a quiso fichar en 2006?\">Bar\u00e7a<\/a><\/strong> <strong>is favourite, is better team that they and, if it circulates well the ball and has the luck to put by in front, goes to win&#8221;<\/strong>. Besides, the extreme considers that the Inter &#8220;has a powerful forward, Lautaro-Lukaku, but the key to win them is in the half. <strong>If you cancel the centre of the field, so much in attack if you cancel to Brozovic, that is what did we, as winning the duels to Barella and Calhanoglu have a lot of livestock&#8221;<\/strong>, explained the one of Riudarenes.<\/p>  <h3>Deulofeu Asks an opportunity in the selection<\/h3>  <p>On the other hand, Gerard considers that, thanks to his good moment, could have an opportunity in The Red of Luis Enrique. <strong>&#8220;Now I am more regular. I see things that before did not see and that hampered that it integrated me in the best team of the world, that was that Barcelona (2012-13). I see me going back to the selection, work for this&#8221;<\/strong>, puntualiz\u00f3 Deulofeu, the one who arrived to the Udinese in 2020 pertinent of the Watford and, after a year yielded, was purchased in property in 21 in return of 17 &#8216;kilos&#8217;.<\/p> ","protected":false},"excerpt":{"rendered":"<p>Gerard Deulofeu is having a great start to the season with Udinese. One week before the clash between FC Barcelona and Inter Milan for matchday 3 of the Champions League, the cul\u00e9 youth squad is confident that Xavi Hern\u00e1ndez&#8217;s men will triumph at San Siro The FC Barcelona entrentar\u00e1 to the Inter of Milan the [&hellip;]<\/p>\n","protected":false},"author":347,"featured_media":2281,"comment_status":"closed","ping_status":"open","sticky":false,"template":"","format":"standard","meta":{"_acf_changed":false,"inline_featured_image":false,"_nextfly_llmd_date_locked":false,"footnotes":""},"categories":[112,447],"tags":[210,100],"class_list":["post-3998","post","type-post","status-publish","format-standard","has-post-thumbnail","hentry","category-champions-league","category-champions-league-2","tag-deulofeu","tag-inter-milan"],"acf":[],"yoast_head":"<!-- This site is optimized with the Yoast SEO plugin v27.3 - https:\/\/yoast.com\/product\/yoast-seo-wordpress\/ -->\n<title>Deulofeu Signals to his favourite for the Inter-Bar\u00e7a<\/title>\n<meta name=\"description\" content=\"Gerard Deulofeu lives a big start of season with the Udinese. To a week of the crash between the FC Barcelona and the Inter of Milan by the day 3 of the Cha...\" \/>\n<meta name=\"robots\" content=\"index, follow, max-snippet:-1, max-image-preview:large, max-video-preview:-1\" \/>\n<link rel=\"canonical\" href=\"https:\/\/www.fcbarcelonanoticias.com\/en\/champions-league\/deulofeu-signals-to-his-favourite-for-the-inter-barca_284791_102.html\" \/>\n<meta property=\"og:locale\" content=\"en_US\" \/>\n<meta property=\"og:type\" content=\"article\" \/>\n<meta property=\"og:title\" content=\"Deulofeu Signals to his favourite for the Inter-Bar\u00e7a\" \/>\n<meta property=\"og:description\" content=\"Gerard Deulofeu lives a big start of season with the Udinese. To a week of the crash between the FC Barcelona and the Inter of Milan by the day 3 of the Cha...\" \/>\n<meta property=\"og:url\" content=\"https:\/\/www.fcbarcelonanoticias.com\/en\/champions-league\/deulofeu-signals-to-his-favourite-for-the-inter-barca_284791_102.html\" \/>\n<meta property=\"og:site_name\" content=\"EN - FC Barcelona Noticias\" \/>\n<meta property=\"article:published_time\" content=\"2022-09-26T21:45:00+00:00\" \/>\n<meta property=\"og:image\" content=\"https:\/\/www.fcbarcelonanoticias.com\/en\/wp-content\/uploads\/sites\/2\/2022\/09\/gerard-deulofeu-udinese.jpeg\" \/>\n\t<meta property=\"og:image:width\" content=\"1300\" \/>\n\t<meta property=\"og:image:height\" content=\"732\" \/>\n\t<meta property=\"og:image:type\" content=\"image\/jpeg\" \/>\n<meta name=\"author\" content=\"Andr\u00e9s Quiroz\" \/>\n<meta name=\"twitter:card\" content=\"summary_large_image\" \/>\n<meta name=\"twitter:label1\" content=\"Written by\" \/>\n\t<meta name=\"twitter:data1\" content=\"Andr\u00e9s Quiroz\" \/>\n\t<meta name=\"twitter:label2\" content=\"Est. reading time\" \/>\n\t<meta name=\"twitter:data2\" content=\"3 minutes\" \/>\n<script type=\"application\/ld+json\" class=\"yoast-schema-graph\">{\"@context\":\"https:\\\/\\\/schema.org\",\"@graph\":[{\"@type\":\"Article\",\"@id\":\"https:\\\/\\\/www.fcbarcelonanoticias.com\\\/en\\\/champions-league\\\/deulofeu-signals-to-his-favourite-for-the-inter-barca_284791_102.html#article\",\"isPartOf\":{\"@id\":\"https:\\\/\\\/www.fcbarcelonanoticias.com\\\/en\\\/champions-league\\\/deulofeu-signals-to-his-favourite-for-the-inter-barca_284791_102.html\"},\"author\":{\"name\":\"Andr\u00e9s Quiroz\",\"@id\":\"https:\\\/\\\/www.fcbarcelonanoticias.com\\\/en\\\/#\\\/schema\\\/person\\\/c2cd9f6fa1af5c0d0eccd0fefa575c88\"},\"headline\":\"Deulofeu points to his favorite for the Inter-Bar\u00e7a\",\"datePublished\":\"2022-09-26T21:45:00+00:00\",\"mainEntityOfPage\":{\"@id\":\"https:\\\/\\\/www.fcbarcelonanoticias.com\\\/en\\\/champions-league\\\/deulofeu-signals-to-his-favourite-for-the-inter-barca_284791_102.html\"},\"wordCount\":520,\"image\":{\"@id\":\"https:\\\/\\\/www.fcbarcelonanoticias.com\\\/en\\\/champions-league\\\/deulofeu-signals-to-his-favourite-for-the-inter-barca_284791_102.html#primaryimage\"},\"thumbnailUrl\":\"https:\\\/\\\/www.fcbarcelonanoticias.com\\\/en\\\/wp-content\\\/uploads\\\/sites\\\/2\\\/2022\\\/09\\\/gerard-deulofeu-udinese.jpeg\",\"keywords\":[\"Deulofeu\",\"Inter Milan\"],\"articleSection\":[\"Champions League\",\"Champions League\"],\"inLanguage\":\"en-US\"},{\"@type\":\"WebPage\",\"@id\":\"https:\\\/\\\/www.fcbarcelonanoticias.com\\\/en\\\/champions-league\\\/deulofeu-signals-to-his-favourite-for-the-inter-barca_284791_102.html\",\"url\":\"https:\\\/\\\/www.fcbarcelonanoticias.com\\\/en\\\/champions-league\\\/deulofeu-signals-to-his-favourite-for-the-inter-barca_284791_102.html\",\"name\":\"Deulofeu Signals to his favourite for the Inter-Bar\u00e7a\",\"isPartOf\":{\"@id\":\"https:\\\/\\\/www.fcbarcelonanoticias.com\\\/en\\\/#website\"},\"primaryImageOfPage\":{\"@id\":\"https:\\\/\\\/www.fcbarcelonanoticias.com\\\/en\\\/champions-league\\\/deulofeu-signals-to-his-favourite-for-the-inter-barca_284791_102.html#primaryimage\"},\"image\":{\"@id\":\"https:\\\/\\\/www.fcbarcelonanoticias.com\\\/en\\\/champions-league\\\/deulofeu-signals-to-his-favourite-for-the-inter-barca_284791_102.html#primaryimage\"},\"thumbnailUrl\":\"https:\\\/\\\/www.fcbarcelonanoticias.com\\\/en\\\/wp-content\\\/uploads\\\/sites\\\/2\\\/2022\\\/09\\\/gerard-deulofeu-udinese.jpeg\",\"datePublished\":\"2022-09-26T21:45:00+00:00\",\"author\":{\"@id\":\"https:\\\/\\\/www.fcbarcelonanoticias.com\\\/en\\\/#\\\/schema\\\/person\\\/c2cd9f6fa1af5c0d0eccd0fefa575c88\"},\"description\":\"Gerard Deulofeu lives a big start of season with the Udinese. To a week of the crash between the FC Barcelona and the Inter of Milan by the day 3 of the Cha...\",\"breadcrumb\":{\"@id\":\"https:\\\/\\\/www.fcbarcelonanoticias.com\\\/en\\\/champions-league\\\/deulofeu-signals-to-his-favourite-for-the-inter-barca_284791_102.html#breadcrumb\"},\"inLanguage\":\"en-US\",\"potentialAction\":[{\"@type\":\"ReadAction\",\"target\":[\"https:\\\/\\\/www.fcbarcelonanoticias.com\\\/en\\\/champions-league\\\/deulofeu-signals-to-his-favourite-for-the-inter-barca_284791_102.html\"]}]},{\"@type\":\"ImageObject\",\"inLanguage\":\"en-US\",\"@id\":\"https:\\\/\\\/www.fcbarcelonanoticias.com\\\/en\\\/champions-league\\\/deulofeu-signals-to-his-favourite-for-the-inter-barca_284791_102.html#primaryimage\",\"url\":\"https:\\\/\\\/www.fcbarcelonanoticias.com\\\/en\\\/wp-content\\\/uploads\\\/sites\\\/2\\\/2022\\\/09\\\/gerard-deulofeu-udinese.jpeg\",\"contentUrl\":\"https:\\\/\\\/www.fcbarcelonanoticias.com\\\/en\\\/wp-content\\\/uploads\\\/sites\\\/2\\\/2022\\\/09\\\/gerard-deulofeu-udinese.jpeg\",\"width\":1300,\"height\":732},{\"@type\":\"BreadcrumbList\",\"@id\":\"https:\\\/\\\/www.fcbarcelonanoticias.com\\\/en\\\/champions-league\\\/deulofeu-signals-to-his-favourite-for-the-inter-barca_284791_102.html#breadcrumb\",\"itemListElement\":[{\"@type\":\"ListItem\",\"position\":1,\"name\":\"Portada\",\"item\":\"https:\\\/\\\/www.fcbarcelonanoticias.com\\\/en\\\/\"},{\"@type\":\"ListItem\",\"position\":2,\"name\":\"Deulofeu points to his favorite for the Inter-Bar\u00e7a\"}]},{\"@type\":\"WebSite\",\"@id\":\"https:\\\/\\\/www.fcbarcelonanoticias.com\\\/en\\\/#website\",\"url\":\"https:\\\/\\\/www.fcbarcelonanoticias.com\\\/en\\\/\",\"name\":\"EN - FC Barcelona Noticias\",\"description\":\"\",\"potentialAction\":[{\"@type\":\"SearchAction\",\"target\":{\"@type\":\"EntryPoint\",\"urlTemplate\":\"https:\\\/\\\/www.fcbarcelonanoticias.com\\\/en\\\/?s={search_term_string}\"},\"query-input\":{\"@type\":\"PropertyValueSpecification\",\"valueRequired\":true,\"valueName\":\"search_term_string\"}}],\"inLanguage\":\"en-US\"},{\"@type\":\"Person\",\"@id\":\"https:\\\/\\\/www.fcbarcelonanoticias.com\\\/en\\\/#\\\/schema\\\/person\\\/c2cd9f6fa1af5c0d0eccd0fefa575c88\",\"name\":\"Andr\u00e9s Quiroz\",\"image\":{\"@type\":\"ImageObject\",\"inLanguage\":\"en-US\",\"@id\":\"https:\\\/\\\/secure.gravatar.com\\\/avatar\\\/?s=96&d=mm&r=g\",\"url\":\"https:\\\/\\\/secure.gravatar.com\\\/avatar\\\/?s=96&d=mm&r=g\",\"contentUrl\":\"https:\\\/\\\/secure.gravatar.com\\\/avatar\\\/?s=96&d=mm&r=g\",\"caption\":\"Andr\u00e9s Quiroz\"},\"description\":\"Licenciado en Periodismo por la Universidad de los Andes. Me encargo de analizar y compartir los contenidos m\u00e1s destacados de la\u00a0actualidad del F\u00fatbol Club Barcelona, Mercado de Fichajes y F\u00fatbol Internacional en FCBN. La informaci\u00f3n es poder, pero tambi\u00e9n conocimiento.\",\"url\":\"https:\\\/\\\/www.fcbarcelonanoticias.com\\\/en\\\/fc-barcelona\\\/andres-quiroz_17_115.html\"}]}<\/script>\n<!-- \/ Yoast SEO plugin. -->","yoast_head_json":{"title":"Deulofeu Signals to his favourite for the Inter-Bar\u00e7a","description":"Gerard Deulofeu lives a big start of season with the Udinese. To a week of the crash between the FC Barcelona and the Inter of Milan by the day 3 of the Cha...","robots":{"index":"index","follow":"follow","max-snippet":"max-snippet:-1","max-image-preview":"max-image-preview:large","max-video-preview":"max-video-preview:-1"},"canonical":"https:\/\/www.fcbarcelonanoticias.com\/en\/champions-league\/deulofeu-signals-to-his-favourite-for-the-inter-barca_284791_102.html","og_locale":"en_US","og_type":"article","og_title":"Deulofeu Signals to his favourite for the Inter-Bar\u00e7a","og_description":"Gerard Deulofeu lives a big start of season with the Udinese. To a week of the crash between the FC Barcelona and the Inter of Milan by the day 3 of the Cha...","og_url":"https:\/\/www.fcbarcelonanoticias.com\/en\/champions-league\/deulofeu-signals-to-his-favourite-for-the-inter-barca_284791_102.html","og_site_name":"EN - FC Barcelona Noticias","article_published_time":"2022-09-26T21:45:00+00:00","og_image":[{"width":1300,"height":732,"url":"https:\/\/www.fcbarcelonanoticias.com\/en\/wp-content\/uploads\/sites\/2\/2022\/09\/gerard-deulofeu-udinese.jpeg","type":"image\/jpeg"}],"author":"Andr\u00e9s Quiroz","twitter_card":"summary_large_image","twitter_misc":{"Written by":"Andr\u00e9s Quiroz","Est. reading time":"3 minutes"},"schema":{"@context":"https:\/\/schema.org","@graph":[{"@type":"Article","@id":"https:\/\/www.fcbarcelonanoticias.com\/en\/champions-league\/deulofeu-signals-to-his-favourite-for-the-inter-barca_284791_102.html#article","isPartOf":{"@id":"https:\/\/www.fcbarcelonanoticias.com\/en\/champions-league\/deulofeu-signals-to-his-favourite-for-the-inter-barca_284791_102.html"},"author":{"name":"Andr\u00e9s Quiroz","@id":"https:\/\/www.fcbarcelonanoticias.com\/en\/#\/schema\/person\/c2cd9f6fa1af5c0d0eccd0fefa575c88"},"headline":"Deulofeu points to his favorite for the Inter-Bar\u00e7a","datePublished":"2022-09-26T21:45:00+00:00","mainEntityOfPage":{"@id":"https:\/\/www.fcbarcelonanoticias.com\/en\/champions-league\/deulofeu-signals-to-his-favourite-for-the-inter-barca_284791_102.html"},"wordCount":520,"image":{"@id":"https:\/\/www.fcbarcelonanoticias.com\/en\/champions-league\/deulofeu-signals-to-his-favourite-for-the-inter-barca_284791_102.html#primaryimage"},"thumbnailUrl":"https:\/\/www.fcbarcelonanoticias.com\/en\/wp-content\/uploads\/sites\/2\/2022\/09\/gerard-deulofeu-udinese.jpeg","keywords":["Deulofeu","Inter Milan"],"articleSection":["Champions League","Champions League"],"inLanguage":"en-US"},{"@type":"WebPage","@id":"https:\/\/www.fcbarcelonanoticias.com\/en\/champions-league\/deulofeu-signals-to-his-favourite-for-the-inter-barca_284791_102.html","url":"https:\/\/www.fcbarcelonanoticias.com\/en\/champions-league\/deulofeu-signals-to-his-favourite-for-the-inter-barca_284791_102.html","name":"Deulofeu Signals to his favourite for the Inter-Bar\u00e7a","isPartOf":{"@id":"https:\/\/www.fcbarcelonanoticias.com\/en\/#website"},"primaryImageOfPage":{"@id":"https:\/\/www.fcbarcelonanoticias.com\/en\/champions-league\/deulofeu-signals-to-his-favourite-for-the-inter-barca_284791_102.html#primaryimage"},"image":{"@id":"https:\/\/www.fcbarcelonanoticias.com\/en\/champions-league\/deulofeu-signals-to-his-favourite-for-the-inter-barca_284791_102.html#primaryimage"},"thumbnailUrl":"https:\/\/www.fcbarcelonanoticias.com\/en\/wp-content\/uploads\/sites\/2\/2022\/09\/gerard-deulofeu-udinese.jpeg","datePublished":"2022-09-26T21:45:00+00:00","author":{"@id":"https:\/\/www.fcbarcelonanoticias.com\/en\/#\/schema\/person\/c2cd9f6fa1af5c0d0eccd0fefa575c88"},"description":"Gerard Deulofeu lives a big start of season with the Udinese. To a week of the crash between the FC Barcelona and the Inter of Milan by the day 3 of the Cha...","breadcrumb":{"@id":"https:\/\/www.fcbarcelonanoticias.com\/en\/champions-league\/deulofeu-signals-to-his-favourite-for-the-inter-barca_284791_102.html#breadcrumb"},"inLanguage":"en-US","potentialAction":[{"@type":"ReadAction","target":["https:\/\/www.fcbarcelonanoticias.com\/en\/champions-league\/deulofeu-signals-to-his-favourite-for-the-inter-barca_284791_102.html"]}]},{"@type":"ImageObject","inLanguage":"en-US","@id":"https:\/\/www.fcbarcelonanoticias.com\/en\/champions-league\/deulofeu-signals-to-his-favourite-for-the-inter-barca_284791_102.html#primaryimage","url":"https:\/\/www.fcbarcelonanoticias.com\/en\/wp-content\/uploads\/sites\/2\/2022\/09\/gerard-deulofeu-udinese.jpeg","contentUrl":"https:\/\/www.fcbarcelonanoticias.com\/en\/wp-content\/uploads\/sites\/2\/2022\/09\/gerard-deulofeu-udinese.jpeg","width":1300,"height":732},{"@type":"BreadcrumbList","@id":"https:\/\/www.fcbarcelonanoticias.com\/en\/champions-league\/deulofeu-signals-to-his-favourite-for-the-inter-barca_284791_102.html#breadcrumb","itemListElement":[{"@type":"ListItem","position":1,"name":"Portada","item":"https:\/\/www.fcbarcelonanoticias.com\/en\/"},{"@type":"ListItem","position":2,"name":"Deulofeu points to his favorite for the Inter-Bar\u00e7a"}]},{"@type":"WebSite","@id":"https:\/\/www.fcbarcelonanoticias.com\/en\/#website","url":"https:\/\/www.fcbarcelonanoticias.com\/en\/","name":"EN - FC Barcelona Noticias","description":"","potentialAction":[{"@type":"SearchAction","target":{"@type":"EntryPoint","urlTemplate":"https:\/\/www.fcbarcelonanoticias.com\/en\/?s={search_term_string}"},"query-input":{"@type":"PropertyValueSpecification","valueRequired":true,"valueName":"search_term_string"}}],"inLanguage":"en-US"},{"@type":"Person","@id":"https:\/\/www.fcbarcelonanoticias.com\/en\/#\/schema\/person\/c2cd9f6fa1af5c0d0eccd0fefa575c88","name":"Andr\u00e9s Quiroz","image":{"@type":"ImageObject","inLanguage":"en-US","@id":"https:\/\/secure.gravatar.com\/avatar\/?s=96&d=mm&r=g","url":"https:\/\/secure.gravatar.com\/avatar\/?s=96&d=mm&r=g","contentUrl":"https:\/\/secure.gravatar.com\/avatar\/?s=96&d=mm&r=g","caption":"Andr\u00e9s Quiroz"},"description":"Licenciado en Periodismo por la Universidad de los Andes. Me encargo de analizar y compartir los contenidos m\u00e1s destacados de la\u00a0actualidad del F\u00fatbol Club Barcelona, Mercado de Fichajes y F\u00fatbol Internacional en FCBN. La informaci\u00f3n es poder, pero tambi\u00e9n conocimiento.","url":"https:\/\/www.fcbarcelonanoticias.com\/en\/fc-barcelona\/andres-quiroz_17_115.html"}]}},"_links":{"self":[{"href":"https:\/\/www.fcbarcelonanoticias.com\/en\/wp-json\/wp\/v2\/posts\/3998","targetHints":{"allow":["GET"]}}],"collection":[{"href":"https:\/\/www.fcbarcelonanoticias.com\/en\/wp-json\/wp\/v2\/posts"}],"about":[{"href":"https:\/\/www.fcbarcelonanoticias.com\/en\/wp-json\/wp\/v2\/types\/post"}],"author":[{"embeddable":true,"href":"https:\/\/www.fcbarcelonanoticias.com\/en\/wp-json\/wp\/v2\/users\/347"}],"replies":[{"embeddable":true,"href":"https:\/\/www.fcbarcelonanoticias.com\/en\/wp-json\/wp\/v2\/comments?post=3998"}],"version-history":[{"count":1,"href":"https:\/\/www.fcbarcelonanoticias.com\/en\/wp-json\/wp\/v2\/posts\/3998\/revisions"}],"predecessor-version":[{"id":100995,"href":"https:\/\/www.fcbarcelonanoticias.com\/en\/wp-json\/wp\/v2\/posts\/3998\/revisions\/100995"}],"wp:featuredmedia":[{"embeddable":true,"href":"https:\/\/www.fcbarcelonanoticias.com\/en\/wp-json\/wp\/v2\/media\/2281"}],"wp:attachment":[{"href":"https:\/\/www.fcbarcelonanoticias.com\/en\/wp-json\/wp\/v2\/media?parent=3998"}],"wp:term":[{"taxonomy":"category","embeddable":true,"href":"https:\/\/www.fcbarcelonanoticias.com\/en\/wp-json\/wp\/v2\/categories?post=3998"},{"taxonomy":"post_tag","embeddable":true,"href":"https:\/\/www.fcbarcelonanoticias.com\/en\/wp-json\/wp\/v2\/tags?post=3998"}],"curies":[{"name":"wp","href":"https:\/\/api.w.org\/{rel}","templated":true}]}}