{"id":4014,"date":"2025-12-09T22:47:00","date_gmt":"2025-12-09T21:47:00","guid":{"rendered":"https:\/\/weisetech.dev\/fc-barcelona-noticias\/en\/jules-two-headers-revive-barca-against-eintracht_315477_102\/"},"modified":"2026-04-16T09:19:22","modified_gmt":"2026-04-16T07:19:22","slug":"jules-two-headers-revive-barca-against-eintracht_315477_102","status":"publish","type":"post","link":"https:\/\/www.fcbarcelonanoticias.com\/en\/champions-league\/jules-two-headers-revive-barca-against-eintracht_315477_102.html","title":{"rendered":"Kound\u00e9&#8217;s brace! Two headers from Jules revive Bar\u00e7a against Eintracht"},"content":{"rendered":"<h2 class=\"wp-block-heading\">Jules Kound\u00e9 scored the first brace of his professional career in the Bar\u00e7a-Eintracht match. In just three minutes, the Frenchman scored two great headers to give the Catalans the lead back<\/h2>  \r\n<div class=\"article-addons\">\r\n    <a href=\"https:\/\/www.fcbarcelonanoticias.com\/en\/calendar-fc-barcelona.html\"\r\n       target=\"_self\"\r\n       title=\"Calendar of FC Barcelona\"\r\n       class=\"blue-gredient-btn\">\r\n       \r\n        Calendar of FC Barcelona    <\/a>\r\n<\/div>   <p>For the fourth consecutive match, <strong>FC Barcelona<\/strong> had to come from behind to secure victory. Against <strong>Eintracht Frankfurt<\/strong>, <strong>Jules Kound\u00e9<\/strong> was the unexpected hero for Hansi Flick&#8217;s side, scoring the first brace of his career. In the 49th and 52nd minutes, two headers from the Frenchman, from crosses by <strong>Marcus Rashford<\/strong> and <strong>Lamine Yamal<\/strong>, left the Germans in shock at the Spotify Camp Nou.<\/p>  <p>Eintracht had controlled the match well after taking the lead in the 21st minute with a goal from **Ansgar Knauff**. At halftime, Flick brought on Rashford in place of **Ferm\u00edn L\u00f3pez**, and the Englishman, playing as a left winger, gave much more depth to Bar\u00e7a&#8217;s attack.<\/p>  <h2>Jules Kound\u00e9 Celebrates First Champions League Goals with Bar\u00e7a<\/h2>  <p>In the 50th minute, Rashford sent a perfect cross into the heart of the box looking for Lewandowski&#8217;s head. However, it was Kound\u00e9 who appeared behind the German center-backs. The full-back got past **Theate**, flicking an impossible ball for goalkeeper **Zetterer** towards the far post.<\/p>  <p>Three minutes later, a corner taken short by Rashford led to a floated cross from Lamine. The ball seemed to never come down, and only Jules perfectly read its trajectory. <strong>Frankfurt&#8217;s defense once again forgot about the Bar\u00e7a &#8217;23&#8217;<\/strong>, who this time delivered a well-placed header to celebrate his brace.<\/p>  <h2>Kound\u00e9 makes history with his brace of headers<\/h2>  <div class=\"media media-image\" data-ck-asset-wrapper=\"\"> <div class=\"media-item\"> <img loading=\"lazy\" decoding=\"async\" alt=\"Jules Kound\u00e9 scoring with a header against Eintracht\" data-id=\"1534320\" data-resize=\"9\" height=\"563\" src=\"https:\/\/www.fcbarcelonanoticias.com\/wp-content\/uploads\/sites\/2\/2025\/12\/fcbn-85c3caf522cfddcb9428e84e931cb85e.jpeg\" title=\"Jules Kound\u00e9 scoring with a header against Eintracht\" width=\"1000\"><div class=\"media-title\">Jules Kound\u00e9 scoring with a header against Eintracht<\/div> <\/div> <\/div>  <p><strong>Kound\u00e9 hadn&#8217;t scored in the Champions League since 2020<\/strong>, when he was still wearing the Sevilla jersey. Furthermore, his goals allowed Hansi Flick&#8217;s team to come back from a halftime deficit for the first time since the German coach took the helm at the Camp Nou.<\/p>  <p>This season, the right-back <a data-external=\"0\" data-intl-links-en=\"https:\/\/www.fcbarcelonanoticias.com\/en\/laliga\/kounde-rescues-barca-and-criticizes-the-lack-of-intensity_314868_102.html\" data-intl-links-es=\"https:\/\/www.fcbarcelonanoticias.com\/laliga\/kounde-gol-criticas-barcelona-real-sociedad_314868_102.html\" href=\"https:\/\/www.fcbarcelonanoticias.com\/en\/laliga\/kounde-rescues-barca-and-criticizes-the-lack-of-intensity_314868_102.html\" rel=\"follow\" target=\"_self\" title=\"Kound\u00e9 rescata al Bar\u00e7a con un gol de oro y critica falta de intensidad\">had scored against Real Sociedad (2-1)<\/a> in matchday 7 of LaLiga. In total, the Paris-born player has 10 goals and 20 assists in 161 official matches for Bar\u00e7a.<\/p>  <p>Furthermore, in the Champions League, **no Bar\u00e7a player had managed to score a brace with headers in the same match**, until this Tuesday, December 9, 2025, when the Catalan team returned to Spotify Camp Nou after 1,140 days without playing in Les Corts in Europe&#8217;s top club competition.<\/p>  <p>After the match, the full-back <a data-external=\"1\" href=\"https:\/\/x.com\/en\/ChampionsLeague\/status\/1998530360188219807\" rel=\"nofollow\" target=\"_blank\" title=\"Jules Kound\u00e9 - MVP of Bar\u00e7a-Eintracht match\">received the Man of the Match award<\/a> and praised the team&#8217;s performance in the second half. He also explained that his goals were the result of their hard work in training.<\/p>  <p>&#8220;<strong>The first goal was something we had practiced. It was my job to get there<\/strong>; I knew Rashford likes to play those kinds of balls. For the second goal, I tried to curl it into the box, but it went into the net. I&#8217;m a bit surprised, but sometimes you need a bit of luck,&#8221; he told Movistar+ after the game.<\/p>  <ul> <li><u><strong>Recommended links<\/strong><\/u><\/li> \t<li><a data-external=\"1\" href=\"https:\/\/www.fcbarcelonanoticias.com\/estadisticas-fc-barcelona-2025-2026.html\" rel=\"nofollow\" target=\"_blank\" title=\"Estad\u00edsticas del FC Barcelona en la temporada 2025\/26\">FC Barcelona Statistics in the 2025\/26 season<\/a><\/li> \t<li><a data-external=\"1\" href=\"https:\/\/www.fcbarcelonanoticias.com\/en\/estadisticas-fc-barcelona-champions-league-2025-26.html\" rel=\"nofollow\" target=\"_blank\" title=\"Estad\u00edsticas del FC Barcelona en la UEFA CHAMPIONS LEAGUE 2025\/26\">FC Barcelona Statistics in the UEFA CHAMPIONS LEAGUE 2025\/26<\/a><\/li> \t<li><strong><a data-external=\"0\" data-intl-links-en=\"https:\/\/www.fcbarcelonanoticias.com\/en\/fc-barcelona-squad.html\" data-intl-links-es=\"https:\/\/www.fcbarcelonanoticias.com\/jugadores-fcbarcelona.html\" href=\"https:\/\/www.fcbarcelonanoticias.com\/en\/fc-barcelona-squad.html\" rel=\"follow\" target=\"_self\" title=\"Plantilla del FC Barcelona 2025-26\">FC Barcelona Squad &#8211; 2025\/26 Season<\/a><\/strong><\/li> <\/ul> ","protected":false},"excerpt":{"rendered":"<p>Jules Kound\u00e9 scored the first brace of his professional career in the Bar\u00e7a-Eintracht match. In just three minutes, the Frenchman scored two great headers to give the Catalans the lead back For the fourth consecutive match, FC Barcelona had to come from behind to secure victory. Against Eintracht Frankfurt, Jules Kound\u00e9 was the unexpected hero [&hellip;]<\/p>\n","protected":false},"author":347,"featured_media":2315,"comment_status":"closed","ping_status":"open","sticky":false,"template":"","format":"standard","meta":{"_acf_changed":false,"inline_featured_image":false,"_nextfly_llmd_date_locked":false,"footnotes":""},"categories":[112,447],"tags":[202,248,232,157],"class_list":["post-4014","post","type-post","status-publish","format-standard","has-post-thumbnail","hentry","category-champions-league","category-champions-league-2","tag-eintracht-frankfurt","tag-jules-kounde","tag-mvp","tag-statistics"],"acf":[],"yoast_head":"<!-- This site is optimized with the Yoast SEO plugin v27.3 - https:\/\/yoast.com\/product\/yoast-seo-wordpress\/ -->\n<title>Jules&#039; two headers revive Bar\u00e7a against Eintracht<\/title>\n<meta name=\"description\" content=\"Jules Kound\u00e9 scored the first brace of his professional career in Bar\u00e7a-Eintracht. Discover the facts behind two historic Champions League goals\" \/>\n<meta name=\"robots\" content=\"index, follow, max-snippet:-1, max-image-preview:large, max-video-preview:-1\" \/>\n<link rel=\"canonical\" href=\"https:\/\/www.fcbarcelonanoticias.com\/en\/champions-league\/jules-two-headers-revive-barca-against-eintracht_315477_102.html\" \/>\n<meta property=\"og:locale\" content=\"en_US\" \/>\n<meta property=\"og:type\" content=\"article\" \/>\n<meta property=\"og:title\" content=\"Jules&#039; two headers revive Bar\u00e7a against Eintracht\" \/>\n<meta property=\"og:description\" content=\"Jules Kound\u00e9 scored the first brace of his professional career in Bar\u00e7a-Eintracht. Discover the facts behind two historic Champions League goals\" \/>\n<meta property=\"og:url\" content=\"https:\/\/www.fcbarcelonanoticias.com\/en\/champions-league\/jules-two-headers-revive-barca-against-eintracht_315477_102.html\" \/>\n<meta property=\"og:site_name\" content=\"EN - FC Barcelona Noticias\" \/>\n<meta property=\"article:published_time\" content=\"2025-12-09T21:47:00+00:00\" \/>\n<meta property=\"article:modified_time\" content=\"2026-04-16T07:19:22+00:00\" \/>\n<meta property=\"og:image\" content=\"https:\/\/www.fcbarcelonanoticias.com\/en\/wp-content\/uploads\/sites\/2\/2025\/12\/jules-kounde-v-eintracht-champions.jpeg\" \/>\n\t<meta property=\"og:image:width\" content=\"1200\" \/>\n\t<meta property=\"og:image:height\" content=\"675\" \/>\n\t<meta property=\"og:image:type\" content=\"image\/jpeg\" \/>\n<meta name=\"author\" content=\"Andr\u00e9s Quiroz\" \/>\n<meta name=\"twitter:card\" content=\"summary_large_image\" \/>\n<meta name=\"twitter:label1\" content=\"Written by\" \/>\n\t<meta name=\"twitter:data1\" content=\"Andr\u00e9s Quiroz\" \/>\n\t<meta name=\"twitter:label2\" content=\"Est. reading time\" \/>\n\t<meta name=\"twitter:data2\" content=\"3 minutes\" \/>\n<script type=\"application\/ld+json\" class=\"yoast-schema-graph\">{\"@context\":\"https:\\\/\\\/schema.org\",\"@graph\":[{\"@type\":\"Article\",\"@id\":\"https:\\\/\\\/www.fcbarcelonanoticias.com\\\/en\\\/champions-league\\\/jules-two-headers-revive-barca-against-eintracht_315477_102.html#article\",\"isPartOf\":{\"@id\":\"https:\\\/\\\/www.fcbarcelonanoticias.com\\\/en\\\/champions-league\\\/jules-two-headers-revive-barca-against-eintracht_315477_102.html\"},\"author\":{\"name\":\"Andr\u00e9s Quiroz\",\"@id\":\"https:\\\/\\\/www.fcbarcelonanoticias.com\\\/en\\\/#\\\/schema\\\/person\\\/c2cd9f6fa1af5c0d0eccd0fefa575c88\"},\"headline\":\"Kound\u00e9&#8217;s brace! Two headers from Jules revive Bar\u00e7a against Eintracht\",\"datePublished\":\"2025-12-09T21:47:00+00:00\",\"dateModified\":\"2026-04-16T07:19:22+00:00\",\"mainEntityOfPage\":{\"@id\":\"https:\\\/\\\/www.fcbarcelonanoticias.com\\\/en\\\/champions-league\\\/jules-two-headers-revive-barca-against-eintracht_315477_102.html\"},\"wordCount\":525,\"image\":{\"@id\":\"https:\\\/\\\/www.fcbarcelonanoticias.com\\\/en\\\/champions-league\\\/jules-two-headers-revive-barca-against-eintracht_315477_102.html#primaryimage\"},\"thumbnailUrl\":\"https:\\\/\\\/www.fcbarcelonanoticias.com\\\/en\\\/wp-content\\\/uploads\\\/sites\\\/2\\\/2025\\\/12\\\/jules-kounde-v-eintracht-champions.jpeg\",\"keywords\":[\"Eintracht Frankfurt\",\"Jules Kound\u00e9\",\"MVP FC Barcelona\",\"Statistics\"],\"articleSection\":[\"Champions League\",\"Champions League\"],\"inLanguage\":\"en-US\"},{\"@type\":\"WebPage\",\"@id\":\"https:\\\/\\\/www.fcbarcelonanoticias.com\\\/en\\\/champions-league\\\/jules-two-headers-revive-barca-against-eintracht_315477_102.html\",\"url\":\"https:\\\/\\\/www.fcbarcelonanoticias.com\\\/en\\\/champions-league\\\/jules-two-headers-revive-barca-against-eintracht_315477_102.html\",\"name\":\"Jules' two headers revive Bar\u00e7a against Eintracht\",\"isPartOf\":{\"@id\":\"https:\\\/\\\/www.fcbarcelonanoticias.com\\\/en\\\/#website\"},\"primaryImageOfPage\":{\"@id\":\"https:\\\/\\\/www.fcbarcelonanoticias.com\\\/en\\\/champions-league\\\/jules-two-headers-revive-barca-against-eintracht_315477_102.html#primaryimage\"},\"image\":{\"@id\":\"https:\\\/\\\/www.fcbarcelonanoticias.com\\\/en\\\/champions-league\\\/jules-two-headers-revive-barca-against-eintracht_315477_102.html#primaryimage\"},\"thumbnailUrl\":\"https:\\\/\\\/www.fcbarcelonanoticias.com\\\/en\\\/wp-content\\\/uploads\\\/sites\\\/2\\\/2025\\\/12\\\/jules-kounde-v-eintracht-champions.jpeg\",\"datePublished\":\"2025-12-09T21:47:00+00:00\",\"dateModified\":\"2026-04-16T07:19:22+00:00\",\"author\":{\"@id\":\"https:\\\/\\\/www.fcbarcelonanoticias.com\\\/en\\\/#\\\/schema\\\/person\\\/c2cd9f6fa1af5c0d0eccd0fefa575c88\"},\"description\":\"Jules Kound\u00e9 scored the first brace of his professional career in Bar\u00e7a-Eintracht. Discover the facts behind two historic Champions League goals\",\"breadcrumb\":{\"@id\":\"https:\\\/\\\/www.fcbarcelonanoticias.com\\\/en\\\/champions-league\\\/jules-two-headers-revive-barca-against-eintracht_315477_102.html#breadcrumb\"},\"inLanguage\":\"en-US\",\"potentialAction\":[{\"@type\":\"ReadAction\",\"target\":[\"https:\\\/\\\/www.fcbarcelonanoticias.com\\\/en\\\/champions-league\\\/jules-two-headers-revive-barca-against-eintracht_315477_102.html\"]}]},{\"@type\":\"ImageObject\",\"inLanguage\":\"en-US\",\"@id\":\"https:\\\/\\\/www.fcbarcelonanoticias.com\\\/en\\\/champions-league\\\/jules-two-headers-revive-barca-against-eintracht_315477_102.html#primaryimage\",\"url\":\"https:\\\/\\\/www.fcbarcelonanoticias.com\\\/en\\\/wp-content\\\/uploads\\\/sites\\\/2\\\/2025\\\/12\\\/jules-kounde-v-eintracht-champions.jpeg\",\"contentUrl\":\"https:\\\/\\\/www.fcbarcelonanoticias.com\\\/en\\\/wp-content\\\/uploads\\\/sites\\\/2\\\/2025\\\/12\\\/jules-kounde-v-eintracht-champions.jpeg\",\"width\":1200,\"height\":675},{\"@type\":\"BreadcrumbList\",\"@id\":\"https:\\\/\\\/www.fcbarcelonanoticias.com\\\/en\\\/champions-league\\\/jules-two-headers-revive-barca-against-eintracht_315477_102.html#breadcrumb\",\"itemListElement\":[{\"@type\":\"ListItem\",\"position\":1,\"name\":\"Portada\",\"item\":\"https:\\\/\\\/www.fcbarcelonanoticias.com\\\/en\\\/\"},{\"@type\":\"ListItem\",\"position\":2,\"name\":\"Kound\u00e9&#8217;s brace! Two headers from Jules revive Bar\u00e7a against Eintracht\"}]},{\"@type\":\"WebSite\",\"@id\":\"https:\\\/\\\/www.fcbarcelonanoticias.com\\\/en\\\/#website\",\"url\":\"https:\\\/\\\/www.fcbarcelonanoticias.com\\\/en\\\/\",\"name\":\"EN - FC Barcelona Noticias\",\"description\":\"\",\"potentialAction\":[{\"@type\":\"SearchAction\",\"target\":{\"@type\":\"EntryPoint\",\"urlTemplate\":\"https:\\\/\\\/www.fcbarcelonanoticias.com\\\/en\\\/?s={search_term_string}\"},\"query-input\":{\"@type\":\"PropertyValueSpecification\",\"valueRequired\":true,\"valueName\":\"search_term_string\"}}],\"inLanguage\":\"en-US\"},{\"@type\":\"Person\",\"@id\":\"https:\\\/\\\/www.fcbarcelonanoticias.com\\\/en\\\/#\\\/schema\\\/person\\\/c2cd9f6fa1af5c0d0eccd0fefa575c88\",\"name\":\"Andr\u00e9s Quiroz\",\"image\":{\"@type\":\"ImageObject\",\"inLanguage\":\"en-US\",\"@id\":\"https:\\\/\\\/secure.gravatar.com\\\/avatar\\\/?s=96&d=mm&r=g\",\"url\":\"https:\\\/\\\/secure.gravatar.com\\\/avatar\\\/?s=96&d=mm&r=g\",\"contentUrl\":\"https:\\\/\\\/secure.gravatar.com\\\/avatar\\\/?s=96&d=mm&r=g\",\"caption\":\"Andr\u00e9s Quiroz\"},\"description\":\"Licenciado en Periodismo por la Universidad de los Andes. Me encargo de analizar y compartir los contenidos m\u00e1s destacados de la\u00a0actualidad del F\u00fatbol Club Barcelona, Mercado de Fichajes y F\u00fatbol Internacional en FCBN. La informaci\u00f3n es poder, pero tambi\u00e9n conocimiento.\",\"url\":\"https:\\\/\\\/www.fcbarcelonanoticias.com\\\/en\\\/fc-barcelona\\\/andres-quiroz_17_115.html\"}]}<\/script>\n<!-- \/ Yoast SEO plugin. -->","yoast_head_json":{"title":"Jules' two headers revive Bar\u00e7a against Eintracht","description":"Jules Kound\u00e9 scored the first brace of his professional career in Bar\u00e7a-Eintracht. Discover the facts behind two historic Champions League goals","robots":{"index":"index","follow":"follow","max-snippet":"max-snippet:-1","max-image-preview":"max-image-preview:large","max-video-preview":"max-video-preview:-1"},"canonical":"https:\/\/www.fcbarcelonanoticias.com\/en\/champions-league\/jules-two-headers-revive-barca-against-eintracht_315477_102.html","og_locale":"en_US","og_type":"article","og_title":"Jules' two headers revive Bar\u00e7a against Eintracht","og_description":"Jules Kound\u00e9 scored the first brace of his professional career in Bar\u00e7a-Eintracht. Discover the facts behind two historic Champions League goals","og_url":"https:\/\/www.fcbarcelonanoticias.com\/en\/champions-league\/jules-two-headers-revive-barca-against-eintracht_315477_102.html","og_site_name":"EN - FC Barcelona Noticias","article_published_time":"2025-12-09T21:47:00+00:00","article_modified_time":"2026-04-16T07:19:22+00:00","og_image":[{"width":1200,"height":675,"url":"https:\/\/www.fcbarcelonanoticias.com\/en\/wp-content\/uploads\/sites\/2\/2025\/12\/jules-kounde-v-eintracht-champions.jpeg","type":"image\/jpeg"}],"author":"Andr\u00e9s Quiroz","twitter_card":"summary_large_image","twitter_misc":{"Written by":"Andr\u00e9s Quiroz","Est. reading time":"3 minutes"},"schema":{"@context":"https:\/\/schema.org","@graph":[{"@type":"Article","@id":"https:\/\/www.fcbarcelonanoticias.com\/en\/champions-league\/jules-two-headers-revive-barca-against-eintracht_315477_102.html#article","isPartOf":{"@id":"https:\/\/www.fcbarcelonanoticias.com\/en\/champions-league\/jules-two-headers-revive-barca-against-eintracht_315477_102.html"},"author":{"name":"Andr\u00e9s Quiroz","@id":"https:\/\/www.fcbarcelonanoticias.com\/en\/#\/schema\/person\/c2cd9f6fa1af5c0d0eccd0fefa575c88"},"headline":"Kound\u00e9&#8217;s brace! Two headers from Jules revive Bar\u00e7a against Eintracht","datePublished":"2025-12-09T21:47:00+00:00","dateModified":"2026-04-16T07:19:22+00:00","mainEntityOfPage":{"@id":"https:\/\/www.fcbarcelonanoticias.com\/en\/champions-league\/jules-two-headers-revive-barca-against-eintracht_315477_102.html"},"wordCount":525,"image":{"@id":"https:\/\/www.fcbarcelonanoticias.com\/en\/champions-league\/jules-two-headers-revive-barca-against-eintracht_315477_102.html#primaryimage"},"thumbnailUrl":"https:\/\/www.fcbarcelonanoticias.com\/en\/wp-content\/uploads\/sites\/2\/2025\/12\/jules-kounde-v-eintracht-champions.jpeg","keywords":["Eintracht Frankfurt","Jules Kound\u00e9","MVP FC Barcelona","Statistics"],"articleSection":["Champions League","Champions League"],"inLanguage":"en-US"},{"@type":"WebPage","@id":"https:\/\/www.fcbarcelonanoticias.com\/en\/champions-league\/jules-two-headers-revive-barca-against-eintracht_315477_102.html","url":"https:\/\/www.fcbarcelonanoticias.com\/en\/champions-league\/jules-two-headers-revive-barca-against-eintracht_315477_102.html","name":"Jules' two headers revive Bar\u00e7a against Eintracht","isPartOf":{"@id":"https:\/\/www.fcbarcelonanoticias.com\/en\/#website"},"primaryImageOfPage":{"@id":"https:\/\/www.fcbarcelonanoticias.com\/en\/champions-league\/jules-two-headers-revive-barca-against-eintracht_315477_102.html#primaryimage"},"image":{"@id":"https:\/\/www.fcbarcelonanoticias.com\/en\/champions-league\/jules-two-headers-revive-barca-against-eintracht_315477_102.html#primaryimage"},"thumbnailUrl":"https:\/\/www.fcbarcelonanoticias.com\/en\/wp-content\/uploads\/sites\/2\/2025\/12\/jules-kounde-v-eintracht-champions.jpeg","datePublished":"2025-12-09T21:47:00+00:00","dateModified":"2026-04-16T07:19:22+00:00","author":{"@id":"https:\/\/www.fcbarcelonanoticias.com\/en\/#\/schema\/person\/c2cd9f6fa1af5c0d0eccd0fefa575c88"},"description":"Jules Kound\u00e9 scored the first brace of his professional career in Bar\u00e7a-Eintracht. Discover the facts behind two historic Champions League goals","breadcrumb":{"@id":"https:\/\/www.fcbarcelonanoticias.com\/en\/champions-league\/jules-two-headers-revive-barca-against-eintracht_315477_102.html#breadcrumb"},"inLanguage":"en-US","potentialAction":[{"@type":"ReadAction","target":["https:\/\/www.fcbarcelonanoticias.com\/en\/champions-league\/jules-two-headers-revive-barca-against-eintracht_315477_102.html"]}]},{"@type":"ImageObject","inLanguage":"en-US","@id":"https:\/\/www.fcbarcelonanoticias.com\/en\/champions-league\/jules-two-headers-revive-barca-against-eintracht_315477_102.html#primaryimage","url":"https:\/\/www.fcbarcelonanoticias.com\/en\/wp-content\/uploads\/sites\/2\/2025\/12\/jules-kounde-v-eintracht-champions.jpeg","contentUrl":"https:\/\/www.fcbarcelonanoticias.com\/en\/wp-content\/uploads\/sites\/2\/2025\/12\/jules-kounde-v-eintracht-champions.jpeg","width":1200,"height":675},{"@type":"BreadcrumbList","@id":"https:\/\/www.fcbarcelonanoticias.com\/en\/champions-league\/jules-two-headers-revive-barca-against-eintracht_315477_102.html#breadcrumb","itemListElement":[{"@type":"ListItem","position":1,"name":"Portada","item":"https:\/\/www.fcbarcelonanoticias.com\/en\/"},{"@type":"ListItem","position":2,"name":"Kound\u00e9&#8217;s brace! Two headers from Jules revive Bar\u00e7a against Eintracht"}]},{"@type":"WebSite","@id":"https:\/\/www.fcbarcelonanoticias.com\/en\/#website","url":"https:\/\/www.fcbarcelonanoticias.com\/en\/","name":"EN - FC Barcelona Noticias","description":"","potentialAction":[{"@type":"SearchAction","target":{"@type":"EntryPoint","urlTemplate":"https:\/\/www.fcbarcelonanoticias.com\/en\/?s={search_term_string}"},"query-input":{"@type":"PropertyValueSpecification","valueRequired":true,"valueName":"search_term_string"}}],"inLanguage":"en-US"},{"@type":"Person","@id":"https:\/\/www.fcbarcelonanoticias.com\/en\/#\/schema\/person\/c2cd9f6fa1af5c0d0eccd0fefa575c88","name":"Andr\u00e9s Quiroz","image":{"@type":"ImageObject","inLanguage":"en-US","@id":"https:\/\/secure.gravatar.com\/avatar\/?s=96&d=mm&r=g","url":"https:\/\/secure.gravatar.com\/avatar\/?s=96&d=mm&r=g","contentUrl":"https:\/\/secure.gravatar.com\/avatar\/?s=96&d=mm&r=g","caption":"Andr\u00e9s Quiroz"},"description":"Licenciado en Periodismo por la Universidad de los Andes. Me encargo de analizar y compartir los contenidos m\u00e1s destacados de la\u00a0actualidad del F\u00fatbol Club Barcelona, Mercado de Fichajes y F\u00fatbol Internacional en FCBN. La informaci\u00f3n es poder, pero tambi\u00e9n conocimiento.","url":"https:\/\/www.fcbarcelonanoticias.com\/en\/fc-barcelona\/andres-quiroz_17_115.html"}]}},"_links":{"self":[{"href":"https:\/\/www.fcbarcelonanoticias.com\/en\/wp-json\/wp\/v2\/posts\/4014","targetHints":{"allow":["GET"]}}],"collection":[{"href":"https:\/\/www.fcbarcelonanoticias.com\/en\/wp-json\/wp\/v2\/posts"}],"about":[{"href":"https:\/\/www.fcbarcelonanoticias.com\/en\/wp-json\/wp\/v2\/types\/post"}],"author":[{"embeddable":true,"href":"https:\/\/www.fcbarcelonanoticias.com\/en\/wp-json\/wp\/v2\/users\/347"}],"replies":[{"embeddable":true,"href":"https:\/\/www.fcbarcelonanoticias.com\/en\/wp-json\/wp\/v2\/comments?post=4014"}],"version-history":[{"count":3,"href":"https:\/\/www.fcbarcelonanoticias.com\/en\/wp-json\/wp\/v2\/posts\/4014\/revisions"}],"predecessor-version":[{"id":171977,"href":"https:\/\/www.fcbarcelonanoticias.com\/en\/wp-json\/wp\/v2\/posts\/4014\/revisions\/171977"}],"wp:featuredmedia":[{"embeddable":true,"href":"https:\/\/www.fcbarcelonanoticias.com\/en\/wp-json\/wp\/v2\/media\/2315"}],"wp:attachment":[{"href":"https:\/\/www.fcbarcelonanoticias.com\/en\/wp-json\/wp\/v2\/media?parent=4014"}],"wp:term":[{"taxonomy":"category","embeddable":true,"href":"https:\/\/www.fcbarcelonanoticias.com\/en\/wp-json\/wp\/v2\/categories?post=4014"},{"taxonomy":"post_tag","embeddable":true,"href":"https:\/\/www.fcbarcelonanoticias.com\/en\/wp-json\/wp\/v2\/tags?post=4014"}],"curies":[{"name":"wp","href":"https:\/\/api.w.org\/{rel}","templated":true}]}}