{"id":40182,"date":"2024-12-10T20:32:00","date_gmt":"2024-12-10T19:32:00","guid":{"rendered":"https:\/\/weisetech.dev\/fc-barcelona-noticias\/en\/details-of-gy-keres-outburst-in-the-sporting-cp-locker-room-revealed_309207_102\/"},"modified":"2024-12-10T20:32:00","modified_gmt":"2024-12-10T19:32:00","slug":"details-of-gy-keres-outburst-in-the-sporting-cp-locker-room-revealed_309207_102","status":"publish","type":"post","link":"https:\/\/www.fcbarcelonanoticias.com\/en\/football\/details-of-gy-keres-outburst-in-the-sporting-cp-locker-room-revealed_309207_102.html","title":{"rendered":"Details of Gy\u00f6keres&#8217; Outburst in the Sporting CP Locker Room Revealed"},"content":{"rendered":"<h2 class=\"wp-block-heading\">Viktor Gy\u00f6keres &#8216;exploded&#8217; against his teammates after the defeat against Moreirense, and his future at Sporting CP is now in question<\/h2>  \r\n<div class=\"article-addons\">\r\n    <a href=\"https:\/\/www.fcbarcelonanoticias.com\/en\/calendar-fc-barcelona.html\"\r\n       target=\"_self\"\r\n       title=\"Calendar of FC Barcelona\"\r\n       class=\"blue-gredient-btn\">\r\n       \r\n        Calendar of FC Barcelona    <\/a>\r\n<\/div>   <p>The departure of <strong>R\u00faben Amorim<\/strong> from the bench of <strong>Sporting CP<\/strong> has unleashed chaos at the Jos\u00e9 Alvalade. The Portuguese team has not been able to recover since <strong>Joao Pereira<\/strong> took over the position that now belongs to the coach of <strong>Manchester United<\/strong>, and the defeat against Moreirense (2-1) not only confirmed the team&#8217;s sporting crisis but also triggered a &#8216;bomb&#8217; in the locker room.<\/p>  <p>After the loss to the team from Moreira de C\u00f3negos, a frustrated <strong>Viktor Gy\u00f6keres<\/strong> reportedly had a monumental outburst against his teammates regarding the team&#8217;s performance. According to journalist from &#8216;A BOLA&#8217;, Filipa Reis, to &#8216;SPORT&#8217;, <strong>Hjulmand<\/strong>, the team captain, <strong>Diomande<\/strong>, and the Swede<strong>&nbsp;<\/strong>talked in the locker room, although the reaction of the latter was reportedly the most striking.<\/p>  <h3>Gy\u00f6keres would not leave Sporting CP in January<\/h3>  <p>In fact, once the Nordic player&#8217;s anger came to light, rumors about his possible departure from <strong>Sporting CP<\/strong> in the winter skyrocketed. However, the aforementioned source claims that, for now, there are no plans to transfer him <strong>unless some team pays his release clause, valued at 100 million euros<\/strong>. A very unlikely scenario for the January market.<\/p>  <p>What is clear is that Amorim&#8217;s departure has psychologically affected the players of the Lisbon team, and they must reverse their situation, as direct qualification for the knockout stage of the Champions League is still at stake, and <strong>Benfica<\/strong> and <strong>Porto<\/strong> are already &#8216;breathing down their necks&#8217; in the Liga NOS standings.<\/p> ","protected":false},"excerpt":{"rendered":"<p>Viktor Gy\u00f6keres &#8216;exploded&#8217; against his teammates after the defeat against Moreirense, and his future at Sporting CP is now in question The departure of R\u00faben Amorim from the bench of Sporting CP has unleashed chaos at the Jos\u00e9 Alvalade. The Portuguese team has not been able to recover since Joao Pereira took over the position [&hellip;]<\/p>\n","protected":false},"author":358,"featured_media":40183,"comment_status":"closed","ping_status":"open","sticky":false,"template":"","format":"standard","meta":{"_acf_changed":false,"inline_featured_image":false,"_nextfly_llmd_date_locked":false,"footnotes":""},"categories":[109,452],"tags":[215,235],"class_list":["post-40182","post","type-post","status-publish","format-standard","has-post-thumbnail","hentry","category-football","category-football-2","tag-sporting-portugal","tag-viktor-gyokeres"],"acf":[],"yoast_head":"<!-- This site is optimized with the Yoast SEO plugin v27.3 - https:\/\/yoast.com\/product\/yoast-seo-wordpress\/ -->\n<title>Details of Gy\u00f6keres&#039; Outburst in the Sporting CP Locker Room Revealed<\/title>\n<meta name=\"description\" content=\"Viktor Gy\u00f6keres &#039;exploded&#039; against his teammates after the defeat against Moreirense, and his future at Sporting CP is now in question\" \/>\n<meta name=\"robots\" content=\"index, follow, max-snippet:-1, max-image-preview:large, max-video-preview:-1\" \/>\n<link rel=\"canonical\" href=\"https:\/\/www.fcbarcelonanoticias.com\/en\/football\/details-of-gy-keres-outburst-in-the-sporting-cp-locker-room-revealed_309207_102.html\" \/>\n<meta property=\"og:locale\" content=\"en_US\" \/>\n<meta property=\"og:type\" content=\"article\" \/>\n<meta property=\"og:title\" content=\"Details of Gy\u00f6keres&#039; Outburst in the Sporting CP Locker Room Revealed\" \/>\n<meta property=\"og:description\" content=\"Viktor Gy\u00f6keres &#039;exploded&#039; against his teammates after the defeat against Moreirense, and his future at Sporting CP is now in question\" \/>\n<meta property=\"og:url\" content=\"https:\/\/www.fcbarcelonanoticias.com\/en\/football\/details-of-gy-keres-outburst-in-the-sporting-cp-locker-room-revealed_309207_102.html\" \/>\n<meta property=\"og:site_name\" content=\"EN - FC Barcelona Noticias\" \/>\n<meta property=\"article:published_time\" content=\"2024-12-10T19:32:00+00:00\" \/>\n<meta property=\"og:image\" content=\"https:\/\/www.fcbarcelonanoticias.com\/en\/wp-content\/uploads\/sites\/2\/2024\/12\/viktor-gyokeres-sporting-5-scaled.jpeg\" \/>\n\t<meta property=\"og:image:width\" content=\"2560\" \/>\n\t<meta property=\"og:image:height\" content=\"1696\" \/>\n\t<meta property=\"og:image:type\" content=\"image\/jpeg\" \/>\n<meta name=\"author\" content=\"Juan Pablo Berdugo\" \/>\n<meta name=\"twitter:card\" content=\"summary_large_image\" \/>\n<meta name=\"twitter:label1\" content=\"Written by\" \/>\n\t<meta name=\"twitter:data1\" content=\"Juan Pablo Berdugo\" \/>\n\t<meta name=\"twitter:label2\" content=\"Est. reading time\" \/>\n\t<meta name=\"twitter:data2\" content=\"1 minute\" \/>\n<script type=\"application\/ld+json\" class=\"yoast-schema-graph\">{\"@context\":\"https:\\\/\\\/schema.org\",\"@graph\":[{\"@type\":\"Article\",\"@id\":\"https:\\\/\\\/www.fcbarcelonanoticias.com\\\/en\\\/football\\\/details-of-gy-keres-outburst-in-the-sporting-cp-locker-room-revealed_309207_102.html#article\",\"isPartOf\":{\"@id\":\"https:\\\/\\\/www.fcbarcelonanoticias.com\\\/en\\\/football\\\/details-of-gy-keres-outburst-in-the-sporting-cp-locker-room-revealed_309207_102.html\"},\"author\":{\"name\":\"Juan Pablo Berdugo\",\"@id\":\"https:\\\/\\\/www.fcbarcelonanoticias.com\\\/en\\\/#\\\/schema\\\/person\\\/88d756918a0a1ae9fa593b5edddd1815\"},\"headline\":\"Details of Gy\u00f6keres&#8217; Outburst in the Sporting CP Locker Room Revealed\",\"datePublished\":\"2024-12-10T19:32:00+00:00\",\"mainEntityOfPage\":{\"@id\":\"https:\\\/\\\/www.fcbarcelonanoticias.com\\\/en\\\/football\\\/details-of-gy-keres-outburst-in-the-sporting-cp-locker-room-revealed_309207_102.html\"},\"wordCount\":284,\"image\":{\"@id\":\"https:\\\/\\\/www.fcbarcelonanoticias.com\\\/en\\\/football\\\/details-of-gy-keres-outburst-in-the-sporting-cp-locker-room-revealed_309207_102.html#primaryimage\"},\"thumbnailUrl\":\"https:\\\/\\\/www.fcbarcelonanoticias.com\\\/en\\\/wp-content\\\/uploads\\\/sites\\\/2\\\/2024\\\/12\\\/viktor-gyokeres-sporting-5-scaled.jpeg\",\"keywords\":[\"Sporting Portugal\",\"Viktor Gy\u00f6keres\"],\"articleSection\":[\"Football\",\"Football\"],\"inLanguage\":\"en-US\"},{\"@type\":\"WebPage\",\"@id\":\"https:\\\/\\\/www.fcbarcelonanoticias.com\\\/en\\\/football\\\/details-of-gy-keres-outburst-in-the-sporting-cp-locker-room-revealed_309207_102.html\",\"url\":\"https:\\\/\\\/www.fcbarcelonanoticias.com\\\/en\\\/football\\\/details-of-gy-keres-outburst-in-the-sporting-cp-locker-room-revealed_309207_102.html\",\"name\":\"Details of Gy\u00f6keres' Outburst in the Sporting CP Locker Room Revealed\",\"isPartOf\":{\"@id\":\"https:\\\/\\\/www.fcbarcelonanoticias.com\\\/en\\\/#website\"},\"primaryImageOfPage\":{\"@id\":\"https:\\\/\\\/www.fcbarcelonanoticias.com\\\/en\\\/football\\\/details-of-gy-keres-outburst-in-the-sporting-cp-locker-room-revealed_309207_102.html#primaryimage\"},\"image\":{\"@id\":\"https:\\\/\\\/www.fcbarcelonanoticias.com\\\/en\\\/football\\\/details-of-gy-keres-outburst-in-the-sporting-cp-locker-room-revealed_309207_102.html#primaryimage\"},\"thumbnailUrl\":\"https:\\\/\\\/www.fcbarcelonanoticias.com\\\/en\\\/wp-content\\\/uploads\\\/sites\\\/2\\\/2024\\\/12\\\/viktor-gyokeres-sporting-5-scaled.jpeg\",\"datePublished\":\"2024-12-10T19:32:00+00:00\",\"author\":{\"@id\":\"https:\\\/\\\/www.fcbarcelonanoticias.com\\\/en\\\/#\\\/schema\\\/person\\\/88d756918a0a1ae9fa593b5edddd1815\"},\"description\":\"Viktor Gy\u00f6keres 'exploded' against his teammates after the defeat against Moreirense, and his future at Sporting CP is now in question\",\"breadcrumb\":{\"@id\":\"https:\\\/\\\/www.fcbarcelonanoticias.com\\\/en\\\/football\\\/details-of-gy-keres-outburst-in-the-sporting-cp-locker-room-revealed_309207_102.html#breadcrumb\"},\"inLanguage\":\"en-US\",\"potentialAction\":[{\"@type\":\"ReadAction\",\"target\":[\"https:\\\/\\\/www.fcbarcelonanoticias.com\\\/en\\\/football\\\/details-of-gy-keres-outburst-in-the-sporting-cp-locker-room-revealed_309207_102.html\"]}]},{\"@type\":\"ImageObject\",\"inLanguage\":\"en-US\",\"@id\":\"https:\\\/\\\/www.fcbarcelonanoticias.com\\\/en\\\/football\\\/details-of-gy-keres-outburst-in-the-sporting-cp-locker-room-revealed_309207_102.html#primaryimage\",\"url\":\"https:\\\/\\\/www.fcbarcelonanoticias.com\\\/en\\\/wp-content\\\/uploads\\\/sites\\\/2\\\/2024\\\/12\\\/viktor-gyokeres-sporting-5-scaled.jpeg\",\"contentUrl\":\"https:\\\/\\\/www.fcbarcelonanoticias.com\\\/en\\\/wp-content\\\/uploads\\\/sites\\\/2\\\/2024\\\/12\\\/viktor-gyokeres-sporting-5-scaled.jpeg\",\"width\":2560,\"height\":1696},{\"@type\":\"BreadcrumbList\",\"@id\":\"https:\\\/\\\/www.fcbarcelonanoticias.com\\\/en\\\/football\\\/details-of-gy-keres-outburst-in-the-sporting-cp-locker-room-revealed_309207_102.html#breadcrumb\",\"itemListElement\":[{\"@type\":\"ListItem\",\"position\":1,\"name\":\"Portada\",\"item\":\"https:\\\/\\\/www.fcbarcelonanoticias.com\\\/en\\\/\"},{\"@type\":\"ListItem\",\"position\":2,\"name\":\"Details of Gy\u00f6keres&#8217; Outburst in the Sporting CP Locker Room Revealed\"}]},{\"@type\":\"WebSite\",\"@id\":\"https:\\\/\\\/www.fcbarcelonanoticias.com\\\/en\\\/#website\",\"url\":\"https:\\\/\\\/www.fcbarcelonanoticias.com\\\/en\\\/\",\"name\":\"EN - FC Barcelona Noticias\",\"description\":\"\",\"potentialAction\":[{\"@type\":\"SearchAction\",\"target\":{\"@type\":\"EntryPoint\",\"urlTemplate\":\"https:\\\/\\\/www.fcbarcelonanoticias.com\\\/en\\\/?s={search_term_string}\"},\"query-input\":{\"@type\":\"PropertyValueSpecification\",\"valueRequired\":true,\"valueName\":\"search_term_string\"}}],\"inLanguage\":\"en-US\"},{\"@type\":\"Person\",\"@id\":\"https:\\\/\\\/www.fcbarcelonanoticias.com\\\/en\\\/#\\\/schema\\\/person\\\/88d756918a0a1ae9fa593b5edddd1815\",\"name\":\"Juan Pablo Berdugo\",\"image\":{\"@type\":\"ImageObject\",\"inLanguage\":\"en-US\",\"@id\":\"https:\\\/\\\/secure.gravatar.com\\\/avatar\\\/?s=96&d=mm&r=g\",\"url\":\"https:\\\/\\\/secure.gravatar.com\\\/avatar\\\/?s=96&d=mm&r=g\",\"contentUrl\":\"https:\\\/\\\/secure.gravatar.com\\\/avatar\\\/?s=96&d=mm&r=g\",\"caption\":\"Juan Pablo Berdugo\"},\"description\":\"Juan Pablo Berdugo es graduado en Periodismo. Colabora con FCBN como especialista en informaci\u00f3n del primer equipo del FC Barcelona, f\u00fatbol internacional y mercado de fichajes. Destaca por su enfoque anal\u00edtico, su rigor informativo y su capacidad para detectar tendencias emergentes en el f\u00fatbol global.\",\"url\":\"https:\\\/\\\/www.fcbarcelonanoticias.com\\\/en\\\/fc-barcelona\\\/juan-pablo-berdugo_18_115.html\"}]}<\/script>\n<!-- \/ Yoast SEO plugin. -->","yoast_head_json":{"title":"Details of Gy\u00f6keres' Outburst in the Sporting CP Locker Room Revealed","description":"Viktor Gy\u00f6keres 'exploded' against his teammates after the defeat against Moreirense, and his future at Sporting CP is now in question","robots":{"index":"index","follow":"follow","max-snippet":"max-snippet:-1","max-image-preview":"max-image-preview:large","max-video-preview":"max-video-preview:-1"},"canonical":"https:\/\/www.fcbarcelonanoticias.com\/en\/football\/details-of-gy-keres-outburst-in-the-sporting-cp-locker-room-revealed_309207_102.html","og_locale":"en_US","og_type":"article","og_title":"Details of Gy\u00f6keres' Outburst in the Sporting CP Locker Room Revealed","og_description":"Viktor Gy\u00f6keres 'exploded' against his teammates after the defeat against Moreirense, and his future at Sporting CP is now in question","og_url":"https:\/\/www.fcbarcelonanoticias.com\/en\/football\/details-of-gy-keres-outburst-in-the-sporting-cp-locker-room-revealed_309207_102.html","og_site_name":"EN - FC Barcelona Noticias","article_published_time":"2024-12-10T19:32:00+00:00","og_image":[{"width":2560,"height":1696,"url":"https:\/\/www.fcbarcelonanoticias.com\/en\/wp-content\/uploads\/sites\/2\/2024\/12\/viktor-gyokeres-sporting-5-scaled.jpeg","type":"image\/jpeg"}],"author":"Juan Pablo Berdugo","twitter_card":"summary_large_image","twitter_misc":{"Written by":"Juan Pablo Berdugo","Est. reading time":"1 minute"},"schema":{"@context":"https:\/\/schema.org","@graph":[{"@type":"Article","@id":"https:\/\/www.fcbarcelonanoticias.com\/en\/football\/details-of-gy-keres-outburst-in-the-sporting-cp-locker-room-revealed_309207_102.html#article","isPartOf":{"@id":"https:\/\/www.fcbarcelonanoticias.com\/en\/football\/details-of-gy-keres-outburst-in-the-sporting-cp-locker-room-revealed_309207_102.html"},"author":{"name":"Juan Pablo Berdugo","@id":"https:\/\/www.fcbarcelonanoticias.com\/en\/#\/schema\/person\/88d756918a0a1ae9fa593b5edddd1815"},"headline":"Details of Gy\u00f6keres&#8217; Outburst in the Sporting CP Locker Room Revealed","datePublished":"2024-12-10T19:32:00+00:00","mainEntityOfPage":{"@id":"https:\/\/www.fcbarcelonanoticias.com\/en\/football\/details-of-gy-keres-outburst-in-the-sporting-cp-locker-room-revealed_309207_102.html"},"wordCount":284,"image":{"@id":"https:\/\/www.fcbarcelonanoticias.com\/en\/football\/details-of-gy-keres-outburst-in-the-sporting-cp-locker-room-revealed_309207_102.html#primaryimage"},"thumbnailUrl":"https:\/\/www.fcbarcelonanoticias.com\/en\/wp-content\/uploads\/sites\/2\/2024\/12\/viktor-gyokeres-sporting-5-scaled.jpeg","keywords":["Sporting Portugal","Viktor Gy\u00f6keres"],"articleSection":["Football","Football"],"inLanguage":"en-US"},{"@type":"WebPage","@id":"https:\/\/www.fcbarcelonanoticias.com\/en\/football\/details-of-gy-keres-outburst-in-the-sporting-cp-locker-room-revealed_309207_102.html","url":"https:\/\/www.fcbarcelonanoticias.com\/en\/football\/details-of-gy-keres-outburst-in-the-sporting-cp-locker-room-revealed_309207_102.html","name":"Details of Gy\u00f6keres' Outburst in the Sporting CP Locker Room Revealed","isPartOf":{"@id":"https:\/\/www.fcbarcelonanoticias.com\/en\/#website"},"primaryImageOfPage":{"@id":"https:\/\/www.fcbarcelonanoticias.com\/en\/football\/details-of-gy-keres-outburst-in-the-sporting-cp-locker-room-revealed_309207_102.html#primaryimage"},"image":{"@id":"https:\/\/www.fcbarcelonanoticias.com\/en\/football\/details-of-gy-keres-outburst-in-the-sporting-cp-locker-room-revealed_309207_102.html#primaryimage"},"thumbnailUrl":"https:\/\/www.fcbarcelonanoticias.com\/en\/wp-content\/uploads\/sites\/2\/2024\/12\/viktor-gyokeres-sporting-5-scaled.jpeg","datePublished":"2024-12-10T19:32:00+00:00","author":{"@id":"https:\/\/www.fcbarcelonanoticias.com\/en\/#\/schema\/person\/88d756918a0a1ae9fa593b5edddd1815"},"description":"Viktor Gy\u00f6keres 'exploded' against his teammates after the defeat against Moreirense, and his future at Sporting CP is now in question","breadcrumb":{"@id":"https:\/\/www.fcbarcelonanoticias.com\/en\/football\/details-of-gy-keres-outburst-in-the-sporting-cp-locker-room-revealed_309207_102.html#breadcrumb"},"inLanguage":"en-US","potentialAction":[{"@type":"ReadAction","target":["https:\/\/www.fcbarcelonanoticias.com\/en\/football\/details-of-gy-keres-outburst-in-the-sporting-cp-locker-room-revealed_309207_102.html"]}]},{"@type":"ImageObject","inLanguage":"en-US","@id":"https:\/\/www.fcbarcelonanoticias.com\/en\/football\/details-of-gy-keres-outburst-in-the-sporting-cp-locker-room-revealed_309207_102.html#primaryimage","url":"https:\/\/www.fcbarcelonanoticias.com\/en\/wp-content\/uploads\/sites\/2\/2024\/12\/viktor-gyokeres-sporting-5-scaled.jpeg","contentUrl":"https:\/\/www.fcbarcelonanoticias.com\/en\/wp-content\/uploads\/sites\/2\/2024\/12\/viktor-gyokeres-sporting-5-scaled.jpeg","width":2560,"height":1696},{"@type":"BreadcrumbList","@id":"https:\/\/www.fcbarcelonanoticias.com\/en\/football\/details-of-gy-keres-outburst-in-the-sporting-cp-locker-room-revealed_309207_102.html#breadcrumb","itemListElement":[{"@type":"ListItem","position":1,"name":"Portada","item":"https:\/\/www.fcbarcelonanoticias.com\/en\/"},{"@type":"ListItem","position":2,"name":"Details of Gy\u00f6keres&#8217; Outburst in the Sporting CP Locker Room Revealed"}]},{"@type":"WebSite","@id":"https:\/\/www.fcbarcelonanoticias.com\/en\/#website","url":"https:\/\/www.fcbarcelonanoticias.com\/en\/","name":"EN - FC Barcelona Noticias","description":"","potentialAction":[{"@type":"SearchAction","target":{"@type":"EntryPoint","urlTemplate":"https:\/\/www.fcbarcelonanoticias.com\/en\/?s={search_term_string}"},"query-input":{"@type":"PropertyValueSpecification","valueRequired":true,"valueName":"search_term_string"}}],"inLanguage":"en-US"},{"@type":"Person","@id":"https:\/\/www.fcbarcelonanoticias.com\/en\/#\/schema\/person\/88d756918a0a1ae9fa593b5edddd1815","name":"Juan Pablo Berdugo","image":{"@type":"ImageObject","inLanguage":"en-US","@id":"https:\/\/secure.gravatar.com\/avatar\/?s=96&d=mm&r=g","url":"https:\/\/secure.gravatar.com\/avatar\/?s=96&d=mm&r=g","contentUrl":"https:\/\/secure.gravatar.com\/avatar\/?s=96&d=mm&r=g","caption":"Juan Pablo Berdugo"},"description":"Juan Pablo Berdugo es graduado en Periodismo. Colabora con FCBN como especialista en informaci\u00f3n del primer equipo del FC Barcelona, f\u00fatbol internacional y mercado de fichajes. Destaca por su enfoque anal\u00edtico, su rigor informativo y su capacidad para detectar tendencias emergentes en el f\u00fatbol global.","url":"https:\/\/www.fcbarcelonanoticias.com\/en\/fc-barcelona\/juan-pablo-berdugo_18_115.html"}]}},"_links":{"self":[{"href":"https:\/\/www.fcbarcelonanoticias.com\/en\/wp-json\/wp\/v2\/posts\/40182","targetHints":{"allow":["GET"]}}],"collection":[{"href":"https:\/\/www.fcbarcelonanoticias.com\/en\/wp-json\/wp\/v2\/posts"}],"about":[{"href":"https:\/\/www.fcbarcelonanoticias.com\/en\/wp-json\/wp\/v2\/types\/post"}],"author":[{"embeddable":true,"href":"https:\/\/www.fcbarcelonanoticias.com\/en\/wp-json\/wp\/v2\/users\/358"}],"replies":[{"embeddable":true,"href":"https:\/\/www.fcbarcelonanoticias.com\/en\/wp-json\/wp\/v2\/comments?post=40182"}],"version-history":[{"count":1,"href":"https:\/\/www.fcbarcelonanoticias.com\/en\/wp-json\/wp\/v2\/posts\/40182\/revisions"}],"predecessor-version":[{"id":111138,"href":"https:\/\/www.fcbarcelonanoticias.com\/en\/wp-json\/wp\/v2\/posts\/40182\/revisions\/111138"}],"wp:featuredmedia":[{"embeddable":true,"href":"https:\/\/www.fcbarcelonanoticias.com\/en\/wp-json\/wp\/v2\/media\/40183"}],"wp:attachment":[{"href":"https:\/\/www.fcbarcelonanoticias.com\/en\/wp-json\/wp\/v2\/media?parent=40182"}],"wp:term":[{"taxonomy":"category","embeddable":true,"href":"https:\/\/www.fcbarcelonanoticias.com\/en\/wp-json\/wp\/v2\/categories?post=40182"},{"taxonomy":"post_tag","embeddable":true,"href":"https:\/\/www.fcbarcelonanoticias.com\/en\/wp-json\/wp\/v2\/tags?post=40182"}],"curies":[{"name":"wp","href":"https:\/\/api.w.org\/{rel}","templated":true}]}}