{"id":40205,"date":"2024-08-21T17:17:00","date_gmt":"2024-08-21T15:17:00","guid":{"rendered":"https:\/\/weisetech.dev\/fc-barcelona-noticias\/en\/factor-would-be-blocking-exit-ansu-fati-fc-barcelona_306657_102\/"},"modified":"2026-04-16T10:04:14","modified_gmt":"2026-04-16T08:04:14","slug":"factor-would-be-blocking-exit-ansu-fati-fc-barcelona_306657_102","status":"publish","type":"post","link":"https:\/\/www.fcbarcelonanoticias.com\/en\/football\/factor-would-be-blocking-exit-ansu-fati-fc-barcelona_306657_102.html","title":{"rendered":"The factor that would be blocking the departure of Ansu Fati from FC Barcelona"},"content":{"rendered":"<h2 class=\"wp-block-heading\">FC Barcelona is still not clear what it will do with Ansu Fati for the 2024\/25 season. Although he seems certain that he will not get rid of it so easily, at least as long as a condition that we explain in FCBN is not met<\/h2>  \r\n<div class=\"article-addons\">\r\n    <a href=\"https:\/\/www.fcbarcelonanoticias.com\/en\/calendar-fc-barcelona.html\"\r\n       target=\"_self\"\r\n       title=\"Calendar of FC Barcelona\"\r\n       class=\"blue-gredient-btn\">\r\n       \r\n        Calendar of FC Barcelona    <\/a>\r\n<\/div>   <p>As the summer 2024\/25 transfer window closure approaches, <strong>FC Barcelona is still undecided on what to do with Ansu Fati<\/strong>. Unfortunately, the Barcelona youth product <a data-external=\"0\" data-intl-links-en=\"https:\/\/www.fcbarcelonanoticias.com\/en\/transfers\/the-future-of-ansu-fati-follows-entirely-opened-in-spite-of-his-injury_305943_102.html\" data-intl-links-es=\"https:\/\/www.fcbarcelonanoticias.com\/fichajes\/futuro-ansu-fati-sigue-completamente-abierto-pese-su-lesion_305943_102.html\" href=\"https:\/\/www.fcbarcelonanoticias.com\/fichajes\/futuro-ansu-fati-sigue-completamente-abierto-pese-su-lesion_305943_102.html\" rel=\"follow\" target=\"_self\" title=\"The future of Ansu Fati remains completely open despite his injury\">did not have the chance to prove himself in the pre-season under the command of Hansi Flick<\/a> due to a foot injury that has kept him away from the field until now. This situation has greatly complicated the decision-making process for Bar\u00e7a&#8217;s sports management regarding what to do with him for this new season.<\/p>  <p>Initially, everything seemed to indicate that the Bissau-born player, despite having the opportunity to impress the German coach, was mostly destined to be loaned out again this summer, <a data-external=\"0\" data-intl-links-en=\"https:\/\/www.fcbarcelonanoticias.com\/en\/transfers\/derby-sevillano-vitor-roque-ansu-fati-could-sign-for-betis-sevilla_306611_102.html\" data-intl-links-es=\"https:\/\/www.fcbarcelonanoticias.com\/fichajes\/derbi-sevillano-vitor-roque-ansu-fati-podrian-fichar-por-betis-sevilla_306611_102.html\" href=\"https:\/\/www.fcbarcelonanoticias.com\/fichajes\/derbi-sevillano-vitor-roque-ansu-fati-podrian-fichar-por-betis-sevilla_306611_102.html\" rel=\"follow\" target=\"_self\" title=\"Seville derby? Vitor Roque and Ansu Fati could sign for Betis and Sevilla\">with Sevilla as one of the favorite destinations<\/a> for him. The Seville team is closely monitoring the forward, <strong>and the fact that he passed through the Seville team&#8217;s academy (2010-2012) somehow links him to the club<\/strong>. Also, the prospect of being coached by a former Barcelona coach like Garc\u00eda Pimienta made everything ready for the forward to join the Andalusian squad.<\/p>  <h2>The reason &#8216;blocking&#8217; Ansu Fati&#8217;s departure this summer<\/h2>  <p>However, for now, this plan seems to be on hold. Why? As reported by &#8216;SPORT&#8217;, the exit of the winger has been halted because <strong>the club deems it necessary to retain him until a left winger is signed<\/strong>. With only Ansu Fati as a natural left winger, the need to strengthen the attacking front becomes more pressing, especially considering the difficulties in signing <a data-external=\"0\" data-intl-links-en=\"https:\/\/www.fcbarcelonanoticias.com\/en\/transfers\/the-proposal-that-fc-barcelona-would-intend-to-make-to-sign-federico-chiesa_306646_102.html\" data-intl-links-es=\"https:\/\/www.fcbarcelonanoticias.com\/fichajes\/propuesta-pretenderia-hacer-fc-barcelona-fichar-federico-chiesa_306646_102.html\" href=\"https:\/\/www.fcbarcelonanoticias.com\/fichajes\/propuesta-pretenderia-hacer-fc-barcelona-fichar-federico-chiesa_306646_102.html\" rel=\"follow\" target=\"_self\" title=\"The proposal that FC Barcelona would intend to make to sign Federico Chiesa\">a winger who can reinforce the left flank this summer<\/a> as Barcelona&#8217;s options diminish to strengthen that area of the field.<\/p>  <p>Equally important to note is that, despite his sporting value, keeping Ansu in the squad for the upcoming season would have a significant impact on the team&#8217;s wage structure. Currently, <strong>the forward earns a salary of around 13.9 million euros gross (about 6.7 million net), making him the fourth highest-paid player in the Blaugrana squad<\/strong>, the third if \u0130lkay G\u00fcndo\u011fan is not considered, who appears to be close to an agreement with Manchester City.<\/p>  <p>It remains to be seen how Barcelona will handle this situation, as while the priority seems to be to lighten the wage burden, <strong>it is also important to find a destination for Ansu Fati where he can regain his best footballing form<\/strong>. The unsuccessful experience with Brighton &amp; Hove Albion in the 2023\/24 season is something both the club and the player wish to avoid, aiming not to continue seeing his market value depreciate rapidly.<\/p> ","protected":false},"excerpt":{"rendered":"<p>FC Barcelona is still not clear what it will do with Ansu Fati for the 2024\/25 season. Although he seems certain that he will not get rid of it so easily, at least as long as a condition that we explain in FCBN is not met As the summer 2024\/25 transfer window closure approaches, FC [&hellip;]<\/p>\n","protected":false},"author":355,"featured_media":19430,"comment_status":"closed","ping_status":"open","sticky":false,"template":"","format":"standard","meta":{"_acf_changed":false,"inline_featured_image":false,"_nextfly_llmd_date_locked":false,"footnotes":""},"categories":[109,452],"tags":[],"class_list":["post-40205","post","type-post","status-publish","format-standard","has-post-thumbnail","hentry","category-football","category-football-2"],"acf":[],"yoast_head":"<!-- This site is optimized with the Yoast SEO plugin v27.3 - https:\/\/yoast.com\/product\/yoast-seo-wordpress\/ -->\n<title>The factor that would be blocking the departure of Ansu Fati from FC Barcelona<\/title>\n<meta name=\"description\" content=\"FC Barcelona is still not clear what it will do with Ansu Fati for the 2024\/25 season. Although he seems certain that he will not get rid of it so easily, at least as long as a condition that we explain in FCBN is not met\" \/>\n<meta name=\"robots\" content=\"index, follow, max-snippet:-1, max-image-preview:large, max-video-preview:-1\" \/>\n<link rel=\"canonical\" href=\"https:\/\/www.fcbarcelonanoticias.com\/en\/football\/factor-would-be-blocking-exit-ansu-fati-fc-barcelona_306657_102.html\" \/>\n<meta property=\"og:locale\" content=\"en_US\" \/>\n<meta property=\"og:type\" content=\"article\" \/>\n<meta property=\"og:title\" content=\"The factor that would be blocking the departure of Ansu Fati from FC Barcelona\" \/>\n<meta property=\"og:description\" content=\"FC Barcelona is still not clear what it will do with Ansu Fati for the 2024\/25 season. Although he seems certain that he will not get rid of it so easily, at least as long as a condition that we explain in FCBN is not met\" \/>\n<meta property=\"og:url\" content=\"https:\/\/www.fcbarcelonanoticias.com\/en\/football\/factor-would-be-blocking-exit-ansu-fati-fc-barcelona_306657_102.html\" \/>\n<meta property=\"og:site_name\" content=\"EN - FC Barcelona Noticias\" \/>\n<meta property=\"article:published_time\" content=\"2024-08-21T15:17:00+00:00\" \/>\n<meta property=\"article:modified_time\" content=\"2026-04-16T08:04:14+00:00\" \/>\n<meta property=\"og:image\" content=\"https:\/\/www.fcbarcelonanoticias.com\/en\/wp-content\/uploads\/sites\/2\/2025\/01\/ansu-fati-en-la-presentacion-de-la-plantilla-del-fc-barcelona-en-el-trofeo-joan-gamper-2024-25.jpeg\" \/>\n\t<meta property=\"og:image:width\" content=\"1300\" \/>\n\t<meta property=\"og:image:height\" content=\"732\" \/>\n\t<meta property=\"og:image:type\" content=\"image\/jpeg\" \/>\n<meta name=\"author\" content=\"Kevin G\u00f3mez\" \/>\n<meta name=\"twitter:card\" content=\"summary_large_image\" \/>\n<meta name=\"twitter:label1\" content=\"Written by\" \/>\n\t<meta name=\"twitter:data1\" content=\"Kevin G\u00f3mez\" \/>\n\t<meta name=\"twitter:label2\" content=\"Est. reading time\" \/>\n\t<meta name=\"twitter:data2\" content=\"2 minutes\" \/>\n<script type=\"application\/ld+json\" class=\"yoast-schema-graph\">{\"@context\":\"https:\\\/\\\/schema.org\",\"@graph\":[{\"@type\":\"Article\",\"@id\":\"https:\\\/\\\/www.fcbarcelonanoticias.com\\\/en\\\/football\\\/factor-would-be-blocking-exit-ansu-fati-fc-barcelona_306657_102.html#article\",\"isPartOf\":{\"@id\":\"https:\\\/\\\/www.fcbarcelonanoticias.com\\\/en\\\/football\\\/factor-would-be-blocking-exit-ansu-fati-fc-barcelona_306657_102.html\"},\"author\":{\"name\":\"Kevin G\u00f3mez\",\"@id\":\"https:\\\/\\\/www.fcbarcelonanoticias.com\\\/en\\\/#\\\/schema\\\/person\\\/991443f134df9a64c6874f96ff984c9d\"},\"headline\":\"The factor that would be blocking the departure of Ansu Fati from FC Barcelona\",\"datePublished\":\"2024-08-21T15:17:00+00:00\",\"dateModified\":\"2026-04-16T08:04:14+00:00\",\"mainEntityOfPage\":{\"@id\":\"https:\\\/\\\/www.fcbarcelonanoticias.com\\\/en\\\/football\\\/factor-would-be-blocking-exit-ansu-fati-fc-barcelona_306657_102.html\"},\"wordCount\":473,\"image\":{\"@id\":\"https:\\\/\\\/www.fcbarcelonanoticias.com\\\/en\\\/football\\\/factor-would-be-blocking-exit-ansu-fati-fc-barcelona_306657_102.html#primaryimage\"},\"thumbnailUrl\":\"https:\\\/\\\/www.fcbarcelonanoticias.com\\\/en\\\/wp-content\\\/uploads\\\/sites\\\/2\\\/2025\\\/01\\\/ansu-fati-en-la-presentacion-de-la-plantilla-del-fc-barcelona-en-el-trofeo-joan-gamper-2024-25.jpeg\",\"articleSection\":[\"Football\",\"Football\"],\"inLanguage\":\"en-US\"},{\"@type\":\"WebPage\",\"@id\":\"https:\\\/\\\/www.fcbarcelonanoticias.com\\\/en\\\/football\\\/factor-would-be-blocking-exit-ansu-fati-fc-barcelona_306657_102.html\",\"url\":\"https:\\\/\\\/www.fcbarcelonanoticias.com\\\/en\\\/football\\\/factor-would-be-blocking-exit-ansu-fati-fc-barcelona_306657_102.html\",\"name\":\"The factor that would be blocking the departure of Ansu Fati from FC Barcelona\",\"isPartOf\":{\"@id\":\"https:\\\/\\\/www.fcbarcelonanoticias.com\\\/en\\\/#website\"},\"primaryImageOfPage\":{\"@id\":\"https:\\\/\\\/www.fcbarcelonanoticias.com\\\/en\\\/football\\\/factor-would-be-blocking-exit-ansu-fati-fc-barcelona_306657_102.html#primaryimage\"},\"image\":{\"@id\":\"https:\\\/\\\/www.fcbarcelonanoticias.com\\\/en\\\/football\\\/factor-would-be-blocking-exit-ansu-fati-fc-barcelona_306657_102.html#primaryimage\"},\"thumbnailUrl\":\"https:\\\/\\\/www.fcbarcelonanoticias.com\\\/en\\\/wp-content\\\/uploads\\\/sites\\\/2\\\/2025\\\/01\\\/ansu-fati-en-la-presentacion-de-la-plantilla-del-fc-barcelona-en-el-trofeo-joan-gamper-2024-25.jpeg\",\"datePublished\":\"2024-08-21T15:17:00+00:00\",\"dateModified\":\"2026-04-16T08:04:14+00:00\",\"author\":{\"@id\":\"https:\\\/\\\/www.fcbarcelonanoticias.com\\\/en\\\/#\\\/schema\\\/person\\\/991443f134df9a64c6874f96ff984c9d\"},\"description\":\"FC Barcelona is still not clear what it will do with Ansu Fati for the 2024\\\/25 season. Although he seems certain that he will not get rid of it so easily, at least as long as a condition that we explain in FCBN is not met\",\"breadcrumb\":{\"@id\":\"https:\\\/\\\/www.fcbarcelonanoticias.com\\\/en\\\/football\\\/factor-would-be-blocking-exit-ansu-fati-fc-barcelona_306657_102.html#breadcrumb\"},\"inLanguage\":\"en-US\",\"potentialAction\":[{\"@type\":\"ReadAction\",\"target\":[\"https:\\\/\\\/www.fcbarcelonanoticias.com\\\/en\\\/football\\\/factor-would-be-blocking-exit-ansu-fati-fc-barcelona_306657_102.html\"]}]},{\"@type\":\"ImageObject\",\"inLanguage\":\"en-US\",\"@id\":\"https:\\\/\\\/www.fcbarcelonanoticias.com\\\/en\\\/football\\\/factor-would-be-blocking-exit-ansu-fati-fc-barcelona_306657_102.html#primaryimage\",\"url\":\"https:\\\/\\\/www.fcbarcelonanoticias.com\\\/en\\\/wp-content\\\/uploads\\\/sites\\\/2\\\/2025\\\/01\\\/ansu-fati-en-la-presentacion-de-la-plantilla-del-fc-barcelona-en-el-trofeo-joan-gamper-2024-25.jpeg\",\"contentUrl\":\"https:\\\/\\\/www.fcbarcelonanoticias.com\\\/en\\\/wp-content\\\/uploads\\\/sites\\\/2\\\/2025\\\/01\\\/ansu-fati-en-la-presentacion-de-la-plantilla-del-fc-barcelona-en-el-trofeo-joan-gamper-2024-25.jpeg\",\"width\":1300,\"height\":732},{\"@type\":\"BreadcrumbList\",\"@id\":\"https:\\\/\\\/www.fcbarcelonanoticias.com\\\/en\\\/football\\\/factor-would-be-blocking-exit-ansu-fati-fc-barcelona_306657_102.html#breadcrumb\",\"itemListElement\":[{\"@type\":\"ListItem\",\"position\":1,\"name\":\"Portada\",\"item\":\"https:\\\/\\\/www.fcbarcelonanoticias.com\\\/en\\\/\"},{\"@type\":\"ListItem\",\"position\":2,\"name\":\"The factor that would be blocking the departure of Ansu Fati from FC Barcelona\"}]},{\"@type\":\"WebSite\",\"@id\":\"https:\\\/\\\/www.fcbarcelonanoticias.com\\\/en\\\/#website\",\"url\":\"https:\\\/\\\/www.fcbarcelonanoticias.com\\\/en\\\/\",\"name\":\"EN - FC Barcelona Noticias\",\"description\":\"\",\"potentialAction\":[{\"@type\":\"SearchAction\",\"target\":{\"@type\":\"EntryPoint\",\"urlTemplate\":\"https:\\\/\\\/www.fcbarcelonanoticias.com\\\/en\\\/?s={search_term_string}\"},\"query-input\":{\"@type\":\"PropertyValueSpecification\",\"valueRequired\":true,\"valueName\":\"search_term_string\"}}],\"inLanguage\":\"en-US\"},{\"@type\":\"Person\",\"@id\":\"https:\\\/\\\/www.fcbarcelonanoticias.com\\\/en\\\/#\\\/schema\\\/person\\\/991443f134df9a64c6874f96ff984c9d\",\"name\":\"Kevin G\u00f3mez\",\"image\":{\"@type\":\"ImageObject\",\"inLanguage\":\"en-US\",\"@id\":\"https:\\\/\\\/secure.gravatar.com\\\/avatar\\\/?s=96&d=mm&r=g\",\"url\":\"https:\\\/\\\/secure.gravatar.com\\\/avatar\\\/?s=96&d=mm&r=g\",\"contentUrl\":\"https:\\\/\\\/secure.gravatar.com\\\/avatar\\\/?s=96&d=mm&r=g\",\"caption\":\"Kevin G\u00f3mez\"},\"description\":\"Licenciado\u00a0en Periodismo y Comunicaci\u00f3n Audiovisual. Redactor en FCBN responsable de cubrir toda\u00a0la informaci\u00f3n del FC Barcelona y las principales competiciones de\u00a0f\u00fatbol.\",\"url\":\"https:\\\/\\\/www.fcbarcelonanoticias.com\\\/en\\\/jugadores\\\/kevin-gomez_23_115.html\"}]}<\/script>\n<!-- \/ Yoast SEO plugin. -->","yoast_head_json":{"title":"The factor that would be blocking the departure of Ansu Fati from FC Barcelona","description":"FC Barcelona is still not clear what it will do with Ansu Fati for the 2024\/25 season. Although he seems certain that he will not get rid of it so easily, at least as long as a condition that we explain in FCBN is not met","robots":{"index":"index","follow":"follow","max-snippet":"max-snippet:-1","max-image-preview":"max-image-preview:large","max-video-preview":"max-video-preview:-1"},"canonical":"https:\/\/www.fcbarcelonanoticias.com\/en\/football\/factor-would-be-blocking-exit-ansu-fati-fc-barcelona_306657_102.html","og_locale":"en_US","og_type":"article","og_title":"The factor that would be blocking the departure of Ansu Fati from FC Barcelona","og_description":"FC Barcelona is still not clear what it will do with Ansu Fati for the 2024\/25 season. Although he seems certain that he will not get rid of it so easily, at least as long as a condition that we explain in FCBN is not met","og_url":"https:\/\/www.fcbarcelonanoticias.com\/en\/football\/factor-would-be-blocking-exit-ansu-fati-fc-barcelona_306657_102.html","og_site_name":"EN - FC Barcelona Noticias","article_published_time":"2024-08-21T15:17:00+00:00","article_modified_time":"2026-04-16T08:04:14+00:00","og_image":[{"width":1300,"height":732,"url":"https:\/\/www.fcbarcelonanoticias.com\/en\/wp-content\/uploads\/sites\/2\/2025\/01\/ansu-fati-en-la-presentacion-de-la-plantilla-del-fc-barcelona-en-el-trofeo-joan-gamper-2024-25.jpeg","type":"image\/jpeg"}],"author":"Kevin G\u00f3mez","twitter_card":"summary_large_image","twitter_misc":{"Written by":"Kevin G\u00f3mez","Est. reading time":"2 minutes"},"schema":{"@context":"https:\/\/schema.org","@graph":[{"@type":"Article","@id":"https:\/\/www.fcbarcelonanoticias.com\/en\/football\/factor-would-be-blocking-exit-ansu-fati-fc-barcelona_306657_102.html#article","isPartOf":{"@id":"https:\/\/www.fcbarcelonanoticias.com\/en\/football\/factor-would-be-blocking-exit-ansu-fati-fc-barcelona_306657_102.html"},"author":{"name":"Kevin G\u00f3mez","@id":"https:\/\/www.fcbarcelonanoticias.com\/en\/#\/schema\/person\/991443f134df9a64c6874f96ff984c9d"},"headline":"The factor that would be blocking the departure of Ansu Fati from FC Barcelona","datePublished":"2024-08-21T15:17:00+00:00","dateModified":"2026-04-16T08:04:14+00:00","mainEntityOfPage":{"@id":"https:\/\/www.fcbarcelonanoticias.com\/en\/football\/factor-would-be-blocking-exit-ansu-fati-fc-barcelona_306657_102.html"},"wordCount":473,"image":{"@id":"https:\/\/www.fcbarcelonanoticias.com\/en\/football\/factor-would-be-blocking-exit-ansu-fati-fc-barcelona_306657_102.html#primaryimage"},"thumbnailUrl":"https:\/\/www.fcbarcelonanoticias.com\/en\/wp-content\/uploads\/sites\/2\/2025\/01\/ansu-fati-en-la-presentacion-de-la-plantilla-del-fc-barcelona-en-el-trofeo-joan-gamper-2024-25.jpeg","articleSection":["Football","Football"],"inLanguage":"en-US"},{"@type":"WebPage","@id":"https:\/\/www.fcbarcelonanoticias.com\/en\/football\/factor-would-be-blocking-exit-ansu-fati-fc-barcelona_306657_102.html","url":"https:\/\/www.fcbarcelonanoticias.com\/en\/football\/factor-would-be-blocking-exit-ansu-fati-fc-barcelona_306657_102.html","name":"The factor that would be blocking the departure of Ansu Fati from FC Barcelona","isPartOf":{"@id":"https:\/\/www.fcbarcelonanoticias.com\/en\/#website"},"primaryImageOfPage":{"@id":"https:\/\/www.fcbarcelonanoticias.com\/en\/football\/factor-would-be-blocking-exit-ansu-fati-fc-barcelona_306657_102.html#primaryimage"},"image":{"@id":"https:\/\/www.fcbarcelonanoticias.com\/en\/football\/factor-would-be-blocking-exit-ansu-fati-fc-barcelona_306657_102.html#primaryimage"},"thumbnailUrl":"https:\/\/www.fcbarcelonanoticias.com\/en\/wp-content\/uploads\/sites\/2\/2025\/01\/ansu-fati-en-la-presentacion-de-la-plantilla-del-fc-barcelona-en-el-trofeo-joan-gamper-2024-25.jpeg","datePublished":"2024-08-21T15:17:00+00:00","dateModified":"2026-04-16T08:04:14+00:00","author":{"@id":"https:\/\/www.fcbarcelonanoticias.com\/en\/#\/schema\/person\/991443f134df9a64c6874f96ff984c9d"},"description":"FC Barcelona is still not clear what it will do with Ansu Fati for the 2024\/25 season. Although he seems certain that he will not get rid of it so easily, at least as long as a condition that we explain in FCBN is not met","breadcrumb":{"@id":"https:\/\/www.fcbarcelonanoticias.com\/en\/football\/factor-would-be-blocking-exit-ansu-fati-fc-barcelona_306657_102.html#breadcrumb"},"inLanguage":"en-US","potentialAction":[{"@type":"ReadAction","target":["https:\/\/www.fcbarcelonanoticias.com\/en\/football\/factor-would-be-blocking-exit-ansu-fati-fc-barcelona_306657_102.html"]}]},{"@type":"ImageObject","inLanguage":"en-US","@id":"https:\/\/www.fcbarcelonanoticias.com\/en\/football\/factor-would-be-blocking-exit-ansu-fati-fc-barcelona_306657_102.html#primaryimage","url":"https:\/\/www.fcbarcelonanoticias.com\/en\/wp-content\/uploads\/sites\/2\/2025\/01\/ansu-fati-en-la-presentacion-de-la-plantilla-del-fc-barcelona-en-el-trofeo-joan-gamper-2024-25.jpeg","contentUrl":"https:\/\/www.fcbarcelonanoticias.com\/en\/wp-content\/uploads\/sites\/2\/2025\/01\/ansu-fati-en-la-presentacion-de-la-plantilla-del-fc-barcelona-en-el-trofeo-joan-gamper-2024-25.jpeg","width":1300,"height":732},{"@type":"BreadcrumbList","@id":"https:\/\/www.fcbarcelonanoticias.com\/en\/football\/factor-would-be-blocking-exit-ansu-fati-fc-barcelona_306657_102.html#breadcrumb","itemListElement":[{"@type":"ListItem","position":1,"name":"Portada","item":"https:\/\/www.fcbarcelonanoticias.com\/en\/"},{"@type":"ListItem","position":2,"name":"The factor that would be blocking the departure of Ansu Fati from FC Barcelona"}]},{"@type":"WebSite","@id":"https:\/\/www.fcbarcelonanoticias.com\/en\/#website","url":"https:\/\/www.fcbarcelonanoticias.com\/en\/","name":"EN - FC Barcelona Noticias","description":"","potentialAction":[{"@type":"SearchAction","target":{"@type":"EntryPoint","urlTemplate":"https:\/\/www.fcbarcelonanoticias.com\/en\/?s={search_term_string}"},"query-input":{"@type":"PropertyValueSpecification","valueRequired":true,"valueName":"search_term_string"}}],"inLanguage":"en-US"},{"@type":"Person","@id":"https:\/\/www.fcbarcelonanoticias.com\/en\/#\/schema\/person\/991443f134df9a64c6874f96ff984c9d","name":"Kevin G\u00f3mez","image":{"@type":"ImageObject","inLanguage":"en-US","@id":"https:\/\/secure.gravatar.com\/avatar\/?s=96&d=mm&r=g","url":"https:\/\/secure.gravatar.com\/avatar\/?s=96&d=mm&r=g","contentUrl":"https:\/\/secure.gravatar.com\/avatar\/?s=96&d=mm&r=g","caption":"Kevin G\u00f3mez"},"description":"Licenciado\u00a0en Periodismo y Comunicaci\u00f3n Audiovisual. Redactor en FCBN responsable de cubrir toda\u00a0la informaci\u00f3n del FC Barcelona y las principales competiciones de\u00a0f\u00fatbol.","url":"https:\/\/www.fcbarcelonanoticias.com\/en\/jugadores\/kevin-gomez_23_115.html"}]}},"_links":{"self":[{"href":"https:\/\/www.fcbarcelonanoticias.com\/en\/wp-json\/wp\/v2\/posts\/40205","targetHints":{"allow":["GET"]}}],"collection":[{"href":"https:\/\/www.fcbarcelonanoticias.com\/en\/wp-json\/wp\/v2\/posts"}],"about":[{"href":"https:\/\/www.fcbarcelonanoticias.com\/en\/wp-json\/wp\/v2\/types\/post"}],"author":[{"embeddable":true,"href":"https:\/\/www.fcbarcelonanoticias.com\/en\/wp-json\/wp\/v2\/users\/355"}],"replies":[{"embeddable":true,"href":"https:\/\/www.fcbarcelonanoticias.com\/en\/wp-json\/wp\/v2\/comments?post=40205"}],"version-history":[{"count":4,"href":"https:\/\/www.fcbarcelonanoticias.com\/en\/wp-json\/wp\/v2\/posts\/40205\/revisions"}],"predecessor-version":[{"id":184476,"href":"https:\/\/www.fcbarcelonanoticias.com\/en\/wp-json\/wp\/v2\/posts\/40205\/revisions\/184476"}],"wp:featuredmedia":[{"embeddable":true,"href":"https:\/\/www.fcbarcelonanoticias.com\/en\/wp-json\/wp\/v2\/media\/19430"}],"wp:attachment":[{"href":"https:\/\/www.fcbarcelonanoticias.com\/en\/wp-json\/wp\/v2\/media?parent=40205"}],"wp:term":[{"taxonomy":"category","embeddable":true,"href":"https:\/\/www.fcbarcelonanoticias.com\/en\/wp-json\/wp\/v2\/categories?post=40205"},{"taxonomy":"post_tag","embeddable":true,"href":"https:\/\/www.fcbarcelonanoticias.com\/en\/wp-json\/wp\/v2\/tags?post=40205"}],"curies":[{"name":"wp","href":"https:\/\/api.w.org\/{rel}","templated":true}]}}