{"id":40222,"date":"2024-10-27T16:55:00","date_gmt":"2024-10-27T15:55:00","guid":{"rendered":"https:\/\/weisetech.dev\/fc-barcelona-noticias\/en\/don-t-forget-barcelona-message-gundogan-goleada-cule-clasico_308210_102\/"},"modified":"2024-10-27T16:55:00","modified_gmt":"2024-10-27T15:55:00","slug":"don-t-forget-barcelona-message-gundogan-goleada-cule-clasico_308210_102","status":"publish","type":"post","link":"https:\/\/www.fcbarcelonanoticias.com\/en\/football\/don-t-forget-barcelona-message-gundogan-goleada-cule-clasico_308210_102.html","title":{"rendered":"Don&#8217;t forget Bar\u00e7a! G\u00fcndogan&#8217;s message after the cul\u00e9 victory in the Cl\u00e1sico"},"content":{"rendered":"<h2 class=\"wp-block-heading\">\u00cdlkay G\u00fcndogan also celebrated FC Barcelona&#8217;s overwhelming victory over Real Madrid at the Santiago Bernab\u00e9u (0-4). The German midfielder was amazed by the Bar\u00e7a display and dedicated a nice message on Instagram to his former club<\/h2>  \r\n<div class=\"article-addons\">\r\n    <a href=\"https:\/\/www.fcbarcelonanoticias.com\/en\/calendar-fc-barcelona.html\"\r\n       target=\"_self\"\r\n       title=\"Calendar of FC Barcelona\"\r\n       class=\"blue-gredient-btn\">\r\n       \r\n        Calendar of FC Barcelona    <\/a>\r\n<\/div>   <p>\u00cdlkay G\u00fcndogan showed this Saturday that he has not forgotten FC Barcelona. <strong>The 34-year-old player was very aware of the Cl\u00e1sico played at the Santiago Bernab\u00e9u <\/strong>and, after the Bar\u00e7a win against Real Madrid (0-4), he did not take long to express his happiness for the historic result on social networks.<\/p>  <p><strong>&#8220;What a statement at the Bernab\u00e9u&#8230; wow,&#8221;<\/strong> wrote the German midfielder on Instagram stories, sharing the publication from the official Bar\u00e7a account with the match plaque.<\/p>  <blockquote class=\"twitter-tweet\"> <p dir=\"ltr\" lang=\"ca\">\ud83d\udc99\u2764\ufe0f G\u00dcNDOGAN &#8216;Hallucinate&#8217; with the VICTORY of the BAR\u00c7A in <a href=\"https:\/\/twitter.com\/en\/hashtag\/ELCL%C3%81SICO?src=hash&amp;ref_src=twsrc%5Etfw\">#ELCL\u00c1SICO<\/a>!<br><br> \ud83d\ude33 &#8220;Wow&#8221;. <a href=\"https:\/\/t.co\/en\/Ai0mHrkTbr\">pic.twitter.com\/ai0mhrktbr<\/a><\/p> \u2014 The Chiringuito TV (@elchiringuitotv) <a href=\"https:\/\/twitter.com\/en\/elchiringuitotv\/status\/1850521645015765318?ref_src=twsrc%5Etfw\">October 27, 2024<\/a> <\/blockquote> <p>Before the start of the party, just after the victory of his squad, the Manchester City, home against the Southampton (1-0, \u00cdlkay entered in the 86&#8242;), the one from Gelsenkirchen had wished luck to his former mates with a beautiful message.<\/p>  <p><strong>&#8220;Vamoooos! They have had big results and performances recently and I am very happy that my former teammates are doing an incredible work for the moment.<\/strong> Today, the big, big party. A lot of luck and For\u00e7a Bar\u00e7a&#8221;, wrote G\u00fcndo in his account of &#8216;X&#8217;.<\/p>  <blockquote class=\"twitter-tweet\"> <p dir=\"ltr\" lang=\"en\"><a href=\"https:\/\/twitter.com\/en\/hashtag\/ElClasico?src=hash&amp;ref_src=twsrc%5Etfw\">#ElClasico<\/a> Vamoooos! \ud83d\udc99\u2764\ufe0f It&#8217;s been some great results and performances recently &#8211; very happy my former teammates Plough doing such an amazing job under far. Tonight the big, big game \ud83d\udd25 good luck &amp; for\u00e7a Bar\u00e7a! <a href=\"https:\/\/twitter.com\/en\/FCBarcelona?ref_src=twsrc%5Etfw\">@FCBarcelona<\/a><\/p> \u2014 Ilkay G\u00fcndogan (@IlkayGuendogan) <a href=\"https:\/\/twitter.com\/en\/IlkayGuendogan\/status\/1850237408836452812?ref_src=twsrc%5Etfw\">October 26, 2024<\/a> <\/blockquote> <h3>Joao Cancelo also celebrated Bar\u00e7a&#8217;s win<\/h3>  <p>Another of the former cul\u00e9s who greatly celebrated Bar\u00e7a&#8217;s win was Joao Cancelo. <strong>The Portuguese full-back, today at Al Hilal in Saudi Arabia<\/strong>, also dedicated a congratulatory message to the Bar\u00e7a team after the exhibition at the Bernab\u00e9u.<\/p>  <blockquote class=\"twitter-tweet\"> <p dir=\"ltr\" lang=\"pt\">\ud83d\udcf2| Jo\u00e3o Cancel on instagram. <a href=\"https:\/\/t.co\/en\/uhRcJBzZMm\">pic.twitter.com\/uhrcjbzzmm<\/a><\/p> \u2014 Bar\u00e7a Buzz (@Boat_Buzz) <a href=\"https:\/\/twitter.com\/en\/Barca_Buzz\/status\/1850479537366196305?ref_src=twsrc%5Etfw\">October 27, 2024<\/a> <\/blockquote> <p>The Portuguese, like G\u00fcndogan, shared Bar\u00e7a&#8217;s publication with the result of the match, placing two hearts with the club&#8217;s colors. Both Joao and \u00cdlkay had intentions of staying in Barcelona, \u200b\u200bbut the Bar\u00e7a financial situation prevented them from continuing. Luckily for Bar\u00e7a, Hansi Flick has found the formula to not miss them.<\/p> ","protected":false},"excerpt":{"rendered":"<p>\u00cdlkay G\u00fcndogan also celebrated FC Barcelona&#8217;s overwhelming victory over Real Madrid at the Santiago Bernab\u00e9u (0-4). The German midfielder was amazed by the Bar\u00e7a display and dedicated a nice message on Instagram to his former club \u00cdlkay G\u00fcndogan showed this Saturday that he has not forgotten FC Barcelona. The 34-year-old player was very aware of [&hellip;]<\/p>\n","protected":false},"author":347,"featured_media":40225,"comment_status":"closed","ping_status":"open","sticky":false,"template":"","format":"standard","meta":{"_acf_changed":false,"inline_featured_image":false,"_nextfly_llmd_date_locked":false,"footnotes":""},"categories":[452,109],"tags":[53,46,170],"class_list":["post-40222","post","type-post","status-publish","format-standard","has-post-thumbnail","hentry","category-football-2","category-football","tag-el-clasico","tag-fc-barcelona-vs-real-madrid","tag-ilkay-gundogan"],"acf":[],"yoast_head":"<!-- This site is optimized with the Yoast SEO plugin v27.3 - https:\/\/yoast.com\/product\/yoast-seo-wordpress\/ -->\n<title>Don&#039;t forget Bar\u00e7a! G\u00fcndogan&#039;s message after the cul\u00e9 victory in the Cl\u00e1sico<\/title>\n<meta name=\"description\" content=\"\u00cdlkay G\u00fcndogan also celebrated FC Barcelona&#039;s overwhelming victory over Real Madrid at the Santiago Bernab\u00e9u (0-4). The German midfielder was amazed by the Bar\u00e7a display and dedicated a nice message on Instagram to his former club\" \/>\n<meta name=\"robots\" content=\"index, follow, max-snippet:-1, max-image-preview:large, max-video-preview:-1\" \/>\n<link rel=\"canonical\" href=\"https:\/\/www.fcbarcelonanoticias.com\/en\/football\/don-t-forget-barcelona-message-gundogan-goleada-cule-clasico_308210_102.html\" \/>\n<meta property=\"og:locale\" content=\"en_US\" \/>\n<meta property=\"og:type\" content=\"article\" \/>\n<meta property=\"og:title\" content=\"Don&#039;t forget Bar\u00e7a! G\u00fcndogan&#039;s message after the cul\u00e9 victory in the Cl\u00e1sico\" \/>\n<meta property=\"og:description\" content=\"\u00cdlkay G\u00fcndogan also celebrated FC Barcelona&#039;s overwhelming victory over Real Madrid at the Santiago Bernab\u00e9u (0-4). The German midfielder was amazed by the Bar\u00e7a display and dedicated a nice message on Instagram to his former club\" \/>\n<meta property=\"og:url\" content=\"https:\/\/www.fcbarcelonanoticias.com\/en\/football\/don-t-forget-barcelona-message-gundogan-goleada-cule-clasico_308210_102.html\" \/>\n<meta property=\"og:site_name\" content=\"EN - FC Barcelona Noticias\" \/>\n<meta property=\"article:published_time\" content=\"2024-10-27T15:55:00+00:00\" \/>\n<meta property=\"og:image\" content=\"https:\/\/www.fcbarcelonanoticias.com\/en\/wp-content\/uploads\/sites\/2\/2024\/10\/ilkay-gundogan-manchester-city-1.jpeg\" \/>\n\t<meta property=\"og:image:width\" content=\"1250\" \/>\n\t<meta property=\"og:image:height\" content=\"730\" \/>\n\t<meta property=\"og:image:type\" content=\"image\/jpeg\" \/>\n<meta name=\"author\" content=\"Andr\u00e9s Quiroz\" \/>\n<meta name=\"twitter:card\" content=\"summary_large_image\" \/>\n<meta name=\"twitter:label1\" content=\"Written by\" \/>\n\t<meta name=\"twitter:data1\" content=\"Andr\u00e9s Quiroz\" \/>\n\t<meta name=\"twitter:label2\" content=\"Est. reading time\" \/>\n\t<meta name=\"twitter:data2\" content=\"2 minutes\" \/>\n<script type=\"application\/ld+json\" class=\"yoast-schema-graph\">{\"@context\":\"https:\\\/\\\/schema.org\",\"@graph\":[{\"@type\":\"Article\",\"@id\":\"https:\\\/\\\/www.fcbarcelonanoticias.com\\\/en\\\/football\\\/don-t-forget-barcelona-message-gundogan-goleada-cule-clasico_308210_102.html#article\",\"isPartOf\":{\"@id\":\"https:\\\/\\\/www.fcbarcelonanoticias.com\\\/en\\\/football\\\/don-t-forget-barcelona-message-gundogan-goleada-cule-clasico_308210_102.html\"},\"author\":{\"name\":\"Andr\u00e9s Quiroz\",\"@id\":\"https:\\\/\\\/www.fcbarcelonanoticias.com\\\/en\\\/#\\\/schema\\\/person\\\/c2cd9f6fa1af5c0d0eccd0fefa575c88\"},\"headline\":\"Don&#8217;t forget Bar\u00e7a! G\u00fcndogan&#8217;s message after the cul\u00e9 victory in the Cl\u00e1sico\",\"datePublished\":\"2024-10-27T15:55:00+00:00\",\"mainEntityOfPage\":{\"@id\":\"https:\\\/\\\/www.fcbarcelonanoticias.com\\\/en\\\/football\\\/don-t-forget-barcelona-message-gundogan-goleada-cule-clasico_308210_102.html\"},\"wordCount\":419,\"image\":{\"@id\":\"https:\\\/\\\/www.fcbarcelonanoticias.com\\\/en\\\/football\\\/don-t-forget-barcelona-message-gundogan-goleada-cule-clasico_308210_102.html#primaryimage\"},\"thumbnailUrl\":\"https:\\\/\\\/www.fcbarcelonanoticias.com\\\/en\\\/wp-content\\\/uploads\\\/sites\\\/2\\\/2024\\\/10\\\/ilkay-gundogan-manchester-city-1.jpeg\",\"keywords\":[\"El Cl\u00e1sico\",\"FC Barcelona vs Real Madrid\",\"Ilkay G\u00fcndogan\"],\"articleSection\":[\"Football\",\"Football\"],\"inLanguage\":\"en-US\"},{\"@type\":\"WebPage\",\"@id\":\"https:\\\/\\\/www.fcbarcelonanoticias.com\\\/en\\\/football\\\/don-t-forget-barcelona-message-gundogan-goleada-cule-clasico_308210_102.html\",\"url\":\"https:\\\/\\\/www.fcbarcelonanoticias.com\\\/en\\\/football\\\/don-t-forget-barcelona-message-gundogan-goleada-cule-clasico_308210_102.html\",\"name\":\"Don't forget Bar\u00e7a! G\u00fcndogan's message after the cul\u00e9 victory in the Cl\u00e1sico\",\"isPartOf\":{\"@id\":\"https:\\\/\\\/www.fcbarcelonanoticias.com\\\/en\\\/#website\"},\"primaryImageOfPage\":{\"@id\":\"https:\\\/\\\/www.fcbarcelonanoticias.com\\\/en\\\/football\\\/don-t-forget-barcelona-message-gundogan-goleada-cule-clasico_308210_102.html#primaryimage\"},\"image\":{\"@id\":\"https:\\\/\\\/www.fcbarcelonanoticias.com\\\/en\\\/football\\\/don-t-forget-barcelona-message-gundogan-goleada-cule-clasico_308210_102.html#primaryimage\"},\"thumbnailUrl\":\"https:\\\/\\\/www.fcbarcelonanoticias.com\\\/en\\\/wp-content\\\/uploads\\\/sites\\\/2\\\/2024\\\/10\\\/ilkay-gundogan-manchester-city-1.jpeg\",\"datePublished\":\"2024-10-27T15:55:00+00:00\",\"author\":{\"@id\":\"https:\\\/\\\/www.fcbarcelonanoticias.com\\\/en\\\/#\\\/schema\\\/person\\\/c2cd9f6fa1af5c0d0eccd0fefa575c88\"},\"description\":\"\u00cdlkay G\u00fcndogan also celebrated FC Barcelona's overwhelming victory over Real Madrid at the Santiago Bernab\u00e9u (0-4). The German midfielder was amazed by the Bar\u00e7a display and dedicated a nice message on Instagram to his former club\",\"breadcrumb\":{\"@id\":\"https:\\\/\\\/www.fcbarcelonanoticias.com\\\/en\\\/football\\\/don-t-forget-barcelona-message-gundogan-goleada-cule-clasico_308210_102.html#breadcrumb\"},\"inLanguage\":\"en-US\",\"potentialAction\":[{\"@type\":\"ReadAction\",\"target\":[\"https:\\\/\\\/www.fcbarcelonanoticias.com\\\/en\\\/football\\\/don-t-forget-barcelona-message-gundogan-goleada-cule-clasico_308210_102.html\"]}]},{\"@type\":\"ImageObject\",\"inLanguage\":\"en-US\",\"@id\":\"https:\\\/\\\/www.fcbarcelonanoticias.com\\\/en\\\/football\\\/don-t-forget-barcelona-message-gundogan-goleada-cule-clasico_308210_102.html#primaryimage\",\"url\":\"https:\\\/\\\/www.fcbarcelonanoticias.com\\\/en\\\/wp-content\\\/uploads\\\/sites\\\/2\\\/2024\\\/10\\\/ilkay-gundogan-manchester-city-1.jpeg\",\"contentUrl\":\"https:\\\/\\\/www.fcbarcelonanoticias.com\\\/en\\\/wp-content\\\/uploads\\\/sites\\\/2\\\/2024\\\/10\\\/ilkay-gundogan-manchester-city-1.jpeg\",\"width\":1250,\"height\":730},{\"@type\":\"BreadcrumbList\",\"@id\":\"https:\\\/\\\/www.fcbarcelonanoticias.com\\\/en\\\/football\\\/don-t-forget-barcelona-message-gundogan-goleada-cule-clasico_308210_102.html#breadcrumb\",\"itemListElement\":[{\"@type\":\"ListItem\",\"position\":1,\"name\":\"Portada\",\"item\":\"https:\\\/\\\/www.fcbarcelonanoticias.com\\\/en\\\/\"},{\"@type\":\"ListItem\",\"position\":2,\"name\":\"Don&#8217;t forget Bar\u00e7a! G\u00fcndogan&#8217;s message after the cul\u00e9 victory in the Cl\u00e1sico\"}]},{\"@type\":\"WebSite\",\"@id\":\"https:\\\/\\\/www.fcbarcelonanoticias.com\\\/en\\\/#website\",\"url\":\"https:\\\/\\\/www.fcbarcelonanoticias.com\\\/en\\\/\",\"name\":\"EN - FC Barcelona Noticias\",\"description\":\"\",\"potentialAction\":[{\"@type\":\"SearchAction\",\"target\":{\"@type\":\"EntryPoint\",\"urlTemplate\":\"https:\\\/\\\/www.fcbarcelonanoticias.com\\\/en\\\/?s={search_term_string}\"},\"query-input\":{\"@type\":\"PropertyValueSpecification\",\"valueRequired\":true,\"valueName\":\"search_term_string\"}}],\"inLanguage\":\"en-US\"},{\"@type\":\"Person\",\"@id\":\"https:\\\/\\\/www.fcbarcelonanoticias.com\\\/en\\\/#\\\/schema\\\/person\\\/c2cd9f6fa1af5c0d0eccd0fefa575c88\",\"name\":\"Andr\u00e9s Quiroz\",\"image\":{\"@type\":\"ImageObject\",\"inLanguage\":\"en-US\",\"@id\":\"https:\\\/\\\/secure.gravatar.com\\\/avatar\\\/?s=96&d=mm&r=g\",\"url\":\"https:\\\/\\\/secure.gravatar.com\\\/avatar\\\/?s=96&d=mm&r=g\",\"contentUrl\":\"https:\\\/\\\/secure.gravatar.com\\\/avatar\\\/?s=96&d=mm&r=g\",\"caption\":\"Andr\u00e9s Quiroz\"},\"description\":\"Licenciado en Periodismo por la Universidad de los Andes. Me encargo de analizar y compartir los contenidos m\u00e1s destacados de la\u00a0actualidad del F\u00fatbol Club Barcelona, Mercado de Fichajes y F\u00fatbol Internacional en FCBN. La informaci\u00f3n es poder, pero tambi\u00e9n conocimiento.\",\"url\":\"https:\\\/\\\/www.fcbarcelonanoticias.com\\\/en\\\/fc-barcelona\\\/andres-quiroz_17_115.html\"}]}<\/script>\n<!-- \/ Yoast SEO plugin. -->","yoast_head_json":{"title":"Don't forget Bar\u00e7a! G\u00fcndogan's message after the cul\u00e9 victory in the Cl\u00e1sico","description":"\u00cdlkay G\u00fcndogan also celebrated FC Barcelona's overwhelming victory over Real Madrid at the Santiago Bernab\u00e9u (0-4). The German midfielder was amazed by the Bar\u00e7a display and dedicated a nice message on Instagram to his former club","robots":{"index":"index","follow":"follow","max-snippet":"max-snippet:-1","max-image-preview":"max-image-preview:large","max-video-preview":"max-video-preview:-1"},"canonical":"https:\/\/www.fcbarcelonanoticias.com\/en\/football\/don-t-forget-barcelona-message-gundogan-goleada-cule-clasico_308210_102.html","og_locale":"en_US","og_type":"article","og_title":"Don't forget Bar\u00e7a! G\u00fcndogan's message after the cul\u00e9 victory in the Cl\u00e1sico","og_description":"\u00cdlkay G\u00fcndogan also celebrated FC Barcelona's overwhelming victory over Real Madrid at the Santiago Bernab\u00e9u (0-4). The German midfielder was amazed by the Bar\u00e7a display and dedicated a nice message on Instagram to his former club","og_url":"https:\/\/www.fcbarcelonanoticias.com\/en\/football\/don-t-forget-barcelona-message-gundogan-goleada-cule-clasico_308210_102.html","og_site_name":"EN - FC Barcelona Noticias","article_published_time":"2024-10-27T15:55:00+00:00","og_image":[{"width":1250,"height":730,"url":"https:\/\/www.fcbarcelonanoticias.com\/en\/wp-content\/uploads\/sites\/2\/2024\/10\/ilkay-gundogan-manchester-city-1.jpeg","type":"image\/jpeg"}],"author":"Andr\u00e9s Quiroz","twitter_card":"summary_large_image","twitter_misc":{"Written by":"Andr\u00e9s Quiroz","Est. reading time":"2 minutes"},"schema":{"@context":"https:\/\/schema.org","@graph":[{"@type":"Article","@id":"https:\/\/www.fcbarcelonanoticias.com\/en\/football\/don-t-forget-barcelona-message-gundogan-goleada-cule-clasico_308210_102.html#article","isPartOf":{"@id":"https:\/\/www.fcbarcelonanoticias.com\/en\/football\/don-t-forget-barcelona-message-gundogan-goleada-cule-clasico_308210_102.html"},"author":{"name":"Andr\u00e9s Quiroz","@id":"https:\/\/www.fcbarcelonanoticias.com\/en\/#\/schema\/person\/c2cd9f6fa1af5c0d0eccd0fefa575c88"},"headline":"Don&#8217;t forget Bar\u00e7a! G\u00fcndogan&#8217;s message after the cul\u00e9 victory in the Cl\u00e1sico","datePublished":"2024-10-27T15:55:00+00:00","mainEntityOfPage":{"@id":"https:\/\/www.fcbarcelonanoticias.com\/en\/football\/don-t-forget-barcelona-message-gundogan-goleada-cule-clasico_308210_102.html"},"wordCount":419,"image":{"@id":"https:\/\/www.fcbarcelonanoticias.com\/en\/football\/don-t-forget-barcelona-message-gundogan-goleada-cule-clasico_308210_102.html#primaryimage"},"thumbnailUrl":"https:\/\/www.fcbarcelonanoticias.com\/en\/wp-content\/uploads\/sites\/2\/2024\/10\/ilkay-gundogan-manchester-city-1.jpeg","keywords":["El Cl\u00e1sico","FC Barcelona vs Real Madrid","Ilkay G\u00fcndogan"],"articleSection":["Football","Football"],"inLanguage":"en-US"},{"@type":"WebPage","@id":"https:\/\/www.fcbarcelonanoticias.com\/en\/football\/don-t-forget-barcelona-message-gundogan-goleada-cule-clasico_308210_102.html","url":"https:\/\/www.fcbarcelonanoticias.com\/en\/football\/don-t-forget-barcelona-message-gundogan-goleada-cule-clasico_308210_102.html","name":"Don't forget Bar\u00e7a! G\u00fcndogan's message after the cul\u00e9 victory in the Cl\u00e1sico","isPartOf":{"@id":"https:\/\/www.fcbarcelonanoticias.com\/en\/#website"},"primaryImageOfPage":{"@id":"https:\/\/www.fcbarcelonanoticias.com\/en\/football\/don-t-forget-barcelona-message-gundogan-goleada-cule-clasico_308210_102.html#primaryimage"},"image":{"@id":"https:\/\/www.fcbarcelonanoticias.com\/en\/football\/don-t-forget-barcelona-message-gundogan-goleada-cule-clasico_308210_102.html#primaryimage"},"thumbnailUrl":"https:\/\/www.fcbarcelonanoticias.com\/en\/wp-content\/uploads\/sites\/2\/2024\/10\/ilkay-gundogan-manchester-city-1.jpeg","datePublished":"2024-10-27T15:55:00+00:00","author":{"@id":"https:\/\/www.fcbarcelonanoticias.com\/en\/#\/schema\/person\/c2cd9f6fa1af5c0d0eccd0fefa575c88"},"description":"\u00cdlkay G\u00fcndogan also celebrated FC Barcelona's overwhelming victory over Real Madrid at the Santiago Bernab\u00e9u (0-4). The German midfielder was amazed by the Bar\u00e7a display and dedicated a nice message on Instagram to his former club","breadcrumb":{"@id":"https:\/\/www.fcbarcelonanoticias.com\/en\/football\/don-t-forget-barcelona-message-gundogan-goleada-cule-clasico_308210_102.html#breadcrumb"},"inLanguage":"en-US","potentialAction":[{"@type":"ReadAction","target":["https:\/\/www.fcbarcelonanoticias.com\/en\/football\/don-t-forget-barcelona-message-gundogan-goleada-cule-clasico_308210_102.html"]}]},{"@type":"ImageObject","inLanguage":"en-US","@id":"https:\/\/www.fcbarcelonanoticias.com\/en\/football\/don-t-forget-barcelona-message-gundogan-goleada-cule-clasico_308210_102.html#primaryimage","url":"https:\/\/www.fcbarcelonanoticias.com\/en\/wp-content\/uploads\/sites\/2\/2024\/10\/ilkay-gundogan-manchester-city-1.jpeg","contentUrl":"https:\/\/www.fcbarcelonanoticias.com\/en\/wp-content\/uploads\/sites\/2\/2024\/10\/ilkay-gundogan-manchester-city-1.jpeg","width":1250,"height":730},{"@type":"BreadcrumbList","@id":"https:\/\/www.fcbarcelonanoticias.com\/en\/football\/don-t-forget-barcelona-message-gundogan-goleada-cule-clasico_308210_102.html#breadcrumb","itemListElement":[{"@type":"ListItem","position":1,"name":"Portada","item":"https:\/\/www.fcbarcelonanoticias.com\/en\/"},{"@type":"ListItem","position":2,"name":"Don&#8217;t forget Bar\u00e7a! G\u00fcndogan&#8217;s message after the cul\u00e9 victory in the Cl\u00e1sico"}]},{"@type":"WebSite","@id":"https:\/\/www.fcbarcelonanoticias.com\/en\/#website","url":"https:\/\/www.fcbarcelonanoticias.com\/en\/","name":"EN - FC Barcelona Noticias","description":"","potentialAction":[{"@type":"SearchAction","target":{"@type":"EntryPoint","urlTemplate":"https:\/\/www.fcbarcelonanoticias.com\/en\/?s={search_term_string}"},"query-input":{"@type":"PropertyValueSpecification","valueRequired":true,"valueName":"search_term_string"}}],"inLanguage":"en-US"},{"@type":"Person","@id":"https:\/\/www.fcbarcelonanoticias.com\/en\/#\/schema\/person\/c2cd9f6fa1af5c0d0eccd0fefa575c88","name":"Andr\u00e9s Quiroz","image":{"@type":"ImageObject","inLanguage":"en-US","@id":"https:\/\/secure.gravatar.com\/avatar\/?s=96&d=mm&r=g","url":"https:\/\/secure.gravatar.com\/avatar\/?s=96&d=mm&r=g","contentUrl":"https:\/\/secure.gravatar.com\/avatar\/?s=96&d=mm&r=g","caption":"Andr\u00e9s Quiroz"},"description":"Licenciado en Periodismo por la Universidad de los Andes. Me encargo de analizar y compartir los contenidos m\u00e1s destacados de la\u00a0actualidad del F\u00fatbol Club Barcelona, Mercado de Fichajes y F\u00fatbol Internacional en FCBN. La informaci\u00f3n es poder, pero tambi\u00e9n conocimiento.","url":"https:\/\/www.fcbarcelonanoticias.com\/en\/fc-barcelona\/andres-quiroz_17_115.html"}]}},"_links":{"self":[{"href":"https:\/\/www.fcbarcelonanoticias.com\/en\/wp-json\/wp\/v2\/posts\/40222","targetHints":{"allow":["GET"]}}],"collection":[{"href":"https:\/\/www.fcbarcelonanoticias.com\/en\/wp-json\/wp\/v2\/posts"}],"about":[{"href":"https:\/\/www.fcbarcelonanoticias.com\/en\/wp-json\/wp\/v2\/types\/post"}],"author":[{"embeddable":true,"href":"https:\/\/www.fcbarcelonanoticias.com\/en\/wp-json\/wp\/v2\/users\/347"}],"replies":[{"embeddable":true,"href":"https:\/\/www.fcbarcelonanoticias.com\/en\/wp-json\/wp\/v2\/comments?post=40222"}],"version-history":[{"count":1,"href":"https:\/\/www.fcbarcelonanoticias.com\/en\/wp-json\/wp\/v2\/posts\/40222\/revisions"}],"predecessor-version":[{"id":111108,"href":"https:\/\/www.fcbarcelonanoticias.com\/en\/wp-json\/wp\/v2\/posts\/40222\/revisions\/111108"}],"wp:featuredmedia":[{"embeddable":true,"href":"https:\/\/www.fcbarcelonanoticias.com\/en\/wp-json\/wp\/v2\/media\/40225"}],"wp:attachment":[{"href":"https:\/\/www.fcbarcelonanoticias.com\/en\/wp-json\/wp\/v2\/media?parent=40222"}],"wp:term":[{"taxonomy":"category","embeddable":true,"href":"https:\/\/www.fcbarcelonanoticias.com\/en\/wp-json\/wp\/v2\/categories?post=40222"},{"taxonomy":"post_tag","embeddable":true,"href":"https:\/\/www.fcbarcelonanoticias.com\/en\/wp-json\/wp\/v2\/tags?post=40222"}],"curies":[{"name":"wp","href":"https:\/\/api.w.org\/{rel}","templated":true}]}}