{"id":40248,"date":"2025-12-28T18:22:00","date_gmt":"2025-12-28T17:22:00","guid":{"rendered":"https:\/\/weisetech.dev\/fc-barcelona-noticias\/en\/globe-soccer-awards-lamine-yamal-best-forward-of-the-year_315635_102\/"},"modified":"2026-04-16T09:46:20","modified_gmt":"2026-04-16T07:46:20","slug":"globe-soccer-awards-lamine-yamal-best-forward-of-the-year_315635_102","status":"publish","type":"post","link":"https:\/\/www.fcbarcelonanoticias.com\/en\/football\/globe-soccer-awards-lamine-yamal-best-forward-of-the-year_315635_102.html","title":{"rendered":"Lamine Yamal, recognized as best forward at the Globe Soccer Awards 2025"},"content":{"rendered":"<h2 class=\"wp-block-heading\">Lamine Yamal surpassed Demb\u00e9l\u00e9 and Mbapp\u00e9 at the Globe Soccer Awards 2025. The Bar\u00e7a &#8217;10&#8217; won the award for best forward of the year, in a category where Raphinha was also nominated<\/h2>  \r\n<div class=\"article-addons\">\r\n    <a href=\"https:\/\/www.fcbarcelonanoticias.com\/en\/calendar-fc-barcelona.html\"\r\n       target=\"_self\"\r\n       title=\"Calendar of FC Barcelona\"\r\n       class=\"blue-gredient-btn\">\r\n       \r\n        Calendar of FC Barcelona    <\/a>\r\n<\/div>   <p><strong>Lamine Yamal<\/strong> was one of the standout stars of the 2025 <strong>Globe Soccer Awards<\/strong> gala, held at the Atlantis The Royal hotel in Dubai. <strong>FC Barcelona<\/strong>&#8216;s &#8217;10&#8217; took home the award for Best Forward of the Year, in addition to receiving the trophy for <strong>Best Young Player (U-23) in LaLiga<\/strong>.<\/p>  <p>The Rocafonda native competed for the Best Forward award against <strong>Ousmane Demb\u00e9l\u00e9<\/strong>, <strong>Kylian Mbapp\u00e9<\/strong>, and his teammate <strong>Raphinha<\/strong>. With 21 goals in the calendar year, the 18-year-old winger added another prize to his brilliant individual record.<\/p>  <blockquote class=\"twitter-tweet\"> <p dir=\"ltr\" lang=\"en\">\ud83c\udfc6 LAMINE YAMAL \ud83c\uddea\ud83c\uddf8 wins the <a href=\"https:\/\/twitter.com\/en\/hashtag\/GlobeSoccer?src=hash&amp;ref_src=twsrc%5Etfw\">#GlobeSoccer<\/a> Award for BEST FORWARD! \ud83d\udc4f<a href=\"https:\/\/twitter.com\/en\/hashtag\/lamineyamal?src=hash&amp;ref_src=twsrc%5Etfw\">#lamineyamal<\/a> <a href=\"https:\/\/twitter.com\/en\/ATLANTIS?ref_src=twsrc%5Etfw\">@ATLANTIS<\/a> <a href=\"https:\/\/twitter.com\/en\/hashtag\/BEYONDDevelopments?src=hash&amp;ref_src=twsrc%5Etfw\">#BEYONDDevelopments<\/a> <a href=\"https:\/\/twitter.com\/en\/hashtag\/Beyond?src=hash&amp;ref_src=twsrc%5Etfw\">#Beyond<\/a> <a href=\"https:\/\/twitter.com\/en\/hashtag\/SaltanatDiamondJewellery?src=hash&amp;ref_src=twsrc%5Etfw\">#SaltanatDiamondJewellery<\/a> <a href=\"https:\/\/t.co\/en\/9MnVOKuNcq\">pic.twitter.com\/9MnVOKuNcq<\/a><\/p> \u2014 Globe Soccer Awards (@Globe_Soccer) <a href=\"https:\/\/twitter.com\/en\/Globe_Soccer\/status\/2005319360488079705?ref_src=twsrc%5Etfw\">December 28, 2025<\/a> <\/blockquote> <p>&#8220;First, I want to thank the club, my family, my friends, everyone. <strong>Any individual or collective award is an honor, and now I have to keep working to bring in more<\/strong>,&#8221; Lamine said upon receiving the distinction.<\/p>  <p>The Bar\u00e7a winger also received the <strong>2025 Maradona Award<\/strong>, an accolade previously won by Robert Lewandowski, Cristiano Ronaldo, and Jude Bellingham in 2022, 2023, and 2024, respectively.<\/p>  <p>&#8220;<strong>I think last year I was the kid who had just arrived, and now I have the pressure of being an important player.<\/strong> Thank God it has gone well,&#8221; Yamal commented as he took the stage for the third time. Demb\u00e9l\u00e9, for his part, won the Best Men&#8217;s Player of the Year award, just as he did with the <a data-external=\"0\" data-intl-links-en=\"https:\/\/www.fcbarcelonanoticias.com\/en\/golden-ball\/2025-ballon-or-ousmane-dembele-surpasses-lamine-yamal_314799_102.html\" data-intl-links-es=\"https:\/\/www.fcbarcelonanoticias.com\/balon-de-oro\/ousmane-dembele-supera-lamine-yamal-gana-su-primer-balon-oro_314799_102.html\" href=\"https:\/\/www.fcbarcelonanoticias.com\/balon-de-oro\/ousmane-dembele-supera-lamine-yamal-gana-su-primer-balon-oro_314799_102.html\" rel=\"follow\" target=\"_self\" title=\"Ousmane Demb\u00e9l\u00e9 surpasses Lamine Yamal and wins his first Ballon d'Or\">Ballon d&#8217;Or<\/a> and <a data-external=\"0\" data-intl-links-en=\"https:\/\/www.fcbarcelonanoticias.com\/en\/football\/dembele-lamine-and-mbappe-fifa-the-best-2025-podium_315555_102.html\" data-intl-links-es=\"https:\/\/www.fcbarcelonanoticias.com\/futbol\/dembele-tambien-obtuvo-fifa-the-best-2025-lamine-yamal-segundo-votaciones_315555_102.html\" href=\"https:\/\/www.fcbarcelonanoticias.com\/futbol\/dembele-tambien-obtuvo-fifa-the-best-2025-lamine-yamal-segundo-votaciones_315555_102.html\" rel=\"follow\" target=\"_self\" title=\"Demb\u00e9l\u00e9 also won the FIFA The Best 2025: Lamine Yamal, second in the voting\">FIFA The Best<\/a>.<\/p>  <h2>Bar\u00e7a, Best Women&#8217;s Club of 2025 at the Globe Soccer Awards<\/h2>  <p>FC Barcelona, which swept the four awards in the gala dedicated to LaLiga (best team, best coach, best player, and best U-23), with <a data-external=\"0\" data-intl-links-en=\"https:\/\/www.fcbarcelonanoticias.com\/en\/laliga\/globe-soccer-awards-2026-flick-best-laliga-coach_315634_102.html\" data-intl-links-es=\"https:\/\/www.fcbarcelonanoticias.com\/laliga\/hansi-flick-mejor-entrenador-laliga-globe-soccer-awards_315634_102.html\" href=\"https:\/\/www.fcbarcelonanoticias.com\/laliga\/hansi-flick-mejor-entrenador-laliga-globe-soccer-awards_315634_102.html\" rel=\"follow\" target=\"_self\" title=\"Hansi Flick: Best LaLiga coach at the Globe Soccer Awards\">Hansi Flick<\/a>, <strong>Raphinha<\/strong>, and <strong>Lamine Yamal<\/strong> as winners, also secured the award for Best Women&#8217;s Club of 2025.<\/p>  <blockquote class=\"twitter-tweet\"> <p dir=\"ltr\" lang=\"en\">\ud83c\udfc6 Congratulations to FC BARCELONA FEMEN\u00cd \ud83c\uddea\ud83c\uddf8 on winning the <a href=\"https:\/\/twitter.com\/en\/hashtag\/GlobeSoccer?src=hash&amp;ref_src=twsrc%5Etfw\">#GlobeSoccer<\/a> Award for BEST WOMEN&#8217;S CLUB! \ud83d\udc4f<a href=\"https:\/\/twitter.com\/en\/FCBfemeni?ref_src=twsrc%5Etfw\">@FCBfemeni<\/a> <a href=\"https:\/\/twitter.com\/en\/hashtag\/BMWAGMC?src=hash&amp;ref_src=twsrc%5Etfw\">#BMWAGMC<\/a> <a href=\"https:\/\/twitter.com\/en\/hashtag\/BEYONDDevelopments?src=hash&amp;ref_src=twsrc%5Etfw\">#BEYONDDevelopments<\/a> <a href=\"https:\/\/twitter.com\/en\/hashtag\/Beyond?src=hash&amp;ref_src=twsrc%5Etfw\">#Beyond<\/a> <a href=\"https:\/\/twitter.com\/en\/hashtag\/SaltanatDiamondJewellery?src=hash&amp;ref_src=twsrc%5Etfw\">#SaltanatDiamondJewellery<\/a> <a href=\"https:\/\/t.co\/en\/Ex5aP2conv\">pic.twitter.com\/Ex5aP2conv<\/a><\/p> \u2014 Globe Soccer Awards (@Globe_Soccer) <a href=\"https:\/\/twitter.com\/en\/Globe_Soccer\/status\/2005312292733505818?ref_src=twsrc%5Etfw\">December 28, 2025<\/a> <\/blockquote> <p>The Catalan side won the Liga F and Copa de la Reina titles, in addition to reaching their fifth consecutive UEFA Women&#8217;s Champions League final, although they fell <a data-external=\"0\" data-intl-links-en=\"https:\/\/www.fcbarcelonanoticias.com\/en\/womens-football\/arsenal-1-0-barca-femeni-surprising-cule-defeat-in-lisbon_312768_102.html\" data-intl-links-es=\"https:\/\/www.fcbarcelonanoticias.com\/futbol-femenino\/arsenal-1-0-barca-femeni-gunners-evitan-tricampeonato-cule-en-champions_312768_102.html\" href=\"https:\/\/www.fcbarcelonanoticias.com\/futbol\/futbol-femenino\/arsenal-1-0-barca-femeni-gunners-evitan-tricampeonato-cule-en-champions_312768_102.html\" rel=\"follow\" target=\"_self\" title=\"Arsenal 1-0 Bar\u00e7a Femen\u00ed: the 'gunners' prevent the cul\u00e9 three-peat in Champions\">against Arsenal (1-0)<\/a> and were unable to secure a third consecutive title.<\/p>  <p>&#8220;<strong>This award is because the club is winning everything in men&#8217;s football, but this is the way to recognize what we are doing in women&#8217;s football<\/strong>. I am very proud and, although I was surprised because Arsenal won the Champions League, I think the benchmark that FC Barcelona represents is being rewarded,&#8221; argued president Joan Laporta.<\/p>  <p>Bar\u00e7a also celebrated the Best Women&#8217;s Player of the Year award, once again granted to <strong><a data-external=\"1\" href=\"https:\/\/x.com\/en\/Globe_Soccer\/status\/2005313500416213123\" rel=\"nofollow\" target=\"_blank\" title=\"Aitana Bonmat\u00ed - Best Women's Player of the Year at the Globe Soccer Awards\">Aitana Bonmat\u00ed<\/a><\/strong>. The Bar\u00e7a Femen\u00ed star also won the <a data-external=\"0\" data-intl-links-en=\"https:\/\/www.fcbarcelonanoticias.com\/en\/golden-ball\/aitana-bonmati-wins-her-third-consecutive-ballon-or_314798_102.html\" data-intl-links-es=\"https:\/\/www.fcbarcelonanoticias.com\/balon-de-oro\/historico-aitana-bonmati-gana-tercer-balon-oro-consecutivo_314798_102.html\" href=\"https:\/\/www.fcbarcelonanoticias.com\/balon-de-oro\/historico-aitana-bonmati-gana-tercer-balon-oro-consecutivo_314798_102.html\" rel=\"follow\" target=\"_self\" title=\"Aitana Bonmat\u00ed wins her third consecutive Ballon d'Or!\">Ballon d&#8217;Or<\/a> and <a data-external=\"0\" data-intl-links-en=\"https:\/\/www.fcbarcelonanoticias.com\/en\/womens-football\/aitana-bonmati-third-consecutive-fifa-the-best-and-record_315546_102.html\" data-intl-links-es=\"https:\/\/www.fcbarcelonanoticias.com\/futbol-femenino\/aitana-bonmati-arrasa-con-fifa-the-best-por-tercer-ano-consecutivo_315546_102.html\" href=\"https:\/\/www.fcbarcelonanoticias.com\/futbol-femenino\/aitana-bonmati-arrasa-con-fifa-the-best-por-tercer-ano-consecutivo_315546_102.html\" rel=\"follow\" target=\"_self\" title=\"Aitana Bonmat\u00ed sweeps the FIFA The Best for the third consecutive year\">FIFA The Best<\/a> this year\u2014the third consecutive year she has swept all individual awards as the undisputed best player on the planet.<\/p>  <h2>PSG also received six other awards in Dubai<\/h2>  <p>As expected, Paris Saint-Germain was the other major protagonist of the gala. The French side, the reigning European champions, won the award for Best Men&#8217;s Club of the Year. Furthermore, <strong>Luis Campos<\/strong> was named Best Sporting Director and <strong>Nasser Al-Khela\u00effi<\/strong> Best President, while <strong>Luis Enrique<\/strong> took home the trophy for Best Coach and <strong>Vitinha<\/strong> for Best Midfielder.<\/p>  <p><strong>D\u00e9sir\u00e9 Dou\u00e9<\/strong>, for his part, won the Breakthrough Player of the Year award, beating out Pau Cubars\u00ed. The gala also honored <strong>Jorge Mendes<\/strong> (Best Agent), <strong>Hidetoshi Nakata<\/strong> and <strong>Andr\u00e9s Iniesta<\/strong> (Player Career Award), and the late <a data-external=\"0\" data-intl-links-en=\"https:\/\/www.fcbarcelonanoticias.com\/en\/international-football\/diogo-jota-dies-in-traffic-accident-in-zamora-former-liverpool-player-dies-with-his-brother_313351_102.html\" data-intl-links-es=\"https:\/\/www.fcbarcelonanoticias.com\/futbol-internacional\/muere-diogo-jota-accidente-trafico-zamora_313351_102.html\" href=\"https:\/\/www.fcbarcelonanoticias.com\/futbol-internacional\/muere-diogo-jota-accidente-trafico-zamora_313351_102.html\" rel=\"follow\" target=\"_self\" title=\"Tragic death of Diogo Jota in a traffic accident in Zamora\">Diogo Jota<\/a>.<\/p>  <p>The parents of the former Liverpool and Portugal national team forward received the <strong>Globe Soccer Special Award<\/strong> in the most emotional moment of the gala held in Dubai. <strong>Paul Pogba<\/strong> also received an award for &#8220;career overcoming,&#8221; and <strong>Cristiano Ronaldo<\/strong> was recognized as the Best Middle East Player.<\/p> ","protected":false},"excerpt":{"rendered":"<p>Lamine Yamal surpassed Demb\u00e9l\u00e9 and Mbapp\u00e9 at the Globe Soccer Awards 2025. The Bar\u00e7a &#8217;10&#8217; won the award for best forward of the year, in a category where Raphinha was also nominated Lamine Yamal was one of the standout stars of the 2025 Globe Soccer Awards gala, held at the Atlantis The Royal hotel in [&hellip;]<\/p>\n","protected":false},"author":347,"featured_media":40249,"comment_status":"closed","ping_status":"open","sticky":false,"template":"","format":"standard","meta":{"_acf_changed":false,"inline_featured_image":false,"_nextfly_llmd_date_locked":false,"footnotes":""},"categories":[452,109],"tags":[137],"class_list":["post-40248","post","type-post","status-publish","format-standard","has-post-thumbnail","hentry","category-football-2","category-football","tag-awards"],"acf":[],"yoast_head":"<!-- This site is optimized with the Yoast SEO plugin v27.3 - https:\/\/yoast.com\/product\/yoast-seo-wordpress\/ -->\n<title>Globe Soccer Awards: Lamine Yamal, best forward of the year<\/title>\n<meta name=\"description\" content=\"Lamine Yamal surpassed Demb\u00e9l\u00e9 and Mbapp\u00e9 at the Globe Soccer Awards 2025. The Bar\u00e7a &#039;10&#039; took home the award for best forward of the year\" \/>\n<meta name=\"robots\" content=\"index, follow, max-snippet:-1, max-image-preview:large, max-video-preview:-1\" \/>\n<link rel=\"canonical\" href=\"https:\/\/www.fcbarcelonanoticias.com\/en\/football\/globe-soccer-awards-lamine-yamal-best-forward-of-the-year_315635_102.html\" \/>\n<meta property=\"og:locale\" content=\"en_US\" \/>\n<meta property=\"og:type\" content=\"article\" \/>\n<meta property=\"og:title\" content=\"Globe Soccer Awards: Lamine Yamal, best forward of the year\" \/>\n<meta property=\"og:description\" content=\"Lamine Yamal surpassed Demb\u00e9l\u00e9 and Mbapp\u00e9 at the Globe Soccer Awards 2025. The Bar\u00e7a &#039;10&#039; took home the award for best forward of the year\" \/>\n<meta property=\"og:url\" content=\"https:\/\/www.fcbarcelonanoticias.com\/en\/football\/globe-soccer-awards-lamine-yamal-best-forward-of-the-year_315635_102.html\" \/>\n<meta property=\"og:site_name\" content=\"EN - FC Barcelona Noticias\" \/>\n<meta property=\"article:published_time\" content=\"2025-12-28T17:22:00+00:00\" \/>\n<meta property=\"article:modified_time\" content=\"2026-04-16T07:46:20+00:00\" \/>\n<meta property=\"og:image\" content=\"https:\/\/www.fcbarcelonanoticias.com\/en\/wp-content\/uploads\/sites\/2\/2025\/12\/lamine-yamal-globe-soccer-awards-2025.jpeg\" \/>\n\t<meta property=\"og:image:width\" content=\"1300\" \/>\n\t<meta property=\"og:image:height\" content=\"732\" \/>\n\t<meta property=\"og:image:type\" content=\"image\/jpeg\" \/>\n<meta name=\"author\" content=\"Andr\u00e9s Quiroz\" \/>\n<meta name=\"twitter:card\" content=\"summary_large_image\" \/>\n<meta name=\"twitter:label1\" content=\"Written by\" \/>\n\t<meta name=\"twitter:data1\" content=\"Andr\u00e9s Quiroz\" \/>\n\t<meta name=\"twitter:label2\" content=\"Est. reading time\" \/>\n\t<meta name=\"twitter:data2\" content=\"3 minutes\" \/>\n<script type=\"application\/ld+json\" class=\"yoast-schema-graph\">{\"@context\":\"https:\\\/\\\/schema.org\",\"@graph\":[{\"@type\":\"Article\",\"@id\":\"https:\\\/\\\/www.fcbarcelonanoticias.com\\\/en\\\/football\\\/globe-soccer-awards-lamine-yamal-best-forward-of-the-year_315635_102.html#article\",\"isPartOf\":{\"@id\":\"https:\\\/\\\/www.fcbarcelonanoticias.com\\\/en\\\/football\\\/globe-soccer-awards-lamine-yamal-best-forward-of-the-year_315635_102.html\"},\"author\":{\"name\":\"Andr\u00e9s Quiroz\",\"@id\":\"https:\\\/\\\/www.fcbarcelonanoticias.com\\\/en\\\/#\\\/schema\\\/person\\\/c2cd9f6fa1af5c0d0eccd0fefa575c88\"},\"headline\":\"Lamine Yamal, recognized as best forward at the Globe Soccer Awards 2025\",\"datePublished\":\"2025-12-28T17:22:00+00:00\",\"dateModified\":\"2026-04-16T07:46:20+00:00\",\"mainEntityOfPage\":{\"@id\":\"https:\\\/\\\/www.fcbarcelonanoticias.com\\\/en\\\/football\\\/globe-soccer-awards-lamine-yamal-best-forward-of-the-year_315635_102.html\"},\"wordCount\":674,\"image\":{\"@id\":\"https:\\\/\\\/www.fcbarcelonanoticias.com\\\/en\\\/football\\\/globe-soccer-awards-lamine-yamal-best-forward-of-the-year_315635_102.html#primaryimage\"},\"thumbnailUrl\":\"https:\\\/\\\/www.fcbarcelonanoticias.com\\\/en\\\/wp-content\\\/uploads\\\/sites\\\/2\\\/2025\\\/12\\\/lamine-yamal-globe-soccer-awards-2025.jpeg\",\"keywords\":[\"awards\"],\"articleSection\":[\"Football\",\"Football\"],\"inLanguage\":\"en-US\"},{\"@type\":\"WebPage\",\"@id\":\"https:\\\/\\\/www.fcbarcelonanoticias.com\\\/en\\\/football\\\/globe-soccer-awards-lamine-yamal-best-forward-of-the-year_315635_102.html\",\"url\":\"https:\\\/\\\/www.fcbarcelonanoticias.com\\\/en\\\/football\\\/globe-soccer-awards-lamine-yamal-best-forward-of-the-year_315635_102.html\",\"name\":\"Globe Soccer Awards: Lamine Yamal, best forward of the year\",\"isPartOf\":{\"@id\":\"https:\\\/\\\/www.fcbarcelonanoticias.com\\\/en\\\/#website\"},\"primaryImageOfPage\":{\"@id\":\"https:\\\/\\\/www.fcbarcelonanoticias.com\\\/en\\\/football\\\/globe-soccer-awards-lamine-yamal-best-forward-of-the-year_315635_102.html#primaryimage\"},\"image\":{\"@id\":\"https:\\\/\\\/www.fcbarcelonanoticias.com\\\/en\\\/football\\\/globe-soccer-awards-lamine-yamal-best-forward-of-the-year_315635_102.html#primaryimage\"},\"thumbnailUrl\":\"https:\\\/\\\/www.fcbarcelonanoticias.com\\\/en\\\/wp-content\\\/uploads\\\/sites\\\/2\\\/2025\\\/12\\\/lamine-yamal-globe-soccer-awards-2025.jpeg\",\"datePublished\":\"2025-12-28T17:22:00+00:00\",\"dateModified\":\"2026-04-16T07:46:20+00:00\",\"author\":{\"@id\":\"https:\\\/\\\/www.fcbarcelonanoticias.com\\\/en\\\/#\\\/schema\\\/person\\\/c2cd9f6fa1af5c0d0eccd0fefa575c88\"},\"description\":\"Lamine Yamal surpassed Demb\u00e9l\u00e9 and Mbapp\u00e9 at the Globe Soccer Awards 2025. The Bar\u00e7a '10' took home the award for best forward of the year\",\"breadcrumb\":{\"@id\":\"https:\\\/\\\/www.fcbarcelonanoticias.com\\\/en\\\/football\\\/globe-soccer-awards-lamine-yamal-best-forward-of-the-year_315635_102.html#breadcrumb\"},\"inLanguage\":\"en-US\",\"potentialAction\":[{\"@type\":\"ReadAction\",\"target\":[\"https:\\\/\\\/www.fcbarcelonanoticias.com\\\/en\\\/football\\\/globe-soccer-awards-lamine-yamal-best-forward-of-the-year_315635_102.html\"]}]},{\"@type\":\"ImageObject\",\"inLanguage\":\"en-US\",\"@id\":\"https:\\\/\\\/www.fcbarcelonanoticias.com\\\/en\\\/football\\\/globe-soccer-awards-lamine-yamal-best-forward-of-the-year_315635_102.html#primaryimage\",\"url\":\"https:\\\/\\\/www.fcbarcelonanoticias.com\\\/en\\\/wp-content\\\/uploads\\\/sites\\\/2\\\/2025\\\/12\\\/lamine-yamal-globe-soccer-awards-2025.jpeg\",\"contentUrl\":\"https:\\\/\\\/www.fcbarcelonanoticias.com\\\/en\\\/wp-content\\\/uploads\\\/sites\\\/2\\\/2025\\\/12\\\/lamine-yamal-globe-soccer-awards-2025.jpeg\",\"width\":1300,\"height\":732},{\"@type\":\"BreadcrumbList\",\"@id\":\"https:\\\/\\\/www.fcbarcelonanoticias.com\\\/en\\\/football\\\/globe-soccer-awards-lamine-yamal-best-forward-of-the-year_315635_102.html#breadcrumb\",\"itemListElement\":[{\"@type\":\"ListItem\",\"position\":1,\"name\":\"Portada\",\"item\":\"https:\\\/\\\/www.fcbarcelonanoticias.com\\\/en\\\/\"},{\"@type\":\"ListItem\",\"position\":2,\"name\":\"Lamine Yamal, recognized as best forward at the Globe Soccer Awards 2025\"}]},{\"@type\":\"WebSite\",\"@id\":\"https:\\\/\\\/www.fcbarcelonanoticias.com\\\/en\\\/#website\",\"url\":\"https:\\\/\\\/www.fcbarcelonanoticias.com\\\/en\\\/\",\"name\":\"EN - FC Barcelona Noticias\",\"description\":\"\",\"potentialAction\":[{\"@type\":\"SearchAction\",\"target\":{\"@type\":\"EntryPoint\",\"urlTemplate\":\"https:\\\/\\\/www.fcbarcelonanoticias.com\\\/en\\\/?s={search_term_string}\"},\"query-input\":{\"@type\":\"PropertyValueSpecification\",\"valueRequired\":true,\"valueName\":\"search_term_string\"}}],\"inLanguage\":\"en-US\"},{\"@type\":\"Person\",\"@id\":\"https:\\\/\\\/www.fcbarcelonanoticias.com\\\/en\\\/#\\\/schema\\\/person\\\/c2cd9f6fa1af5c0d0eccd0fefa575c88\",\"name\":\"Andr\u00e9s Quiroz\",\"image\":{\"@type\":\"ImageObject\",\"inLanguage\":\"en-US\",\"@id\":\"https:\\\/\\\/secure.gravatar.com\\\/avatar\\\/?s=96&d=mm&r=g\",\"url\":\"https:\\\/\\\/secure.gravatar.com\\\/avatar\\\/?s=96&d=mm&r=g\",\"contentUrl\":\"https:\\\/\\\/secure.gravatar.com\\\/avatar\\\/?s=96&d=mm&r=g\",\"caption\":\"Andr\u00e9s Quiroz\"},\"description\":\"Licenciado en Periodismo por la Universidad de los Andes. Me encargo de analizar y compartir los contenidos m\u00e1s destacados de la\u00a0actualidad del F\u00fatbol Club Barcelona, Mercado de Fichajes y F\u00fatbol Internacional en FCBN. La informaci\u00f3n es poder, pero tambi\u00e9n conocimiento.\",\"url\":\"https:\\\/\\\/www.fcbarcelonanoticias.com\\\/en\\\/fc-barcelona\\\/andres-quiroz_17_115.html\"}]}<\/script>\n<!-- \/ Yoast SEO plugin. -->","yoast_head_json":{"title":"Globe Soccer Awards: Lamine Yamal, best forward of the year","description":"Lamine Yamal surpassed Demb\u00e9l\u00e9 and Mbapp\u00e9 at the Globe Soccer Awards 2025. The Bar\u00e7a '10' took home the award for best forward of the year","robots":{"index":"index","follow":"follow","max-snippet":"max-snippet:-1","max-image-preview":"max-image-preview:large","max-video-preview":"max-video-preview:-1"},"canonical":"https:\/\/www.fcbarcelonanoticias.com\/en\/football\/globe-soccer-awards-lamine-yamal-best-forward-of-the-year_315635_102.html","og_locale":"en_US","og_type":"article","og_title":"Globe Soccer Awards: Lamine Yamal, best forward of the year","og_description":"Lamine Yamal surpassed Demb\u00e9l\u00e9 and Mbapp\u00e9 at the Globe Soccer Awards 2025. The Bar\u00e7a '10' took home the award for best forward of the year","og_url":"https:\/\/www.fcbarcelonanoticias.com\/en\/football\/globe-soccer-awards-lamine-yamal-best-forward-of-the-year_315635_102.html","og_site_name":"EN - FC Barcelona Noticias","article_published_time":"2025-12-28T17:22:00+00:00","article_modified_time":"2026-04-16T07:46:20+00:00","og_image":[{"width":1300,"height":732,"url":"https:\/\/www.fcbarcelonanoticias.com\/en\/wp-content\/uploads\/sites\/2\/2025\/12\/lamine-yamal-globe-soccer-awards-2025.jpeg","type":"image\/jpeg"}],"author":"Andr\u00e9s Quiroz","twitter_card":"summary_large_image","twitter_misc":{"Written by":"Andr\u00e9s Quiroz","Est. reading time":"3 minutes"},"schema":{"@context":"https:\/\/schema.org","@graph":[{"@type":"Article","@id":"https:\/\/www.fcbarcelonanoticias.com\/en\/football\/globe-soccer-awards-lamine-yamal-best-forward-of-the-year_315635_102.html#article","isPartOf":{"@id":"https:\/\/www.fcbarcelonanoticias.com\/en\/football\/globe-soccer-awards-lamine-yamal-best-forward-of-the-year_315635_102.html"},"author":{"name":"Andr\u00e9s Quiroz","@id":"https:\/\/www.fcbarcelonanoticias.com\/en\/#\/schema\/person\/c2cd9f6fa1af5c0d0eccd0fefa575c88"},"headline":"Lamine Yamal, recognized as best forward at the Globe Soccer Awards 2025","datePublished":"2025-12-28T17:22:00+00:00","dateModified":"2026-04-16T07:46:20+00:00","mainEntityOfPage":{"@id":"https:\/\/www.fcbarcelonanoticias.com\/en\/football\/globe-soccer-awards-lamine-yamal-best-forward-of-the-year_315635_102.html"},"wordCount":674,"image":{"@id":"https:\/\/www.fcbarcelonanoticias.com\/en\/football\/globe-soccer-awards-lamine-yamal-best-forward-of-the-year_315635_102.html#primaryimage"},"thumbnailUrl":"https:\/\/www.fcbarcelonanoticias.com\/en\/wp-content\/uploads\/sites\/2\/2025\/12\/lamine-yamal-globe-soccer-awards-2025.jpeg","keywords":["awards"],"articleSection":["Football","Football"],"inLanguage":"en-US"},{"@type":"WebPage","@id":"https:\/\/www.fcbarcelonanoticias.com\/en\/football\/globe-soccer-awards-lamine-yamal-best-forward-of-the-year_315635_102.html","url":"https:\/\/www.fcbarcelonanoticias.com\/en\/football\/globe-soccer-awards-lamine-yamal-best-forward-of-the-year_315635_102.html","name":"Globe Soccer Awards: Lamine Yamal, best forward of the year","isPartOf":{"@id":"https:\/\/www.fcbarcelonanoticias.com\/en\/#website"},"primaryImageOfPage":{"@id":"https:\/\/www.fcbarcelonanoticias.com\/en\/football\/globe-soccer-awards-lamine-yamal-best-forward-of-the-year_315635_102.html#primaryimage"},"image":{"@id":"https:\/\/www.fcbarcelonanoticias.com\/en\/football\/globe-soccer-awards-lamine-yamal-best-forward-of-the-year_315635_102.html#primaryimage"},"thumbnailUrl":"https:\/\/www.fcbarcelonanoticias.com\/en\/wp-content\/uploads\/sites\/2\/2025\/12\/lamine-yamal-globe-soccer-awards-2025.jpeg","datePublished":"2025-12-28T17:22:00+00:00","dateModified":"2026-04-16T07:46:20+00:00","author":{"@id":"https:\/\/www.fcbarcelonanoticias.com\/en\/#\/schema\/person\/c2cd9f6fa1af5c0d0eccd0fefa575c88"},"description":"Lamine Yamal surpassed Demb\u00e9l\u00e9 and Mbapp\u00e9 at the Globe Soccer Awards 2025. The Bar\u00e7a '10' took home the award for best forward of the year","breadcrumb":{"@id":"https:\/\/www.fcbarcelonanoticias.com\/en\/football\/globe-soccer-awards-lamine-yamal-best-forward-of-the-year_315635_102.html#breadcrumb"},"inLanguage":"en-US","potentialAction":[{"@type":"ReadAction","target":["https:\/\/www.fcbarcelonanoticias.com\/en\/football\/globe-soccer-awards-lamine-yamal-best-forward-of-the-year_315635_102.html"]}]},{"@type":"ImageObject","inLanguage":"en-US","@id":"https:\/\/www.fcbarcelonanoticias.com\/en\/football\/globe-soccer-awards-lamine-yamal-best-forward-of-the-year_315635_102.html#primaryimage","url":"https:\/\/www.fcbarcelonanoticias.com\/en\/wp-content\/uploads\/sites\/2\/2025\/12\/lamine-yamal-globe-soccer-awards-2025.jpeg","contentUrl":"https:\/\/www.fcbarcelonanoticias.com\/en\/wp-content\/uploads\/sites\/2\/2025\/12\/lamine-yamal-globe-soccer-awards-2025.jpeg","width":1300,"height":732},{"@type":"BreadcrumbList","@id":"https:\/\/www.fcbarcelonanoticias.com\/en\/football\/globe-soccer-awards-lamine-yamal-best-forward-of-the-year_315635_102.html#breadcrumb","itemListElement":[{"@type":"ListItem","position":1,"name":"Portada","item":"https:\/\/www.fcbarcelonanoticias.com\/en\/"},{"@type":"ListItem","position":2,"name":"Lamine Yamal, recognized as best forward at the Globe Soccer Awards 2025"}]},{"@type":"WebSite","@id":"https:\/\/www.fcbarcelonanoticias.com\/en\/#website","url":"https:\/\/www.fcbarcelonanoticias.com\/en\/","name":"EN - FC Barcelona Noticias","description":"","potentialAction":[{"@type":"SearchAction","target":{"@type":"EntryPoint","urlTemplate":"https:\/\/www.fcbarcelonanoticias.com\/en\/?s={search_term_string}"},"query-input":{"@type":"PropertyValueSpecification","valueRequired":true,"valueName":"search_term_string"}}],"inLanguage":"en-US"},{"@type":"Person","@id":"https:\/\/www.fcbarcelonanoticias.com\/en\/#\/schema\/person\/c2cd9f6fa1af5c0d0eccd0fefa575c88","name":"Andr\u00e9s Quiroz","image":{"@type":"ImageObject","inLanguage":"en-US","@id":"https:\/\/secure.gravatar.com\/avatar\/?s=96&d=mm&r=g","url":"https:\/\/secure.gravatar.com\/avatar\/?s=96&d=mm&r=g","contentUrl":"https:\/\/secure.gravatar.com\/avatar\/?s=96&d=mm&r=g","caption":"Andr\u00e9s Quiroz"},"description":"Licenciado en Periodismo por la Universidad de los Andes. Me encargo de analizar y compartir los contenidos m\u00e1s destacados de la\u00a0actualidad del F\u00fatbol Club Barcelona, Mercado de Fichajes y F\u00fatbol Internacional en FCBN. La informaci\u00f3n es poder, pero tambi\u00e9n conocimiento.","url":"https:\/\/www.fcbarcelonanoticias.com\/en\/fc-barcelona\/andres-quiroz_17_115.html"}]}},"_links":{"self":[{"href":"https:\/\/www.fcbarcelonanoticias.com\/en\/wp-json\/wp\/v2\/posts\/40248","targetHints":{"allow":["GET"]}}],"collection":[{"href":"https:\/\/www.fcbarcelonanoticias.com\/en\/wp-json\/wp\/v2\/posts"}],"about":[{"href":"https:\/\/www.fcbarcelonanoticias.com\/en\/wp-json\/wp\/v2\/types\/post"}],"author":[{"embeddable":true,"href":"https:\/\/www.fcbarcelonanoticias.com\/en\/wp-json\/wp\/v2\/users\/347"}],"replies":[{"embeddable":true,"href":"https:\/\/www.fcbarcelonanoticias.com\/en\/wp-json\/wp\/v2\/comments?post=40248"}],"version-history":[{"count":8,"href":"https:\/\/www.fcbarcelonanoticias.com\/en\/wp-json\/wp\/v2\/posts\/40248\/revisions"}],"predecessor-version":[{"id":179912,"href":"https:\/\/www.fcbarcelonanoticias.com\/en\/wp-json\/wp\/v2\/posts\/40248\/revisions\/179912"}],"wp:featuredmedia":[{"embeddable":true,"href":"https:\/\/www.fcbarcelonanoticias.com\/en\/wp-json\/wp\/v2\/media\/40249"}],"wp:attachment":[{"href":"https:\/\/www.fcbarcelonanoticias.com\/en\/wp-json\/wp\/v2\/media?parent=40248"}],"wp:term":[{"taxonomy":"category","embeddable":true,"href":"https:\/\/www.fcbarcelonanoticias.com\/en\/wp-json\/wp\/v2\/categories?post=40248"},{"taxonomy":"post_tag","embeddable":true,"href":"https:\/\/www.fcbarcelonanoticias.com\/en\/wp-json\/wp\/v2\/tags?post=40248"}],"curies":[{"name":"wp","href":"https:\/\/api.w.org\/{rel}","templated":true}]}}