{"id":40322,"date":"2025-10-12T23:32:00","date_gmt":"2025-10-12T21:32:00","guid":{"rendered":"https:\/\/weisetech.dev\/fc-barcelona-noticias\/en\/fuente-contradicts-the-rfef-regarding-dani-olmo-injury_315009_102\/"},"modified":"2026-04-06T20:28:20","modified_gmt":"2026-04-06T18:28:20","slug":"fuente-contradicts-the-rfef-regarding-dani-olmo-injury_315009_102","status":"publish","type":"post","link":"https:\/\/www.fcbarcelonanoticias.com\/en\/football\/fuente-contradicts-the-rfef-regarding-dani-olmo-injury_315009_102.html","title":{"rendered":"Dani Olmo Injury: Luis de la Fuente contradicts the RFEF"},"content":{"rendered":"<h2 class=\"wp-block-heading\">The Spanish coach offered a very different explanation from the RFEF&#8217;s version regarding Dani Olmo&#8217;s physical condition.<\/h2>  \r\n<div class=\"article-addons\">\r\n    <a href=\"https:\/\/www.fcbarcelonanoticias.com\/en\/calendar-fc-barcelona.html\"\r\n       target=\"_self\"\r\n       title=\"Calendar of FC Barcelona\"\r\n       class=\"blue-gredient-btn\">\r\n       \r\n        Calendar of FC Barcelona    <\/a>\r\n<\/div>   <p>The Spanish coach&#8217;s statements regarding <strong><a data-external=\"0\" data-intl-links-en=\"https:\/\/www.fcbarcelonanoticias.com\/en\/fc-barcelona\/dani-olmo-will-return-to-barcelona-due-to-calf-injury_314992_102.html\" data-intl-links-es=\"https:\/\/www.fcbarcelonanoticias.com\/fc-barcelona\/dani-olmo-ko-egarense-sufre-lesion-gemelo-izquierdo_314992_102.html\" href=\"https:\/\/www.fcbarcelonanoticias.com\/en\/fc-barcelona\/dani-olmo-will-return-to-barcelona-due-to-calf-injury_314992_102.html\" rel=\"follow\" target=\"_self\" title=\"Dani Olmo KO: el egarense sufre una lesi\u00f3n en el gemelo izquierdo\">Dani Olmo&#8217;s injury<\/a><\/strong> have generated even more controversy. The coach&#8217;s version contrasts with the official explanation offered by the Royal Spanish Football Federation (RFEF). Luis de la Fuente stated that <strong>the FC Barcelona player &#8220;arrived in perfect condition&#8221;<\/strong>, a phrase that does not match the medical report.<\/p>  <p>The situation has reignited the <strong><a data-external=\"0\" data-intl-links-en=\"https:\/\/www.fcbarcelonanoticias.com\/en\/fc-barcelona\/barca-injuries-to-lamine-olmo-gavi-pedri-and-fermin_315008_102.html\" data-intl-links-es=\"https:\/\/www.fcbarcelonanoticias.com\/fc-barcelona\/lamine-olmo-fermin-gavi-pedri-lesiones-espana-indignan-barca_315008_102.html\" href=\"https:\/\/www.fcbarcelonanoticias.com\/en\/fc-barcelona\/barca-injuries-to-lamine-olmo-gavi-pedri-and-fermin_315008_102.html\" rel=\"follow\" target=\"_self\" title=\"Lamine, Olmo, Ferm\u00edn, Gavi y Pedri: las lesiones con Espa\u00f1a que indignan al Bar\u00e7a\">tensions between Bar\u00e7a and the Spanish national team<\/a><\/strong>, especially after the string of injuries to Bar\u00e7a players during international breaks. The case of <strong>Dani Olmo<\/strong> adds to a worrying list for the Bar\u00e7a club, which has already seen players such as <strong>Gavi, Pedri, Lamine Yamal, and Ferrm\u00edn L\u00f3pez<\/strong> suffer physical problems representing Spain.<\/p>  <h2>De la Fuente Contradicts the Federation&#8217;s Medical Report<\/h2>  <p>During the appearance, De la Fuente explained: &#8220;<em>Dani came in perfect condition, there was no medical report and he simply had a minor discomfort. He hadn&#8217;t trained all week thinking he would improve, but finally the discomfort increased and we decided, for his health, that he should leave the training camp<\/em>.&#8221;<\/p>  <p>However, the official statement from the RFEF published on the day the player left the training camp stated something different: that <strong>Dani Olmo &#8220;arrived with signs of muscular fatigue,&#8221;<\/strong> a version that coincided with information from Bar\u00e7a&#8217;s medical department. The contradiction has raised suspicions about the coordination between the club and the Federation.<\/p>  <p>De la Fuente wanted to settle the matter with a phrase that has not calmed tempers at Bar\u00e7a. The coach tried to downplay the drama, but his words were interpreted as an attempt to minimize the concern of the Azulgrana club:<\/p>  <blockquote> <p>&#8220;Whenever there isn&#8217;t an injury, I feel relieved. Today I&#8217;m happy because there wasn&#8217;t one. But when they exist, I accept them*<\/p> <\/blockquote>  <p>At <strong>F\u00fatbol Club Barcelona<\/strong>, there is concern about the physical management of players during international matches. The Blaugrana club fears that workloads and recovery are not being managed properly, especially after what happened with <strong><a data-external=\"0\" data-intl-links-en=\"https:\/\/www.fcbarcelonanoticias.com\/en\/national-teams\/new-injury-gavi-lights-the-alarms-in-the-spain-georgia_298246_102.html\" data-intl-links-es=\"https:\/\/www.fcbarcelonanoticias.com\/selecciones-nacionales\/nueva-lesion-gavi-enciende-alarmas-en-espana-georgia_298246_102.html\" href=\"https:\/\/www.fcbarcelonanoticias.com\/en\/national-teams\/new-injury-gavi-lights-the-alarms-in-the-spain-georgia_298246_102.html\" rel=\"follow\" target=\"_self\" title=\"Preocupaci\u00f3n en el Bar\u00e7a por la gravedad de la lesi\u00f3n de Gavi\">Gavi in 2023<\/a><\/strong>, when he suffered a serious knee injury also with the national team.<\/p>  <p>Sources close to the club believe there is a lack of communication and coordinated medical control between both parties. From the player&#8217;s camp, it is confirmed that <strong>Dani Olmo had been experiencing<\/strong> muscular discomfort since before joining the training camp, although it was not a serious injury.<\/p>  <h2>A New Chapter in the Bar\u00e7a-National Team Relationship<\/h2>  <p>Luis de la Fuente&#8217;s statements open a new front in the <strong>relationship between Bar\u00e7a and the RFEF<\/strong>. The Catalan club has not issued an official statement, but internally there is concern that the pattern of injuries with the national team is repeating itself too often. The feeling is that the coaching staff of the national team does not always assess the physical context of the players before exposing them to a high competitive load.<\/p>  <p>Meanwhile, <strong>Dani Olmo continues his recovery process<\/strong> under the supervision of Bar\u00e7a&#8217;s medical services, who hope that the player will be available in the coming weeks. The case could reopen the debate on the need for joint protocols between clubs and national teams to protect the health of footballers.<\/p>  <ul> <li>In FC Barcelona Noticias you can follow live the <strong><a data-external=\"0\" data-intl-links-en=\"https:\/\/www.fcbarcelonanoticias.com\/en\/tags\/injured\" data-intl-links-es=\"https:\/\/www.fcbarcelonanoticias.com\/tags\/lesionados\" href=\"https:\/\/www.fcbarcelonanoticias.com\/en\/tags\/injured.html\" rel=\"follow\" target=\"_self\" title=\"Lesionados\">latest news from Bar\u00e7a and its injured players<\/a><\/strong> <\/li> <\/ul> ","protected":false},"excerpt":{"rendered":"<p>The Spanish coach offered a very different explanation from the RFEF&#8217;s version regarding Dani Olmo&#8217;s physical condition. The Spanish coach&#8217;s statements regarding Dani Olmo&#8217;s injury have generated even more controversy. The coach&#8217;s version contrasts with the official explanation offered by the Royal Spanish Football Federation (RFEF). Luis de la Fuente stated that the FC Barcelona [&hellip;]<\/p>\n","protected":false},"author":361,"featured_media":40323,"comment_status":"closed","ping_status":"open","sticky":false,"template":"","format":"standard","meta":{"_acf_changed":false,"inline_featured_image":false,"_nextfly_llmd_date_locked":false,"footnotes":""},"categories":[444,452,109],"tags":[275,136,91,95],"class_list":["post-40322","post","type-post","status-publish","format-standard","has-post-thumbnail","hentry","category-dani-olmo","category-football-2","category-football","tag-dani-olmo","tag-injured","tag-national-teams","tag-rfef"],"acf":[],"yoast_head":"<!-- This site is optimized with the Yoast SEO plugin v27.3 - https:\/\/yoast.com\/product\/yoast-seo-wordpress\/ -->\n<title>De la Fuente contradicts the RFEF regarding Dani Olmo&#039;s injury<\/title>\n<meta name=\"description\" content=\"Luis de la Fuente offered a version of events regarding Dani Olmo that contradicted the RFEF, creating doubts at Bar\u00e7a and raising concerns about injuries sustained while with Spain.\" \/>\n<meta name=\"robots\" content=\"index, follow, max-snippet:-1, max-image-preview:large, max-video-preview:-1\" \/>\n<link rel=\"canonical\" href=\"https:\/\/www.fcbarcelonanoticias.com\/en\/football\/fuente-contradicts-the-rfef-regarding-dani-olmo-injury_315009_102.html\" \/>\n<meta property=\"og:locale\" content=\"en_US\" \/>\n<meta property=\"og:type\" content=\"article\" \/>\n<meta property=\"og:title\" content=\"De la Fuente contradicts the RFEF regarding Dani Olmo&#039;s injury\" \/>\n<meta property=\"og:description\" content=\"Luis de la Fuente offered a version of events regarding Dani Olmo that contradicted the RFEF, creating doubts at Bar\u00e7a and raising concerns about injuries sustained while with Spain.\" \/>\n<meta property=\"og:url\" content=\"https:\/\/www.fcbarcelonanoticias.com\/en\/football\/fuente-contradicts-the-rfef-regarding-dani-olmo-injury_315009_102.html\" \/>\n<meta property=\"og:site_name\" content=\"EN - FC Barcelona Noticias\" \/>\n<meta property=\"article:published_time\" content=\"2025-10-12T21:32:00+00:00\" \/>\n<meta property=\"article:modified_time\" content=\"2026-04-06T18:28:20+00:00\" \/>\n<meta property=\"og:image\" content=\"https:\/\/www.fcbarcelonanoticias.com\/en\/wp-content\/uploads\/sites\/2\/2025\/10\/luis-de-la-fuente-lesio-n-de-dani-olmo.webp\" \/>\n\t<meta property=\"og:image:width\" content=\"1200\" \/>\n\t<meta property=\"og:image:height\" content=\"675\" \/>\n\t<meta property=\"og:image:type\" content=\"image\/webp\" \/>\n<meta name=\"author\" content=\"Martina Dom\u00ednguez\" \/>\n<meta name=\"twitter:card\" content=\"summary_large_image\" \/>\n<meta name=\"twitter:label1\" content=\"Written by\" \/>\n\t<meta name=\"twitter:data1\" content=\"Martina Dom\u00ednguez\" \/>\n\t<meta name=\"twitter:label2\" content=\"Est. reading time\" \/>\n\t<meta name=\"twitter:data2\" content=\"3 minutes\" \/>\n<script type=\"application\/ld+json\" class=\"yoast-schema-graph\">{\"@context\":\"https:\\\/\\\/schema.org\",\"@graph\":[{\"@type\":\"Article\",\"@id\":\"https:\\\/\\\/www.fcbarcelonanoticias.com\\\/en\\\/football\\\/fuente-contradicts-the-rfef-regarding-dani-olmo-injury_315009_102.html#article\",\"isPartOf\":{\"@id\":\"https:\\\/\\\/www.fcbarcelonanoticias.com\\\/en\\\/football\\\/fuente-contradicts-the-rfef-regarding-dani-olmo-injury_315009_102.html\"},\"author\":{\"name\":\"Martina Dom\u00ednguez\",\"@id\":\"https:\\\/\\\/www.fcbarcelonanoticias.com\\\/en\\\/#\\\/schema\\\/person\\\/39761ea2391570375f2432c5a3f475e6\"},\"headline\":\"Dani Olmo Injury: Luis de la Fuente contradicts the RFEF\",\"datePublished\":\"2025-10-12T21:32:00+00:00\",\"dateModified\":\"2026-04-06T18:28:20+00:00\",\"mainEntityOfPage\":{\"@id\":\"https:\\\/\\\/www.fcbarcelonanoticias.com\\\/en\\\/football\\\/fuente-contradicts-the-rfef-regarding-dani-olmo-injury_315009_102.html\"},\"wordCount\":581,\"image\":{\"@id\":\"https:\\\/\\\/www.fcbarcelonanoticias.com\\\/en\\\/football\\\/fuente-contradicts-the-rfef-regarding-dani-olmo-injury_315009_102.html#primaryimage\"},\"thumbnailUrl\":\"https:\\\/\\\/www.fcbarcelonanoticias.com\\\/en\\\/wp-content\\\/uploads\\\/sites\\\/2\\\/2025\\\/10\\\/luis-de-la-fuente-lesio-n-de-dani-olmo.webp\",\"keywords\":[\"Dani Olmo\",\"injured\",\"National Teams\",\"RFEF\"],\"articleSection\":[\"Dani Olmo\",\"Football\",\"Football\"],\"inLanguage\":\"en-US\"},{\"@type\":\"WebPage\",\"@id\":\"https:\\\/\\\/www.fcbarcelonanoticias.com\\\/en\\\/football\\\/fuente-contradicts-the-rfef-regarding-dani-olmo-injury_315009_102.html\",\"url\":\"https:\\\/\\\/www.fcbarcelonanoticias.com\\\/en\\\/football\\\/fuente-contradicts-the-rfef-regarding-dani-olmo-injury_315009_102.html\",\"name\":\"De la Fuente contradicts the RFEF regarding Dani Olmo's injury\",\"isPartOf\":{\"@id\":\"https:\\\/\\\/www.fcbarcelonanoticias.com\\\/en\\\/#website\"},\"primaryImageOfPage\":{\"@id\":\"https:\\\/\\\/www.fcbarcelonanoticias.com\\\/en\\\/football\\\/fuente-contradicts-the-rfef-regarding-dani-olmo-injury_315009_102.html#primaryimage\"},\"image\":{\"@id\":\"https:\\\/\\\/www.fcbarcelonanoticias.com\\\/en\\\/football\\\/fuente-contradicts-the-rfef-regarding-dani-olmo-injury_315009_102.html#primaryimage\"},\"thumbnailUrl\":\"https:\\\/\\\/www.fcbarcelonanoticias.com\\\/en\\\/wp-content\\\/uploads\\\/sites\\\/2\\\/2025\\\/10\\\/luis-de-la-fuente-lesio-n-de-dani-olmo.webp\",\"datePublished\":\"2025-10-12T21:32:00+00:00\",\"dateModified\":\"2026-04-06T18:28:20+00:00\",\"author\":{\"@id\":\"https:\\\/\\\/www.fcbarcelonanoticias.com\\\/en\\\/#\\\/schema\\\/person\\\/39761ea2391570375f2432c5a3f475e6\"},\"description\":\"Luis de la Fuente offered a version of events regarding Dani Olmo that contradicted the RFEF, creating doubts at Bar\u00e7a and raising concerns about injuries sustained while with Spain.\",\"breadcrumb\":{\"@id\":\"https:\\\/\\\/www.fcbarcelonanoticias.com\\\/en\\\/football\\\/fuente-contradicts-the-rfef-regarding-dani-olmo-injury_315009_102.html#breadcrumb\"},\"inLanguage\":\"en-US\",\"potentialAction\":[{\"@type\":\"ReadAction\",\"target\":[\"https:\\\/\\\/www.fcbarcelonanoticias.com\\\/en\\\/football\\\/fuente-contradicts-the-rfef-regarding-dani-olmo-injury_315009_102.html\"]}]},{\"@type\":\"ImageObject\",\"inLanguage\":\"en-US\",\"@id\":\"https:\\\/\\\/www.fcbarcelonanoticias.com\\\/en\\\/football\\\/fuente-contradicts-the-rfef-regarding-dani-olmo-injury_315009_102.html#primaryimage\",\"url\":\"https:\\\/\\\/www.fcbarcelonanoticias.com\\\/en\\\/wp-content\\\/uploads\\\/sites\\\/2\\\/2025\\\/10\\\/luis-de-la-fuente-lesio-n-de-dani-olmo.webp\",\"contentUrl\":\"https:\\\/\\\/www.fcbarcelonanoticias.com\\\/en\\\/wp-content\\\/uploads\\\/sites\\\/2\\\/2025\\\/10\\\/luis-de-la-fuente-lesio-n-de-dani-olmo.webp\",\"width\":1200,\"height\":675},{\"@type\":\"BreadcrumbList\",\"@id\":\"https:\\\/\\\/www.fcbarcelonanoticias.com\\\/en\\\/football\\\/fuente-contradicts-the-rfef-regarding-dani-olmo-injury_315009_102.html#breadcrumb\",\"itemListElement\":[{\"@type\":\"ListItem\",\"position\":1,\"name\":\"Portada\",\"item\":\"https:\\\/\\\/www.fcbarcelonanoticias.com\\\/en\\\/\"},{\"@type\":\"ListItem\",\"position\":2,\"name\":\"Dani Olmo Injury: Luis de la Fuente contradicts the RFEF\"}]},{\"@type\":\"WebSite\",\"@id\":\"https:\\\/\\\/www.fcbarcelonanoticias.com\\\/en\\\/#website\",\"url\":\"https:\\\/\\\/www.fcbarcelonanoticias.com\\\/en\\\/\",\"name\":\"EN - FC Barcelona Noticias\",\"description\":\"\",\"potentialAction\":[{\"@type\":\"SearchAction\",\"target\":{\"@type\":\"EntryPoint\",\"urlTemplate\":\"https:\\\/\\\/www.fcbarcelonanoticias.com\\\/en\\\/?s={search_term_string}\"},\"query-input\":{\"@type\":\"PropertyValueSpecification\",\"valueRequired\":true,\"valueName\":\"search_term_string\"}}],\"inLanguage\":\"en-US\"},{\"@type\":\"Person\",\"@id\":\"https:\\\/\\\/www.fcbarcelonanoticias.com\\\/en\\\/#\\\/schema\\\/person\\\/39761ea2391570375f2432c5a3f475e6\",\"name\":\"Martina Dom\u00ednguez\",\"image\":{\"@type\":\"ImageObject\",\"inLanguage\":\"en-US\",\"@id\":\"https:\\\/\\\/secure.gravatar.com\\\/avatar\\\/?s=96&d=mm&r=g\",\"url\":\"https:\\\/\\\/secure.gravatar.com\\\/avatar\\\/?s=96&d=mm&r=g\",\"contentUrl\":\"https:\\\/\\\/secure.gravatar.com\\\/avatar\\\/?s=96&d=mm&r=g\",\"caption\":\"Martina Dom\u00ednguez\"},\"description\":\"Martina cubre\u00a0la actualidad del FC Barcelona, con especial atenci\u00f3n al f\u00fatbol femenino\u00a0y al mercado de fichajes. Su estilo es din\u00e1mico, cercano y con gran sensibilidad.\",\"url\":\"https:\\\/\\\/www.fcbarcelonanoticias.com\\\/en\\\/fc-barcelona\\\/martina-dominguez_31_115.html\"}]}<\/script>\n<!-- \/ Yoast SEO plugin. -->","yoast_head_json":{"title":"De la Fuente contradicts the RFEF regarding Dani Olmo's injury","description":"Luis de la Fuente offered a version of events regarding Dani Olmo that contradicted the RFEF, creating doubts at Bar\u00e7a and raising concerns about injuries sustained while with Spain.","robots":{"index":"index","follow":"follow","max-snippet":"max-snippet:-1","max-image-preview":"max-image-preview:large","max-video-preview":"max-video-preview:-1"},"canonical":"https:\/\/www.fcbarcelonanoticias.com\/en\/football\/fuente-contradicts-the-rfef-regarding-dani-olmo-injury_315009_102.html","og_locale":"en_US","og_type":"article","og_title":"De la Fuente contradicts the RFEF regarding Dani Olmo's injury","og_description":"Luis de la Fuente offered a version of events regarding Dani Olmo that contradicted the RFEF, creating doubts at Bar\u00e7a and raising concerns about injuries sustained while with Spain.","og_url":"https:\/\/www.fcbarcelonanoticias.com\/en\/football\/fuente-contradicts-the-rfef-regarding-dani-olmo-injury_315009_102.html","og_site_name":"EN - FC Barcelona Noticias","article_published_time":"2025-10-12T21:32:00+00:00","article_modified_time":"2026-04-06T18:28:20+00:00","og_image":[{"width":1200,"height":675,"url":"https:\/\/www.fcbarcelonanoticias.com\/en\/wp-content\/uploads\/sites\/2\/2025\/10\/luis-de-la-fuente-lesio-n-de-dani-olmo.webp","type":"image\/webp"}],"author":"Martina Dom\u00ednguez","twitter_card":"summary_large_image","twitter_misc":{"Written by":"Martina Dom\u00ednguez","Est. reading time":"3 minutes"},"schema":{"@context":"https:\/\/schema.org","@graph":[{"@type":"Article","@id":"https:\/\/www.fcbarcelonanoticias.com\/en\/football\/fuente-contradicts-the-rfef-regarding-dani-olmo-injury_315009_102.html#article","isPartOf":{"@id":"https:\/\/www.fcbarcelonanoticias.com\/en\/football\/fuente-contradicts-the-rfef-regarding-dani-olmo-injury_315009_102.html"},"author":{"name":"Martina Dom\u00ednguez","@id":"https:\/\/www.fcbarcelonanoticias.com\/en\/#\/schema\/person\/39761ea2391570375f2432c5a3f475e6"},"headline":"Dani Olmo Injury: Luis de la Fuente contradicts the RFEF","datePublished":"2025-10-12T21:32:00+00:00","dateModified":"2026-04-06T18:28:20+00:00","mainEntityOfPage":{"@id":"https:\/\/www.fcbarcelonanoticias.com\/en\/football\/fuente-contradicts-the-rfef-regarding-dani-olmo-injury_315009_102.html"},"wordCount":581,"image":{"@id":"https:\/\/www.fcbarcelonanoticias.com\/en\/football\/fuente-contradicts-the-rfef-regarding-dani-olmo-injury_315009_102.html#primaryimage"},"thumbnailUrl":"https:\/\/www.fcbarcelonanoticias.com\/en\/wp-content\/uploads\/sites\/2\/2025\/10\/luis-de-la-fuente-lesio-n-de-dani-olmo.webp","keywords":["Dani Olmo","injured","National Teams","RFEF"],"articleSection":["Dani Olmo","Football","Football"],"inLanguage":"en-US"},{"@type":"WebPage","@id":"https:\/\/www.fcbarcelonanoticias.com\/en\/football\/fuente-contradicts-the-rfef-regarding-dani-olmo-injury_315009_102.html","url":"https:\/\/www.fcbarcelonanoticias.com\/en\/football\/fuente-contradicts-the-rfef-regarding-dani-olmo-injury_315009_102.html","name":"De la Fuente contradicts the RFEF regarding Dani Olmo's injury","isPartOf":{"@id":"https:\/\/www.fcbarcelonanoticias.com\/en\/#website"},"primaryImageOfPage":{"@id":"https:\/\/www.fcbarcelonanoticias.com\/en\/football\/fuente-contradicts-the-rfef-regarding-dani-olmo-injury_315009_102.html#primaryimage"},"image":{"@id":"https:\/\/www.fcbarcelonanoticias.com\/en\/football\/fuente-contradicts-the-rfef-regarding-dani-olmo-injury_315009_102.html#primaryimage"},"thumbnailUrl":"https:\/\/www.fcbarcelonanoticias.com\/en\/wp-content\/uploads\/sites\/2\/2025\/10\/luis-de-la-fuente-lesio-n-de-dani-olmo.webp","datePublished":"2025-10-12T21:32:00+00:00","dateModified":"2026-04-06T18:28:20+00:00","author":{"@id":"https:\/\/www.fcbarcelonanoticias.com\/en\/#\/schema\/person\/39761ea2391570375f2432c5a3f475e6"},"description":"Luis de la Fuente offered a version of events regarding Dani Olmo that contradicted the RFEF, creating doubts at Bar\u00e7a and raising concerns about injuries sustained while with Spain.","breadcrumb":{"@id":"https:\/\/www.fcbarcelonanoticias.com\/en\/football\/fuente-contradicts-the-rfef-regarding-dani-olmo-injury_315009_102.html#breadcrumb"},"inLanguage":"en-US","potentialAction":[{"@type":"ReadAction","target":["https:\/\/www.fcbarcelonanoticias.com\/en\/football\/fuente-contradicts-the-rfef-regarding-dani-olmo-injury_315009_102.html"]}]},{"@type":"ImageObject","inLanguage":"en-US","@id":"https:\/\/www.fcbarcelonanoticias.com\/en\/football\/fuente-contradicts-the-rfef-regarding-dani-olmo-injury_315009_102.html#primaryimage","url":"https:\/\/www.fcbarcelonanoticias.com\/en\/wp-content\/uploads\/sites\/2\/2025\/10\/luis-de-la-fuente-lesio-n-de-dani-olmo.webp","contentUrl":"https:\/\/www.fcbarcelonanoticias.com\/en\/wp-content\/uploads\/sites\/2\/2025\/10\/luis-de-la-fuente-lesio-n-de-dani-olmo.webp","width":1200,"height":675},{"@type":"BreadcrumbList","@id":"https:\/\/www.fcbarcelonanoticias.com\/en\/football\/fuente-contradicts-the-rfef-regarding-dani-olmo-injury_315009_102.html#breadcrumb","itemListElement":[{"@type":"ListItem","position":1,"name":"Portada","item":"https:\/\/www.fcbarcelonanoticias.com\/en\/"},{"@type":"ListItem","position":2,"name":"Dani Olmo Injury: Luis de la Fuente contradicts the RFEF"}]},{"@type":"WebSite","@id":"https:\/\/www.fcbarcelonanoticias.com\/en\/#website","url":"https:\/\/www.fcbarcelonanoticias.com\/en\/","name":"EN - FC Barcelona Noticias","description":"","potentialAction":[{"@type":"SearchAction","target":{"@type":"EntryPoint","urlTemplate":"https:\/\/www.fcbarcelonanoticias.com\/en\/?s={search_term_string}"},"query-input":{"@type":"PropertyValueSpecification","valueRequired":true,"valueName":"search_term_string"}}],"inLanguage":"en-US"},{"@type":"Person","@id":"https:\/\/www.fcbarcelonanoticias.com\/en\/#\/schema\/person\/39761ea2391570375f2432c5a3f475e6","name":"Martina Dom\u00ednguez","image":{"@type":"ImageObject","inLanguage":"en-US","@id":"https:\/\/secure.gravatar.com\/avatar\/?s=96&d=mm&r=g","url":"https:\/\/secure.gravatar.com\/avatar\/?s=96&d=mm&r=g","contentUrl":"https:\/\/secure.gravatar.com\/avatar\/?s=96&d=mm&r=g","caption":"Martina Dom\u00ednguez"},"description":"Martina cubre\u00a0la actualidad del FC Barcelona, con especial atenci\u00f3n al f\u00fatbol femenino\u00a0y al mercado de fichajes. Su estilo es din\u00e1mico, cercano y con gran sensibilidad.","url":"https:\/\/www.fcbarcelonanoticias.com\/en\/fc-barcelona\/martina-dominguez_31_115.html"}]}},"_links":{"self":[{"href":"https:\/\/www.fcbarcelonanoticias.com\/en\/wp-json\/wp\/v2\/posts\/40322","targetHints":{"allow":["GET"]}}],"collection":[{"href":"https:\/\/www.fcbarcelonanoticias.com\/en\/wp-json\/wp\/v2\/posts"}],"about":[{"href":"https:\/\/www.fcbarcelonanoticias.com\/en\/wp-json\/wp\/v2\/types\/post"}],"author":[{"embeddable":true,"href":"https:\/\/www.fcbarcelonanoticias.com\/en\/wp-json\/wp\/v2\/users\/361"}],"replies":[{"embeddable":true,"href":"https:\/\/www.fcbarcelonanoticias.com\/en\/wp-json\/wp\/v2\/comments?post=40322"}],"version-history":[{"count":1,"href":"https:\/\/www.fcbarcelonanoticias.com\/en\/wp-json\/wp\/v2\/posts\/40322\/revisions"}],"predecessor-version":[{"id":111220,"href":"https:\/\/www.fcbarcelonanoticias.com\/en\/wp-json\/wp\/v2\/posts\/40322\/revisions\/111220"}],"wp:featuredmedia":[{"embeddable":true,"href":"https:\/\/www.fcbarcelonanoticias.com\/en\/wp-json\/wp\/v2\/media\/40323"}],"wp:attachment":[{"href":"https:\/\/www.fcbarcelonanoticias.com\/en\/wp-json\/wp\/v2\/media?parent=40322"}],"wp:term":[{"taxonomy":"category","embeddable":true,"href":"https:\/\/www.fcbarcelonanoticias.com\/en\/wp-json\/wp\/v2\/categories?post=40322"},{"taxonomy":"post_tag","embeddable":true,"href":"https:\/\/www.fcbarcelonanoticias.com\/en\/wp-json\/wp\/v2\/tags?post=40322"}],"curies":[{"name":"wp","href":"https:\/\/api.w.org\/{rel}","templated":true}]}}